{"id":79637,"date":"2015-12-06T03:45:15","date_gmt":"2015-12-06T05:45:15","guid":{"rendered":"http:\/\/www.notibras.com\/site\/?p=79637"},"modified":"2015-12-08T13:42:59","modified_gmt":"2015-12-08T15:42:59","slug":"vida-vira-moeda-para-pagar-venda-da-saude-de-brasilia-para-as-oss","status":"publish","type":"post","link":"https:\/\/www.notibras.com\/site\/vida-vira-moeda-para-pagar-venda-da-saude-de-brasilia-para-as-oss\/","title":{"rendered":"Vida vira moeda para pagar venda da sa\u00fade de Bras\u00edlia para as OS&#8217;s"},"content":{"rendered":"<p>O Distrito Federal est\u00e1 prestes a enfrentar um colapso definitivo do seu sistema de sa\u00fade. \u00c9 a interpreta\u00e7\u00e3o dos profissionais da \u00e1rea, m\u00e9dicos e enfermeiros, que discordam do modelo de gest\u00e3o entregue \u00e0s Organiza\u00e7\u00f5es Sociais de Sa\u00fade.<\/p>\n<p>As OSs, como s\u00e3o conhecidas, s\u00e3o questionadas por representantes do Minist\u00e9rio P\u00fablico, sindicatos e conselhos profissionais, em diversos Estados onde o modelo foi implantado.<\/p>\n<p>As contradi\u00e7\u00f5es s\u00e3o v\u00e1rias. O conceito de uma OS, que n\u00e3o tem fins lucrativos, vem com v\u00edcio de origem. Se ela \u00e9 uma paraorganiza\u00e7\u00e3o, ent\u00e3o ela \u00e9 tamb\u00e9m concorrente do SUS. Se ela \u00e9 concorrente do SUS, ent\u00e3o sua necessidade de expans\u00e3o \u00e9 obrigat\u00f3ria. Ou seja, quanto pior o atendimento p\u00fablico oferecido pelo Sistema \u00danico de Sa\u00fade, melhor para as Organiza\u00e7\u00f5es de Sa\u00fade, que precisam expandir seus tent\u00e1culos sobre a coisa p\u00fablica.<\/p>\n<p>\u00c9 a l\u00f3gica de um mercado que est\u00e1 sendo tratado como um grande atacado de vidas pelos brilhantes idealizadores da proposta no Buriti.<\/p>\n<p>Outro preju\u00edzo ao atendimento vem da desobriga\u00e7\u00e3o das OSs sobre a carreira dos profissionais. O modelo impede o comprometimento de m\u00e9dicos, enfermeiros e t\u00e9cnicos que s\u00e3o contratados por curto prazo, m\u00e9dia j\u00e1 identificada nos locais onde foi implantado.<\/p>\n<p>A efici\u00eancia, que \u00e9 o argumento daqueles que defendem essa esp\u00e9cie de privatiza\u00e7\u00e3o da sa\u00fade, s\u00f3 pode ser obtida se a gest\u00e3o dos contratos for semelhante a dos conv\u00eanios, conhecidos planos de sa\u00fade privados, que glosam tudo o que podem para manter sua rentabilidade e sobreviv\u00eancia.<\/p>\n<p>\u00c9 \u00f3bvio que se o servi\u00e7o p\u00fablico de sa\u00fade for satisfat\u00f3rio, ent\u00e3o n\u00e3o h\u00e1 espa\u00e7o para as organiza\u00e7\u00f5es de sa\u00fade. As cifras envolvidas s\u00e3o tentadoras.<\/p>\n<p>O Minist\u00e9rio P\u00fablico e o Tribunal de Contas do Distrito Federal acabam de suspender um preg\u00e3o de mais de 400 milh\u00f5es de reais s\u00f3 para o fornecimento de refei\u00e7\u00f5es aos funcion\u00e1rios, pacientes e acompanhantes. Esse valor seria para o per\u00edodo de 24 meses. Ent\u00e3o a conta \u00e9 f\u00e1cil: s\u00e3o 600 mil reais por dia, s\u00f3 para o arroz com feij\u00e3o, sem fil\u00e9 mignon.<\/p>\n<p>Pelo valor unit\u00e1rio, melhor \u00e9 entregar a cada benefici\u00e1rio um vale suficiente para pagar uma boa churrascaria. D\u00e1 at\u00e9 pra tomar uma cervejinha. E para alimentar muitos interesses.<\/p>\n<p>Fica ent\u00e3o a pergunta: quanto custaria aos cofres do GDF a terceiriza\u00e7\u00e3o das unidades de sa\u00fade com equipamentos em funcionamento, profissionais presentes e rem\u00e9dios amplamente distribu\u00eddos?<\/p>\n<p>N\u00e3o ser\u00e1 poss\u00edvel saber antes ou depois, uma vez que as OSs n\u00e3o s\u00e3o submetidas a controles externos de institui\u00e7\u00f5es e conselhos isentos.<\/p>\n<p>\u00c9 uma festa anunciada, promovida pelo sofrimento daqueles que padecem nos corredores dos hospitais. Quanto mais moribundos empilhados no ch\u00e3o, melhor.<\/p>\n<p>A estrat\u00e9gia de privatiza\u00e7\u00e3o passa necessariamente pela piora do atendimento p\u00fablico atual, plano que est\u00e1 sendo muito bem executado pelo governo de Rollemberg.<\/p>\n<p>No Hospital de Base, refer\u00eancia em atendimento de politraumatizados, os tom\u00f3grafos est\u00e3o quebrados h\u00e1 um ano, mas nem a Promotoria de Justi\u00e7a de Defesa da Sa\u00fade \u2013 Prosus, foi capaz de religar os equipamentos. Bom para as OSs.<\/p>\n<p>Salas de cirurgia e UTIs est\u00e3o fechadas. Bom para as OSs.<\/p>\n<p>Medicamentos de alto custo est\u00e3o desaparecidos das prateleiras. Bom para as OSs.<\/p>\n<p>A remunera\u00e7\u00e3o dos profissionais est\u00e1 defasada. Bom para as OSs.<\/p>\n<p>\u00c9 cr\u00edtica a situa\u00e7\u00e3o de setores emergenciais como os de anestesia, cirurgia tor\u00e1cica, neurocirurgia, ortopedia, oftalmologia, otorrinolaringologia, urologia, cirurgia eletiva e outros que fazem a alegria das OSs. Quando n\u00e3o funcionam, claro.<\/p>\n<p>Rodrigo Rollemberg foi visitar o vizinho para ver como Marconi Perillo decorou a casa. Em Goi\u00e1s a sala de visitas impressiona e recebeu mob\u00edlia nova com esse objetivo, ser um show room da manobra. Bom para as OSs.<\/p>\n<p>O que preocupa no Distrito Federal \u00e9 saber at\u00e9 qual n\u00edvel de destrui\u00e7\u00e3o o Buriti vai levar o sistema de sa\u00fade para justificar a ado\u00e7\u00e3o do rem\u00e9dio m\u00e1gico das OSs que traz uma f\u00f3rmula incompreens\u00edvel: n\u00e3o t\u00eam fins lucrativos mas prometem atendimento de primeiro mundo.<\/p>\n<p>Se algu\u00e9m acreditava que a sa\u00fade do DF n\u00e3o poderia ser pior, que aguarde na fila enquanto as OSs n\u00e3o chegam.<\/p>\n<p>Uma curiosidade que est\u00e1 no ar \u00e9 saber por que v\u00e1rios grupos est\u00e3o organizados para abocanhar uma fatia desse mercado complexo, repleto de problemas e deficit\u00e1rio. Provavelmente porque ainda existem muitos benfeitores que trabalham por amor ao pr\u00f3ximo.<\/p>\n<p>Rollemberg e sua ex\u00edmia equipe acreditam nisso. Bom para as OSs.<\/p>\n","protected":false},"excerpt":{"rendered":"<p>O Distrito Federal est\u00e1 prestes a enfrentar um colapso definitivo do seu sistema de sa\u00fade. \u00c9 a interpreta\u00e7\u00e3o dos profissionais da \u00e1rea, m\u00e9dicos e enfermeiros, que discordam do modelo de gest\u00e3o entregue \u00e0s Organiza\u00e7\u00f5es Sociais de Sa\u00fade. As OSs, como s\u00e3o conhecidas, s\u00e3o questionadas por representantes do Minist\u00e9rio P\u00fablico, sindicatos e conselhos profissionais, em diversos [&hellip;]<\/p>\n","protected":false},"author":2,"featured_media":79638,"comment_status":"open","ping_status":"closed","sticky":false,"template":"","format":"standard","meta":{"_acf_changed":false,"footnotes":""},"categories":[48],"tags":[],"class_list":["post-79637","post","type-post","status-publish","format-standard","has-post-thumbnail","hentry","category-ferriche"],"acf":[],"yoast_head":"<!-- This site is optimized with the Yoast SEO plugin v27.2 - https:\/\/yoast.com\/product\/yoast-seo-wordpress\/ -->\n<title>Vida vira moeda para pagar venda da sa\u00fade de Bras\u00edlia para as OS&#039;s - Notibras<\/title>\n<meta name=\"robots\" content=\"index, follow, max-snippet:-1, max-image-preview:large, max-video-preview:-1\" \/>\n<link rel=\"canonical\" href=\"https:\/\/www.notibras.com\/site\/vida-vira-moeda-para-pagar-venda-da-saude-de-brasilia-para-as-oss\/\" \/>\n<meta property=\"og:locale\" content=\"pt_BR\" \/>\n<meta property=\"og:type\" content=\"article\" \/>\n<meta property=\"og:title\" content=\"Vida vira moeda para pagar venda da sa\u00fade de Bras\u00edlia para as OS&#039;s - Notibras\" \/>\n<meta property=\"og:description\" content=\"O Distrito Federal est\u00e1 prestes a enfrentar um colapso definitivo do seu sistema de sa\u00fade. \u00c9 a interpreta\u00e7\u00e3o dos profissionais da \u00e1rea, m\u00e9dicos e enfermeiros, que discordam do modelo de gest\u00e3o entregue \u00e0s Organiza\u00e7\u00f5es Sociais de Sa\u00fade. As OSs, como s\u00e3o conhecidas, s\u00e3o questionadas por representantes do Minist\u00e9rio P\u00fablico, sindicatos e conselhos profissionais, em diversos [&hellip;]\" \/>\n<meta property=\"og:url\" content=\"https:\/\/www.notibras.com\/site\/vida-vira-moeda-para-pagar-venda-da-saude-de-brasilia-para-as-oss\/\" \/>\n<meta property=\"og:site_name\" content=\"Notibras\" \/>\n<meta property=\"article:publisher\" content=\"https:\/\/www.facebook.com\/notibras\/\" \/>\n<meta property=\"article:published_time\" content=\"2015-12-06T05:45:15+00:00\" \/>\n<meta property=\"article:modified_time\" content=\"2015-12-08T15:42:59+00:00\" \/>\n<meta property=\"og:image\" content=\"https:\/\/www.notibras.com\/site\/wp-content\/uploads\/2015\/12\/sosos.jpeg\" \/>\n\t<meta property=\"og:image:width\" content=\"784\" \/>\n\t<meta property=\"og:image:height\" content=\"490\" \/>\n\t<meta property=\"og:image:type\" content=\"image\/jpeg\" \/>\n<meta name=\"author\" content=\"Reda\u00e7\u00e3o\" \/>\n<meta name=\"twitter:card\" content=\"summary_large_image\" \/>\n<meta name=\"twitter:creator\" content=\"@Notibras\" \/>\n<meta name=\"twitter:site\" content=\"@Notibras\" \/>\n<meta name=\"twitter:label1\" content=\"Escrito por\" \/>\n\t<meta name=\"twitter:data1\" content=\"Reda\u00e7\u00e3o\" \/>\n\t<meta name=\"twitter:label2\" content=\"Est. tempo de leitura\" \/>\n\t<meta name=\"twitter:data2\" content=\"4 minutos\" \/>\n<script type=\"application\/ld+json\" class=\"yoast-schema-graph\">{\"@context\":\"https:\/\/schema.org\",\"@graph\":[{\"@type\":\"Article\",\"@id\":\"https:\/\/www.notibras.com\/site\/vida-vira-moeda-para-pagar-venda-da-saude-de-brasilia-para-as-oss\/#article\",\"isPartOf\":{\"@id\":\"https:\/\/www.notibras.com\/site\/vida-vira-moeda-para-pagar-venda-da-saude-de-brasilia-para-as-oss\/\"},\"author\":{\"name\":\"Reda\u00e7\u00e3o\",\"@id\":\"https:\/\/www.notibras.com\/site\/#\/schema\/person\/36ab0979449956132d3e5b517ea76ac8\"},\"headline\":\"Vida vira moeda para pagar venda da sa\u00fade de Bras\u00edlia para as OS&#8217;s\",\"datePublished\":\"2015-12-06T05:45:15+00:00\",\"dateModified\":\"2015-12-08T15:42:59+00:00\",\"mainEntityOfPage\":{\"@id\":\"https:\/\/www.notibras.com\/site\/vida-vira-moeda-para-pagar-venda-da-saude-de-brasilia-para-as-oss\/\"},\"wordCount\":814,\"commentCount\":0,\"publisher\":{\"@id\":\"https:\/\/www.notibras.com\/site\/#organization\"},\"image\":{\"@id\":\"https:\/\/www.notibras.com\/site\/vida-vira-moeda-para-pagar-venda-da-saude-de-brasilia-para-as-oss\/#primaryimage\"},\"thumbnailUrl\":\"https:\/\/www.notibras.com\/site\/wp-content\/uploads\/2015\/12\/sosos.jpeg\",\"articleSection\":[\"Kleber Ferriche\"],\"inLanguage\":\"pt-BR\",\"potentialAction\":[{\"@type\":\"CommentAction\",\"name\":\"Comment\",\"target\":[\"https:\/\/www.notibras.com\/site\/vida-vira-moeda-para-pagar-venda-da-saude-de-brasilia-para-as-oss\/#respond\"]}]},{\"@type\":\"WebPage\",\"@id\":\"https:\/\/www.notibras.com\/site\/vida-vira-moeda-para-pagar-venda-da-saude-de-brasilia-para-as-oss\/\",\"url\":\"https:\/\/www.notibras.com\/site\/vida-vira-moeda-para-pagar-venda-da-saude-de-brasilia-para-as-oss\/\",\"name\":\"Vida vira moeda para pagar venda da sa\u00fade de Bras\u00edlia para as OS's - Notibras\",\"isPartOf\":{\"@id\":\"https:\/\/www.notibras.com\/site\/#website\"},\"primaryImageOfPage\":{\"@id\":\"https:\/\/www.notibras.com\/site\/vida-vira-moeda-para-pagar-venda-da-saude-de-brasilia-para-as-oss\/#primaryimage\"},\"image\":{\"@id\":\"https:\/\/www.notibras.com\/site\/vida-vira-moeda-para-pagar-venda-da-saude-de-brasilia-para-as-oss\/#primaryimage\"},\"thumbnailUrl\":\"https:\/\/www.notibras.com\/site\/wp-content\/uploads\/2015\/12\/sosos.jpeg\",\"datePublished\":\"2015-12-06T05:45:15+00:00\",\"dateModified\":\"2015-12-08T15:42:59+00:00\",\"breadcrumb\":{\"@id\":\"https:\/\/www.notibras.com\/site\/vida-vira-moeda-para-pagar-venda-da-saude-de-brasilia-para-as-oss\/#breadcrumb\"},\"inLanguage\":\"pt-BR\",\"potentialAction\":[{\"@type\":\"ReadAction\",\"target\":[\"https:\/\/www.notibras.com\/site\/vida-vira-moeda-para-pagar-venda-da-saude-de-brasilia-para-as-oss\/\"]}]},{\"@type\":\"ImageObject\",\"inLanguage\":\"pt-BR\",\"@id\":\"https:\/\/www.notibras.com\/site\/vida-vira-moeda-para-pagar-venda-da-saude-de-brasilia-para-as-oss\/#primaryimage\",\"url\":\"https:\/\/www.notibras.com\/site\/wp-content\/uploads\/2015\/12\/sosos.jpeg\",\"contentUrl\":\"https:\/\/www.notibras.com\/site\/wp-content\/uploads\/2015\/12\/sosos.jpeg\",\"width\":784,\"height\":490},{\"@type\":\"BreadcrumbList\",\"@id\":\"https:\/\/www.notibras.com\/site\/vida-vira-moeda-para-pagar-venda-da-saude-de-brasilia-para-as-oss\/#breadcrumb\",\"itemListElement\":[{\"@type\":\"ListItem\",\"position\":1,\"name\":\"In\u00edcio\",\"item\":\"https:\/\/www.notibras.com\/site\/\"},{\"@type\":\"ListItem\",\"position\":2,\"name\":\"Vida vira moeda para pagar venda da sa\u00fade de Bras\u00edlia para as OS&#8217;s\"}]},{\"@type\":\"WebSite\",\"@id\":\"https:\/\/www.notibras.com\/site\/#website\",\"url\":\"https:\/\/www.notibras.com\/site\/\",\"name\":\"Notibras\",\"description\":\"Not\u00edcias de Bras\u00edlia, do Brasil e do Mundo\",\"publisher\":{\"@id\":\"https:\/\/www.notibras.com\/site\/#organization\"},\"potentialAction\":[{\"@type\":\"SearchAction\",\"target\":{\"@type\":\"EntryPoint\",\"urlTemplate\":\"https:\/\/www.notibras.com\/site\/?s={search_term_string}\"},\"query-input\":{\"@type\":\"PropertyValueSpecification\",\"valueRequired\":true,\"valueName\":\"search_term_string\"}}],\"inLanguage\":\"pt-BR\"},{\"@type\":\"Organization\",\"@id\":\"https:\/\/www.notibras.com\/site\/#organization\",\"name\":\"Grupo Notibras de Comunica\u00e7\u00e3o\",\"url\":\"https:\/\/www.notibras.com\/site\/\",\"logo\":{\"@type\":\"ImageObject\",\"inLanguage\":\"pt-BR\",\"@id\":\"https:\/\/www.notibras.com\/site\/#\/schema\/logo\/image\/\",\"url\":\"https:\/\/www.notibras.com\/site\/wp-content\/uploads\/2023\/01\/notibras23.png\",\"contentUrl\":\"https:\/\/www.notibras.com\/site\/wp-content\/uploads\/2023\/01\/notibras23.png\",\"width\":350,\"height\":87,\"caption\":\"Grupo Notibras de Comunica\u00e7\u00e3o\"},\"image\":{\"@id\":\"https:\/\/www.notibras.com\/site\/#\/schema\/logo\/image\/\"},\"sameAs\":[\"https:\/\/www.facebook.com\/notibras\/\",\"https:\/\/x.com\/Notibras\",\"https:\/\/www.instagram.com\/notibras\/\"]},{\"@type\":\"Person\",\"@id\":\"https:\/\/www.notibras.com\/site\/#\/schema\/person\/36ab0979449956132d3e5b517ea76ac8\",\"name\":\"Reda\u00e7\u00e3o\",\"image\":{\"@type\":\"ImageObject\",\"inLanguage\":\"pt-BR\",\"@id\":\"https:\/\/secure.gravatar.com\/avatar\/e0a867bdedb85fd243eadf09663511f96fc81e0720a4a42581f334ad4303aa6b?s=96&d=mm&r=g\",\"url\":\"https:\/\/secure.gravatar.com\/avatar\/e0a867bdedb85fd243eadf09663511f96fc81e0720a4a42581f334ad4303aa6b?s=96&d=mm&r=g\",\"contentUrl\":\"https:\/\/secure.gravatar.com\/avatar\/e0a867bdedb85fd243eadf09663511f96fc81e0720a4a42581f334ad4303aa6b?s=96&d=mm&r=g\",\"caption\":\"Reda\u00e7\u00e3o\"}}]}<\/script>\n<!-- \/ Yoast SEO plugin. -->","yoast_head_json":{"title":"Vida vira moeda para pagar venda da sa\u00fade de Bras\u00edlia para as OS's - Notibras","robots":{"index":"index","follow":"follow","max-snippet":"max-snippet:-1","max-image-preview":"max-image-preview:large","max-video-preview":"max-video-preview:-1"},"canonical":"https:\/\/www.notibras.com\/site\/vida-vira-moeda-para-pagar-venda-da-saude-de-brasilia-para-as-oss\/","og_locale":"pt_BR","og_type":"article","og_title":"Vida vira moeda para pagar venda da sa\u00fade de Bras\u00edlia para as OS's - Notibras","og_description":"O Distrito Federal est\u00e1 prestes a enfrentar um colapso definitivo do seu sistema de sa\u00fade. \u00c9 a interpreta\u00e7\u00e3o dos profissionais da \u00e1rea, m\u00e9dicos e enfermeiros, que discordam do modelo de gest\u00e3o entregue \u00e0s Organiza\u00e7\u00f5es Sociais de Sa\u00fade. As OSs, como s\u00e3o conhecidas, s\u00e3o questionadas por representantes do Minist\u00e9rio P\u00fablico, sindicatos e conselhos profissionais, em diversos [&hellip;]","og_url":"https:\/\/www.notibras.com\/site\/vida-vira-moeda-para-pagar-venda-da-saude-de-brasilia-para-as-oss\/","og_site_name":"Notibras","article_publisher":"https:\/\/www.facebook.com\/notibras\/","article_published_time":"2015-12-06T05:45:15+00:00","article_modified_time":"2015-12-08T15:42:59+00:00","og_image":[{"width":784,"height":490,"url":"https:\/\/www.notibras.com\/site\/wp-content\/uploads\/2015\/12\/sosos.jpeg","type":"image\/jpeg"}],"author":"Reda\u00e7\u00e3o","twitter_card":"summary_large_image","twitter_creator":"@Notibras","twitter_site":"@Notibras","twitter_misc":{"Escrito por":"Reda\u00e7\u00e3o","Est. tempo de leitura":"4 minutos"},"schema":{"@context":"https:\/\/schema.org","@graph":[{"@type":"Article","@id":"https:\/\/www.notibras.com\/site\/vida-vira-moeda-para-pagar-venda-da-saude-de-brasilia-para-as-oss\/#article","isPartOf":{"@id":"https:\/\/www.notibras.com\/site\/vida-vira-moeda-para-pagar-venda-da-saude-de-brasilia-para-as-oss\/"},"author":{"name":"Reda\u00e7\u00e3o","@id":"https:\/\/www.notibras.com\/site\/#\/schema\/person\/36ab0979449956132d3e5b517ea76ac8"},"headline":"Vida vira moeda para pagar venda da sa\u00fade de Bras\u00edlia para as OS&#8217;s","datePublished":"2015-12-06T05:45:15+00:00","dateModified":"2015-12-08T15:42:59+00:00","mainEntityOfPage":{"@id":"https:\/\/www.notibras.com\/site\/vida-vira-moeda-para-pagar-venda-da-saude-de-brasilia-para-as-oss\/"},"wordCount":814,"commentCount":0,"publisher":{"@id":"https:\/\/www.notibras.com\/site\/#organization"},"image":{"@id":"https:\/\/www.notibras.com\/site\/vida-vira-moeda-para-pagar-venda-da-saude-de-brasilia-para-as-oss\/#primaryimage"},"thumbnailUrl":"https:\/\/www.notibras.com\/site\/wp-content\/uploads\/2015\/12\/sosos.jpeg","articleSection":["Kleber Ferriche"],"inLanguage":"pt-BR","potentialAction":[{"@type":"CommentAction","name":"Comment","target":["https:\/\/www.notibras.com\/site\/vida-vira-moeda-para-pagar-venda-da-saude-de-brasilia-para-as-oss\/#respond"]}]},{"@type":"WebPage","@id":"https:\/\/www.notibras.com\/site\/vida-vira-moeda-para-pagar-venda-da-saude-de-brasilia-para-as-oss\/","url":"https:\/\/www.notibras.com\/site\/vida-vira-moeda-para-pagar-venda-da-saude-de-brasilia-para-as-oss\/","name":"Vida vira moeda para pagar venda da sa\u00fade de Bras\u00edlia para as OS's - Notibras","isPartOf":{"@id":"https:\/\/www.notibras.com\/site\/#website"},"primaryImageOfPage":{"@id":"https:\/\/www.notibras.com\/site\/vida-vira-moeda-para-pagar-venda-da-saude-de-brasilia-para-as-oss\/#primaryimage"},"image":{"@id":"https:\/\/www.notibras.com\/site\/vida-vira-moeda-para-pagar-venda-da-saude-de-brasilia-para-as-oss\/#primaryimage"},"thumbnailUrl":"https:\/\/www.notibras.com\/site\/wp-content\/uploads\/2015\/12\/sosos.jpeg","datePublished":"2015-12-06T05:45:15+00:00","dateModified":"2015-12-08T15:42:59+00:00","breadcrumb":{"@id":"https:\/\/www.notibras.com\/site\/vida-vira-moeda-para-pagar-venda-da-saude-de-brasilia-para-as-oss\/#breadcrumb"},"inLanguage":"pt-BR","potentialAction":[{"@type":"ReadAction","target":["https:\/\/www.notibras.com\/site\/vida-vira-moeda-para-pagar-venda-da-saude-de-brasilia-para-as-oss\/"]}]},{"@type":"ImageObject","inLanguage":"pt-BR","@id":"https:\/\/www.notibras.com\/site\/vida-vira-moeda-para-pagar-venda-da-saude-de-brasilia-para-as-oss\/#primaryimage","url":"https:\/\/www.notibras.com\/site\/wp-content\/uploads\/2015\/12\/sosos.jpeg","contentUrl":"https:\/\/www.notibras.com\/site\/wp-content\/uploads\/2015\/12\/sosos.jpeg","width":784,"height":490},{"@type":"BreadcrumbList","@id":"https:\/\/www.notibras.com\/site\/vida-vira-moeda-para-pagar-venda-da-saude-de-brasilia-para-as-oss\/#breadcrumb","itemListElement":[{"@type":"ListItem","position":1,"name":"In\u00edcio","item":"https:\/\/www.notibras.com\/site\/"},{"@type":"ListItem","position":2,"name":"Vida vira moeda para pagar venda da sa\u00fade de Bras\u00edlia para as OS&#8217;s"}]},{"@type":"WebSite","@id":"https:\/\/www.notibras.com\/site\/#website","url":"https:\/\/www.notibras.com\/site\/","name":"Notibras","description":"Not\u00edcias de Bras\u00edlia, do Brasil e do Mundo","publisher":{"@id":"https:\/\/www.notibras.com\/site\/#organization"},"potentialAction":[{"@type":"SearchAction","target":{"@type":"EntryPoint","urlTemplate":"https:\/\/www.notibras.com\/site\/?s={search_term_string}"},"query-input":{"@type":"PropertyValueSpecification","valueRequired":true,"valueName":"search_term_string"}}],"inLanguage":"pt-BR"},{"@type":"Organization","@id":"https:\/\/www.notibras.com\/site\/#organization","name":"Grupo Notibras de Comunica\u00e7\u00e3o","url":"https:\/\/www.notibras.com\/site\/","logo":{"@type":"ImageObject","inLanguage":"pt-BR","@id":"https:\/\/www.notibras.com\/site\/#\/schema\/logo\/image\/","url":"https:\/\/www.notibras.com\/site\/wp-content\/uploads\/2023\/01\/notibras23.png","contentUrl":"https:\/\/www.notibras.com\/site\/wp-content\/uploads\/2023\/01\/notibras23.png","width":350,"height":87,"caption":"Grupo Notibras de Comunica\u00e7\u00e3o"},"image":{"@id":"https:\/\/www.notibras.com\/site\/#\/schema\/logo\/image\/"},"sameAs":["https:\/\/www.facebook.com\/notibras\/","https:\/\/x.com\/Notibras","https:\/\/www.instagram.com\/notibras\/"]},{"@type":"Person","@id":"https:\/\/www.notibras.com\/site\/#\/schema\/person\/36ab0979449956132d3e5b517ea76ac8","name":"Reda\u00e7\u00e3o","image":{"@type":"ImageObject","inLanguage":"pt-BR","@id":"https:\/\/secure.gravatar.com\/avatar\/e0a867bdedb85fd243eadf09663511f96fc81e0720a4a42581f334ad4303aa6b?s=96&d=mm&r=g","url":"https:\/\/secure.gravatar.com\/avatar\/e0a867bdedb85fd243eadf09663511f96fc81e0720a4a42581f334ad4303aa6b?s=96&d=mm&r=g","contentUrl":"https:\/\/secure.gravatar.com\/avatar\/e0a867bdedb85fd243eadf09663511f96fc81e0720a4a42581f334ad4303aa6b?s=96&d=mm&r=g","caption":"Reda\u00e7\u00e3o"}}]}},"amp_enabled":true,"_links":{"self":[{"href":"https:\/\/www.notibras.com\/site\/wp-json\/wp\/v2\/posts\/79637","targetHints":{"allow":["GET"]}}],"collection":[{"href":"https:\/\/www.notibras.com\/site\/wp-json\/wp\/v2\/posts"}],"about":[{"href":"https:\/\/www.notibras.com\/site\/wp-json\/wp\/v2\/types\/post"}],"author":[{"embeddable":true,"href":"https:\/\/www.notibras.com\/site\/wp-json\/wp\/v2\/users\/2"}],"replies":[{"embeddable":true,"href":"https:\/\/www.notibras.com\/site\/wp-json\/wp\/v2\/comments?post=79637"}],"version-history":[{"count":2,"href":"https:\/\/www.notibras.com\/site\/wp-json\/wp\/v2\/posts\/79637\/revisions"}],"predecessor-version":[{"id":79640,"href":"https:\/\/www.notibras.com\/site\/wp-json\/wp\/v2\/posts\/79637\/revisions\/79640"}],"wp:featuredmedia":[{"embeddable":true,"href":"https:\/\/www.notibras.com\/site\/wp-json\/wp\/v2\/media\/79638"}],"wp:attachment":[{"href":"https:\/\/www.notibras.com\/site\/wp-json\/wp\/v2\/media?parent=79637"}],"wp:term":[{"taxonomy":"category","embeddable":true,"href":"https:\/\/www.notibras.com\/site\/wp-json\/wp\/v2\/categories?post=79637"},{"taxonomy":"post_tag","embeddable":true,"href":"https:\/\/www.notibras.com\/site\/wp-json\/wp\/v2\/tags?post=79637"}],"curies":[{"name":"wp","href":"https:\/\/api.w.org\/{rel}","templated":true}]}}