{"id":80081,"date":"2015-12-08T16:20:12","date_gmt":"2015-12-08T18:20:12","guid":{"rendered":"http:\/\/www.notibras.com\/site\/?p=80081"},"modified":"2015-12-09T13:03:26","modified_gmt":"2015-12-09T15:03:26","slug":"bruna-que-surfou-na-orla-do-lago-invade-a-jaula-e-debocha-da-leoa","status":"publish","type":"post","link":"https:\/\/www.notibras.com\/site\/bruna-que-surfou-na-orla-do-lago-invade-a-jaula-e-debocha-da-leoa\/","title":{"rendered":"Bruna que surfou na orla do Lago invade a jaula e debocha da Leoa"},"content":{"rendered":"<p>O dia 24 de agosto \u00faltimo foi de gl\u00f3ria para Bruna Pinheiro, a surfistinha da orla destru\u00edda do Parano\u00e1. A ampla cobertura da grande imprensa foi o auge, quase org\u00e1stico para a comandante da Agefis \u2013 Ag\u00eancia de Fiscaliza\u00e7\u00e3o do Distrito Federal. Tomou gosto pela coisa. De l\u00e1 pra c\u00e1, n\u00e3o largou mais a dureza e o tremor dos tratores. E ela gosta todo dia.<\/p>\n<p>Wander Azevedo, conhecedor do tema, ex-diretor da Codeplan e ex-administrador do Lago Sul, abre aspas em seu artigo para trazer o fundamento jur\u00eddico que desmoraliza as a\u00e7\u00f5es da Agefis: \u201cA prote\u00e7\u00e3o constitucional ao domic\u00edlio emerge, com inquestion\u00e1vel nitidez da regra inscrita no art. 5\u00b0, XI, da Carta Pol\u00edtica, que proclama, em norma revestida do mais elevado grau de positividade jur\u00eddica, que \u2018a casa \u00e9 asilo inviol\u00e1vel do indiv\u00edduo, ningu\u00e9m nela podendo penetrar sem consentimento do morador, salvo em caso de flagrante delito ou desastre, ou para prestar socorro, ou, durante o dia, por determina\u00e7\u00e3o judicial.\u201d (\u2018in\u2019 decis\u00e3o do em. Ministro Celso de Mello, ent\u00e3o presidente do excelso STF, proferida nos autos do pedido de Suspens\u00e3o de Seguran\u00e7a n\u00b0 1.203-DF formulado pelo D. Federal, no caso da tentativa de remo\u00e7\u00e3o da Vila \u2018Estrutural\u2019, no ano de 1997).<\/p>\n<p>Mas a surfistinha de Rollemberg n\u00e3o est\u00e1 nem a\u00ed para o STF nem para a C\u00e2mara Legislativa do Distrito Federal, onde compareceu na tarde de 7 de dezembro, para cuspir sua petul\u00e2ncia nos deputados distritais.<\/p>\n<p>Raimundo Ribeiro (PSDB) considerou est\u00fapida e pretenciosa a atitude da fiscal diante de uma plateia repleta de eleitores que representam milhares de votos, capazes de enterrar Rollemberg para sempre nos escombros produzidos por sua funcion\u00e1ria aut\u00f4noma.<\/p>\n<p>No site da Agefis, na p\u00e1gina do \u201cQuem \u00e9 quem\u201d, n\u00e3o h\u00e1 ningu\u00e9m, apenas a informa\u00e7\u00e3o: \u201cem atualiza\u00e7\u00e3o!\u201d Estranho&#8230;<\/p>\n<p>Um grande acerto dos deputados seria a instala\u00e7\u00e3o da CPI da Agefis. As a\u00e7\u00f5es das derrubadas da surfistinha precisam ser investigadas. Den\u00fancia de cond\u00f4minos indica que mais de 100 mil resid\u00eancias ser\u00e3o constru\u00eddas nas \u00e1reas demolidas. At\u00e9 a\u00ed, sendo verdade, tudo bem, desde que n\u00e3o sejam edificadas por construtoras que contribu\u00edram para a campanha de Rodrigo Rollemberg, afirmam.<\/p>\n<p>No m\u00eas do Natal e das fam\u00edlias, Bruna promete deixar de presente para milhares de crian\u00e7as na \u00e1rvore do Papai Noel muitos pais em prantos. Assim est\u00e1 construindo sua pr\u00f3pria desgra\u00e7a que ser\u00e1 proporcional ao seu prazer e intensidade, segundo os desabrigados.<\/p>\n<p>A destemida demolidora n\u00e3o convoca a imprensa para cobrir outras fun\u00e7\u00f5es da Agefis, como a fiscaliza\u00e7\u00e3o do lixo, por exemplo, uma atribui\u00e7\u00e3o da ag\u00eancia. Acontece que no lixo est\u00e3o os poderosos que ela n\u00e3o tem coragem de enfrentar.<\/p>\n<p>Muitos pol\u00edticos s\u00e9rios j\u00e1 prometeram acabar com a Agefis, enquanto Rollemberg prefere abrir espa\u00e7o para multiplicar os problemas da popula\u00e7\u00e3o. N\u00e3o h\u00e1 planejamento, projeto, recursos ou interesse em iniciar imediatamente a recoloca\u00e7\u00e3o dos despejados em novas resid\u00eancias. O que est\u00e1 por tr\u00e1s de tudo \u00e9 o que intriga os cidad\u00e3os que n\u00e3o encontram oferta de \u00e1reas legais para abrigar suas fam\u00edlias.<\/p>\n<p>Se a Bruna continuar surfando em cima dos tratores, tremendo de prazer, a rea\u00e7\u00e3o coletiva pode deixar de ser pac\u00edfica. \u00c9 o temor de profissionais de seguran\u00e7a consultados.<\/p>\n<p>S\u00f3 a surfistinha n\u00e3o teme a popula\u00e7\u00e3o, as classes sociais, o voto. Talvez seja esse o motivo da omiss\u00e3o dos nomes e telefones dos seus comandados no site oficial da ag\u00eancia que, grife-se, \u00e9 p\u00fablico.<\/p>\n<p>Ao que tudo indica, os movimentos t\u00e2ntricos das derrubadas s\u00e3o mesmo um exerc\u00edcio que vicia. S\u00f3 uma leoa para deter a ousadia da concorrente em sua pr\u00f3pria casa. Se Celina Le\u00e3o n\u00e3o arranhar a rival com uma bela CPI, ent\u00e3o as festas de fim de ano v\u00e3o ficar mesmo para 2018. Feliz r\u00e9veillon.<\/p>\n","protected":false},"excerpt":{"rendered":"<p>O dia 24 de agosto \u00faltimo foi de gl\u00f3ria para Bruna Pinheiro, a surfistinha da orla destru\u00edda do Parano\u00e1. A ampla cobertura da grande imprensa foi o auge, quase org\u00e1stico para a comandante da Agefis \u2013 Ag\u00eancia de Fiscaliza\u00e7\u00e3o do Distrito Federal. Tomou gosto pela coisa. De l\u00e1 pra c\u00e1, n\u00e3o largou mais a dureza [&hellip;]<\/p>\n","protected":false},"author":2,"featured_media":80082,"comment_status":"open","ping_status":"closed","sticky":false,"template":"","format":"standard","meta":{"_acf_changed":false,"footnotes":""},"categories":[48],"tags":[],"class_list":["post-80081","post","type-post","status-publish","format-standard","has-post-thumbnail","hentry","category-ferriche"],"acf":[],"yoast_head":"<!-- This site is optimized with the Yoast SEO plugin v27.2 - https:\/\/yoast.com\/product\/yoast-seo-wordpress\/ -->\n<title>Bruna que surfou na orla do Lago invade a jaula e debocha da Leoa - Notibras<\/title>\n<meta name=\"robots\" content=\"index, follow, max-snippet:-1, max-image-preview:large, max-video-preview:-1\" \/>\n<link rel=\"canonical\" href=\"https:\/\/www.notibras.com\/site\/bruna-que-surfou-na-orla-do-lago-invade-a-jaula-e-debocha-da-leoa\/\" \/>\n<meta property=\"og:locale\" content=\"pt_BR\" \/>\n<meta property=\"og:type\" content=\"article\" \/>\n<meta property=\"og:title\" content=\"Bruna que surfou na orla do Lago invade a jaula e debocha da Leoa - Notibras\" \/>\n<meta property=\"og:description\" content=\"O dia 24 de agosto \u00faltimo foi de gl\u00f3ria para Bruna Pinheiro, a surfistinha da orla destru\u00edda do Parano\u00e1. A ampla cobertura da grande imprensa foi o auge, quase org\u00e1stico para a comandante da Agefis \u2013 Ag\u00eancia de Fiscaliza\u00e7\u00e3o do Distrito Federal. Tomou gosto pela coisa. De l\u00e1 pra c\u00e1, n\u00e3o largou mais a dureza [&hellip;]\" \/>\n<meta property=\"og:url\" content=\"https:\/\/www.notibras.com\/site\/bruna-que-surfou-na-orla-do-lago-invade-a-jaula-e-debocha-da-leoa\/\" \/>\n<meta property=\"og:site_name\" content=\"Notibras\" \/>\n<meta property=\"article:publisher\" content=\"https:\/\/www.facebook.com\/notibras\/\" \/>\n<meta property=\"article:published_time\" content=\"2015-12-08T18:20:12+00:00\" \/>\n<meta property=\"article:modified_time\" content=\"2015-12-09T15:03:26+00:00\" \/>\n<meta property=\"og:image\" content=\"https:\/\/www.notibras.com\/site\/wp-content\/uploads\/2015\/12\/distritais-cobram-da-agefis-igualdade-nas-derrubadas-das-invasoes.jpg\" \/>\n\t<meta property=\"og:image:width\" content=\"820\" \/>\n\t<meta property=\"og:image:height\" content=\"547\" \/>\n\t<meta property=\"og:image:type\" content=\"image\/jpeg\" \/>\n<meta name=\"author\" content=\"Reda\u00e7\u00e3o\" \/>\n<meta name=\"twitter:card\" content=\"summary_large_image\" \/>\n<meta name=\"twitter:creator\" content=\"@Notibras\" \/>\n<meta name=\"twitter:site\" content=\"@Notibras\" \/>\n<meta name=\"twitter:label1\" content=\"Escrito por\" \/>\n\t<meta name=\"twitter:data1\" content=\"Reda\u00e7\u00e3o\" \/>\n\t<meta name=\"twitter:label2\" content=\"Est. tempo de leitura\" \/>\n\t<meta name=\"twitter:data2\" content=\"3 minutos\" \/>\n<script type=\"application\/ld+json\" class=\"yoast-schema-graph\">{\"@context\":\"https:\/\/schema.org\",\"@graph\":[{\"@type\":\"Article\",\"@id\":\"https:\/\/www.notibras.com\/site\/bruna-que-surfou-na-orla-do-lago-invade-a-jaula-e-debocha-da-leoa\/#article\",\"isPartOf\":{\"@id\":\"https:\/\/www.notibras.com\/site\/bruna-que-surfou-na-orla-do-lago-invade-a-jaula-e-debocha-da-leoa\/\"},\"author\":{\"name\":\"Reda\u00e7\u00e3o\",\"@id\":\"https:\/\/www.notibras.com\/site\/#\/schema\/person\/36ab0979449956132d3e5b517ea76ac8\"},\"headline\":\"Bruna que surfou na orla do Lago invade a jaula e debocha da Leoa\",\"datePublished\":\"2015-12-08T18:20:12+00:00\",\"dateModified\":\"2015-12-09T15:03:26+00:00\",\"mainEntityOfPage\":{\"@id\":\"https:\/\/www.notibras.com\/site\/bruna-que-surfou-na-orla-do-lago-invade-a-jaula-e-debocha-da-leoa\/\"},\"wordCount\":690,\"commentCount\":0,\"publisher\":{\"@id\":\"https:\/\/www.notibras.com\/site\/#organization\"},\"image\":{\"@id\":\"https:\/\/www.notibras.com\/site\/bruna-que-surfou-na-orla-do-lago-invade-a-jaula-e-debocha-da-leoa\/#primaryimage\"},\"thumbnailUrl\":\"https:\/\/www.notibras.com\/site\/wp-content\/uploads\/2015\/12\/distritais-cobram-da-agefis-igualdade-nas-derrubadas-das-invasoes.jpg\",\"articleSection\":[\"Kleber Ferriche\"],\"inLanguage\":\"pt-BR\",\"potentialAction\":[{\"@type\":\"CommentAction\",\"name\":\"Comment\",\"target\":[\"https:\/\/www.notibras.com\/site\/bruna-que-surfou-na-orla-do-lago-invade-a-jaula-e-debocha-da-leoa\/#respond\"]}]},{\"@type\":\"WebPage\",\"@id\":\"https:\/\/www.notibras.com\/site\/bruna-que-surfou-na-orla-do-lago-invade-a-jaula-e-debocha-da-leoa\/\",\"url\":\"https:\/\/www.notibras.com\/site\/bruna-que-surfou-na-orla-do-lago-invade-a-jaula-e-debocha-da-leoa\/\",\"name\":\"Bruna que surfou na orla do Lago invade a jaula e debocha da Leoa - Notibras\",\"isPartOf\":{\"@id\":\"https:\/\/www.notibras.com\/site\/#website\"},\"primaryImageOfPage\":{\"@id\":\"https:\/\/www.notibras.com\/site\/bruna-que-surfou-na-orla-do-lago-invade-a-jaula-e-debocha-da-leoa\/#primaryimage\"},\"image\":{\"@id\":\"https:\/\/www.notibras.com\/site\/bruna-que-surfou-na-orla-do-lago-invade-a-jaula-e-debocha-da-leoa\/#primaryimage\"},\"thumbnailUrl\":\"https:\/\/www.notibras.com\/site\/wp-content\/uploads\/2015\/12\/distritais-cobram-da-agefis-igualdade-nas-derrubadas-das-invasoes.jpg\",\"datePublished\":\"2015-12-08T18:20:12+00:00\",\"dateModified\":\"2015-12-09T15:03:26+00:00\",\"breadcrumb\":{\"@id\":\"https:\/\/www.notibras.com\/site\/bruna-que-surfou-na-orla-do-lago-invade-a-jaula-e-debocha-da-leoa\/#breadcrumb\"},\"inLanguage\":\"pt-BR\",\"potentialAction\":[{\"@type\":\"ReadAction\",\"target\":[\"https:\/\/www.notibras.com\/site\/bruna-que-surfou-na-orla-do-lago-invade-a-jaula-e-debocha-da-leoa\/\"]}]},{\"@type\":\"ImageObject\",\"inLanguage\":\"pt-BR\",\"@id\":\"https:\/\/www.notibras.com\/site\/bruna-que-surfou-na-orla-do-lago-invade-a-jaula-e-debocha-da-leoa\/#primaryimage\",\"url\":\"https:\/\/www.notibras.com\/site\/wp-content\/uploads\/2015\/12\/distritais-cobram-da-agefis-igualdade-nas-derrubadas-das-invasoes.jpg\",\"contentUrl\":\"https:\/\/www.notibras.com\/site\/wp-content\/uploads\/2015\/12\/distritais-cobram-da-agefis-igualdade-nas-derrubadas-das-invasoes.jpg\",\"width\":820,\"height\":547,\"caption\":\"Na imagem retirada do Google, presidente da Agefis discute remo\u00e7\u00f5es com deputados distritais\"},{\"@type\":\"BreadcrumbList\",\"@id\":\"https:\/\/www.notibras.com\/site\/bruna-que-surfou-na-orla-do-lago-invade-a-jaula-e-debocha-da-leoa\/#breadcrumb\",\"itemListElement\":[{\"@type\":\"ListItem\",\"position\":1,\"name\":\"In\u00edcio\",\"item\":\"https:\/\/www.notibras.com\/site\/\"},{\"@type\":\"ListItem\",\"position\":2,\"name\":\"Bruna que surfou na orla do Lago invade a jaula e debocha da Leoa\"}]},{\"@type\":\"WebSite\",\"@id\":\"https:\/\/www.notibras.com\/site\/#website\",\"url\":\"https:\/\/www.notibras.com\/site\/\",\"name\":\"Notibras\",\"description\":\"Not\u00edcias de Bras\u00edlia, do Brasil e do Mundo\",\"publisher\":{\"@id\":\"https:\/\/www.notibras.com\/site\/#organization\"},\"potentialAction\":[{\"@type\":\"SearchAction\",\"target\":{\"@type\":\"EntryPoint\",\"urlTemplate\":\"https:\/\/www.notibras.com\/site\/?s={search_term_string}\"},\"query-input\":{\"@type\":\"PropertyValueSpecification\",\"valueRequired\":true,\"valueName\":\"search_term_string\"}}],\"inLanguage\":\"pt-BR\"},{\"@type\":\"Organization\",\"@id\":\"https:\/\/www.notibras.com\/site\/#organization\",\"name\":\"Grupo Notibras de Comunica\u00e7\u00e3o\",\"url\":\"https:\/\/www.notibras.com\/site\/\",\"logo\":{\"@type\":\"ImageObject\",\"inLanguage\":\"pt-BR\",\"@id\":\"https:\/\/www.notibras.com\/site\/#\/schema\/logo\/image\/\",\"url\":\"https:\/\/www.notibras.com\/site\/wp-content\/uploads\/2023\/01\/notibras23.png\",\"contentUrl\":\"https:\/\/www.notibras.com\/site\/wp-content\/uploads\/2023\/01\/notibras23.png\",\"width\":350,\"height\":87,\"caption\":\"Grupo Notibras de Comunica\u00e7\u00e3o\"},\"image\":{\"@id\":\"https:\/\/www.notibras.com\/site\/#\/schema\/logo\/image\/\"},\"sameAs\":[\"https:\/\/www.facebook.com\/notibras\/\",\"https:\/\/x.com\/Notibras\",\"https:\/\/www.instagram.com\/notibras\/\"]},{\"@type\":\"Person\",\"@id\":\"https:\/\/www.notibras.com\/site\/#\/schema\/person\/36ab0979449956132d3e5b517ea76ac8\",\"name\":\"Reda\u00e7\u00e3o\",\"image\":{\"@type\":\"ImageObject\",\"inLanguage\":\"pt-BR\",\"@id\":\"https:\/\/secure.gravatar.com\/avatar\/e0a867bdedb85fd243eadf09663511f96fc81e0720a4a42581f334ad4303aa6b?s=96&d=mm&r=g\",\"url\":\"https:\/\/secure.gravatar.com\/avatar\/e0a867bdedb85fd243eadf09663511f96fc81e0720a4a42581f334ad4303aa6b?s=96&d=mm&r=g\",\"contentUrl\":\"https:\/\/secure.gravatar.com\/avatar\/e0a867bdedb85fd243eadf09663511f96fc81e0720a4a42581f334ad4303aa6b?s=96&d=mm&r=g\",\"caption\":\"Reda\u00e7\u00e3o\"}}]}<\/script>\n<!-- \/ Yoast SEO plugin. -->","yoast_head_json":{"title":"Bruna que surfou na orla do Lago invade a jaula e debocha da Leoa - Notibras","robots":{"index":"index","follow":"follow","max-snippet":"max-snippet:-1","max-image-preview":"max-image-preview:large","max-video-preview":"max-video-preview:-1"},"canonical":"https:\/\/www.notibras.com\/site\/bruna-que-surfou-na-orla-do-lago-invade-a-jaula-e-debocha-da-leoa\/","og_locale":"pt_BR","og_type":"article","og_title":"Bruna que surfou na orla do Lago invade a jaula e debocha da Leoa - Notibras","og_description":"O dia 24 de agosto \u00faltimo foi de gl\u00f3ria para Bruna Pinheiro, a surfistinha da orla destru\u00edda do Parano\u00e1. A ampla cobertura da grande imprensa foi o auge, quase org\u00e1stico para a comandante da Agefis \u2013 Ag\u00eancia de Fiscaliza\u00e7\u00e3o do Distrito Federal. Tomou gosto pela coisa. De l\u00e1 pra c\u00e1, n\u00e3o largou mais a dureza [&hellip;]","og_url":"https:\/\/www.notibras.com\/site\/bruna-que-surfou-na-orla-do-lago-invade-a-jaula-e-debocha-da-leoa\/","og_site_name":"Notibras","article_publisher":"https:\/\/www.facebook.com\/notibras\/","article_published_time":"2015-12-08T18:20:12+00:00","article_modified_time":"2015-12-09T15:03:26+00:00","og_image":[{"width":820,"height":547,"url":"https:\/\/www.notibras.com\/site\/wp-content\/uploads\/2015\/12\/distritais-cobram-da-agefis-igualdade-nas-derrubadas-das-invasoes.jpg","type":"image\/jpeg"}],"author":"Reda\u00e7\u00e3o","twitter_card":"summary_large_image","twitter_creator":"@Notibras","twitter_site":"@Notibras","twitter_misc":{"Escrito por":"Reda\u00e7\u00e3o","Est. tempo de leitura":"3 minutos"},"schema":{"@context":"https:\/\/schema.org","@graph":[{"@type":"Article","@id":"https:\/\/www.notibras.com\/site\/bruna-que-surfou-na-orla-do-lago-invade-a-jaula-e-debocha-da-leoa\/#article","isPartOf":{"@id":"https:\/\/www.notibras.com\/site\/bruna-que-surfou-na-orla-do-lago-invade-a-jaula-e-debocha-da-leoa\/"},"author":{"name":"Reda\u00e7\u00e3o","@id":"https:\/\/www.notibras.com\/site\/#\/schema\/person\/36ab0979449956132d3e5b517ea76ac8"},"headline":"Bruna que surfou na orla do Lago invade a jaula e debocha da Leoa","datePublished":"2015-12-08T18:20:12+00:00","dateModified":"2015-12-09T15:03:26+00:00","mainEntityOfPage":{"@id":"https:\/\/www.notibras.com\/site\/bruna-que-surfou-na-orla-do-lago-invade-a-jaula-e-debocha-da-leoa\/"},"wordCount":690,"commentCount":0,"publisher":{"@id":"https:\/\/www.notibras.com\/site\/#organization"},"image":{"@id":"https:\/\/www.notibras.com\/site\/bruna-que-surfou-na-orla-do-lago-invade-a-jaula-e-debocha-da-leoa\/#primaryimage"},"thumbnailUrl":"https:\/\/www.notibras.com\/site\/wp-content\/uploads\/2015\/12\/distritais-cobram-da-agefis-igualdade-nas-derrubadas-das-invasoes.jpg","articleSection":["Kleber Ferriche"],"inLanguage":"pt-BR","potentialAction":[{"@type":"CommentAction","name":"Comment","target":["https:\/\/www.notibras.com\/site\/bruna-que-surfou-na-orla-do-lago-invade-a-jaula-e-debocha-da-leoa\/#respond"]}]},{"@type":"WebPage","@id":"https:\/\/www.notibras.com\/site\/bruna-que-surfou-na-orla-do-lago-invade-a-jaula-e-debocha-da-leoa\/","url":"https:\/\/www.notibras.com\/site\/bruna-que-surfou-na-orla-do-lago-invade-a-jaula-e-debocha-da-leoa\/","name":"Bruna que surfou na orla do Lago invade a jaula e debocha da Leoa - Notibras","isPartOf":{"@id":"https:\/\/www.notibras.com\/site\/#website"},"primaryImageOfPage":{"@id":"https:\/\/www.notibras.com\/site\/bruna-que-surfou-na-orla-do-lago-invade-a-jaula-e-debocha-da-leoa\/#primaryimage"},"image":{"@id":"https:\/\/www.notibras.com\/site\/bruna-que-surfou-na-orla-do-lago-invade-a-jaula-e-debocha-da-leoa\/#primaryimage"},"thumbnailUrl":"https:\/\/www.notibras.com\/site\/wp-content\/uploads\/2015\/12\/distritais-cobram-da-agefis-igualdade-nas-derrubadas-das-invasoes.jpg","datePublished":"2015-12-08T18:20:12+00:00","dateModified":"2015-12-09T15:03:26+00:00","breadcrumb":{"@id":"https:\/\/www.notibras.com\/site\/bruna-que-surfou-na-orla-do-lago-invade-a-jaula-e-debocha-da-leoa\/#breadcrumb"},"inLanguage":"pt-BR","potentialAction":[{"@type":"ReadAction","target":["https:\/\/www.notibras.com\/site\/bruna-que-surfou-na-orla-do-lago-invade-a-jaula-e-debocha-da-leoa\/"]}]},{"@type":"ImageObject","inLanguage":"pt-BR","@id":"https:\/\/www.notibras.com\/site\/bruna-que-surfou-na-orla-do-lago-invade-a-jaula-e-debocha-da-leoa\/#primaryimage","url":"https:\/\/www.notibras.com\/site\/wp-content\/uploads\/2015\/12\/distritais-cobram-da-agefis-igualdade-nas-derrubadas-das-invasoes.jpg","contentUrl":"https:\/\/www.notibras.com\/site\/wp-content\/uploads\/2015\/12\/distritais-cobram-da-agefis-igualdade-nas-derrubadas-das-invasoes.jpg","width":820,"height":547,"caption":"Na imagem retirada do Google, presidente da Agefis discute remo\u00e7\u00f5es com deputados distritais"},{"@type":"BreadcrumbList","@id":"https:\/\/www.notibras.com\/site\/bruna-que-surfou-na-orla-do-lago-invade-a-jaula-e-debocha-da-leoa\/#breadcrumb","itemListElement":[{"@type":"ListItem","position":1,"name":"In\u00edcio","item":"https:\/\/www.notibras.com\/site\/"},{"@type":"ListItem","position":2,"name":"Bruna que surfou na orla do Lago invade a jaula e debocha da Leoa"}]},{"@type":"WebSite","@id":"https:\/\/www.notibras.com\/site\/#website","url":"https:\/\/www.notibras.com\/site\/","name":"Notibras","description":"Not\u00edcias de Bras\u00edlia, do Brasil e do Mundo","publisher":{"@id":"https:\/\/www.notibras.com\/site\/#organization"},"potentialAction":[{"@type":"SearchAction","target":{"@type":"EntryPoint","urlTemplate":"https:\/\/www.notibras.com\/site\/?s={search_term_string}"},"query-input":{"@type":"PropertyValueSpecification","valueRequired":true,"valueName":"search_term_string"}}],"inLanguage":"pt-BR"},{"@type":"Organization","@id":"https:\/\/www.notibras.com\/site\/#organization","name":"Grupo Notibras de Comunica\u00e7\u00e3o","url":"https:\/\/www.notibras.com\/site\/","logo":{"@type":"ImageObject","inLanguage":"pt-BR","@id":"https:\/\/www.notibras.com\/site\/#\/schema\/logo\/image\/","url":"https:\/\/www.notibras.com\/site\/wp-content\/uploads\/2023\/01\/notibras23.png","contentUrl":"https:\/\/www.notibras.com\/site\/wp-content\/uploads\/2023\/01\/notibras23.png","width":350,"height":87,"caption":"Grupo Notibras de Comunica\u00e7\u00e3o"},"image":{"@id":"https:\/\/www.notibras.com\/site\/#\/schema\/logo\/image\/"},"sameAs":["https:\/\/www.facebook.com\/notibras\/","https:\/\/x.com\/Notibras","https:\/\/www.instagram.com\/notibras\/"]},{"@type":"Person","@id":"https:\/\/www.notibras.com\/site\/#\/schema\/person\/36ab0979449956132d3e5b517ea76ac8","name":"Reda\u00e7\u00e3o","image":{"@type":"ImageObject","inLanguage":"pt-BR","@id":"https:\/\/secure.gravatar.com\/avatar\/e0a867bdedb85fd243eadf09663511f96fc81e0720a4a42581f334ad4303aa6b?s=96&d=mm&r=g","url":"https:\/\/secure.gravatar.com\/avatar\/e0a867bdedb85fd243eadf09663511f96fc81e0720a4a42581f334ad4303aa6b?s=96&d=mm&r=g","contentUrl":"https:\/\/secure.gravatar.com\/avatar\/e0a867bdedb85fd243eadf09663511f96fc81e0720a4a42581f334ad4303aa6b?s=96&d=mm&r=g","caption":"Reda\u00e7\u00e3o"}}]}},"amp_enabled":true,"_links":{"self":[{"href":"https:\/\/www.notibras.com\/site\/wp-json\/wp\/v2\/posts\/80081","targetHints":{"allow":["GET"]}}],"collection":[{"href":"https:\/\/www.notibras.com\/site\/wp-json\/wp\/v2\/posts"}],"about":[{"href":"https:\/\/www.notibras.com\/site\/wp-json\/wp\/v2\/types\/post"}],"author":[{"embeddable":true,"href":"https:\/\/www.notibras.com\/site\/wp-json\/wp\/v2\/users\/2"}],"replies":[{"embeddable":true,"href":"https:\/\/www.notibras.com\/site\/wp-json\/wp\/v2\/comments?post=80081"}],"version-history":[{"count":1,"href":"https:\/\/www.notibras.com\/site\/wp-json\/wp\/v2\/posts\/80081\/revisions"}],"predecessor-version":[{"id":80083,"href":"https:\/\/www.notibras.com\/site\/wp-json\/wp\/v2\/posts\/80081\/revisions\/80083"}],"wp:featuredmedia":[{"embeddable":true,"href":"https:\/\/www.notibras.com\/site\/wp-json\/wp\/v2\/media\/80082"}],"wp:attachment":[{"href":"https:\/\/www.notibras.com\/site\/wp-json\/wp\/v2\/media?parent=80081"}],"wp:term":[{"taxonomy":"category","embeddable":true,"href":"https:\/\/www.notibras.com\/site\/wp-json\/wp\/v2\/categories?post=80081"},{"taxonomy":"post_tag","embeddable":true,"href":"https:\/\/www.notibras.com\/site\/wp-json\/wp\/v2\/tags?post=80081"}],"curies":[{"name":"wp","href":"https:\/\/api.w.org\/{rel}","templated":true}]}}