{"id":8023,"date":"2014-05-01T20:45:28","date_gmt":"2014-05-01T23:45:28","guid":{"rendered":"http:\/\/www.notibras.com\/site\/?p=8023"},"modified":"2014-05-07T21:28:07","modified_gmt":"2014-05-08T00:28:07","slug":"inter-sofre-mas-arranca-empate-com-cuiaba-na-arena-pantanal","status":"publish","type":"post","link":"https:\/\/www.notibras.com\/site\/inter-sofre-mas-arranca-empate-com-cuiaba-na-arena-pantanal\/","title":{"rendered":"Inter sofre mas arranca empate com Cuiab\u00e1 na Arena Pantanal"},"content":{"rendered":"<p>pesar de fazer atua\u00e7\u00e3o ruim, o Inter conseguiu arrancar empate importante fora de casa na noite desta quinta-feira. Na Arena Pantanal, que ser\u00e1 sede de jogos na Copa do Mundo, o clube colorado saiu atr\u00e1s no placar, viu o advers\u00e1rio perder chances claras de ampliar o marcador, mas com gol de Rafael Moura aos 41min do segundo tempo empatou por 1 a 1 pelo duelo de ida da segunda fase da Copa do Brasil.<\/p>\n<p class=\"text\">Com o empate, o Inter ganha mais tranquilidade para o confronto de volta. A equipe colorada precisa de uma vit\u00f3ria simples \u2013 ou at\u00e9 mesmo empate sem gols \u2013 para avan\u00e7ar \u00e0 pr\u00f3xima fase do torneio nacional. O duelo\u00a0de volta est\u00e1 marcado para o dia 15 de abril, \u00e0s 21h50 (de Bras\u00edlia), no Rio Grande do Sul.<\/p>\n<p class=\"text\">Fora de casa, o Inter come\u00e7ou o duelo com bom fluxo ofensivo e teve boa chance aos 7min, com Fabr\u00edcio, que tocou para Alex chutar em cima da zaga advers\u00e1ria. \u00a0O dom\u00ednio colorado, contudo, passou a diminuir aos poucos e o Cuiab\u00e1 come\u00e7ou a levar perigo. Aos 25min, os donos da casa abriram o placar: Ruan cruzou rasteiro e Washington, livre de marca\u00e7\u00e3o, s\u00f3 tocou para o gol.<\/p>\n<p class=\"text\">O tento assustou o Inter, que viu o advers\u00e1rio ganhar inje\u00e7\u00e3o de confian\u00e7a e passar a perder seguidas chances de aumentar o marcador. Aos 40min e aos 42min, o Cuiab\u00e1 teve dois lances clar\u00edssimos para construir um placar mais el\u00e1stico, mas em ambos a equipe mandante falhou na finaliza\u00e7\u00e3o.<\/p>\n<p class=\"text\">Na volta para a etapa final, o Inter continuou com problemas defensivos e n\u00e3o se encontrava no ataque, Sem levar grandes sustos ao rival, quase viu o Cuiab\u00e1 fazer o segundo gol aos 30min, quando Diego Torres ganhou de Jorge Henrique na corrida e chutou rente ao gol de Dida. Aos 42min, no entanto, o Inter chegou ao empate com Rafael Moura em rara chegada ao ataque da equipe colorada.<\/p>\n","protected":false},"excerpt":{"rendered":"<p>pesar de fazer atua\u00e7\u00e3o ruim, o Inter conseguiu arrancar empate importante fora de casa na noite desta quinta-feira. Na Arena Pantanal, que ser\u00e1 sede de jogos na Copa do Mundo, o clube colorado saiu atr\u00e1s no placar, viu o advers\u00e1rio perder chances claras de ampliar o marcador, mas com gol de Rafael Moura aos 41min [&hellip;]<\/p>\n","protected":false},"author":2,"featured_media":8024,"comment_status":"open","ping_status":"closed","sticky":false,"template":"","format":"standard","meta":{"_acf_changed":false,"footnotes":""},"categories":[19,29],"tags":[],"class_list":["post-8023","post","type-post","status-publish","format-standard","has-post-thumbnail","hentry","category-esportes","category-futebol"],"acf":[],"yoast_head":"<!-- This site is optimized with the Yoast SEO plugin v27.2 - https:\/\/yoast.com\/product\/yoast-seo-wordpress\/ -->\n<title>Inter sofre mas arranca empate com Cuiab\u00e1 na Arena Pantanal - Notibras<\/title>\n<meta name=\"robots\" content=\"index, follow, max-snippet:-1, max-image-preview:large, max-video-preview:-1\" \/>\n<link rel=\"canonical\" href=\"https:\/\/www.notibras.com\/site\/inter-sofre-mas-arranca-empate-com-cuiaba-na-arena-pantanal\/\" \/>\n<meta property=\"og:locale\" content=\"pt_BR\" \/>\n<meta property=\"og:type\" content=\"article\" \/>\n<meta property=\"og:title\" content=\"Inter sofre mas arranca empate com Cuiab\u00e1 na Arena Pantanal - Notibras\" \/>\n<meta property=\"og:description\" content=\"pesar de fazer atua\u00e7\u00e3o ruim, o Inter conseguiu arrancar empate importante fora de casa na noite desta quinta-feira. Na Arena Pantanal, que ser\u00e1 sede de jogos na Copa do Mundo, o clube colorado saiu atr\u00e1s no placar, viu o advers\u00e1rio perder chances claras de ampliar o marcador, mas com gol de Rafael Moura aos 41min [&hellip;]\" \/>\n<meta property=\"og:url\" content=\"https:\/\/www.notibras.com\/site\/inter-sofre-mas-arranca-empate-com-cuiaba-na-arena-pantanal\/\" \/>\n<meta property=\"og:site_name\" content=\"Notibras\" \/>\n<meta property=\"article:publisher\" content=\"https:\/\/www.facebook.com\/notibras\/\" \/>\n<meta property=\"article:published_time\" content=\"2014-05-01T23:45:28+00:00\" \/>\n<meta property=\"article:modified_time\" content=\"2014-05-08T00:28:07+00:00\" \/>\n<meta property=\"og:image\" content=\"https:\/\/www.notibras.com\/site\/wp-content\/uploads\/2014\/05\/dalessandrotocaandreromeuvip.jpg\" \/>\n\t<meta property=\"og:image:width\" content=\"460\" \/>\n\t<meta property=\"og:image:height\" content=\"340\" \/>\n\t<meta property=\"og:image:type\" content=\"image\/jpeg\" \/>\n<meta name=\"author\" content=\"Reda\u00e7\u00e3o\" \/>\n<meta name=\"twitter:card\" content=\"summary_large_image\" \/>\n<meta name=\"twitter:creator\" content=\"@Notibras\" \/>\n<meta name=\"twitter:site\" content=\"@Notibras\" \/>\n<meta name=\"twitter:label1\" content=\"Escrito por\" \/>\n\t<meta name=\"twitter:data1\" content=\"Reda\u00e7\u00e3o\" \/>\n\t<meta name=\"twitter:label2\" content=\"Est. tempo de leitura\" \/>\n\t<meta name=\"twitter:data2\" content=\"2 minutos\" \/>\n<script type=\"application\/ld+json\" class=\"yoast-schema-graph\">{\"@context\":\"https:\/\/schema.org\",\"@graph\":[{\"@type\":\"Article\",\"@id\":\"https:\/\/www.notibras.com\/site\/inter-sofre-mas-arranca-empate-com-cuiaba-na-arena-pantanal\/#article\",\"isPartOf\":{\"@id\":\"https:\/\/www.notibras.com\/site\/inter-sofre-mas-arranca-empate-com-cuiaba-na-arena-pantanal\/\"},\"author\":{\"name\":\"Reda\u00e7\u00e3o\",\"@id\":\"https:\/\/www.notibras.com\/site\/#\/schema\/person\/36ab0979449956132d3e5b517ea76ac8\"},\"headline\":\"Inter sofre mas arranca empate com Cuiab\u00e1 na Arena Pantanal\",\"datePublished\":\"2014-05-01T23:45:28+00:00\",\"dateModified\":\"2014-05-08T00:28:07+00:00\",\"mainEntityOfPage\":{\"@id\":\"https:\/\/www.notibras.com\/site\/inter-sofre-mas-arranca-empate-com-cuiaba-na-arena-pantanal\/\"},\"wordCount\":343,\"commentCount\":0,\"publisher\":{\"@id\":\"https:\/\/www.notibras.com\/site\/#organization\"},\"image\":{\"@id\":\"https:\/\/www.notibras.com\/site\/inter-sofre-mas-arranca-empate-com-cuiaba-na-arena-pantanal\/#primaryimage\"},\"thumbnailUrl\":\"https:\/\/www.notibras.com\/site\/wp-content\/uploads\/2014\/05\/dalessandrotocaandreromeuvip.jpg\",\"articleSection\":[\"Esportes\",\"Futebol\"],\"inLanguage\":\"pt-BR\",\"potentialAction\":[{\"@type\":\"CommentAction\",\"name\":\"Comment\",\"target\":[\"https:\/\/www.notibras.com\/site\/inter-sofre-mas-arranca-empate-com-cuiaba-na-arena-pantanal\/#respond\"]}]},{\"@type\":\"WebPage\",\"@id\":\"https:\/\/www.notibras.com\/site\/inter-sofre-mas-arranca-empate-com-cuiaba-na-arena-pantanal\/\",\"url\":\"https:\/\/www.notibras.com\/site\/inter-sofre-mas-arranca-empate-com-cuiaba-na-arena-pantanal\/\",\"name\":\"Inter sofre mas arranca empate com Cuiab\u00e1 na Arena Pantanal - Notibras\",\"isPartOf\":{\"@id\":\"https:\/\/www.notibras.com\/site\/#website\"},\"primaryImageOfPage\":{\"@id\":\"https:\/\/www.notibras.com\/site\/inter-sofre-mas-arranca-empate-com-cuiaba-na-arena-pantanal\/#primaryimage\"},\"image\":{\"@id\":\"https:\/\/www.notibras.com\/site\/inter-sofre-mas-arranca-empate-com-cuiaba-na-arena-pantanal\/#primaryimage\"},\"thumbnailUrl\":\"https:\/\/www.notibras.com\/site\/wp-content\/uploads\/2014\/05\/dalessandrotocaandreromeuvip.jpg\",\"datePublished\":\"2014-05-01T23:45:28+00:00\",\"dateModified\":\"2014-05-08T00:28:07+00:00\",\"breadcrumb\":{\"@id\":\"https:\/\/www.notibras.com\/site\/inter-sofre-mas-arranca-empate-com-cuiaba-na-arena-pantanal\/#breadcrumb\"},\"inLanguage\":\"pt-BR\",\"potentialAction\":[{\"@type\":\"ReadAction\",\"target\":[\"https:\/\/www.notibras.com\/site\/inter-sofre-mas-arranca-empate-com-cuiaba-na-arena-pantanal\/\"]}]},{\"@type\":\"ImageObject\",\"inLanguage\":\"pt-BR\",\"@id\":\"https:\/\/www.notibras.com\/site\/inter-sofre-mas-arranca-empate-com-cuiaba-na-arena-pantanal\/#primaryimage\",\"url\":\"https:\/\/www.notibras.com\/site\/wp-content\/uploads\/2014\/05\/dalessandrotocaandreromeuvip.jpg\",\"contentUrl\":\"https:\/\/www.notibras.com\/site\/wp-content\/uploads\/2014\/05\/dalessandrotocaandreromeuvip.jpg\",\"width\":460,\"height\":340},{\"@type\":\"BreadcrumbList\",\"@id\":\"https:\/\/www.notibras.com\/site\/inter-sofre-mas-arranca-empate-com-cuiaba-na-arena-pantanal\/#breadcrumb\",\"itemListElement\":[{\"@type\":\"ListItem\",\"position\":1,\"name\":\"In\u00edcio\",\"item\":\"https:\/\/www.notibras.com\/site\/\"},{\"@type\":\"ListItem\",\"position\":2,\"name\":\"Inter sofre mas arranca empate com Cuiab\u00e1 na Arena Pantanal\"}]},{\"@type\":\"WebSite\",\"@id\":\"https:\/\/www.notibras.com\/site\/#website\",\"url\":\"https:\/\/www.notibras.com\/site\/\",\"name\":\"Notibras\",\"description\":\"Not\u00edcias de Bras\u00edlia, do Brasil e do Mundo\",\"publisher\":{\"@id\":\"https:\/\/www.notibras.com\/site\/#organization\"},\"potentialAction\":[{\"@type\":\"SearchAction\",\"target\":{\"@type\":\"EntryPoint\",\"urlTemplate\":\"https:\/\/www.notibras.com\/site\/?s={search_term_string}\"},\"query-input\":{\"@type\":\"PropertyValueSpecification\",\"valueRequired\":true,\"valueName\":\"search_term_string\"}}],\"inLanguage\":\"pt-BR\"},{\"@type\":\"Organization\",\"@id\":\"https:\/\/www.notibras.com\/site\/#organization\",\"name\":\"Grupo Notibras de Comunica\u00e7\u00e3o\",\"url\":\"https:\/\/www.notibras.com\/site\/\",\"logo\":{\"@type\":\"ImageObject\",\"inLanguage\":\"pt-BR\",\"@id\":\"https:\/\/www.notibras.com\/site\/#\/schema\/logo\/image\/\",\"url\":\"https:\/\/www.notibras.com\/site\/wp-content\/uploads\/2023\/01\/notibras23.png\",\"contentUrl\":\"https:\/\/www.notibras.com\/site\/wp-content\/uploads\/2023\/01\/notibras23.png\",\"width\":350,\"height\":87,\"caption\":\"Grupo Notibras de Comunica\u00e7\u00e3o\"},\"image\":{\"@id\":\"https:\/\/www.notibras.com\/site\/#\/schema\/logo\/image\/\"},\"sameAs\":[\"https:\/\/www.facebook.com\/notibras\/\",\"https:\/\/x.com\/Notibras\",\"https:\/\/www.instagram.com\/notibras\/\"]},{\"@type\":\"Person\",\"@id\":\"https:\/\/www.notibras.com\/site\/#\/schema\/person\/36ab0979449956132d3e5b517ea76ac8\",\"name\":\"Reda\u00e7\u00e3o\",\"image\":{\"@type\":\"ImageObject\",\"inLanguage\":\"pt-BR\",\"@id\":\"https:\/\/secure.gravatar.com\/avatar\/e0a867bdedb85fd243eadf09663511f96fc81e0720a4a42581f334ad4303aa6b?s=96&d=mm&r=g\",\"url\":\"https:\/\/secure.gravatar.com\/avatar\/e0a867bdedb85fd243eadf09663511f96fc81e0720a4a42581f334ad4303aa6b?s=96&d=mm&r=g\",\"contentUrl\":\"https:\/\/secure.gravatar.com\/avatar\/e0a867bdedb85fd243eadf09663511f96fc81e0720a4a42581f334ad4303aa6b?s=96&d=mm&r=g\",\"caption\":\"Reda\u00e7\u00e3o\"}}]}<\/script>\n<!-- \/ Yoast SEO plugin. -->","yoast_head_json":{"title":"Inter sofre mas arranca empate com Cuiab\u00e1 na Arena Pantanal - Notibras","robots":{"index":"index","follow":"follow","max-snippet":"max-snippet:-1","max-image-preview":"max-image-preview:large","max-video-preview":"max-video-preview:-1"},"canonical":"https:\/\/www.notibras.com\/site\/inter-sofre-mas-arranca-empate-com-cuiaba-na-arena-pantanal\/","og_locale":"pt_BR","og_type":"article","og_title":"Inter sofre mas arranca empate com Cuiab\u00e1 na Arena Pantanal - Notibras","og_description":"pesar de fazer atua\u00e7\u00e3o ruim, o Inter conseguiu arrancar empate importante fora de casa na noite desta quinta-feira. Na Arena Pantanal, que ser\u00e1 sede de jogos na Copa do Mundo, o clube colorado saiu atr\u00e1s no placar, viu o advers\u00e1rio perder chances claras de ampliar o marcador, mas com gol de Rafael Moura aos 41min [&hellip;]","og_url":"https:\/\/www.notibras.com\/site\/inter-sofre-mas-arranca-empate-com-cuiaba-na-arena-pantanal\/","og_site_name":"Notibras","article_publisher":"https:\/\/www.facebook.com\/notibras\/","article_published_time":"2014-05-01T23:45:28+00:00","article_modified_time":"2014-05-08T00:28:07+00:00","og_image":[{"width":460,"height":340,"url":"https:\/\/www.notibras.com\/site\/wp-content\/uploads\/2014\/05\/dalessandrotocaandreromeuvip.jpg","type":"image\/jpeg"}],"author":"Reda\u00e7\u00e3o","twitter_card":"summary_large_image","twitter_creator":"@Notibras","twitter_site":"@Notibras","twitter_misc":{"Escrito por":"Reda\u00e7\u00e3o","Est. tempo de leitura":"2 minutos"},"schema":{"@context":"https:\/\/schema.org","@graph":[{"@type":"Article","@id":"https:\/\/www.notibras.com\/site\/inter-sofre-mas-arranca-empate-com-cuiaba-na-arena-pantanal\/#article","isPartOf":{"@id":"https:\/\/www.notibras.com\/site\/inter-sofre-mas-arranca-empate-com-cuiaba-na-arena-pantanal\/"},"author":{"name":"Reda\u00e7\u00e3o","@id":"https:\/\/www.notibras.com\/site\/#\/schema\/person\/36ab0979449956132d3e5b517ea76ac8"},"headline":"Inter sofre mas arranca empate com Cuiab\u00e1 na Arena Pantanal","datePublished":"2014-05-01T23:45:28+00:00","dateModified":"2014-05-08T00:28:07+00:00","mainEntityOfPage":{"@id":"https:\/\/www.notibras.com\/site\/inter-sofre-mas-arranca-empate-com-cuiaba-na-arena-pantanal\/"},"wordCount":343,"commentCount":0,"publisher":{"@id":"https:\/\/www.notibras.com\/site\/#organization"},"image":{"@id":"https:\/\/www.notibras.com\/site\/inter-sofre-mas-arranca-empate-com-cuiaba-na-arena-pantanal\/#primaryimage"},"thumbnailUrl":"https:\/\/www.notibras.com\/site\/wp-content\/uploads\/2014\/05\/dalessandrotocaandreromeuvip.jpg","articleSection":["Esportes","Futebol"],"inLanguage":"pt-BR","potentialAction":[{"@type":"CommentAction","name":"Comment","target":["https:\/\/www.notibras.com\/site\/inter-sofre-mas-arranca-empate-com-cuiaba-na-arena-pantanal\/#respond"]}]},{"@type":"WebPage","@id":"https:\/\/www.notibras.com\/site\/inter-sofre-mas-arranca-empate-com-cuiaba-na-arena-pantanal\/","url":"https:\/\/www.notibras.com\/site\/inter-sofre-mas-arranca-empate-com-cuiaba-na-arena-pantanal\/","name":"Inter sofre mas arranca empate com Cuiab\u00e1 na Arena Pantanal - Notibras","isPartOf":{"@id":"https:\/\/www.notibras.com\/site\/#website"},"primaryImageOfPage":{"@id":"https:\/\/www.notibras.com\/site\/inter-sofre-mas-arranca-empate-com-cuiaba-na-arena-pantanal\/#primaryimage"},"image":{"@id":"https:\/\/www.notibras.com\/site\/inter-sofre-mas-arranca-empate-com-cuiaba-na-arena-pantanal\/#primaryimage"},"thumbnailUrl":"https:\/\/www.notibras.com\/site\/wp-content\/uploads\/2014\/05\/dalessandrotocaandreromeuvip.jpg","datePublished":"2014-05-01T23:45:28+00:00","dateModified":"2014-05-08T00:28:07+00:00","breadcrumb":{"@id":"https:\/\/www.notibras.com\/site\/inter-sofre-mas-arranca-empate-com-cuiaba-na-arena-pantanal\/#breadcrumb"},"inLanguage":"pt-BR","potentialAction":[{"@type":"ReadAction","target":["https:\/\/www.notibras.com\/site\/inter-sofre-mas-arranca-empate-com-cuiaba-na-arena-pantanal\/"]}]},{"@type":"ImageObject","inLanguage":"pt-BR","@id":"https:\/\/www.notibras.com\/site\/inter-sofre-mas-arranca-empate-com-cuiaba-na-arena-pantanal\/#primaryimage","url":"https:\/\/www.notibras.com\/site\/wp-content\/uploads\/2014\/05\/dalessandrotocaandreromeuvip.jpg","contentUrl":"https:\/\/www.notibras.com\/site\/wp-content\/uploads\/2014\/05\/dalessandrotocaandreromeuvip.jpg","width":460,"height":340},{"@type":"BreadcrumbList","@id":"https:\/\/www.notibras.com\/site\/inter-sofre-mas-arranca-empate-com-cuiaba-na-arena-pantanal\/#breadcrumb","itemListElement":[{"@type":"ListItem","position":1,"name":"In\u00edcio","item":"https:\/\/www.notibras.com\/site\/"},{"@type":"ListItem","position":2,"name":"Inter sofre mas arranca empate com Cuiab\u00e1 na Arena Pantanal"}]},{"@type":"WebSite","@id":"https:\/\/www.notibras.com\/site\/#website","url":"https:\/\/www.notibras.com\/site\/","name":"Notibras","description":"Not\u00edcias de Bras\u00edlia, do Brasil e do Mundo","publisher":{"@id":"https:\/\/www.notibras.com\/site\/#organization"},"potentialAction":[{"@type":"SearchAction","target":{"@type":"EntryPoint","urlTemplate":"https:\/\/www.notibras.com\/site\/?s={search_term_string}"},"query-input":{"@type":"PropertyValueSpecification","valueRequired":true,"valueName":"search_term_string"}}],"inLanguage":"pt-BR"},{"@type":"Organization","@id":"https:\/\/www.notibras.com\/site\/#organization","name":"Grupo Notibras de Comunica\u00e7\u00e3o","url":"https:\/\/www.notibras.com\/site\/","logo":{"@type":"ImageObject","inLanguage":"pt-BR","@id":"https:\/\/www.notibras.com\/site\/#\/schema\/logo\/image\/","url":"https:\/\/www.notibras.com\/site\/wp-content\/uploads\/2023\/01\/notibras23.png","contentUrl":"https:\/\/www.notibras.com\/site\/wp-content\/uploads\/2023\/01\/notibras23.png","width":350,"height":87,"caption":"Grupo Notibras de Comunica\u00e7\u00e3o"},"image":{"@id":"https:\/\/www.notibras.com\/site\/#\/schema\/logo\/image\/"},"sameAs":["https:\/\/www.facebook.com\/notibras\/","https:\/\/x.com\/Notibras","https:\/\/www.instagram.com\/notibras\/"]},{"@type":"Person","@id":"https:\/\/www.notibras.com\/site\/#\/schema\/person\/36ab0979449956132d3e5b517ea76ac8","name":"Reda\u00e7\u00e3o","image":{"@type":"ImageObject","inLanguage":"pt-BR","@id":"https:\/\/secure.gravatar.com\/avatar\/e0a867bdedb85fd243eadf09663511f96fc81e0720a4a42581f334ad4303aa6b?s=96&d=mm&r=g","url":"https:\/\/secure.gravatar.com\/avatar\/e0a867bdedb85fd243eadf09663511f96fc81e0720a4a42581f334ad4303aa6b?s=96&d=mm&r=g","contentUrl":"https:\/\/secure.gravatar.com\/avatar\/e0a867bdedb85fd243eadf09663511f96fc81e0720a4a42581f334ad4303aa6b?s=96&d=mm&r=g","caption":"Reda\u00e7\u00e3o"}}]}},"amp_enabled":true,"_links":{"self":[{"href":"https:\/\/www.notibras.com\/site\/wp-json\/wp\/v2\/posts\/8023","targetHints":{"allow":["GET"]}}],"collection":[{"href":"https:\/\/www.notibras.com\/site\/wp-json\/wp\/v2\/posts"}],"about":[{"href":"https:\/\/www.notibras.com\/site\/wp-json\/wp\/v2\/types\/post"}],"author":[{"embeddable":true,"href":"https:\/\/www.notibras.com\/site\/wp-json\/wp\/v2\/users\/2"}],"replies":[{"embeddable":true,"href":"https:\/\/www.notibras.com\/site\/wp-json\/wp\/v2\/comments?post=8023"}],"version-history":[{"count":0,"href":"https:\/\/www.notibras.com\/site\/wp-json\/wp\/v2\/posts\/8023\/revisions"}],"wp:featuredmedia":[{"embeddable":true,"href":"https:\/\/www.notibras.com\/site\/wp-json\/wp\/v2\/media\/8024"}],"wp:attachment":[{"href":"https:\/\/www.notibras.com\/site\/wp-json\/wp\/v2\/media?parent=8023"}],"wp:term":[{"taxonomy":"category","embeddable":true,"href":"https:\/\/www.notibras.com\/site\/wp-json\/wp\/v2\/categories?post=8023"},{"taxonomy":"post_tag","embeddable":true,"href":"https:\/\/www.notibras.com\/site\/wp-json\/wp\/v2\/tags?post=8023"}],"curies":[{"name":"wp","href":"https:\/\/api.w.org\/{rel}","templated":true}]}}