{"id":80298,"date":"2015-12-09T19:17:49","date_gmt":"2015-12-09T21:17:49","guid":{"rendered":"http:\/\/www.notibras.com\/site\/?p=80298"},"modified":"2015-12-10T18:42:25","modified_gmt":"2015-12-10T20:42:25","slug":"eleicao-geral-ja-porque-nada-e-tao-ruim-que-nao-possa-piorar-mais","status":"publish","type":"post","link":"https:\/\/www.notibras.com\/site\/eleicao-geral-ja-porque-nada-e-tao-ruim-que-nao-possa-piorar-mais\/","title":{"rendered":"Elei\u00e7\u00e3o geral j\u00e1, porque nada \u00e9 t\u00e3o ruim que n\u00e3o possa piorar"},"content":{"rendered":"<p>Como um tango argentino as avessas, o pedido de impeachment veio pelas m\u00e3os de Eduardo Cunha, de prontu\u00e1rio suspeito e como um \u00faltimo ato de cinismo. At\u00e9 o mais ing\u00eanuo dos eleitores do presidente da C\u00e2mara entende que ele age de forma fissurada, na tentativa de demonstrar for\u00e7a para escapar de ser denunciado ao STF, e que, condenado, venha a perder o mandato, por envolvimento nas j\u00e1 desvendadas trafic\u00e2ncias apresentadas pela opera\u00e7\u00e3o Lava-Jato dele e de sua fam\u00edlia.<\/p>\n<p>Cunha sempre vem trabalhando pela aprova\u00e7\u00e3o de \u201cpautas-bomba\u201d que miram explodir o combalido e mal versado Or\u00e7amento da Uni\u00e3o. Consequentemente, queira ou n\u00e3o, objetiva desestabilizar a economia brasileira e, a reboque, a pol\u00edtica nacional.<\/p>\n<p>Por\u00e9m, no territ\u00f3rio livre da mentira, da fraude e da falsidade ideol\u00f3gica, o desafio \u00e9 achar o cora\u00e7\u00e3o do corpo. \u00c9 preciso entender que o corpo corrupto \u00e9 tamb\u00e9m corruptor.<\/p>\n<p>Realmente, a coisa vai degringolando a cada dia, provando a m\u00e1xima de Murphy de que nada \u00e9 t\u00e3o ruim que n\u00e3o possa piorar.<\/p>\n<p>No caso da crise pol\u00edtica, a din\u00e2mica dos fatos \u00e9 mais uma trama do \u201cteatro do bem e do mal\u201d, com seus personagens caricatos e roteiros surreais.<\/p>\n<p>E Dilma est\u00e1 no limbo mesmo: seu guru \u00e9 o s\u00e1bio e erudito Lula. E seu amigo do peito \u00e9 o sempre leal (esfaqueador) Temer e sua verve liter\u00e1ria de vice. Que mar\u00e9!<\/p>\n<p>Uma op\u00e7\u00e3o \u00e0 Dilma seria seguir a recomenda\u00e7\u00e3o do papa e fazer uma romaria por sete igrejas em busca de reden\u00e7\u00e3o. Mas fica a sugest\u00e3o para que ela v\u00e1 tamb\u00e9m a terreiros.<\/p>\n<p>O que vale mais? O destino de pol\u00edticos proeminentes ou a estabilidade institucional do pa\u00eds?<\/p>\n<p>A situa\u00e7\u00e3o piora com Eduardo Cunha manipulando o Legislativo na sua guerra particular. \u00c9 uma briga de rua que corr\u00f3i e r\u00f3i a pol\u00edtica cada vez mais.<\/p>\n<p>Ainda assim, me parece que as piadas n\u00e3o t\u00eam mais fim\u2026 a comiss\u00e3o eleita para analisar o impeachment re\u00fane Jair Bolsonaro, Feliciano e Bruno Covas\u2026<\/p>\n<p>E s\u00f3 pra completar&#8230; O caso Temer-Dilma nada \u00e9 sen\u00e3o uma DR p\u00fablica. Toda DR \u00e9 rid\u00edcula. Em p\u00fablico, ent\u00e3o, nem se fale!<\/p>\n<p>O que \u00e9 pior: poupar a presidente Dilma de ser impichada ou deixar um corrupto solto na rua? N\u00e3o h\u00e1 o que temer, disse um. E outro respondeu: \u201c\u00c9 uma cilada, Bino\u201d!<\/p>\n<p>No geral, o teatro do bem e do mal em que se transformou o Congresso Nacional \u00e9 uma pe\u00e7a deprimente. Ou chacota? A gente n\u00e3o merece isso.<\/p>\n<p>Infelizmente sabemos que sem dela\u00e7\u00e3o n\u00e3o h\u00e1 puni\u00e7\u00e3o. Mas, delatores n\u00e3o merecem respeito, n\u00e3o porque sejam delatores, e sim porque s\u00e3o criminosos tamb\u00e9m.<\/p>\n<p>Quem topar, fecho acordo por uma elei\u00e7\u00e3o geral. Ampla, aberta e irrestrita. Porque nada \u00e9 t\u00e3o ruim que n\u00e3o possa piorar. Batuquemos!<\/p>\n","protected":false},"excerpt":{"rendered":"<p>Como um tango argentino as avessas, o pedido de impeachment veio pelas m\u00e3os de Eduardo Cunha, de prontu\u00e1rio suspeito e como um \u00faltimo ato de cinismo. At\u00e9 o mais ing\u00eanuo dos eleitores do presidente da C\u00e2mara entende que ele age de forma fissurada, na tentativa de demonstrar for\u00e7a para escapar de ser denunciado ao STF, [&hellip;]<\/p>\n","protected":false},"author":2,"featured_media":80299,"comment_status":"open","ping_status":"closed","sticky":false,"template":"","format":"standard","meta":{"_acf_changed":false,"footnotes":""},"categories":[62],"tags":[],"class_list":["post-80298","post","type-post","status-publish","format-standard","has-post-thumbnail","hentry","category-joao-moura"],"acf":[],"yoast_head":"<!-- This site is optimized with the Yoast SEO plugin v27.2 - https:\/\/yoast.com\/product\/yoast-seo-wordpress\/ -->\n<title>Elei\u00e7\u00e3o geral j\u00e1, porque nada \u00e9 t\u00e3o ruim que n\u00e3o possa piorar - Notibras<\/title>\n<meta name=\"robots\" content=\"index, follow, max-snippet:-1, max-image-preview:large, max-video-preview:-1\" \/>\n<link rel=\"canonical\" href=\"https:\/\/www.notibras.com\/site\/eleicao-geral-ja-porque-nada-e-tao-ruim-que-nao-possa-piorar-mais\/\" \/>\n<meta property=\"og:locale\" content=\"pt_BR\" \/>\n<meta property=\"og:type\" content=\"article\" \/>\n<meta property=\"og:title\" content=\"Elei\u00e7\u00e3o geral j\u00e1, porque nada \u00e9 t\u00e3o ruim que n\u00e3o possa piorar - Notibras\" \/>\n<meta property=\"og:description\" content=\"Como um tango argentino as avessas, o pedido de impeachment veio pelas m\u00e3os de Eduardo Cunha, de prontu\u00e1rio suspeito e como um \u00faltimo ato de cinismo. At\u00e9 o mais ing\u00eanuo dos eleitores do presidente da C\u00e2mara entende que ele age de forma fissurada, na tentativa de demonstrar for\u00e7a para escapar de ser denunciado ao STF, [&hellip;]\" \/>\n<meta property=\"og:url\" content=\"https:\/\/www.notibras.com\/site\/eleicao-geral-ja-porque-nada-e-tao-ruim-que-nao-possa-piorar-mais\/\" \/>\n<meta property=\"og:site_name\" content=\"Notibras\" \/>\n<meta property=\"article:publisher\" content=\"https:\/\/www.facebook.com\/notibras\/\" \/>\n<meta property=\"article:published_time\" content=\"2015-12-09T21:17:49+00:00\" \/>\n<meta property=\"article:modified_time\" content=\"2015-12-10T20:42:25+00:00\" \/>\n<meta property=\"og:image\" content=\"https:\/\/www.notibras.com\/site\/wp-content\/uploads\/2015\/12\/blog10.jpg\" \/>\n\t<meta property=\"og:image:width\" content=\"640\" \/>\n\t<meta property=\"og:image:height\" content=\"456\" \/>\n\t<meta property=\"og:image:type\" content=\"image\/jpeg\" \/>\n<meta name=\"author\" content=\"Reda\u00e7\u00e3o\" \/>\n<meta name=\"twitter:card\" content=\"summary_large_image\" \/>\n<meta name=\"twitter:creator\" content=\"@Notibras\" \/>\n<meta name=\"twitter:site\" content=\"@Notibras\" \/>\n<meta name=\"twitter:label1\" content=\"Escrito por\" \/>\n\t<meta name=\"twitter:data1\" content=\"Reda\u00e7\u00e3o\" \/>\n\t<meta name=\"twitter:label2\" content=\"Est. tempo de leitura\" \/>\n\t<meta name=\"twitter:data2\" content=\"2 minutos\" \/>\n<script type=\"application\/ld+json\" class=\"yoast-schema-graph\">{\"@context\":\"https:\/\/schema.org\",\"@graph\":[{\"@type\":\"Article\",\"@id\":\"https:\/\/www.notibras.com\/site\/eleicao-geral-ja-porque-nada-e-tao-ruim-que-nao-possa-piorar-mais\/#article\",\"isPartOf\":{\"@id\":\"https:\/\/www.notibras.com\/site\/eleicao-geral-ja-porque-nada-e-tao-ruim-que-nao-possa-piorar-mais\/\"},\"author\":{\"name\":\"Reda\u00e7\u00e3o\",\"@id\":\"https:\/\/www.notibras.com\/site\/#\/schema\/person\/36ab0979449956132d3e5b517ea76ac8\"},\"headline\":\"Elei\u00e7\u00e3o geral j\u00e1, porque nada \u00e9 t\u00e3o ruim que n\u00e3o possa piorar\",\"datePublished\":\"2015-12-09T21:17:49+00:00\",\"dateModified\":\"2015-12-10T20:42:25+00:00\",\"mainEntityOfPage\":{\"@id\":\"https:\/\/www.notibras.com\/site\/eleicao-geral-ja-porque-nada-e-tao-ruim-que-nao-possa-piorar-mais\/\"},\"wordCount\":508,\"commentCount\":0,\"publisher\":{\"@id\":\"https:\/\/www.notibras.com\/site\/#organization\"},\"image\":{\"@id\":\"https:\/\/www.notibras.com\/site\/eleicao-geral-ja-porque-nada-e-tao-ruim-que-nao-possa-piorar-mais\/#primaryimage\"},\"thumbnailUrl\":\"https:\/\/www.notibras.com\/site\/wp-content\/uploads\/2015\/12\/blog10.jpg\",\"articleSection\":[\"Jo\u00e3o Moura\"],\"inLanguage\":\"pt-BR\",\"potentialAction\":[{\"@type\":\"CommentAction\",\"name\":\"Comment\",\"target\":[\"https:\/\/www.notibras.com\/site\/eleicao-geral-ja-porque-nada-e-tao-ruim-que-nao-possa-piorar-mais\/#respond\"]}]},{\"@type\":\"WebPage\",\"@id\":\"https:\/\/www.notibras.com\/site\/eleicao-geral-ja-porque-nada-e-tao-ruim-que-nao-possa-piorar-mais\/\",\"url\":\"https:\/\/www.notibras.com\/site\/eleicao-geral-ja-porque-nada-e-tao-ruim-que-nao-possa-piorar-mais\/\",\"name\":\"Elei\u00e7\u00e3o geral j\u00e1, porque nada \u00e9 t\u00e3o ruim que n\u00e3o possa piorar - Notibras\",\"isPartOf\":{\"@id\":\"https:\/\/www.notibras.com\/site\/#website\"},\"primaryImageOfPage\":{\"@id\":\"https:\/\/www.notibras.com\/site\/eleicao-geral-ja-porque-nada-e-tao-ruim-que-nao-possa-piorar-mais\/#primaryimage\"},\"image\":{\"@id\":\"https:\/\/www.notibras.com\/site\/eleicao-geral-ja-porque-nada-e-tao-ruim-que-nao-possa-piorar-mais\/#primaryimage\"},\"thumbnailUrl\":\"https:\/\/www.notibras.com\/site\/wp-content\/uploads\/2015\/12\/blog10.jpg\",\"datePublished\":\"2015-12-09T21:17:49+00:00\",\"dateModified\":\"2015-12-10T20:42:25+00:00\",\"breadcrumb\":{\"@id\":\"https:\/\/www.notibras.com\/site\/eleicao-geral-ja-porque-nada-e-tao-ruim-que-nao-possa-piorar-mais\/#breadcrumb\"},\"inLanguage\":\"pt-BR\",\"potentialAction\":[{\"@type\":\"ReadAction\",\"target\":[\"https:\/\/www.notibras.com\/site\/eleicao-geral-ja-porque-nada-e-tao-ruim-que-nao-possa-piorar-mais\/\"]}]},{\"@type\":\"ImageObject\",\"inLanguage\":\"pt-BR\",\"@id\":\"https:\/\/www.notibras.com\/site\/eleicao-geral-ja-porque-nada-e-tao-ruim-que-nao-possa-piorar-mais\/#primaryimage\",\"url\":\"https:\/\/www.notibras.com\/site\/wp-content\/uploads\/2015\/12\/blog10.jpg\",\"contentUrl\":\"https:\/\/www.notibras.com\/site\/wp-content\/uploads\/2015\/12\/blog10.jpg\",\"width\":640,\"height\":456},{\"@type\":\"BreadcrumbList\",\"@id\":\"https:\/\/www.notibras.com\/site\/eleicao-geral-ja-porque-nada-e-tao-ruim-que-nao-possa-piorar-mais\/#breadcrumb\",\"itemListElement\":[{\"@type\":\"ListItem\",\"position\":1,\"name\":\"In\u00edcio\",\"item\":\"https:\/\/www.notibras.com\/site\/\"},{\"@type\":\"ListItem\",\"position\":2,\"name\":\"Elei\u00e7\u00e3o geral j\u00e1, porque nada \u00e9 t\u00e3o ruim que n\u00e3o possa piorar\"}]},{\"@type\":\"WebSite\",\"@id\":\"https:\/\/www.notibras.com\/site\/#website\",\"url\":\"https:\/\/www.notibras.com\/site\/\",\"name\":\"Notibras\",\"description\":\"Not\u00edcias de Bras\u00edlia, do Brasil e do Mundo\",\"publisher\":{\"@id\":\"https:\/\/www.notibras.com\/site\/#organization\"},\"potentialAction\":[{\"@type\":\"SearchAction\",\"target\":{\"@type\":\"EntryPoint\",\"urlTemplate\":\"https:\/\/www.notibras.com\/site\/?s={search_term_string}\"},\"query-input\":{\"@type\":\"PropertyValueSpecification\",\"valueRequired\":true,\"valueName\":\"search_term_string\"}}],\"inLanguage\":\"pt-BR\"},{\"@type\":\"Organization\",\"@id\":\"https:\/\/www.notibras.com\/site\/#organization\",\"name\":\"Grupo Notibras de Comunica\u00e7\u00e3o\",\"url\":\"https:\/\/www.notibras.com\/site\/\",\"logo\":{\"@type\":\"ImageObject\",\"inLanguage\":\"pt-BR\",\"@id\":\"https:\/\/www.notibras.com\/site\/#\/schema\/logo\/image\/\",\"url\":\"https:\/\/www.notibras.com\/site\/wp-content\/uploads\/2023\/01\/notibras23.png\",\"contentUrl\":\"https:\/\/www.notibras.com\/site\/wp-content\/uploads\/2023\/01\/notibras23.png\",\"width\":350,\"height\":87,\"caption\":\"Grupo Notibras de Comunica\u00e7\u00e3o\"},\"image\":{\"@id\":\"https:\/\/www.notibras.com\/site\/#\/schema\/logo\/image\/\"},\"sameAs\":[\"https:\/\/www.facebook.com\/notibras\/\",\"https:\/\/x.com\/Notibras\",\"https:\/\/www.instagram.com\/notibras\/\"]},{\"@type\":\"Person\",\"@id\":\"https:\/\/www.notibras.com\/site\/#\/schema\/person\/36ab0979449956132d3e5b517ea76ac8\",\"name\":\"Reda\u00e7\u00e3o\",\"image\":{\"@type\":\"ImageObject\",\"inLanguage\":\"pt-BR\",\"@id\":\"https:\/\/secure.gravatar.com\/avatar\/e0a867bdedb85fd243eadf09663511f96fc81e0720a4a42581f334ad4303aa6b?s=96&d=mm&r=g\",\"url\":\"https:\/\/secure.gravatar.com\/avatar\/e0a867bdedb85fd243eadf09663511f96fc81e0720a4a42581f334ad4303aa6b?s=96&d=mm&r=g\",\"contentUrl\":\"https:\/\/secure.gravatar.com\/avatar\/e0a867bdedb85fd243eadf09663511f96fc81e0720a4a42581f334ad4303aa6b?s=96&d=mm&r=g\",\"caption\":\"Reda\u00e7\u00e3o\"}}]}<\/script>\n<!-- \/ Yoast SEO plugin. -->","yoast_head_json":{"title":"Elei\u00e7\u00e3o geral j\u00e1, porque nada \u00e9 t\u00e3o ruim que n\u00e3o possa piorar - Notibras","robots":{"index":"index","follow":"follow","max-snippet":"max-snippet:-1","max-image-preview":"max-image-preview:large","max-video-preview":"max-video-preview:-1"},"canonical":"https:\/\/www.notibras.com\/site\/eleicao-geral-ja-porque-nada-e-tao-ruim-que-nao-possa-piorar-mais\/","og_locale":"pt_BR","og_type":"article","og_title":"Elei\u00e7\u00e3o geral j\u00e1, porque nada \u00e9 t\u00e3o ruim que n\u00e3o possa piorar - Notibras","og_description":"Como um tango argentino as avessas, o pedido de impeachment veio pelas m\u00e3os de Eduardo Cunha, de prontu\u00e1rio suspeito e como um \u00faltimo ato de cinismo. At\u00e9 o mais ing\u00eanuo dos eleitores do presidente da C\u00e2mara entende que ele age de forma fissurada, na tentativa de demonstrar for\u00e7a para escapar de ser denunciado ao STF, [&hellip;]","og_url":"https:\/\/www.notibras.com\/site\/eleicao-geral-ja-porque-nada-e-tao-ruim-que-nao-possa-piorar-mais\/","og_site_name":"Notibras","article_publisher":"https:\/\/www.facebook.com\/notibras\/","article_published_time":"2015-12-09T21:17:49+00:00","article_modified_time":"2015-12-10T20:42:25+00:00","og_image":[{"width":640,"height":456,"url":"https:\/\/www.notibras.com\/site\/wp-content\/uploads\/2015\/12\/blog10.jpg","type":"image\/jpeg"}],"author":"Reda\u00e7\u00e3o","twitter_card":"summary_large_image","twitter_creator":"@Notibras","twitter_site":"@Notibras","twitter_misc":{"Escrito por":"Reda\u00e7\u00e3o","Est. tempo de leitura":"2 minutos"},"schema":{"@context":"https:\/\/schema.org","@graph":[{"@type":"Article","@id":"https:\/\/www.notibras.com\/site\/eleicao-geral-ja-porque-nada-e-tao-ruim-que-nao-possa-piorar-mais\/#article","isPartOf":{"@id":"https:\/\/www.notibras.com\/site\/eleicao-geral-ja-porque-nada-e-tao-ruim-que-nao-possa-piorar-mais\/"},"author":{"name":"Reda\u00e7\u00e3o","@id":"https:\/\/www.notibras.com\/site\/#\/schema\/person\/36ab0979449956132d3e5b517ea76ac8"},"headline":"Elei\u00e7\u00e3o geral j\u00e1, porque nada \u00e9 t\u00e3o ruim que n\u00e3o possa piorar","datePublished":"2015-12-09T21:17:49+00:00","dateModified":"2015-12-10T20:42:25+00:00","mainEntityOfPage":{"@id":"https:\/\/www.notibras.com\/site\/eleicao-geral-ja-porque-nada-e-tao-ruim-que-nao-possa-piorar-mais\/"},"wordCount":508,"commentCount":0,"publisher":{"@id":"https:\/\/www.notibras.com\/site\/#organization"},"image":{"@id":"https:\/\/www.notibras.com\/site\/eleicao-geral-ja-porque-nada-e-tao-ruim-que-nao-possa-piorar-mais\/#primaryimage"},"thumbnailUrl":"https:\/\/www.notibras.com\/site\/wp-content\/uploads\/2015\/12\/blog10.jpg","articleSection":["Jo\u00e3o Moura"],"inLanguage":"pt-BR","potentialAction":[{"@type":"CommentAction","name":"Comment","target":["https:\/\/www.notibras.com\/site\/eleicao-geral-ja-porque-nada-e-tao-ruim-que-nao-possa-piorar-mais\/#respond"]}]},{"@type":"WebPage","@id":"https:\/\/www.notibras.com\/site\/eleicao-geral-ja-porque-nada-e-tao-ruim-que-nao-possa-piorar-mais\/","url":"https:\/\/www.notibras.com\/site\/eleicao-geral-ja-porque-nada-e-tao-ruim-que-nao-possa-piorar-mais\/","name":"Elei\u00e7\u00e3o geral j\u00e1, porque nada \u00e9 t\u00e3o ruim que n\u00e3o possa piorar - Notibras","isPartOf":{"@id":"https:\/\/www.notibras.com\/site\/#website"},"primaryImageOfPage":{"@id":"https:\/\/www.notibras.com\/site\/eleicao-geral-ja-porque-nada-e-tao-ruim-que-nao-possa-piorar-mais\/#primaryimage"},"image":{"@id":"https:\/\/www.notibras.com\/site\/eleicao-geral-ja-porque-nada-e-tao-ruim-que-nao-possa-piorar-mais\/#primaryimage"},"thumbnailUrl":"https:\/\/www.notibras.com\/site\/wp-content\/uploads\/2015\/12\/blog10.jpg","datePublished":"2015-12-09T21:17:49+00:00","dateModified":"2015-12-10T20:42:25+00:00","breadcrumb":{"@id":"https:\/\/www.notibras.com\/site\/eleicao-geral-ja-porque-nada-e-tao-ruim-que-nao-possa-piorar-mais\/#breadcrumb"},"inLanguage":"pt-BR","potentialAction":[{"@type":"ReadAction","target":["https:\/\/www.notibras.com\/site\/eleicao-geral-ja-porque-nada-e-tao-ruim-que-nao-possa-piorar-mais\/"]}]},{"@type":"ImageObject","inLanguage":"pt-BR","@id":"https:\/\/www.notibras.com\/site\/eleicao-geral-ja-porque-nada-e-tao-ruim-que-nao-possa-piorar-mais\/#primaryimage","url":"https:\/\/www.notibras.com\/site\/wp-content\/uploads\/2015\/12\/blog10.jpg","contentUrl":"https:\/\/www.notibras.com\/site\/wp-content\/uploads\/2015\/12\/blog10.jpg","width":640,"height":456},{"@type":"BreadcrumbList","@id":"https:\/\/www.notibras.com\/site\/eleicao-geral-ja-porque-nada-e-tao-ruim-que-nao-possa-piorar-mais\/#breadcrumb","itemListElement":[{"@type":"ListItem","position":1,"name":"In\u00edcio","item":"https:\/\/www.notibras.com\/site\/"},{"@type":"ListItem","position":2,"name":"Elei\u00e7\u00e3o geral j\u00e1, porque nada \u00e9 t\u00e3o ruim que n\u00e3o possa piorar"}]},{"@type":"WebSite","@id":"https:\/\/www.notibras.com\/site\/#website","url":"https:\/\/www.notibras.com\/site\/","name":"Notibras","description":"Not\u00edcias de Bras\u00edlia, do Brasil e do Mundo","publisher":{"@id":"https:\/\/www.notibras.com\/site\/#organization"},"potentialAction":[{"@type":"SearchAction","target":{"@type":"EntryPoint","urlTemplate":"https:\/\/www.notibras.com\/site\/?s={search_term_string}"},"query-input":{"@type":"PropertyValueSpecification","valueRequired":true,"valueName":"search_term_string"}}],"inLanguage":"pt-BR"},{"@type":"Organization","@id":"https:\/\/www.notibras.com\/site\/#organization","name":"Grupo Notibras de Comunica\u00e7\u00e3o","url":"https:\/\/www.notibras.com\/site\/","logo":{"@type":"ImageObject","inLanguage":"pt-BR","@id":"https:\/\/www.notibras.com\/site\/#\/schema\/logo\/image\/","url":"https:\/\/www.notibras.com\/site\/wp-content\/uploads\/2023\/01\/notibras23.png","contentUrl":"https:\/\/www.notibras.com\/site\/wp-content\/uploads\/2023\/01\/notibras23.png","width":350,"height":87,"caption":"Grupo Notibras de Comunica\u00e7\u00e3o"},"image":{"@id":"https:\/\/www.notibras.com\/site\/#\/schema\/logo\/image\/"},"sameAs":["https:\/\/www.facebook.com\/notibras\/","https:\/\/x.com\/Notibras","https:\/\/www.instagram.com\/notibras\/"]},{"@type":"Person","@id":"https:\/\/www.notibras.com\/site\/#\/schema\/person\/36ab0979449956132d3e5b517ea76ac8","name":"Reda\u00e7\u00e3o","image":{"@type":"ImageObject","inLanguage":"pt-BR","@id":"https:\/\/secure.gravatar.com\/avatar\/e0a867bdedb85fd243eadf09663511f96fc81e0720a4a42581f334ad4303aa6b?s=96&d=mm&r=g","url":"https:\/\/secure.gravatar.com\/avatar\/e0a867bdedb85fd243eadf09663511f96fc81e0720a4a42581f334ad4303aa6b?s=96&d=mm&r=g","contentUrl":"https:\/\/secure.gravatar.com\/avatar\/e0a867bdedb85fd243eadf09663511f96fc81e0720a4a42581f334ad4303aa6b?s=96&d=mm&r=g","caption":"Reda\u00e7\u00e3o"}}]}},"amp_enabled":true,"_links":{"self":[{"href":"https:\/\/www.notibras.com\/site\/wp-json\/wp\/v2\/posts\/80298","targetHints":{"allow":["GET"]}}],"collection":[{"href":"https:\/\/www.notibras.com\/site\/wp-json\/wp\/v2\/posts"}],"about":[{"href":"https:\/\/www.notibras.com\/site\/wp-json\/wp\/v2\/types\/post"}],"author":[{"embeddable":true,"href":"https:\/\/www.notibras.com\/site\/wp-json\/wp\/v2\/users\/2"}],"replies":[{"embeddable":true,"href":"https:\/\/www.notibras.com\/site\/wp-json\/wp\/v2\/comments?post=80298"}],"version-history":[{"count":2,"href":"https:\/\/www.notibras.com\/site\/wp-json\/wp\/v2\/posts\/80298\/revisions"}],"predecessor-version":[{"id":80301,"href":"https:\/\/www.notibras.com\/site\/wp-json\/wp\/v2\/posts\/80298\/revisions\/80301"}],"wp:featuredmedia":[{"embeddable":true,"href":"https:\/\/www.notibras.com\/site\/wp-json\/wp\/v2\/media\/80299"}],"wp:attachment":[{"href":"https:\/\/www.notibras.com\/site\/wp-json\/wp\/v2\/media?parent=80298"}],"wp:term":[{"taxonomy":"category","embeddable":true,"href":"https:\/\/www.notibras.com\/site\/wp-json\/wp\/v2\/categories?post=80298"},{"taxonomy":"post_tag","embeddable":true,"href":"https:\/\/www.notibras.com\/site\/wp-json\/wp\/v2\/tags?post=80298"}],"curies":[{"name":"wp","href":"https:\/\/api.w.org\/{rel}","templated":true}]}}