{"id":8063,"date":"2014-05-03T09:58:28","date_gmt":"2014-05-03T12:58:28","guid":{"rendered":"http:\/\/www.notibras.com\/site\/?p=8063"},"modified":"2014-05-03T18:55:08","modified_gmt":"2014-05-03T21:55:08","slug":"sombra-de-aecio-na-sensus-poe-pressao-no-planalto-vai-ter-2o-turno","status":"publish","type":"post","link":"https:\/\/www.notibras.com\/site\/sombra-de-aecio-na-sensus-poe-pressao-no-planalto-vai-ter-2o-turno\/","title":{"rendered":"Sombra de A\u00e9cio na Sensus p\u00f5e press\u00e3o no Planalto"},"content":{"rendered":"<p>Dilma n\u00e3o levou \u2013 e a cada dia fica mais dif\u00edcil levar. \u00c9 o que revela pesquisa do Instituto Sensus, elaborada para a revista Isto\u00e9. O estudo joga a decis\u00e3o para o segundo turno. Veja o que diz a revista:<\/p>\n<p>No levantamento realizado com dois mil eleitores entre os dias 22 e 25 de abril, Dilma (PT) soma 35% das inten\u00e7\u00f5es de voto. \u00c9 seguida pelo senador mineiro A\u00e9cio Neves (PSDB), com 23,7%, e pelo ex-governador de Pernambuco, Eduardo Campos (PSB), com 11%. Juntos, A\u00e9cio e Campos t\u00eam 34,7% dos votos, praticamente a mesma vota\u00e7\u00e3o de Dilma (diferen\u00e7a de 0,3%). Como a pesquisa tem uma margem de erro de 2,2%, se a elei\u00e7\u00e3o fosse hoje o futuro presidente seria escolhido no segundo turno numa disputa entre Dilma e o tucano A\u00e9cio Neves.<\/p>\n<p>A mesma situa\u00e7\u00e3o ocorre quando, diante do eleitor, \u00e9 colocada uma lista mais ampla, incluindo os nomes de pr\u00e9-candidatos nanicos como Levy Fidelix (PRTB) e Randolfe Rodrigues (Psol), por exemplo. Nesse caso, a presidenta fica com 34% das inten\u00e7\u00f5es de votos e os demais candidatos, 32,4%. Diferen\u00e7a de 1,6%. Um cen\u00e1rio que tamb\u00e9m permite concluir pela realiza\u00e7\u00e3o de segundo turno entre Dilma e A\u00e9cio. \u201cA leitura completa da pesquisa indica que a presidenta ter\u00e1 muita dificuldade para reverter o quadro atual\u201d, afirma Ricardo Guedes Ferreira Pinto, diretor do Sensus.<\/p>\n<p>O resultado da primeira pesquisa da s\u00e9rie que ser\u00e1 feita por ISTO\u00c9 em parceria com o Sensus explica a tens\u00e3o que passou a dominar o Pal\u00e1cio do Planalto e a c\u00fapula do PT nas \u00faltimas semanas. Desde que assumiu o governo, em janeiro de 2011, todas as enquetes apontavam para uma confort\u00e1vel reelei\u00e7\u00e3o da presidenta ainda no primeiro turno. Agora, mais do que a concreta hip\u00f3tese dos dois escrut\u00ednios, h\u00e1 uma amea\u00e7a \u00e0 pr\u00f3pria reelei\u00e7\u00e3o. A dist\u00e2ncia que separa Dilma de seus opositores nunca foi t\u00e3o pequena.<\/p>\n<p>No levantamento ISTO\u00c9\/Sensus realizado em 136 munic\u00edpios de 24 Estados, menos de 7% dos votos distanciam Dilma de A\u00e9cio em um eventual segundo turno. Se a elei\u00e7\u00e3o fosse hoje, a presidenta teria 38,6% e o senador mineiro 31,9%, uma diferen\u00e7a de 6,7%. Se a disputa fosse com o ex-governador Eduardo Campos a situa\u00e7\u00e3o de Dilma seria mais confort\u00e1vel: teria 39,1% contra 24,8%.<\/p>\n<p>\u201cO que se percebe \u00e9 que no \u00faltimo m\u00eas passou a ocorrer uma migra\u00e7\u00e3o de votos da presidenta para candidatos da oposi\u00e7\u00e3o. Antes, as pequenas quedas de Dilma aumentavam o \u00edndice de indecisos\u201d, diz Guedes. Mais do que o crescimento das candidaturas de PSDB e PSB, dois outros fatores revelados na pesquisa ISTO\u00c9\/Sensus t\u00eam tirado o sono dos aliados da presidenta.<\/p>\n<p>O primeiro \u00e9 a alta taxa de rejei\u00e7\u00e3o. Hoje 42% dos eleitores afirmam que n\u00e3o votariam em Dilma de jeito nenhum. Eduardo Campos \u00e9 rejeitado por 35,1% e A\u00e9cio Neves por 31,1%. \u201cComo a presidenta \u00e9 a mais conhecida dos eleitores, n\u00e3o \u00e9 surpresa que tenha tamb\u00e9m um \u00edndice maior de rejei\u00e7\u00e3o, mas 42% \u00e9 muita coisa\u201d, analisa Guedes. \u201cN\u00e3o me recordo de nenhum caso de algu\u00e9m que tenha conseguido se eleger chegando ao segundo turno com mais de 40% de rejei\u00e7\u00e3o. E o quadro atual n\u00e3o \u00e9 favor\u00e1vel para a presidenta reverter esses n\u00fameros\u201d, conclui.<\/p>\n<p>O outro elemento que assombra as lideran\u00e7as do PT e a c\u00fapula do governo refere-se \u00e0 fidelidade partid\u00e1ria. Historicamente, o PT costuma assegurar, nas elei\u00e7\u00f5es majorit\u00e1rias, uma m\u00e9dia m\u00ednima entre 16% e 18% dos votos para seus candidatos, o que tem invariavelmente levado o partido ao segundo turno nas principais disputas. S\u00e3o os chamados votos petistas.<\/p>\n<p>Este ano, o levantamento ISTO\u00c9\/Sensus aponta para sinais de fadiga no partido. De acordo com a pesquisa, apenas 9,6% do eleitorado declarou identifica\u00e7\u00e3o com a legenda da estrela vermelha. Ainda \u00e9 a legenda com maior empatia (o PSDB tem 5,1% e o PMDB, 2,3%), mas est\u00e1 longe das marcas que exibia em disputas anteriores. \u201cCertamente a pris\u00e3o dos envolvidos com o mensal\u00e3o e principalmente as den\u00fancias que pesam sobre a Petrobras s\u00e3o fatores determinantes para isso\u201d, explica Guedes.<\/p>\n<p>Analistas pol\u00edticos s\u00e3o un\u00e2nimes ao afirmar que o bom desempenho eleitoral do PT em 2006 (quando o ex-presidente Lula foi reeleito) e em 2010 (quando Dilma venceu) pode ser atribu\u00eddo, em boa parte, a uma arma poderosa: a melhora do poder aquisitivo do brasileiro desde que Lula e seus aliados chegaram ao Pal\u00e1cio do Planalto em 2003. Programas como o Bolsa Fam\u00edlia, aliado a um momento de praticamente pleno emprego e ventos econ\u00f4micos favor\u00e1veis, foram suficientes para se sobrepor \u00e0 den\u00fancia do mensal\u00e3o, por exemplo. Agora, a pesquisa ISTO\u00c9\/Sensus constata que a infla\u00e7\u00e3o vem implodindo esse capital pol\u00edtico e gerando desconfian\u00e7a entre os eleitores.<\/p>\n<p>Dos entrevistados, 65,9% disseram que hoje t\u00eam menos poder de compra do que h\u00e1 um ano e apenas 15% afirmam que podem consumir mais. Guedes explica que os anos seguidos de \u00edndices inflacion\u00e1rios superiores ao crescimento do PIB levam a uma corros\u00e3o no poder de compra. \u201cNa pr\u00e1tica, a diminui\u00e7\u00e3o do poder aquisitivo fez com que pessoas que deixaram a linha da pobreza acabassem voltando para ela, embora os n\u00fameros absolutos n\u00e3o revelem isso\u201d, diz Guedes. Certa de que se n\u00e3o conseguir mudar esses n\u00fameros corre s\u00e9rio risco de n\u00e3o se reeleger, a presidenta Dilma aproveitou o pronunciamento feito em raz\u00e3o do Dia do Trabalho para anunciar um pacote de bondades que visa principalmente repor o poder aquisitivo perdido pelos brasileiros nos \u00faltimos anos.<\/p>\n<p>Na oposi\u00e7\u00e3o, a expectativa \u00e9 de que as pr\u00f3ximas pesquisas confirmem a tend\u00eancia de queda da presidenta. \u201cO eleitor est\u00e1 cansado disso tudo que est\u00e1 a\u00ed e \u00e9 natural que esses votos comecem a migrar para os candidatos que representam a mudan\u00e7a\u201d, disse o senador A\u00e9cio Neves (PSDB-MG). O ex-governador Eduardo Campos (PSB) faz a mesma aposta. Segundo ele, \u201ca migra\u00e7\u00e3o de votos ser\u00e1 ainda maior quando os candidatos da oposi\u00e7\u00e3o se tornarem mais conhecidos\u201d. De acordo com o diretor do Sensus, Ricardo Guedes, a pesquisa agora apresentada por ISTO\u00c9 mostra que o eleitor ainda n\u00e3o assimilou a presen\u00e7a da ex-senadora Marina Silva (Rede) na chapa liderada por Campos. \u201cAt\u00e9 agora, Marina transferiu para a alian\u00e7a mais rejei\u00e7\u00e3o (ela tem 35,6%) do que votos\u201d, afirma Guedes.<\/p>\n<p>A pesquisa ISTO\u00c9\/Sensus tamb\u00e9m mostra uma in\u00e9dita reprova\u00e7\u00e3o do governo e da forma como a presidenta Dilma conduz a administra\u00e7\u00e3o federal. Dos eleitores, 66,1% avaliam o governo como regular ou negativo e 49,1% desaprovam o desempenho pessoal da presidenta. Metade dos eleitores (50,2%) acredita que o Brasil n\u00e3o est\u00e1 no rumo certo. N\u00fameros como esses fazem com que o fisiologismo que norteia a pol\u00edtica brasiliense se aflore de forma perversa e partidos aliados passem a flertar com a trai\u00e7\u00e3o sem o menor constrangimento.<\/p>\n<p>Na segunda-feira 28, por exemplo, 20 dos 32 deputados do PR assinaram um documento pedindo a volta do ex-presidente Lula como candidato. Acreditam que Dilma n\u00e3o dar\u00e1 conta de virar o jogo e fazem esse movimento sem segredo. O l\u00edder do partido na C\u00e2mara, Bernardo Santana, pendurou em seu gabinete a foto oficial de Lula quando assumiu o governo em 2003. Os n\u00fameros negativos e a falta de perspectiva de dias melhores fazem com que tamb\u00e9m no PT o movimento Volta, Lula ganhe apoio. Na semana passada, a presidenta se pronunciou publicamente tentando conter a debandada: \u201cNingu\u00e9m vai me separar de Lula, nem ele vai se separar de mim\u201d, disse. \u201cSei da lealdade dele a mim e ele da minha lealdade a ele.\u201d<\/p>\n","protected":false},"excerpt":{"rendered":"<p>Dilma n\u00e3o levou \u2013 e a cada dia fica mais dif\u00edcil levar. \u00c9 o que revela pesquisa do Instituto Sensus, elaborada para a revista Isto\u00e9. O estudo joga a decis\u00e3o para o segundo turno. Veja o que diz a revista: No levantamento realizado com dois mil eleitores entre os dias 22 e 25 de abril, [&hellip;]<\/p>\n","protected":false},"author":2,"featured_media":8064,"comment_status":"open","ping_status":"closed","sticky":false,"template":"","format":"standard","meta":{"_acf_changed":false,"footnotes":""},"categories":[16],"tags":[],"class_list":["post-8063","post","type-post","status-publish","format-standard","has-post-thumbnail","hentry","category-brasil"],"acf":[],"yoast_head":"<!-- This site is optimized with the Yoast SEO plugin v27.2 - https:\/\/yoast.com\/product\/yoast-seo-wordpress\/ -->\n<title>Sombra de A\u00e9cio na Sensus p\u00f5e press\u00e3o no Planalto - Notibras<\/title>\n<meta name=\"robots\" content=\"index, follow, max-snippet:-1, max-image-preview:large, max-video-preview:-1\" \/>\n<link rel=\"canonical\" href=\"https:\/\/www.notibras.com\/site\/sombra-de-aecio-na-sensus-poe-pressao-no-planalto-vai-ter-2o-turno\/\" \/>\n<meta property=\"og:locale\" content=\"pt_BR\" \/>\n<meta property=\"og:type\" content=\"article\" \/>\n<meta property=\"og:title\" content=\"Sombra de A\u00e9cio na Sensus p\u00f5e press\u00e3o no Planalto - Notibras\" \/>\n<meta property=\"og:description\" content=\"Dilma n\u00e3o levou \u2013 e a cada dia fica mais dif\u00edcil levar. \u00c9 o que revela pesquisa do Instituto Sensus, elaborada para a revista Isto\u00e9. O estudo joga a decis\u00e3o para o segundo turno. Veja o que diz a revista: No levantamento realizado com dois mil eleitores entre os dias 22 e 25 de abril, [&hellip;]\" \/>\n<meta property=\"og:url\" content=\"https:\/\/www.notibras.com\/site\/sombra-de-aecio-na-sensus-poe-pressao-no-planalto-vai-ter-2o-turno\/\" \/>\n<meta property=\"og:site_name\" content=\"Notibras\" \/>\n<meta property=\"article:publisher\" content=\"https:\/\/www.facebook.com\/notibras\/\" \/>\n<meta property=\"article:published_time\" content=\"2014-05-03T12:58:28+00:00\" \/>\n<meta property=\"article:modified_time\" content=\"2014-05-03T21:55:08+00:00\" \/>\n<meta property=\"og:image\" content=\"https:\/\/www.notibras.com\/site\/wp-content\/uploads\/2014\/05\/manchetes-politica-pesquisa-cntmda-300x221.jpg\" \/>\n\t<meta property=\"og:image:width\" content=\"300\" \/>\n\t<meta property=\"og:image:height\" content=\"221\" \/>\n\t<meta property=\"og:image:type\" content=\"image\/jpeg\" \/>\n<meta name=\"author\" content=\"Reda\u00e7\u00e3o\" \/>\n<meta name=\"twitter:card\" content=\"summary_large_image\" \/>\n<meta name=\"twitter:creator\" content=\"@Notibras\" \/>\n<meta name=\"twitter:site\" content=\"@Notibras\" \/>\n<meta name=\"twitter:label1\" content=\"Escrito por\" \/>\n\t<meta name=\"twitter:data1\" content=\"Reda\u00e7\u00e3o\" \/>\n\t<meta name=\"twitter:label2\" content=\"Est. tempo de leitura\" \/>\n\t<meta name=\"twitter:data2\" content=\"6 minutos\" \/>\n<script type=\"application\/ld+json\" class=\"yoast-schema-graph\">{\"@context\":\"https:\/\/schema.org\",\"@graph\":[{\"@type\":\"Article\",\"@id\":\"https:\/\/www.notibras.com\/site\/sombra-de-aecio-na-sensus-poe-pressao-no-planalto-vai-ter-2o-turno\/#article\",\"isPartOf\":{\"@id\":\"https:\/\/www.notibras.com\/site\/sombra-de-aecio-na-sensus-poe-pressao-no-planalto-vai-ter-2o-turno\/\"},\"author\":{\"name\":\"Reda\u00e7\u00e3o\",\"@id\":\"https:\/\/www.notibras.com\/site\/#\/schema\/person\/36ab0979449956132d3e5b517ea76ac8\"},\"headline\":\"Sombra de A\u00e9cio na Sensus p\u00f5e press\u00e3o no Planalto\",\"datePublished\":\"2014-05-03T12:58:28+00:00\",\"dateModified\":\"2014-05-03T21:55:08+00:00\",\"mainEntityOfPage\":{\"@id\":\"https:\/\/www.notibras.com\/site\/sombra-de-aecio-na-sensus-poe-pressao-no-planalto-vai-ter-2o-turno\/\"},\"wordCount\":1295,\"commentCount\":0,\"publisher\":{\"@id\":\"https:\/\/www.notibras.com\/site\/#organization\"},\"image\":{\"@id\":\"https:\/\/www.notibras.com\/site\/sombra-de-aecio-na-sensus-poe-pressao-no-planalto-vai-ter-2o-turno\/#primaryimage\"},\"thumbnailUrl\":\"https:\/\/www.notibras.com\/site\/wp-content\/uploads\/2014\/05\/manchetes-politica-pesquisa-cntmda-300x221.jpg\",\"articleSection\":[\"Brasil\"],\"inLanguage\":\"pt-BR\",\"potentialAction\":[{\"@type\":\"CommentAction\",\"name\":\"Comment\",\"target\":[\"https:\/\/www.notibras.com\/site\/sombra-de-aecio-na-sensus-poe-pressao-no-planalto-vai-ter-2o-turno\/#respond\"]}]},{\"@type\":\"WebPage\",\"@id\":\"https:\/\/www.notibras.com\/site\/sombra-de-aecio-na-sensus-poe-pressao-no-planalto-vai-ter-2o-turno\/\",\"url\":\"https:\/\/www.notibras.com\/site\/sombra-de-aecio-na-sensus-poe-pressao-no-planalto-vai-ter-2o-turno\/\",\"name\":\"Sombra de A\u00e9cio na Sensus p\u00f5e press\u00e3o no Planalto - Notibras\",\"isPartOf\":{\"@id\":\"https:\/\/www.notibras.com\/site\/#website\"},\"primaryImageOfPage\":{\"@id\":\"https:\/\/www.notibras.com\/site\/sombra-de-aecio-na-sensus-poe-pressao-no-planalto-vai-ter-2o-turno\/#primaryimage\"},\"image\":{\"@id\":\"https:\/\/www.notibras.com\/site\/sombra-de-aecio-na-sensus-poe-pressao-no-planalto-vai-ter-2o-turno\/#primaryimage\"},\"thumbnailUrl\":\"https:\/\/www.notibras.com\/site\/wp-content\/uploads\/2014\/05\/manchetes-politica-pesquisa-cntmda-300x221.jpg\",\"datePublished\":\"2014-05-03T12:58:28+00:00\",\"dateModified\":\"2014-05-03T21:55:08+00:00\",\"breadcrumb\":{\"@id\":\"https:\/\/www.notibras.com\/site\/sombra-de-aecio-na-sensus-poe-pressao-no-planalto-vai-ter-2o-turno\/#breadcrumb\"},\"inLanguage\":\"pt-BR\",\"potentialAction\":[{\"@type\":\"ReadAction\",\"target\":[\"https:\/\/www.notibras.com\/site\/sombra-de-aecio-na-sensus-poe-pressao-no-planalto-vai-ter-2o-turno\/\"]}]},{\"@type\":\"ImageObject\",\"inLanguage\":\"pt-BR\",\"@id\":\"https:\/\/www.notibras.com\/site\/sombra-de-aecio-na-sensus-poe-pressao-no-planalto-vai-ter-2o-turno\/#primaryimage\",\"url\":\"https:\/\/www.notibras.com\/site\/wp-content\/uploads\/2014\/05\/manchetes-politica-pesquisa-cntmda-300x221.jpg\",\"contentUrl\":\"https:\/\/www.notibras.com\/site\/wp-content\/uploads\/2014\/05\/manchetes-politica-pesquisa-cntmda-300x221.jpg\",\"width\":300,\"height\":221},{\"@type\":\"BreadcrumbList\",\"@id\":\"https:\/\/www.notibras.com\/site\/sombra-de-aecio-na-sensus-poe-pressao-no-planalto-vai-ter-2o-turno\/#breadcrumb\",\"itemListElement\":[{\"@type\":\"ListItem\",\"position\":1,\"name\":\"In\u00edcio\",\"item\":\"https:\/\/www.notibras.com\/site\/\"},{\"@type\":\"ListItem\",\"position\":2,\"name\":\"Sombra de A\u00e9cio na Sensus p\u00f5e press\u00e3o no Planalto\"}]},{\"@type\":\"WebSite\",\"@id\":\"https:\/\/www.notibras.com\/site\/#website\",\"url\":\"https:\/\/www.notibras.com\/site\/\",\"name\":\"Notibras\",\"description\":\"Not\u00edcias de Bras\u00edlia, do Brasil e do Mundo\",\"publisher\":{\"@id\":\"https:\/\/www.notibras.com\/site\/#organization\"},\"potentialAction\":[{\"@type\":\"SearchAction\",\"target\":{\"@type\":\"EntryPoint\",\"urlTemplate\":\"https:\/\/www.notibras.com\/site\/?s={search_term_string}\"},\"query-input\":{\"@type\":\"PropertyValueSpecification\",\"valueRequired\":true,\"valueName\":\"search_term_string\"}}],\"inLanguage\":\"pt-BR\"},{\"@type\":\"Organization\",\"@id\":\"https:\/\/www.notibras.com\/site\/#organization\",\"name\":\"Grupo Notibras de Comunica\u00e7\u00e3o\",\"url\":\"https:\/\/www.notibras.com\/site\/\",\"logo\":{\"@type\":\"ImageObject\",\"inLanguage\":\"pt-BR\",\"@id\":\"https:\/\/www.notibras.com\/site\/#\/schema\/logo\/image\/\",\"url\":\"https:\/\/www.notibras.com\/site\/wp-content\/uploads\/2023\/01\/notibras23.png\",\"contentUrl\":\"https:\/\/www.notibras.com\/site\/wp-content\/uploads\/2023\/01\/notibras23.png\",\"width\":350,\"height\":87,\"caption\":\"Grupo Notibras de Comunica\u00e7\u00e3o\"},\"image\":{\"@id\":\"https:\/\/www.notibras.com\/site\/#\/schema\/logo\/image\/\"},\"sameAs\":[\"https:\/\/www.facebook.com\/notibras\/\",\"https:\/\/x.com\/Notibras\",\"https:\/\/www.instagram.com\/notibras\/\"]},{\"@type\":\"Person\",\"@id\":\"https:\/\/www.notibras.com\/site\/#\/schema\/person\/36ab0979449956132d3e5b517ea76ac8\",\"name\":\"Reda\u00e7\u00e3o\",\"image\":{\"@type\":\"ImageObject\",\"inLanguage\":\"pt-BR\",\"@id\":\"https:\/\/secure.gravatar.com\/avatar\/e0a867bdedb85fd243eadf09663511f96fc81e0720a4a42581f334ad4303aa6b?s=96&d=mm&r=g\",\"url\":\"https:\/\/secure.gravatar.com\/avatar\/e0a867bdedb85fd243eadf09663511f96fc81e0720a4a42581f334ad4303aa6b?s=96&d=mm&r=g\",\"contentUrl\":\"https:\/\/secure.gravatar.com\/avatar\/e0a867bdedb85fd243eadf09663511f96fc81e0720a4a42581f334ad4303aa6b?s=96&d=mm&r=g\",\"caption\":\"Reda\u00e7\u00e3o\"}}]}<\/script>\n<!-- \/ Yoast SEO plugin. -->","yoast_head_json":{"title":"Sombra de A\u00e9cio na Sensus p\u00f5e press\u00e3o no Planalto - Notibras","robots":{"index":"index","follow":"follow","max-snippet":"max-snippet:-1","max-image-preview":"max-image-preview:large","max-video-preview":"max-video-preview:-1"},"canonical":"https:\/\/www.notibras.com\/site\/sombra-de-aecio-na-sensus-poe-pressao-no-planalto-vai-ter-2o-turno\/","og_locale":"pt_BR","og_type":"article","og_title":"Sombra de A\u00e9cio na Sensus p\u00f5e press\u00e3o no Planalto - Notibras","og_description":"Dilma n\u00e3o levou \u2013 e a cada dia fica mais dif\u00edcil levar. \u00c9 o que revela pesquisa do Instituto Sensus, elaborada para a revista Isto\u00e9. O estudo joga a decis\u00e3o para o segundo turno. Veja o que diz a revista: No levantamento realizado com dois mil eleitores entre os dias 22 e 25 de abril, [&hellip;]","og_url":"https:\/\/www.notibras.com\/site\/sombra-de-aecio-na-sensus-poe-pressao-no-planalto-vai-ter-2o-turno\/","og_site_name":"Notibras","article_publisher":"https:\/\/www.facebook.com\/notibras\/","article_published_time":"2014-05-03T12:58:28+00:00","article_modified_time":"2014-05-03T21:55:08+00:00","og_image":[{"width":300,"height":221,"url":"https:\/\/www.notibras.com\/site\/wp-content\/uploads\/2014\/05\/manchetes-politica-pesquisa-cntmda-300x221.jpg","type":"image\/jpeg"}],"author":"Reda\u00e7\u00e3o","twitter_card":"summary_large_image","twitter_creator":"@Notibras","twitter_site":"@Notibras","twitter_misc":{"Escrito por":"Reda\u00e7\u00e3o","Est. tempo de leitura":"6 minutos"},"schema":{"@context":"https:\/\/schema.org","@graph":[{"@type":"Article","@id":"https:\/\/www.notibras.com\/site\/sombra-de-aecio-na-sensus-poe-pressao-no-planalto-vai-ter-2o-turno\/#article","isPartOf":{"@id":"https:\/\/www.notibras.com\/site\/sombra-de-aecio-na-sensus-poe-pressao-no-planalto-vai-ter-2o-turno\/"},"author":{"name":"Reda\u00e7\u00e3o","@id":"https:\/\/www.notibras.com\/site\/#\/schema\/person\/36ab0979449956132d3e5b517ea76ac8"},"headline":"Sombra de A\u00e9cio na Sensus p\u00f5e press\u00e3o no Planalto","datePublished":"2014-05-03T12:58:28+00:00","dateModified":"2014-05-03T21:55:08+00:00","mainEntityOfPage":{"@id":"https:\/\/www.notibras.com\/site\/sombra-de-aecio-na-sensus-poe-pressao-no-planalto-vai-ter-2o-turno\/"},"wordCount":1295,"commentCount":0,"publisher":{"@id":"https:\/\/www.notibras.com\/site\/#organization"},"image":{"@id":"https:\/\/www.notibras.com\/site\/sombra-de-aecio-na-sensus-poe-pressao-no-planalto-vai-ter-2o-turno\/#primaryimage"},"thumbnailUrl":"https:\/\/www.notibras.com\/site\/wp-content\/uploads\/2014\/05\/manchetes-politica-pesquisa-cntmda-300x221.jpg","articleSection":["Brasil"],"inLanguage":"pt-BR","potentialAction":[{"@type":"CommentAction","name":"Comment","target":["https:\/\/www.notibras.com\/site\/sombra-de-aecio-na-sensus-poe-pressao-no-planalto-vai-ter-2o-turno\/#respond"]}]},{"@type":"WebPage","@id":"https:\/\/www.notibras.com\/site\/sombra-de-aecio-na-sensus-poe-pressao-no-planalto-vai-ter-2o-turno\/","url":"https:\/\/www.notibras.com\/site\/sombra-de-aecio-na-sensus-poe-pressao-no-planalto-vai-ter-2o-turno\/","name":"Sombra de A\u00e9cio na Sensus p\u00f5e press\u00e3o no Planalto - Notibras","isPartOf":{"@id":"https:\/\/www.notibras.com\/site\/#website"},"primaryImageOfPage":{"@id":"https:\/\/www.notibras.com\/site\/sombra-de-aecio-na-sensus-poe-pressao-no-planalto-vai-ter-2o-turno\/#primaryimage"},"image":{"@id":"https:\/\/www.notibras.com\/site\/sombra-de-aecio-na-sensus-poe-pressao-no-planalto-vai-ter-2o-turno\/#primaryimage"},"thumbnailUrl":"https:\/\/www.notibras.com\/site\/wp-content\/uploads\/2014\/05\/manchetes-politica-pesquisa-cntmda-300x221.jpg","datePublished":"2014-05-03T12:58:28+00:00","dateModified":"2014-05-03T21:55:08+00:00","breadcrumb":{"@id":"https:\/\/www.notibras.com\/site\/sombra-de-aecio-na-sensus-poe-pressao-no-planalto-vai-ter-2o-turno\/#breadcrumb"},"inLanguage":"pt-BR","potentialAction":[{"@type":"ReadAction","target":["https:\/\/www.notibras.com\/site\/sombra-de-aecio-na-sensus-poe-pressao-no-planalto-vai-ter-2o-turno\/"]}]},{"@type":"ImageObject","inLanguage":"pt-BR","@id":"https:\/\/www.notibras.com\/site\/sombra-de-aecio-na-sensus-poe-pressao-no-planalto-vai-ter-2o-turno\/#primaryimage","url":"https:\/\/www.notibras.com\/site\/wp-content\/uploads\/2014\/05\/manchetes-politica-pesquisa-cntmda-300x221.jpg","contentUrl":"https:\/\/www.notibras.com\/site\/wp-content\/uploads\/2014\/05\/manchetes-politica-pesquisa-cntmda-300x221.jpg","width":300,"height":221},{"@type":"BreadcrumbList","@id":"https:\/\/www.notibras.com\/site\/sombra-de-aecio-na-sensus-poe-pressao-no-planalto-vai-ter-2o-turno\/#breadcrumb","itemListElement":[{"@type":"ListItem","position":1,"name":"In\u00edcio","item":"https:\/\/www.notibras.com\/site\/"},{"@type":"ListItem","position":2,"name":"Sombra de A\u00e9cio na Sensus p\u00f5e press\u00e3o no Planalto"}]},{"@type":"WebSite","@id":"https:\/\/www.notibras.com\/site\/#website","url":"https:\/\/www.notibras.com\/site\/","name":"Notibras","description":"Not\u00edcias de Bras\u00edlia, do Brasil e do Mundo","publisher":{"@id":"https:\/\/www.notibras.com\/site\/#organization"},"potentialAction":[{"@type":"SearchAction","target":{"@type":"EntryPoint","urlTemplate":"https:\/\/www.notibras.com\/site\/?s={search_term_string}"},"query-input":{"@type":"PropertyValueSpecification","valueRequired":true,"valueName":"search_term_string"}}],"inLanguage":"pt-BR"},{"@type":"Organization","@id":"https:\/\/www.notibras.com\/site\/#organization","name":"Grupo Notibras de Comunica\u00e7\u00e3o","url":"https:\/\/www.notibras.com\/site\/","logo":{"@type":"ImageObject","inLanguage":"pt-BR","@id":"https:\/\/www.notibras.com\/site\/#\/schema\/logo\/image\/","url":"https:\/\/www.notibras.com\/site\/wp-content\/uploads\/2023\/01\/notibras23.png","contentUrl":"https:\/\/www.notibras.com\/site\/wp-content\/uploads\/2023\/01\/notibras23.png","width":350,"height":87,"caption":"Grupo Notibras de Comunica\u00e7\u00e3o"},"image":{"@id":"https:\/\/www.notibras.com\/site\/#\/schema\/logo\/image\/"},"sameAs":["https:\/\/www.facebook.com\/notibras\/","https:\/\/x.com\/Notibras","https:\/\/www.instagram.com\/notibras\/"]},{"@type":"Person","@id":"https:\/\/www.notibras.com\/site\/#\/schema\/person\/36ab0979449956132d3e5b517ea76ac8","name":"Reda\u00e7\u00e3o","image":{"@type":"ImageObject","inLanguage":"pt-BR","@id":"https:\/\/secure.gravatar.com\/avatar\/e0a867bdedb85fd243eadf09663511f96fc81e0720a4a42581f334ad4303aa6b?s=96&d=mm&r=g","url":"https:\/\/secure.gravatar.com\/avatar\/e0a867bdedb85fd243eadf09663511f96fc81e0720a4a42581f334ad4303aa6b?s=96&d=mm&r=g","contentUrl":"https:\/\/secure.gravatar.com\/avatar\/e0a867bdedb85fd243eadf09663511f96fc81e0720a4a42581f334ad4303aa6b?s=96&d=mm&r=g","caption":"Reda\u00e7\u00e3o"}}]}},"amp_enabled":true,"_links":{"self":[{"href":"https:\/\/www.notibras.com\/site\/wp-json\/wp\/v2\/posts\/8063","targetHints":{"allow":["GET"]}}],"collection":[{"href":"https:\/\/www.notibras.com\/site\/wp-json\/wp\/v2\/posts"}],"about":[{"href":"https:\/\/www.notibras.com\/site\/wp-json\/wp\/v2\/types\/post"}],"author":[{"embeddable":true,"href":"https:\/\/www.notibras.com\/site\/wp-json\/wp\/v2\/users\/2"}],"replies":[{"embeddable":true,"href":"https:\/\/www.notibras.com\/site\/wp-json\/wp\/v2\/comments?post=8063"}],"version-history":[{"count":0,"href":"https:\/\/www.notibras.com\/site\/wp-json\/wp\/v2\/posts\/8063\/revisions"}],"wp:featuredmedia":[{"embeddable":true,"href":"https:\/\/www.notibras.com\/site\/wp-json\/wp\/v2\/media\/8064"}],"wp:attachment":[{"href":"https:\/\/www.notibras.com\/site\/wp-json\/wp\/v2\/media?parent=8063"}],"wp:term":[{"taxonomy":"category","embeddable":true,"href":"https:\/\/www.notibras.com\/site\/wp-json\/wp\/v2\/categories?post=8063"},{"taxonomy":"post_tag","embeddable":true,"href":"https:\/\/www.notibras.com\/site\/wp-json\/wp\/v2\/tags?post=8063"}],"curies":[{"name":"wp","href":"https:\/\/api.w.org\/{rel}","templated":true}]}}