{"id":8072,"date":"2014-05-03T08:08:41","date_gmt":"2014-05-03T11:08:41","guid":{"rendered":"http:\/\/www.notibras.com\/site\/?p=8072"},"modified":"2014-05-03T11:10:54","modified_gmt":"2014-05-03T14:10:54","slug":"volta-lula-acabou-ex-vai-ser-mero-cabo-eleitoral","status":"publish","type":"post","link":"https:\/\/www.notibras.com\/site\/volta-lula-acabou-ex-vai-ser-mero-cabo-eleitoral\/","title":{"rendered":"Volta Lula acabou; ex vai ser mero cabo eleitoral na elei\u00e7\u00e3o"},"content":{"rendered":"<p>Com um discurso na contram\u00e3o do \u201cVolta, Lula\u201d, mas com o ex-presidente na figura de cabo eleitoral de luxo, o Partido dos Trabalhadores (PT) oficializou em seu 14\u00ba Encontro Nacional, na noite desta sexta-feira, a presidente Dilma Rousseff como \u00fanica pr\u00e9-candidata da sigla \u00e0 sucess\u00e3o presidencial de outubro. O encontro aconteceu no Centro de Conven\u00e7\u00f5es do Anhembi, zona norte de S\u00e3o Paulo, e reuniu militantes de todo o Pa\u00eds, al\u00e9m de ministros, governadores, prefeitos, partidos da base aliada e centrais sindicais.<\/p>\n<p class=\"text\">Em quase uma hora de discurso, Dilma fez cr\u00edticas ao modelo de governo defendido por seus advers\u00e1rios na campanha e, sem citar nomes, definiu que eles representam um passado \u201cque colocou o Brasil de joelhos\u201d \u00e0 medida em que se \u201cvendeu o patrim\u00f4nio\u201d nacional e se \u201cvarreu a corrup\u00e7\u00e3o para debaixo do tapete\u201d.<\/p>\n<p class=\"text\">A presidente foi precedida no evento por Lula, de quem \u00e9 afilhada pol\u00edtica e do qual ouviu a promessa de engajamento na campanha. \u201cN\u00e3o existe outro candidato, que n\u00e3o a Dilma, nesse partido\u201d, enfatizou o ex-presidente, segundo o qual, ap\u00f3s uma s\u00e9rie de viagens internacionais previstas pela \u00c1frica e Europa, nas pr\u00f3ximas semanas, ele estar\u00e1 \u201cpor conta da campanha\u201d. \u201cTemos um jogo mais ou menos garantido, mas n\u00e3o podemos dizer que ele ser\u00e1 f\u00e1cil\u201d, alertou Lula.<\/p>\n<p class=\"text\">Dilma salientou, por mais de uma oportunidade, o \u201ccompromisso\u201d entre ambos.\u00a0Apontou Lula como lideran\u00e7a pol\u00edtica \u00e0 qual dirige \u201crespeito e carinho\u201d e classificou a oficializa\u00e7\u00e3o da pr\u00f3pria pr\u00e9-candidatura como \u201cmais uma prova forte e contundente da nossa confian\u00e7a m\u00fatua e dos la\u00e7os fecundos que nos uniram e nos unem ao povo\u201d.<\/p>\n<p class=\"text\">\u201cFoi o compromisso com o povo brasileiro que nos uniu, e esse compromisso \u00e9 inquebrant\u00e1vel\u201d, definiu a presidente.<\/p>\n","protected":false},"excerpt":{"rendered":"<p>Com um discurso na contram\u00e3o do \u201cVolta, Lula\u201d, mas com o ex-presidente na figura de cabo eleitoral de luxo, o Partido dos Trabalhadores (PT) oficializou em seu 14\u00ba Encontro Nacional, na noite desta sexta-feira, a presidente Dilma Rousseff como \u00fanica pr\u00e9-candidata da sigla \u00e0 sucess\u00e3o presidencial de outubro. O encontro aconteceu no Centro de Conven\u00e7\u00f5es [&hellip;]<\/p>\n","protected":false},"author":2,"featured_media":8073,"comment_status":"open","ping_status":"closed","sticky":false,"template":"","format":"standard","meta":{"_acf_changed":false,"footnotes":""},"categories":[16],"tags":[],"class_list":["post-8072","post","type-post","status-publish","format-standard","has-post-thumbnail","hentry","category-brasil"],"acf":[],"yoast_head":"<!-- This site is optimized with the Yoast SEO plugin v27.2 - https:\/\/yoast.com\/product\/yoast-seo-wordpress\/ -->\n<title>Volta Lula acabou; ex vai ser mero cabo eleitoral na elei\u00e7\u00e3o - Notibras<\/title>\n<meta name=\"robots\" content=\"index, follow, max-snippet:-1, max-image-preview:large, max-video-preview:-1\" \/>\n<link rel=\"canonical\" href=\"https:\/\/www.notibras.com\/site\/volta-lula-acabou-ex-vai-ser-mero-cabo-eleitoral\/\" \/>\n<meta property=\"og:locale\" content=\"pt_BR\" \/>\n<meta property=\"og:type\" content=\"article\" \/>\n<meta property=\"og:title\" content=\"Volta Lula acabou; ex vai ser mero cabo eleitoral na elei\u00e7\u00e3o - Notibras\" \/>\n<meta property=\"og:description\" content=\"Com um discurso na contram\u00e3o do \u201cVolta, Lula\u201d, mas com o ex-presidente na figura de cabo eleitoral de luxo, o Partido dos Trabalhadores (PT) oficializou em seu 14\u00ba Encontro Nacional, na noite desta sexta-feira, a presidente Dilma Rousseff como \u00fanica pr\u00e9-candidata da sigla \u00e0 sucess\u00e3o presidencial de outubro. O encontro aconteceu no Centro de Conven\u00e7\u00f5es [&hellip;]\" \/>\n<meta property=\"og:url\" content=\"https:\/\/www.notibras.com\/site\/volta-lula-acabou-ex-vai-ser-mero-cabo-eleitoral\/\" \/>\n<meta property=\"og:site_name\" content=\"Notibras\" \/>\n<meta property=\"article:publisher\" content=\"https:\/\/www.facebook.com\/notibras\/\" \/>\n<meta property=\"article:published_time\" content=\"2014-05-03T11:08:41+00:00\" \/>\n<meta property=\"article:modified_time\" content=\"2014-05-03T14:10:54+00:00\" \/>\n<meta property=\"og:image\" content=\"https:\/\/www.notibras.com\/site\/wp-content\/uploads\/2014\/05\/140502lula-dilmafuturapressalice-vergueiro.jpg\" \/>\n\t<meta property=\"og:image:width\" content=\"460\" \/>\n\t<meta property=\"og:image:height\" content=\"340\" \/>\n\t<meta property=\"og:image:type\" content=\"image\/jpeg\" \/>\n<meta name=\"author\" content=\"Reda\u00e7\u00e3o\" \/>\n<meta name=\"twitter:card\" content=\"summary_large_image\" \/>\n<meta name=\"twitter:creator\" content=\"@Notibras\" \/>\n<meta name=\"twitter:site\" content=\"@Notibras\" \/>\n<meta name=\"twitter:label1\" content=\"Escrito por\" \/>\n\t<meta name=\"twitter:data1\" content=\"Reda\u00e7\u00e3o\" \/>\n\t<meta name=\"twitter:label2\" content=\"Est. tempo de leitura\" \/>\n\t<meta name=\"twitter:data2\" content=\"2 minutos\" \/>\n<script type=\"application\/ld+json\" class=\"yoast-schema-graph\">{\"@context\":\"https:\/\/schema.org\",\"@graph\":[{\"@type\":\"Article\",\"@id\":\"https:\/\/www.notibras.com\/site\/volta-lula-acabou-ex-vai-ser-mero-cabo-eleitoral\/#article\",\"isPartOf\":{\"@id\":\"https:\/\/www.notibras.com\/site\/volta-lula-acabou-ex-vai-ser-mero-cabo-eleitoral\/\"},\"author\":{\"name\":\"Reda\u00e7\u00e3o\",\"@id\":\"https:\/\/www.notibras.com\/site\/#\/schema\/person\/36ab0979449956132d3e5b517ea76ac8\"},\"headline\":\"Volta Lula acabou; ex vai ser mero cabo eleitoral na elei\u00e7\u00e3o\",\"datePublished\":\"2014-05-03T11:08:41+00:00\",\"dateModified\":\"2014-05-03T14:10:54+00:00\",\"mainEntityOfPage\":{\"@id\":\"https:\/\/www.notibras.com\/site\/volta-lula-acabou-ex-vai-ser-mero-cabo-eleitoral\/\"},\"wordCount\":314,\"commentCount\":0,\"publisher\":{\"@id\":\"https:\/\/www.notibras.com\/site\/#organization\"},\"image\":{\"@id\":\"https:\/\/www.notibras.com\/site\/volta-lula-acabou-ex-vai-ser-mero-cabo-eleitoral\/#primaryimage\"},\"thumbnailUrl\":\"https:\/\/www.notibras.com\/site\/wp-content\/uploads\/2014\/05\/140502lula-dilmafuturapressalice-vergueiro.jpg\",\"articleSection\":[\"Brasil\"],\"inLanguage\":\"pt-BR\",\"potentialAction\":[{\"@type\":\"CommentAction\",\"name\":\"Comment\",\"target\":[\"https:\/\/www.notibras.com\/site\/volta-lula-acabou-ex-vai-ser-mero-cabo-eleitoral\/#respond\"]}]},{\"@type\":\"WebPage\",\"@id\":\"https:\/\/www.notibras.com\/site\/volta-lula-acabou-ex-vai-ser-mero-cabo-eleitoral\/\",\"url\":\"https:\/\/www.notibras.com\/site\/volta-lula-acabou-ex-vai-ser-mero-cabo-eleitoral\/\",\"name\":\"Volta Lula acabou; ex vai ser mero cabo eleitoral na elei\u00e7\u00e3o - Notibras\",\"isPartOf\":{\"@id\":\"https:\/\/www.notibras.com\/site\/#website\"},\"primaryImageOfPage\":{\"@id\":\"https:\/\/www.notibras.com\/site\/volta-lula-acabou-ex-vai-ser-mero-cabo-eleitoral\/#primaryimage\"},\"image\":{\"@id\":\"https:\/\/www.notibras.com\/site\/volta-lula-acabou-ex-vai-ser-mero-cabo-eleitoral\/#primaryimage\"},\"thumbnailUrl\":\"https:\/\/www.notibras.com\/site\/wp-content\/uploads\/2014\/05\/140502lula-dilmafuturapressalice-vergueiro.jpg\",\"datePublished\":\"2014-05-03T11:08:41+00:00\",\"dateModified\":\"2014-05-03T14:10:54+00:00\",\"breadcrumb\":{\"@id\":\"https:\/\/www.notibras.com\/site\/volta-lula-acabou-ex-vai-ser-mero-cabo-eleitoral\/#breadcrumb\"},\"inLanguage\":\"pt-BR\",\"potentialAction\":[{\"@type\":\"ReadAction\",\"target\":[\"https:\/\/www.notibras.com\/site\/volta-lula-acabou-ex-vai-ser-mero-cabo-eleitoral\/\"]}]},{\"@type\":\"ImageObject\",\"inLanguage\":\"pt-BR\",\"@id\":\"https:\/\/www.notibras.com\/site\/volta-lula-acabou-ex-vai-ser-mero-cabo-eleitoral\/#primaryimage\",\"url\":\"https:\/\/www.notibras.com\/site\/wp-content\/uploads\/2014\/05\/140502lula-dilmafuturapressalice-vergueiro.jpg\",\"contentUrl\":\"https:\/\/www.notibras.com\/site\/wp-content\/uploads\/2014\/05\/140502lula-dilmafuturapressalice-vergueiro.jpg\",\"width\":460,\"height\":340},{\"@type\":\"BreadcrumbList\",\"@id\":\"https:\/\/www.notibras.com\/site\/volta-lula-acabou-ex-vai-ser-mero-cabo-eleitoral\/#breadcrumb\",\"itemListElement\":[{\"@type\":\"ListItem\",\"position\":1,\"name\":\"In\u00edcio\",\"item\":\"https:\/\/www.notibras.com\/site\/\"},{\"@type\":\"ListItem\",\"position\":2,\"name\":\"Volta Lula acabou; ex vai ser mero cabo eleitoral na elei\u00e7\u00e3o\"}]},{\"@type\":\"WebSite\",\"@id\":\"https:\/\/www.notibras.com\/site\/#website\",\"url\":\"https:\/\/www.notibras.com\/site\/\",\"name\":\"Notibras\",\"description\":\"Not\u00edcias de Bras\u00edlia, do Brasil e do Mundo\",\"publisher\":{\"@id\":\"https:\/\/www.notibras.com\/site\/#organization\"},\"potentialAction\":[{\"@type\":\"SearchAction\",\"target\":{\"@type\":\"EntryPoint\",\"urlTemplate\":\"https:\/\/www.notibras.com\/site\/?s={search_term_string}\"},\"query-input\":{\"@type\":\"PropertyValueSpecification\",\"valueRequired\":true,\"valueName\":\"search_term_string\"}}],\"inLanguage\":\"pt-BR\"},{\"@type\":\"Organization\",\"@id\":\"https:\/\/www.notibras.com\/site\/#organization\",\"name\":\"Grupo Notibras de Comunica\u00e7\u00e3o\",\"url\":\"https:\/\/www.notibras.com\/site\/\",\"logo\":{\"@type\":\"ImageObject\",\"inLanguage\":\"pt-BR\",\"@id\":\"https:\/\/www.notibras.com\/site\/#\/schema\/logo\/image\/\",\"url\":\"https:\/\/www.notibras.com\/site\/wp-content\/uploads\/2023\/01\/notibras23.png\",\"contentUrl\":\"https:\/\/www.notibras.com\/site\/wp-content\/uploads\/2023\/01\/notibras23.png\",\"width\":350,\"height\":87,\"caption\":\"Grupo Notibras de Comunica\u00e7\u00e3o\"},\"image\":{\"@id\":\"https:\/\/www.notibras.com\/site\/#\/schema\/logo\/image\/\"},\"sameAs\":[\"https:\/\/www.facebook.com\/notibras\/\",\"https:\/\/x.com\/Notibras\",\"https:\/\/www.instagram.com\/notibras\/\"]},{\"@type\":\"Person\",\"@id\":\"https:\/\/www.notibras.com\/site\/#\/schema\/person\/36ab0979449956132d3e5b517ea76ac8\",\"name\":\"Reda\u00e7\u00e3o\",\"image\":{\"@type\":\"ImageObject\",\"inLanguage\":\"pt-BR\",\"@id\":\"https:\/\/secure.gravatar.com\/avatar\/e0a867bdedb85fd243eadf09663511f96fc81e0720a4a42581f334ad4303aa6b?s=96&d=mm&r=g\",\"url\":\"https:\/\/secure.gravatar.com\/avatar\/e0a867bdedb85fd243eadf09663511f96fc81e0720a4a42581f334ad4303aa6b?s=96&d=mm&r=g\",\"contentUrl\":\"https:\/\/secure.gravatar.com\/avatar\/e0a867bdedb85fd243eadf09663511f96fc81e0720a4a42581f334ad4303aa6b?s=96&d=mm&r=g\",\"caption\":\"Reda\u00e7\u00e3o\"}}]}<\/script>\n<!-- \/ Yoast SEO plugin. -->","yoast_head_json":{"title":"Volta Lula acabou; ex vai ser mero cabo eleitoral na elei\u00e7\u00e3o - Notibras","robots":{"index":"index","follow":"follow","max-snippet":"max-snippet:-1","max-image-preview":"max-image-preview:large","max-video-preview":"max-video-preview:-1"},"canonical":"https:\/\/www.notibras.com\/site\/volta-lula-acabou-ex-vai-ser-mero-cabo-eleitoral\/","og_locale":"pt_BR","og_type":"article","og_title":"Volta Lula acabou; ex vai ser mero cabo eleitoral na elei\u00e7\u00e3o - Notibras","og_description":"Com um discurso na contram\u00e3o do \u201cVolta, Lula\u201d, mas com o ex-presidente na figura de cabo eleitoral de luxo, o Partido dos Trabalhadores (PT) oficializou em seu 14\u00ba Encontro Nacional, na noite desta sexta-feira, a presidente Dilma Rousseff como \u00fanica pr\u00e9-candidata da sigla \u00e0 sucess\u00e3o presidencial de outubro. O encontro aconteceu no Centro de Conven\u00e7\u00f5es [&hellip;]","og_url":"https:\/\/www.notibras.com\/site\/volta-lula-acabou-ex-vai-ser-mero-cabo-eleitoral\/","og_site_name":"Notibras","article_publisher":"https:\/\/www.facebook.com\/notibras\/","article_published_time":"2014-05-03T11:08:41+00:00","article_modified_time":"2014-05-03T14:10:54+00:00","og_image":[{"width":460,"height":340,"url":"https:\/\/www.notibras.com\/site\/wp-content\/uploads\/2014\/05\/140502lula-dilmafuturapressalice-vergueiro.jpg","type":"image\/jpeg"}],"author":"Reda\u00e7\u00e3o","twitter_card":"summary_large_image","twitter_creator":"@Notibras","twitter_site":"@Notibras","twitter_misc":{"Escrito por":"Reda\u00e7\u00e3o","Est. tempo de leitura":"2 minutos"},"schema":{"@context":"https:\/\/schema.org","@graph":[{"@type":"Article","@id":"https:\/\/www.notibras.com\/site\/volta-lula-acabou-ex-vai-ser-mero-cabo-eleitoral\/#article","isPartOf":{"@id":"https:\/\/www.notibras.com\/site\/volta-lula-acabou-ex-vai-ser-mero-cabo-eleitoral\/"},"author":{"name":"Reda\u00e7\u00e3o","@id":"https:\/\/www.notibras.com\/site\/#\/schema\/person\/36ab0979449956132d3e5b517ea76ac8"},"headline":"Volta Lula acabou; ex vai ser mero cabo eleitoral na elei\u00e7\u00e3o","datePublished":"2014-05-03T11:08:41+00:00","dateModified":"2014-05-03T14:10:54+00:00","mainEntityOfPage":{"@id":"https:\/\/www.notibras.com\/site\/volta-lula-acabou-ex-vai-ser-mero-cabo-eleitoral\/"},"wordCount":314,"commentCount":0,"publisher":{"@id":"https:\/\/www.notibras.com\/site\/#organization"},"image":{"@id":"https:\/\/www.notibras.com\/site\/volta-lula-acabou-ex-vai-ser-mero-cabo-eleitoral\/#primaryimage"},"thumbnailUrl":"https:\/\/www.notibras.com\/site\/wp-content\/uploads\/2014\/05\/140502lula-dilmafuturapressalice-vergueiro.jpg","articleSection":["Brasil"],"inLanguage":"pt-BR","potentialAction":[{"@type":"CommentAction","name":"Comment","target":["https:\/\/www.notibras.com\/site\/volta-lula-acabou-ex-vai-ser-mero-cabo-eleitoral\/#respond"]}]},{"@type":"WebPage","@id":"https:\/\/www.notibras.com\/site\/volta-lula-acabou-ex-vai-ser-mero-cabo-eleitoral\/","url":"https:\/\/www.notibras.com\/site\/volta-lula-acabou-ex-vai-ser-mero-cabo-eleitoral\/","name":"Volta Lula acabou; ex vai ser mero cabo eleitoral na elei\u00e7\u00e3o - Notibras","isPartOf":{"@id":"https:\/\/www.notibras.com\/site\/#website"},"primaryImageOfPage":{"@id":"https:\/\/www.notibras.com\/site\/volta-lula-acabou-ex-vai-ser-mero-cabo-eleitoral\/#primaryimage"},"image":{"@id":"https:\/\/www.notibras.com\/site\/volta-lula-acabou-ex-vai-ser-mero-cabo-eleitoral\/#primaryimage"},"thumbnailUrl":"https:\/\/www.notibras.com\/site\/wp-content\/uploads\/2014\/05\/140502lula-dilmafuturapressalice-vergueiro.jpg","datePublished":"2014-05-03T11:08:41+00:00","dateModified":"2014-05-03T14:10:54+00:00","breadcrumb":{"@id":"https:\/\/www.notibras.com\/site\/volta-lula-acabou-ex-vai-ser-mero-cabo-eleitoral\/#breadcrumb"},"inLanguage":"pt-BR","potentialAction":[{"@type":"ReadAction","target":["https:\/\/www.notibras.com\/site\/volta-lula-acabou-ex-vai-ser-mero-cabo-eleitoral\/"]}]},{"@type":"ImageObject","inLanguage":"pt-BR","@id":"https:\/\/www.notibras.com\/site\/volta-lula-acabou-ex-vai-ser-mero-cabo-eleitoral\/#primaryimage","url":"https:\/\/www.notibras.com\/site\/wp-content\/uploads\/2014\/05\/140502lula-dilmafuturapressalice-vergueiro.jpg","contentUrl":"https:\/\/www.notibras.com\/site\/wp-content\/uploads\/2014\/05\/140502lula-dilmafuturapressalice-vergueiro.jpg","width":460,"height":340},{"@type":"BreadcrumbList","@id":"https:\/\/www.notibras.com\/site\/volta-lula-acabou-ex-vai-ser-mero-cabo-eleitoral\/#breadcrumb","itemListElement":[{"@type":"ListItem","position":1,"name":"In\u00edcio","item":"https:\/\/www.notibras.com\/site\/"},{"@type":"ListItem","position":2,"name":"Volta Lula acabou; ex vai ser mero cabo eleitoral na elei\u00e7\u00e3o"}]},{"@type":"WebSite","@id":"https:\/\/www.notibras.com\/site\/#website","url":"https:\/\/www.notibras.com\/site\/","name":"Notibras","description":"Not\u00edcias de Bras\u00edlia, do Brasil e do Mundo","publisher":{"@id":"https:\/\/www.notibras.com\/site\/#organization"},"potentialAction":[{"@type":"SearchAction","target":{"@type":"EntryPoint","urlTemplate":"https:\/\/www.notibras.com\/site\/?s={search_term_string}"},"query-input":{"@type":"PropertyValueSpecification","valueRequired":true,"valueName":"search_term_string"}}],"inLanguage":"pt-BR"},{"@type":"Organization","@id":"https:\/\/www.notibras.com\/site\/#organization","name":"Grupo Notibras de Comunica\u00e7\u00e3o","url":"https:\/\/www.notibras.com\/site\/","logo":{"@type":"ImageObject","inLanguage":"pt-BR","@id":"https:\/\/www.notibras.com\/site\/#\/schema\/logo\/image\/","url":"https:\/\/www.notibras.com\/site\/wp-content\/uploads\/2023\/01\/notibras23.png","contentUrl":"https:\/\/www.notibras.com\/site\/wp-content\/uploads\/2023\/01\/notibras23.png","width":350,"height":87,"caption":"Grupo Notibras de Comunica\u00e7\u00e3o"},"image":{"@id":"https:\/\/www.notibras.com\/site\/#\/schema\/logo\/image\/"},"sameAs":["https:\/\/www.facebook.com\/notibras\/","https:\/\/x.com\/Notibras","https:\/\/www.instagram.com\/notibras\/"]},{"@type":"Person","@id":"https:\/\/www.notibras.com\/site\/#\/schema\/person\/36ab0979449956132d3e5b517ea76ac8","name":"Reda\u00e7\u00e3o","image":{"@type":"ImageObject","inLanguage":"pt-BR","@id":"https:\/\/secure.gravatar.com\/avatar\/e0a867bdedb85fd243eadf09663511f96fc81e0720a4a42581f334ad4303aa6b?s=96&d=mm&r=g","url":"https:\/\/secure.gravatar.com\/avatar\/e0a867bdedb85fd243eadf09663511f96fc81e0720a4a42581f334ad4303aa6b?s=96&d=mm&r=g","contentUrl":"https:\/\/secure.gravatar.com\/avatar\/e0a867bdedb85fd243eadf09663511f96fc81e0720a4a42581f334ad4303aa6b?s=96&d=mm&r=g","caption":"Reda\u00e7\u00e3o"}}]}},"amp_enabled":true,"_links":{"self":[{"href":"https:\/\/www.notibras.com\/site\/wp-json\/wp\/v2\/posts\/8072","targetHints":{"allow":["GET"]}}],"collection":[{"href":"https:\/\/www.notibras.com\/site\/wp-json\/wp\/v2\/posts"}],"about":[{"href":"https:\/\/www.notibras.com\/site\/wp-json\/wp\/v2\/types\/post"}],"author":[{"embeddable":true,"href":"https:\/\/www.notibras.com\/site\/wp-json\/wp\/v2\/users\/2"}],"replies":[{"embeddable":true,"href":"https:\/\/www.notibras.com\/site\/wp-json\/wp\/v2\/comments?post=8072"}],"version-history":[{"count":0,"href":"https:\/\/www.notibras.com\/site\/wp-json\/wp\/v2\/posts\/8072\/revisions"}],"wp:featuredmedia":[{"embeddable":true,"href":"https:\/\/www.notibras.com\/site\/wp-json\/wp\/v2\/media\/8073"}],"wp:attachment":[{"href":"https:\/\/www.notibras.com\/site\/wp-json\/wp\/v2\/media?parent=8072"}],"wp:term":[{"taxonomy":"category","embeddable":true,"href":"https:\/\/www.notibras.com\/site\/wp-json\/wp\/v2\/categories?post=8072"},{"taxonomy":"post_tag","embeddable":true,"href":"https:\/\/www.notibras.com\/site\/wp-json\/wp\/v2\/tags?post=8072"}],"curies":[{"name":"wp","href":"https:\/\/api.w.org\/{rel}","templated":true}]}}