{"id":80905,"date":"2015-12-13T23:55:38","date_gmt":"2015-12-14T01:55:38","guid":{"rendered":"http:\/\/www.notibras.com\/site\/?p=80905"},"modified":"2015-12-13T23:55:38","modified_gmt":"2015-12-14T01:55:38","slug":"esta-na-hora-de-o-povo-brasileiro-dar-um-basta-no-governo-dilma","status":"publish","type":"post","link":"https:\/\/www.notibras.com\/site\/esta-na-hora-de-o-povo-brasileiro-dar-um-basta-no-governo-dilma\/","title":{"rendered":"Est\u00e1 na hora de o povo brasileiro dar um basta no governo Dilma"},"content":{"rendered":"<p><strong>Carlos Sampaio<\/strong><\/p>\n<p>A C\u00e2mara dos Deputados volta a ser protagonista da hist\u00f3ria ao deferir o pedido de impeachment da presidente Dilma Rousseff, apresentado pelos partidos de oposi\u00e7\u00e3o em outubro. Com isso, prova que est\u00e1 em conson\u00e2ncia com o desejo da maioria da popula\u00e7\u00e3o brasileira \u2013j\u00e1 expresso em recentes pesquisas de opini\u00e3o p\u00fablica\u2013, que clama pelo afastamento imediato da presidente e pelo fim de seu governo, marcado pela corrup\u00e7\u00e3o, pela mentira e pela incompet\u00eancia.<\/p>\n<p>A insatisfa\u00e7\u00e3o popular contra Dilma e o PT j\u00e1 havia sido manifestada claramente em mar\u00e7o deste ano, quando mais de 3 milh\u00f5es de brasileiros sa\u00edram \u00e0s ruas para mostrar sua indigna\u00e7\u00e3o, atitude refor\u00e7ada um m\u00eas depois, em nova onda de protestos que tomou conta do pa\u00eds e que dever\u00e1 se repetir neste domingo, dia 13. Al\u00e9m disso, o descr\u00e9dito da petista perante a popula\u00e7\u00e3o \u2013que inclui, at\u00e9 mesmo, parcela significativa de seu pr\u00f3prio eleitorado\u2013 \u00e9 t\u00e3o flagrante que cada pronunciamento da presidente \u00e9 marcado por constrangedores &#8220;panela\u00e7os&#8221; e gritos de &#8220;Fora Dilma&#8221;. E, por \u00f3bvio, o apoio popular \u00e9 fundamental para que o pedido de impeachment prevale\u00e7a.<\/p>\n<p>\u00c0 discuss\u00e3o pol\u00edtica dentro do Congresso, onde a batalha do impedimento se trava, soma-se um debate t\u00e9cnico-jur\u00eddico, baseado nas fundamenta\u00e7\u00f5es apresentadas no documento assinado pelos renomados juristas H\u00e9lio Bicudo, Miguel Reale J\u00fanior e Jana\u00edna Paschoal. Est\u00e1 tudo ali colocado: em s\u00edntese, a presidente Dilma cometeu crime de responsabilidade ao autorizar as chamadas &#8220;pedaladas fiscais&#8221;, pr\u00e1tica reiterada de maquiagem na contabilidade do governo que infringiu a Lei de Responsabilidade Fiscal (LRF) e disfar\u00e7ou um rombo bilion\u00e1rio nas contas, provocado pela gastan\u00e7a e m\u00e1 gest\u00e3o.<\/p>\n<p>Este \u00e9 o ponto: n\u00e3o s\u00e3o os juristas nem a oposi\u00e7\u00e3o que est\u00e3o dizendo que Dilma cometeu crime de responsabilidade, pelo qual deve ser punida com a perda do mandato, mas sim o Tribunal de Contas da Uni\u00e3o (TCU), que, por unanimidade, apontou n\u00e3o s\u00f3 as &#8220;pedaladas&#8221;, tanto no primeiro quanto no segundo mandato, como uma s\u00e9rie de outras irregularidades que ensejam puni\u00e7\u00f5es diversas ao governo, recomendando a rejei\u00e7\u00e3o das contas da presidente. Essa decis\u00e3o hist\u00f3rica refor\u00e7a os argumentos jur\u00eddicos contra ela apresentados no pedido da oposi\u00e7\u00e3o.<\/p>\n<p>H\u00e1, ainda, ind\u00edcios inequ\u00edvocos de que o partido e a campanha de Dilma receberam recursos financeiros de origem criminosa, a partir de doa\u00e7\u00f5es financiadas pela corrup\u00e7\u00e3o na Petrobras, fato este j\u00e1 confirmado \u00e0 Justi\u00e7a por delatores do esquema.<\/p>\n<p>Soma-se a esses fatos objetivos a absoluta incapacidade de o governo administrar uma crise econ\u00f4mica monumental, que levou o pa\u00eds \u00e0 lona em quest\u00e3o de meses. Dilma j\u00e1 n\u00e3o governa h\u00e1 muito tempo e sobrevive \u00e0 base do &#8220;toma l\u00e1, d\u00e1 c\u00e1&#8221;, com ofertas de cargos em troca de um m\u00ednimo de apoio no Congresso. \u00c9 chegada a hora de colocarmos um ponto final nesse descalabro e reescrevermos a hist\u00f3ria do pa\u00eds. A C\u00e2mara abriu o caminho para que isso seja feito, pelo bem dos brasileiros.<\/p>\n","protected":false},"excerpt":{"rendered":"<p>Carlos Sampaio A C\u00e2mara dos Deputados volta a ser protagonista da hist\u00f3ria ao deferir o pedido de impeachment da presidente Dilma Rousseff, apresentado pelos partidos de oposi\u00e7\u00e3o em outubro. Com isso, prova que est\u00e1 em conson\u00e2ncia com o desejo da maioria da popula\u00e7\u00e3o brasileira \u2013j\u00e1 expresso em recentes pesquisas de opini\u00e3o p\u00fablica\u2013, que clama pelo [&hellip;]<\/p>\n","protected":false},"author":2,"featured_media":80906,"comment_status":"open","ping_status":"closed","sticky":false,"template":"","format":"standard","meta":{"_acf_changed":false,"footnotes":""},"categories":[25],"tags":[],"class_list":["post-80905","post","type-post","status-publish","format-standard","has-post-thumbnail","hentry","category-opina-ai"],"acf":[],"yoast_head":"<!-- This site is optimized with the Yoast SEO plugin v27.2 - https:\/\/yoast.com\/product\/yoast-seo-wordpress\/ -->\n<title>Est\u00e1 na hora de o povo brasileiro dar um basta no governo Dilma - Notibras<\/title>\n<meta name=\"robots\" content=\"index, follow, max-snippet:-1, max-image-preview:large, max-video-preview:-1\" \/>\n<link rel=\"canonical\" href=\"https:\/\/www.notibras.com\/site\/esta-na-hora-de-o-povo-brasileiro-dar-um-basta-no-governo-dilma\/\" \/>\n<meta property=\"og:locale\" content=\"pt_BR\" \/>\n<meta property=\"og:type\" content=\"article\" \/>\n<meta property=\"og:title\" content=\"Est\u00e1 na hora de o povo brasileiro dar um basta no governo Dilma - Notibras\" \/>\n<meta property=\"og:description\" content=\"Carlos Sampaio A C\u00e2mara dos Deputados volta a ser protagonista da hist\u00f3ria ao deferir o pedido de impeachment da presidente Dilma Rousseff, apresentado pelos partidos de oposi\u00e7\u00e3o em outubro. Com isso, prova que est\u00e1 em conson\u00e2ncia com o desejo da maioria da popula\u00e7\u00e3o brasileira \u2013j\u00e1 expresso em recentes pesquisas de opini\u00e3o p\u00fablica\u2013, que clama pelo [&hellip;]\" \/>\n<meta property=\"og:url\" content=\"https:\/\/www.notibras.com\/site\/esta-na-hora-de-o-povo-brasileiro-dar-um-basta-no-governo-dilma\/\" \/>\n<meta property=\"og:site_name\" content=\"Notibras\" \/>\n<meta property=\"article:publisher\" content=\"https:\/\/www.facebook.com\/notibras\/\" \/>\n<meta property=\"article:published_time\" content=\"2015-12-14T01:55:38+00:00\" \/>\n<meta property=\"og:image\" content=\"https:\/\/www.notibras.com\/site\/wp-content\/uploads\/2015\/12\/profora.jpeg\" \/>\n\t<meta property=\"og:image:width\" content=\"480\" \/>\n\t<meta property=\"og:image:height\" content=\"360\" \/>\n\t<meta property=\"og:image:type\" content=\"image\/jpeg\" \/>\n<meta name=\"author\" content=\"Reda\u00e7\u00e3o\" \/>\n<meta name=\"twitter:card\" content=\"summary_large_image\" \/>\n<meta name=\"twitter:creator\" content=\"@Notibras\" \/>\n<meta name=\"twitter:site\" content=\"@Notibras\" \/>\n<meta name=\"twitter:label1\" content=\"Escrito por\" \/>\n\t<meta name=\"twitter:data1\" content=\"Reda\u00e7\u00e3o\" \/>\n\t<meta name=\"twitter:label2\" content=\"Est. tempo de leitura\" \/>\n\t<meta name=\"twitter:data2\" content=\"3 minutos\" \/>\n<script type=\"application\/ld+json\" class=\"yoast-schema-graph\">{\"@context\":\"https:\/\/schema.org\",\"@graph\":[{\"@type\":\"Article\",\"@id\":\"https:\/\/www.notibras.com\/site\/esta-na-hora-de-o-povo-brasileiro-dar-um-basta-no-governo-dilma\/#article\",\"isPartOf\":{\"@id\":\"https:\/\/www.notibras.com\/site\/esta-na-hora-de-o-povo-brasileiro-dar-um-basta-no-governo-dilma\/\"},\"author\":{\"name\":\"Reda\u00e7\u00e3o\",\"@id\":\"https:\/\/www.notibras.com\/site\/#\/schema\/person\/36ab0979449956132d3e5b517ea76ac8\"},\"headline\":\"Est\u00e1 na hora de o povo brasileiro dar um basta no governo Dilma\",\"datePublished\":\"2015-12-14T01:55:38+00:00\",\"mainEntityOfPage\":{\"@id\":\"https:\/\/www.notibras.com\/site\/esta-na-hora-de-o-povo-brasileiro-dar-um-basta-no-governo-dilma\/\"},\"wordCount\":541,\"commentCount\":0,\"publisher\":{\"@id\":\"https:\/\/www.notibras.com\/site\/#organization\"},\"image\":{\"@id\":\"https:\/\/www.notibras.com\/site\/esta-na-hora-de-o-povo-brasileiro-dar-um-basta-no-governo-dilma\/#primaryimage\"},\"thumbnailUrl\":\"https:\/\/www.notibras.com\/site\/wp-content\/uploads\/2015\/12\/profora.jpeg\",\"articleSection\":[\"Opina a\u00ed\"],\"inLanguage\":\"pt-BR\",\"potentialAction\":[{\"@type\":\"CommentAction\",\"name\":\"Comment\",\"target\":[\"https:\/\/www.notibras.com\/site\/esta-na-hora-de-o-povo-brasileiro-dar-um-basta-no-governo-dilma\/#respond\"]}]},{\"@type\":\"WebPage\",\"@id\":\"https:\/\/www.notibras.com\/site\/esta-na-hora-de-o-povo-brasileiro-dar-um-basta-no-governo-dilma\/\",\"url\":\"https:\/\/www.notibras.com\/site\/esta-na-hora-de-o-povo-brasileiro-dar-um-basta-no-governo-dilma\/\",\"name\":\"Est\u00e1 na hora de o povo brasileiro dar um basta no governo Dilma - Notibras\",\"isPartOf\":{\"@id\":\"https:\/\/www.notibras.com\/site\/#website\"},\"primaryImageOfPage\":{\"@id\":\"https:\/\/www.notibras.com\/site\/esta-na-hora-de-o-povo-brasileiro-dar-um-basta-no-governo-dilma\/#primaryimage\"},\"image\":{\"@id\":\"https:\/\/www.notibras.com\/site\/esta-na-hora-de-o-povo-brasileiro-dar-um-basta-no-governo-dilma\/#primaryimage\"},\"thumbnailUrl\":\"https:\/\/www.notibras.com\/site\/wp-content\/uploads\/2015\/12\/profora.jpeg\",\"datePublished\":\"2015-12-14T01:55:38+00:00\",\"breadcrumb\":{\"@id\":\"https:\/\/www.notibras.com\/site\/esta-na-hora-de-o-povo-brasileiro-dar-um-basta-no-governo-dilma\/#breadcrumb\"},\"inLanguage\":\"pt-BR\",\"potentialAction\":[{\"@type\":\"ReadAction\",\"target\":[\"https:\/\/www.notibras.com\/site\/esta-na-hora-de-o-povo-brasileiro-dar-um-basta-no-governo-dilma\/\"]}]},{\"@type\":\"ImageObject\",\"inLanguage\":\"pt-BR\",\"@id\":\"https:\/\/www.notibras.com\/site\/esta-na-hora-de-o-povo-brasileiro-dar-um-basta-no-governo-dilma\/#primaryimage\",\"url\":\"https:\/\/www.notibras.com\/site\/wp-content\/uploads\/2015\/12\/profora.jpeg\",\"contentUrl\":\"https:\/\/www.notibras.com\/site\/wp-content\/uploads\/2015\/12\/profora.jpeg\",\"width\":480,\"height\":360},{\"@type\":\"BreadcrumbList\",\"@id\":\"https:\/\/www.notibras.com\/site\/esta-na-hora-de-o-povo-brasileiro-dar-um-basta-no-governo-dilma\/#breadcrumb\",\"itemListElement\":[{\"@type\":\"ListItem\",\"position\":1,\"name\":\"In\u00edcio\",\"item\":\"https:\/\/www.notibras.com\/site\/\"},{\"@type\":\"ListItem\",\"position\":2,\"name\":\"Est\u00e1 na hora de o povo brasileiro dar um basta no governo Dilma\"}]},{\"@type\":\"WebSite\",\"@id\":\"https:\/\/www.notibras.com\/site\/#website\",\"url\":\"https:\/\/www.notibras.com\/site\/\",\"name\":\"Notibras\",\"description\":\"Not\u00edcias de Bras\u00edlia, do Brasil e do Mundo\",\"publisher\":{\"@id\":\"https:\/\/www.notibras.com\/site\/#organization\"},\"potentialAction\":[{\"@type\":\"SearchAction\",\"target\":{\"@type\":\"EntryPoint\",\"urlTemplate\":\"https:\/\/www.notibras.com\/site\/?s={search_term_string}\"},\"query-input\":{\"@type\":\"PropertyValueSpecification\",\"valueRequired\":true,\"valueName\":\"search_term_string\"}}],\"inLanguage\":\"pt-BR\"},{\"@type\":\"Organization\",\"@id\":\"https:\/\/www.notibras.com\/site\/#organization\",\"name\":\"Grupo Notibras de Comunica\u00e7\u00e3o\",\"url\":\"https:\/\/www.notibras.com\/site\/\",\"logo\":{\"@type\":\"ImageObject\",\"inLanguage\":\"pt-BR\",\"@id\":\"https:\/\/www.notibras.com\/site\/#\/schema\/logo\/image\/\",\"url\":\"https:\/\/www.notibras.com\/site\/wp-content\/uploads\/2023\/01\/notibras23.png\",\"contentUrl\":\"https:\/\/www.notibras.com\/site\/wp-content\/uploads\/2023\/01\/notibras23.png\",\"width\":350,\"height\":87,\"caption\":\"Grupo Notibras de Comunica\u00e7\u00e3o\"},\"image\":{\"@id\":\"https:\/\/www.notibras.com\/site\/#\/schema\/logo\/image\/\"},\"sameAs\":[\"https:\/\/www.facebook.com\/notibras\/\",\"https:\/\/x.com\/Notibras\",\"https:\/\/www.instagram.com\/notibras\/\"]},{\"@type\":\"Person\",\"@id\":\"https:\/\/www.notibras.com\/site\/#\/schema\/person\/36ab0979449956132d3e5b517ea76ac8\",\"name\":\"Reda\u00e7\u00e3o\",\"image\":{\"@type\":\"ImageObject\",\"inLanguage\":\"pt-BR\",\"@id\":\"https:\/\/secure.gravatar.com\/avatar\/e0a867bdedb85fd243eadf09663511f96fc81e0720a4a42581f334ad4303aa6b?s=96&d=mm&r=g\",\"url\":\"https:\/\/secure.gravatar.com\/avatar\/e0a867bdedb85fd243eadf09663511f96fc81e0720a4a42581f334ad4303aa6b?s=96&d=mm&r=g\",\"contentUrl\":\"https:\/\/secure.gravatar.com\/avatar\/e0a867bdedb85fd243eadf09663511f96fc81e0720a4a42581f334ad4303aa6b?s=96&d=mm&r=g\",\"caption\":\"Reda\u00e7\u00e3o\"}}]}<\/script>\n<!-- \/ Yoast SEO plugin. -->","yoast_head_json":{"title":"Est\u00e1 na hora de o povo brasileiro dar um basta no governo Dilma - Notibras","robots":{"index":"index","follow":"follow","max-snippet":"max-snippet:-1","max-image-preview":"max-image-preview:large","max-video-preview":"max-video-preview:-1"},"canonical":"https:\/\/www.notibras.com\/site\/esta-na-hora-de-o-povo-brasileiro-dar-um-basta-no-governo-dilma\/","og_locale":"pt_BR","og_type":"article","og_title":"Est\u00e1 na hora de o povo brasileiro dar um basta no governo Dilma - Notibras","og_description":"Carlos Sampaio A C\u00e2mara dos Deputados volta a ser protagonista da hist\u00f3ria ao deferir o pedido de impeachment da presidente Dilma Rousseff, apresentado pelos partidos de oposi\u00e7\u00e3o em outubro. Com isso, prova que est\u00e1 em conson\u00e2ncia com o desejo da maioria da popula\u00e7\u00e3o brasileira \u2013j\u00e1 expresso em recentes pesquisas de opini\u00e3o p\u00fablica\u2013, que clama pelo [&hellip;]","og_url":"https:\/\/www.notibras.com\/site\/esta-na-hora-de-o-povo-brasileiro-dar-um-basta-no-governo-dilma\/","og_site_name":"Notibras","article_publisher":"https:\/\/www.facebook.com\/notibras\/","article_published_time":"2015-12-14T01:55:38+00:00","og_image":[{"width":480,"height":360,"url":"https:\/\/www.notibras.com\/site\/wp-content\/uploads\/2015\/12\/profora.jpeg","type":"image\/jpeg"}],"author":"Reda\u00e7\u00e3o","twitter_card":"summary_large_image","twitter_creator":"@Notibras","twitter_site":"@Notibras","twitter_misc":{"Escrito por":"Reda\u00e7\u00e3o","Est. tempo de leitura":"3 minutos"},"schema":{"@context":"https:\/\/schema.org","@graph":[{"@type":"Article","@id":"https:\/\/www.notibras.com\/site\/esta-na-hora-de-o-povo-brasileiro-dar-um-basta-no-governo-dilma\/#article","isPartOf":{"@id":"https:\/\/www.notibras.com\/site\/esta-na-hora-de-o-povo-brasileiro-dar-um-basta-no-governo-dilma\/"},"author":{"name":"Reda\u00e7\u00e3o","@id":"https:\/\/www.notibras.com\/site\/#\/schema\/person\/36ab0979449956132d3e5b517ea76ac8"},"headline":"Est\u00e1 na hora de o povo brasileiro dar um basta no governo Dilma","datePublished":"2015-12-14T01:55:38+00:00","mainEntityOfPage":{"@id":"https:\/\/www.notibras.com\/site\/esta-na-hora-de-o-povo-brasileiro-dar-um-basta-no-governo-dilma\/"},"wordCount":541,"commentCount":0,"publisher":{"@id":"https:\/\/www.notibras.com\/site\/#organization"},"image":{"@id":"https:\/\/www.notibras.com\/site\/esta-na-hora-de-o-povo-brasileiro-dar-um-basta-no-governo-dilma\/#primaryimage"},"thumbnailUrl":"https:\/\/www.notibras.com\/site\/wp-content\/uploads\/2015\/12\/profora.jpeg","articleSection":["Opina a\u00ed"],"inLanguage":"pt-BR","potentialAction":[{"@type":"CommentAction","name":"Comment","target":["https:\/\/www.notibras.com\/site\/esta-na-hora-de-o-povo-brasileiro-dar-um-basta-no-governo-dilma\/#respond"]}]},{"@type":"WebPage","@id":"https:\/\/www.notibras.com\/site\/esta-na-hora-de-o-povo-brasileiro-dar-um-basta-no-governo-dilma\/","url":"https:\/\/www.notibras.com\/site\/esta-na-hora-de-o-povo-brasileiro-dar-um-basta-no-governo-dilma\/","name":"Est\u00e1 na hora de o povo brasileiro dar um basta no governo Dilma - Notibras","isPartOf":{"@id":"https:\/\/www.notibras.com\/site\/#website"},"primaryImageOfPage":{"@id":"https:\/\/www.notibras.com\/site\/esta-na-hora-de-o-povo-brasileiro-dar-um-basta-no-governo-dilma\/#primaryimage"},"image":{"@id":"https:\/\/www.notibras.com\/site\/esta-na-hora-de-o-povo-brasileiro-dar-um-basta-no-governo-dilma\/#primaryimage"},"thumbnailUrl":"https:\/\/www.notibras.com\/site\/wp-content\/uploads\/2015\/12\/profora.jpeg","datePublished":"2015-12-14T01:55:38+00:00","breadcrumb":{"@id":"https:\/\/www.notibras.com\/site\/esta-na-hora-de-o-povo-brasileiro-dar-um-basta-no-governo-dilma\/#breadcrumb"},"inLanguage":"pt-BR","potentialAction":[{"@type":"ReadAction","target":["https:\/\/www.notibras.com\/site\/esta-na-hora-de-o-povo-brasileiro-dar-um-basta-no-governo-dilma\/"]}]},{"@type":"ImageObject","inLanguage":"pt-BR","@id":"https:\/\/www.notibras.com\/site\/esta-na-hora-de-o-povo-brasileiro-dar-um-basta-no-governo-dilma\/#primaryimage","url":"https:\/\/www.notibras.com\/site\/wp-content\/uploads\/2015\/12\/profora.jpeg","contentUrl":"https:\/\/www.notibras.com\/site\/wp-content\/uploads\/2015\/12\/profora.jpeg","width":480,"height":360},{"@type":"BreadcrumbList","@id":"https:\/\/www.notibras.com\/site\/esta-na-hora-de-o-povo-brasileiro-dar-um-basta-no-governo-dilma\/#breadcrumb","itemListElement":[{"@type":"ListItem","position":1,"name":"In\u00edcio","item":"https:\/\/www.notibras.com\/site\/"},{"@type":"ListItem","position":2,"name":"Est\u00e1 na hora de o povo brasileiro dar um basta no governo Dilma"}]},{"@type":"WebSite","@id":"https:\/\/www.notibras.com\/site\/#website","url":"https:\/\/www.notibras.com\/site\/","name":"Notibras","description":"Not\u00edcias de Bras\u00edlia, do Brasil e do Mundo","publisher":{"@id":"https:\/\/www.notibras.com\/site\/#organization"},"potentialAction":[{"@type":"SearchAction","target":{"@type":"EntryPoint","urlTemplate":"https:\/\/www.notibras.com\/site\/?s={search_term_string}"},"query-input":{"@type":"PropertyValueSpecification","valueRequired":true,"valueName":"search_term_string"}}],"inLanguage":"pt-BR"},{"@type":"Organization","@id":"https:\/\/www.notibras.com\/site\/#organization","name":"Grupo Notibras de Comunica\u00e7\u00e3o","url":"https:\/\/www.notibras.com\/site\/","logo":{"@type":"ImageObject","inLanguage":"pt-BR","@id":"https:\/\/www.notibras.com\/site\/#\/schema\/logo\/image\/","url":"https:\/\/www.notibras.com\/site\/wp-content\/uploads\/2023\/01\/notibras23.png","contentUrl":"https:\/\/www.notibras.com\/site\/wp-content\/uploads\/2023\/01\/notibras23.png","width":350,"height":87,"caption":"Grupo Notibras de Comunica\u00e7\u00e3o"},"image":{"@id":"https:\/\/www.notibras.com\/site\/#\/schema\/logo\/image\/"},"sameAs":["https:\/\/www.facebook.com\/notibras\/","https:\/\/x.com\/Notibras","https:\/\/www.instagram.com\/notibras\/"]},{"@type":"Person","@id":"https:\/\/www.notibras.com\/site\/#\/schema\/person\/36ab0979449956132d3e5b517ea76ac8","name":"Reda\u00e7\u00e3o","image":{"@type":"ImageObject","inLanguage":"pt-BR","@id":"https:\/\/secure.gravatar.com\/avatar\/e0a867bdedb85fd243eadf09663511f96fc81e0720a4a42581f334ad4303aa6b?s=96&d=mm&r=g","url":"https:\/\/secure.gravatar.com\/avatar\/e0a867bdedb85fd243eadf09663511f96fc81e0720a4a42581f334ad4303aa6b?s=96&d=mm&r=g","contentUrl":"https:\/\/secure.gravatar.com\/avatar\/e0a867bdedb85fd243eadf09663511f96fc81e0720a4a42581f334ad4303aa6b?s=96&d=mm&r=g","caption":"Reda\u00e7\u00e3o"}}]}},"amp_enabled":true,"_links":{"self":[{"href":"https:\/\/www.notibras.com\/site\/wp-json\/wp\/v2\/posts\/80905","targetHints":{"allow":["GET"]}}],"collection":[{"href":"https:\/\/www.notibras.com\/site\/wp-json\/wp\/v2\/posts"}],"about":[{"href":"https:\/\/www.notibras.com\/site\/wp-json\/wp\/v2\/types\/post"}],"author":[{"embeddable":true,"href":"https:\/\/www.notibras.com\/site\/wp-json\/wp\/v2\/users\/2"}],"replies":[{"embeddable":true,"href":"https:\/\/www.notibras.com\/site\/wp-json\/wp\/v2\/comments?post=80905"}],"version-history":[{"count":1,"href":"https:\/\/www.notibras.com\/site\/wp-json\/wp\/v2\/posts\/80905\/revisions"}],"predecessor-version":[{"id":80907,"href":"https:\/\/www.notibras.com\/site\/wp-json\/wp\/v2\/posts\/80905\/revisions\/80907"}],"wp:featuredmedia":[{"embeddable":true,"href":"https:\/\/www.notibras.com\/site\/wp-json\/wp\/v2\/media\/80906"}],"wp:attachment":[{"href":"https:\/\/www.notibras.com\/site\/wp-json\/wp\/v2\/media?parent=80905"}],"wp:term":[{"taxonomy":"category","embeddable":true,"href":"https:\/\/www.notibras.com\/site\/wp-json\/wp\/v2\/categories?post=80905"},{"taxonomy":"post_tag","embeddable":true,"href":"https:\/\/www.notibras.com\/site\/wp-json\/wp\/v2\/tags?post=80905"}],"curies":[{"name":"wp","href":"https:\/\/api.w.org\/{rel}","templated":true}]}}