{"id":8097,"date":"2014-05-03T15:04:22","date_gmt":"2014-05-03T18:04:22","guid":{"rendered":"http:\/\/www.notibras.com\/site\/?p=8097"},"modified":"2014-05-04T02:17:44","modified_gmt":"2014-05-04T05:17:44","slug":"mae-dinah-que-previu-morte-de-famosos-morre-no-ostracismo-em-sao-paulo","status":"publish","type":"post","link":"https:\/\/www.notibras.com\/site\/mae-dinah-que-previu-morte-de-famosos-morre-no-ostracismo-em-sao-paulo\/","title":{"rendered":"M\u00e3e Dinah, que previu morte de famosos, morre esquecida"},"content":{"rendered":"<p>M\u00e3e Dinah morreu em S\u00e3o Palo, na manh\u00e3 da sexta-feira 2. Somente 24 horas ap\u00f3s a morte, a not\u00edcia foi tornada p\u00fablica. Ela morreu no ostracismo, embora tenha previsto a morte (com raros acertos) de pessoas famosas.<\/p>\n<p>O atestado de \u00f3bito consta como causa da morte um choque s\u00e9ptico gastrointestinal e fal\u00eancia de m\u00faltiplos \u00f3rg\u00e3os e sistemas. Ela tinha 83 anos.<\/p>\n<p>Conhecida como M\u00e3e Din\u00e1h, a vidente Benedicta Finazza nasceu em S\u00e3o Paulo, no bairro do Para\u00edso. Desde crian\u00e7a j\u00e1 indicava sensa\u00e7\u00f5es e vis\u00f5es de m\u00e9dium. Com pais incr\u00e9dulos, aos 7 anos a garota previu que sua av\u00f3 morreria e desde ent\u00e3o conquistou a confian\u00e7a da fam\u00edlia.<\/p>\n<p>Apesar de ter o sonho de se tornar freira ou cantora, logo aos 13 anos a jovem come\u00e7ou a atender amigos e vizinhos em consultas e previs\u00f5es.<\/p>\n<p>Um dos momentos mais marcantes da carreira de M\u00e3e Din\u00e1h foi quando previu que em 1994 Ayrton Senna teria um \u00f3timo ano, justamente quando ele se acidentou e morreu.<\/p>\n<p>No entanto, em outra vis\u00e3o previu a morte da banda Mamonas Assassinas. Ela costumava dizer que, ao ver os rapazes na TV, eles apareciam para ela cobertos de uma fuma\u00e7a preta. Em 1996, os integrantes morreram em um acidente de avi\u00e3o.<\/p>\n<p>Seu \u00faltimo trabalho em p\u00fablico foi em 2013, na MTV, em que protagonizava alguns comerciais ironizando suas pr\u00f3prias previs\u00f5es.<\/p>\n","protected":false},"excerpt":{"rendered":"<p>M\u00e3e Dinah morreu em S\u00e3o Palo, na manh\u00e3 da sexta-feira 2. Somente 24 horas ap\u00f3s a morte, a not\u00edcia foi tornada p\u00fablica. Ela morreu no ostracismo, embora tenha previsto a morte (com raros acertos) de pessoas famosas. O atestado de \u00f3bito consta como causa da morte um choque s\u00e9ptico gastrointestinal e fal\u00eancia de m\u00faltiplos \u00f3rg\u00e3os [&hellip;]<\/p>\n","protected":false},"author":2,"featured_media":8098,"comment_status":"open","ping_status":"closed","sticky":false,"template":"","format":"standard","meta":{"_acf_changed":false,"footnotes":""},"categories":[16],"tags":[],"class_list":["post-8097","post","type-post","status-publish","format-standard","has-post-thumbnail","hentry","category-brasil"],"acf":[],"yoast_head":"<!-- This site is optimized with the Yoast SEO plugin v27.2 - https:\/\/yoast.com\/product\/yoast-seo-wordpress\/ -->\n<title>M\u00e3e Dinah, que previu morte de famosos, morre esquecida - Notibras<\/title>\n<meta name=\"robots\" content=\"index, follow, max-snippet:-1, max-image-preview:large, max-video-preview:-1\" \/>\n<link rel=\"canonical\" href=\"https:\/\/www.notibras.com\/site\/mae-dinah-que-previu-morte-de-famosos-morre-no-ostracismo-em-sao-paulo\/\" \/>\n<meta property=\"og:locale\" content=\"pt_BR\" \/>\n<meta property=\"og:type\" content=\"article\" \/>\n<meta property=\"og:title\" content=\"M\u00e3e Dinah, que previu morte de famosos, morre esquecida - Notibras\" \/>\n<meta property=\"og:description\" content=\"M\u00e3e Dinah morreu em S\u00e3o Palo, na manh\u00e3 da sexta-feira 2. Somente 24 horas ap\u00f3s a morte, a not\u00edcia foi tornada p\u00fablica. Ela morreu no ostracismo, embora tenha previsto a morte (com raros acertos) de pessoas famosas. O atestado de \u00f3bito consta como causa da morte um choque s\u00e9ptico gastrointestinal e fal\u00eancia de m\u00faltiplos \u00f3rg\u00e3os [&hellip;]\" \/>\n<meta property=\"og:url\" content=\"https:\/\/www.notibras.com\/site\/mae-dinah-que-previu-morte-de-famosos-morre-no-ostracismo-em-sao-paulo\/\" \/>\n<meta property=\"og:site_name\" content=\"Notibras\" \/>\n<meta property=\"article:publisher\" content=\"https:\/\/www.facebook.com\/notibras\/\" \/>\n<meta property=\"article:published_time\" content=\"2014-05-03T18:04:22+00:00\" \/>\n<meta property=\"article:modified_time\" content=\"2014-05-04T05:17:44+00:00\" \/>\n<meta property=\"og:image\" content=\"https:\/\/www.notibras.com\/site\/wp-content\/uploads\/2014\/05\/mae.jpg\" \/>\n\t<meta property=\"og:image:width\" content=\"600\" \/>\n\t<meta property=\"og:image:height\" content=\"450\" \/>\n\t<meta property=\"og:image:type\" content=\"image\/jpeg\" \/>\n<meta name=\"author\" content=\"Reda\u00e7\u00e3o\" \/>\n<meta name=\"twitter:card\" content=\"summary_large_image\" \/>\n<meta name=\"twitter:creator\" content=\"@Notibras\" \/>\n<meta name=\"twitter:site\" content=\"@Notibras\" \/>\n<meta name=\"twitter:label1\" content=\"Escrito por\" \/>\n\t<meta name=\"twitter:data1\" content=\"Reda\u00e7\u00e3o\" \/>\n\t<meta name=\"twitter:label2\" content=\"Est. tempo de leitura\" \/>\n\t<meta name=\"twitter:data2\" content=\"1 minuto\" \/>\n<script type=\"application\/ld+json\" class=\"yoast-schema-graph\">{\"@context\":\"https:\/\/schema.org\",\"@graph\":[{\"@type\":\"Article\",\"@id\":\"https:\/\/www.notibras.com\/site\/mae-dinah-que-previu-morte-de-famosos-morre-no-ostracismo-em-sao-paulo\/#article\",\"isPartOf\":{\"@id\":\"https:\/\/www.notibras.com\/site\/mae-dinah-que-previu-morte-de-famosos-morre-no-ostracismo-em-sao-paulo\/\"},\"author\":{\"name\":\"Reda\u00e7\u00e3o\",\"@id\":\"https:\/\/www.notibras.com\/site\/#\/schema\/person\/36ab0979449956132d3e5b517ea76ac8\"},\"headline\":\"M\u00e3e Dinah, que previu morte de famosos, morre esquecida\",\"datePublished\":\"2014-05-03T18:04:22+00:00\",\"dateModified\":\"2014-05-04T05:17:44+00:00\",\"mainEntityOfPage\":{\"@id\":\"https:\/\/www.notibras.com\/site\/mae-dinah-que-previu-morte-de-famosos-morre-no-ostracismo-em-sao-paulo\/\"},\"wordCount\":256,\"commentCount\":0,\"publisher\":{\"@id\":\"https:\/\/www.notibras.com\/site\/#organization\"},\"image\":{\"@id\":\"https:\/\/www.notibras.com\/site\/mae-dinah-que-previu-morte-de-famosos-morre-no-ostracismo-em-sao-paulo\/#primaryimage\"},\"thumbnailUrl\":\"https:\/\/www.notibras.com\/site\/wp-content\/uploads\/2014\/05\/mae.jpg\",\"articleSection\":[\"Brasil\"],\"inLanguage\":\"pt-BR\",\"potentialAction\":[{\"@type\":\"CommentAction\",\"name\":\"Comment\",\"target\":[\"https:\/\/www.notibras.com\/site\/mae-dinah-que-previu-morte-de-famosos-morre-no-ostracismo-em-sao-paulo\/#respond\"]}]},{\"@type\":\"WebPage\",\"@id\":\"https:\/\/www.notibras.com\/site\/mae-dinah-que-previu-morte-de-famosos-morre-no-ostracismo-em-sao-paulo\/\",\"url\":\"https:\/\/www.notibras.com\/site\/mae-dinah-que-previu-morte-de-famosos-morre-no-ostracismo-em-sao-paulo\/\",\"name\":\"M\u00e3e Dinah, que previu morte de famosos, morre esquecida - Notibras\",\"isPartOf\":{\"@id\":\"https:\/\/www.notibras.com\/site\/#website\"},\"primaryImageOfPage\":{\"@id\":\"https:\/\/www.notibras.com\/site\/mae-dinah-que-previu-morte-de-famosos-morre-no-ostracismo-em-sao-paulo\/#primaryimage\"},\"image\":{\"@id\":\"https:\/\/www.notibras.com\/site\/mae-dinah-que-previu-morte-de-famosos-morre-no-ostracismo-em-sao-paulo\/#primaryimage\"},\"thumbnailUrl\":\"https:\/\/www.notibras.com\/site\/wp-content\/uploads\/2014\/05\/mae.jpg\",\"datePublished\":\"2014-05-03T18:04:22+00:00\",\"dateModified\":\"2014-05-04T05:17:44+00:00\",\"breadcrumb\":{\"@id\":\"https:\/\/www.notibras.com\/site\/mae-dinah-que-previu-morte-de-famosos-morre-no-ostracismo-em-sao-paulo\/#breadcrumb\"},\"inLanguage\":\"pt-BR\",\"potentialAction\":[{\"@type\":\"ReadAction\",\"target\":[\"https:\/\/www.notibras.com\/site\/mae-dinah-que-previu-morte-de-famosos-morre-no-ostracismo-em-sao-paulo\/\"]}]},{\"@type\":\"ImageObject\",\"inLanguage\":\"pt-BR\",\"@id\":\"https:\/\/www.notibras.com\/site\/mae-dinah-que-previu-morte-de-famosos-morre-no-ostracismo-em-sao-paulo\/#primaryimage\",\"url\":\"https:\/\/www.notibras.com\/site\/wp-content\/uploads\/2014\/05\/mae.jpg\",\"contentUrl\":\"https:\/\/www.notibras.com\/site\/wp-content\/uploads\/2014\/05\/mae.jpg\",\"width\":600,\"height\":450},{\"@type\":\"BreadcrumbList\",\"@id\":\"https:\/\/www.notibras.com\/site\/mae-dinah-que-previu-morte-de-famosos-morre-no-ostracismo-em-sao-paulo\/#breadcrumb\",\"itemListElement\":[{\"@type\":\"ListItem\",\"position\":1,\"name\":\"In\u00edcio\",\"item\":\"https:\/\/www.notibras.com\/site\/\"},{\"@type\":\"ListItem\",\"position\":2,\"name\":\"M\u00e3e Dinah, que previu morte de famosos, morre esquecida\"}]},{\"@type\":\"WebSite\",\"@id\":\"https:\/\/www.notibras.com\/site\/#website\",\"url\":\"https:\/\/www.notibras.com\/site\/\",\"name\":\"Notibras\",\"description\":\"Not\u00edcias de Bras\u00edlia, do Brasil e do Mundo\",\"publisher\":{\"@id\":\"https:\/\/www.notibras.com\/site\/#organization\"},\"potentialAction\":[{\"@type\":\"SearchAction\",\"target\":{\"@type\":\"EntryPoint\",\"urlTemplate\":\"https:\/\/www.notibras.com\/site\/?s={search_term_string}\"},\"query-input\":{\"@type\":\"PropertyValueSpecification\",\"valueRequired\":true,\"valueName\":\"search_term_string\"}}],\"inLanguage\":\"pt-BR\"},{\"@type\":\"Organization\",\"@id\":\"https:\/\/www.notibras.com\/site\/#organization\",\"name\":\"Grupo Notibras de Comunica\u00e7\u00e3o\",\"url\":\"https:\/\/www.notibras.com\/site\/\",\"logo\":{\"@type\":\"ImageObject\",\"inLanguage\":\"pt-BR\",\"@id\":\"https:\/\/www.notibras.com\/site\/#\/schema\/logo\/image\/\",\"url\":\"https:\/\/www.notibras.com\/site\/wp-content\/uploads\/2023\/01\/notibras23.png\",\"contentUrl\":\"https:\/\/www.notibras.com\/site\/wp-content\/uploads\/2023\/01\/notibras23.png\",\"width\":350,\"height\":87,\"caption\":\"Grupo Notibras de Comunica\u00e7\u00e3o\"},\"image\":{\"@id\":\"https:\/\/www.notibras.com\/site\/#\/schema\/logo\/image\/\"},\"sameAs\":[\"https:\/\/www.facebook.com\/notibras\/\",\"https:\/\/x.com\/Notibras\",\"https:\/\/www.instagram.com\/notibras\/\"]},{\"@type\":\"Person\",\"@id\":\"https:\/\/www.notibras.com\/site\/#\/schema\/person\/36ab0979449956132d3e5b517ea76ac8\",\"name\":\"Reda\u00e7\u00e3o\",\"image\":{\"@type\":\"ImageObject\",\"inLanguage\":\"pt-BR\",\"@id\":\"https:\/\/secure.gravatar.com\/avatar\/e0a867bdedb85fd243eadf09663511f96fc81e0720a4a42581f334ad4303aa6b?s=96&d=mm&r=g\",\"url\":\"https:\/\/secure.gravatar.com\/avatar\/e0a867bdedb85fd243eadf09663511f96fc81e0720a4a42581f334ad4303aa6b?s=96&d=mm&r=g\",\"contentUrl\":\"https:\/\/secure.gravatar.com\/avatar\/e0a867bdedb85fd243eadf09663511f96fc81e0720a4a42581f334ad4303aa6b?s=96&d=mm&r=g\",\"caption\":\"Reda\u00e7\u00e3o\"}}]}<\/script>\n<!-- \/ Yoast SEO plugin. -->","yoast_head_json":{"title":"M\u00e3e Dinah, que previu morte de famosos, morre esquecida - Notibras","robots":{"index":"index","follow":"follow","max-snippet":"max-snippet:-1","max-image-preview":"max-image-preview:large","max-video-preview":"max-video-preview:-1"},"canonical":"https:\/\/www.notibras.com\/site\/mae-dinah-que-previu-morte-de-famosos-morre-no-ostracismo-em-sao-paulo\/","og_locale":"pt_BR","og_type":"article","og_title":"M\u00e3e Dinah, que previu morte de famosos, morre esquecida - Notibras","og_description":"M\u00e3e Dinah morreu em S\u00e3o Palo, na manh\u00e3 da sexta-feira 2. Somente 24 horas ap\u00f3s a morte, a not\u00edcia foi tornada p\u00fablica. Ela morreu no ostracismo, embora tenha previsto a morte (com raros acertos) de pessoas famosas. O atestado de \u00f3bito consta como causa da morte um choque s\u00e9ptico gastrointestinal e fal\u00eancia de m\u00faltiplos \u00f3rg\u00e3os [&hellip;]","og_url":"https:\/\/www.notibras.com\/site\/mae-dinah-que-previu-morte-de-famosos-morre-no-ostracismo-em-sao-paulo\/","og_site_name":"Notibras","article_publisher":"https:\/\/www.facebook.com\/notibras\/","article_published_time":"2014-05-03T18:04:22+00:00","article_modified_time":"2014-05-04T05:17:44+00:00","og_image":[{"width":600,"height":450,"url":"https:\/\/www.notibras.com\/site\/wp-content\/uploads\/2014\/05\/mae.jpg","type":"image\/jpeg"}],"author":"Reda\u00e7\u00e3o","twitter_card":"summary_large_image","twitter_creator":"@Notibras","twitter_site":"@Notibras","twitter_misc":{"Escrito por":"Reda\u00e7\u00e3o","Est. tempo de leitura":"1 minuto"},"schema":{"@context":"https:\/\/schema.org","@graph":[{"@type":"Article","@id":"https:\/\/www.notibras.com\/site\/mae-dinah-que-previu-morte-de-famosos-morre-no-ostracismo-em-sao-paulo\/#article","isPartOf":{"@id":"https:\/\/www.notibras.com\/site\/mae-dinah-que-previu-morte-de-famosos-morre-no-ostracismo-em-sao-paulo\/"},"author":{"name":"Reda\u00e7\u00e3o","@id":"https:\/\/www.notibras.com\/site\/#\/schema\/person\/36ab0979449956132d3e5b517ea76ac8"},"headline":"M\u00e3e Dinah, que previu morte de famosos, morre esquecida","datePublished":"2014-05-03T18:04:22+00:00","dateModified":"2014-05-04T05:17:44+00:00","mainEntityOfPage":{"@id":"https:\/\/www.notibras.com\/site\/mae-dinah-que-previu-morte-de-famosos-morre-no-ostracismo-em-sao-paulo\/"},"wordCount":256,"commentCount":0,"publisher":{"@id":"https:\/\/www.notibras.com\/site\/#organization"},"image":{"@id":"https:\/\/www.notibras.com\/site\/mae-dinah-que-previu-morte-de-famosos-morre-no-ostracismo-em-sao-paulo\/#primaryimage"},"thumbnailUrl":"https:\/\/www.notibras.com\/site\/wp-content\/uploads\/2014\/05\/mae.jpg","articleSection":["Brasil"],"inLanguage":"pt-BR","potentialAction":[{"@type":"CommentAction","name":"Comment","target":["https:\/\/www.notibras.com\/site\/mae-dinah-que-previu-morte-de-famosos-morre-no-ostracismo-em-sao-paulo\/#respond"]}]},{"@type":"WebPage","@id":"https:\/\/www.notibras.com\/site\/mae-dinah-que-previu-morte-de-famosos-morre-no-ostracismo-em-sao-paulo\/","url":"https:\/\/www.notibras.com\/site\/mae-dinah-que-previu-morte-de-famosos-morre-no-ostracismo-em-sao-paulo\/","name":"M\u00e3e Dinah, que previu morte de famosos, morre esquecida - Notibras","isPartOf":{"@id":"https:\/\/www.notibras.com\/site\/#website"},"primaryImageOfPage":{"@id":"https:\/\/www.notibras.com\/site\/mae-dinah-que-previu-morte-de-famosos-morre-no-ostracismo-em-sao-paulo\/#primaryimage"},"image":{"@id":"https:\/\/www.notibras.com\/site\/mae-dinah-que-previu-morte-de-famosos-morre-no-ostracismo-em-sao-paulo\/#primaryimage"},"thumbnailUrl":"https:\/\/www.notibras.com\/site\/wp-content\/uploads\/2014\/05\/mae.jpg","datePublished":"2014-05-03T18:04:22+00:00","dateModified":"2014-05-04T05:17:44+00:00","breadcrumb":{"@id":"https:\/\/www.notibras.com\/site\/mae-dinah-que-previu-morte-de-famosos-morre-no-ostracismo-em-sao-paulo\/#breadcrumb"},"inLanguage":"pt-BR","potentialAction":[{"@type":"ReadAction","target":["https:\/\/www.notibras.com\/site\/mae-dinah-que-previu-morte-de-famosos-morre-no-ostracismo-em-sao-paulo\/"]}]},{"@type":"ImageObject","inLanguage":"pt-BR","@id":"https:\/\/www.notibras.com\/site\/mae-dinah-que-previu-morte-de-famosos-morre-no-ostracismo-em-sao-paulo\/#primaryimage","url":"https:\/\/www.notibras.com\/site\/wp-content\/uploads\/2014\/05\/mae.jpg","contentUrl":"https:\/\/www.notibras.com\/site\/wp-content\/uploads\/2014\/05\/mae.jpg","width":600,"height":450},{"@type":"BreadcrumbList","@id":"https:\/\/www.notibras.com\/site\/mae-dinah-que-previu-morte-de-famosos-morre-no-ostracismo-em-sao-paulo\/#breadcrumb","itemListElement":[{"@type":"ListItem","position":1,"name":"In\u00edcio","item":"https:\/\/www.notibras.com\/site\/"},{"@type":"ListItem","position":2,"name":"M\u00e3e Dinah, que previu morte de famosos, morre esquecida"}]},{"@type":"WebSite","@id":"https:\/\/www.notibras.com\/site\/#website","url":"https:\/\/www.notibras.com\/site\/","name":"Notibras","description":"Not\u00edcias de Bras\u00edlia, do Brasil e do Mundo","publisher":{"@id":"https:\/\/www.notibras.com\/site\/#organization"},"potentialAction":[{"@type":"SearchAction","target":{"@type":"EntryPoint","urlTemplate":"https:\/\/www.notibras.com\/site\/?s={search_term_string}"},"query-input":{"@type":"PropertyValueSpecification","valueRequired":true,"valueName":"search_term_string"}}],"inLanguage":"pt-BR"},{"@type":"Organization","@id":"https:\/\/www.notibras.com\/site\/#organization","name":"Grupo Notibras de Comunica\u00e7\u00e3o","url":"https:\/\/www.notibras.com\/site\/","logo":{"@type":"ImageObject","inLanguage":"pt-BR","@id":"https:\/\/www.notibras.com\/site\/#\/schema\/logo\/image\/","url":"https:\/\/www.notibras.com\/site\/wp-content\/uploads\/2023\/01\/notibras23.png","contentUrl":"https:\/\/www.notibras.com\/site\/wp-content\/uploads\/2023\/01\/notibras23.png","width":350,"height":87,"caption":"Grupo Notibras de Comunica\u00e7\u00e3o"},"image":{"@id":"https:\/\/www.notibras.com\/site\/#\/schema\/logo\/image\/"},"sameAs":["https:\/\/www.facebook.com\/notibras\/","https:\/\/x.com\/Notibras","https:\/\/www.instagram.com\/notibras\/"]},{"@type":"Person","@id":"https:\/\/www.notibras.com\/site\/#\/schema\/person\/36ab0979449956132d3e5b517ea76ac8","name":"Reda\u00e7\u00e3o","image":{"@type":"ImageObject","inLanguage":"pt-BR","@id":"https:\/\/secure.gravatar.com\/avatar\/e0a867bdedb85fd243eadf09663511f96fc81e0720a4a42581f334ad4303aa6b?s=96&d=mm&r=g","url":"https:\/\/secure.gravatar.com\/avatar\/e0a867bdedb85fd243eadf09663511f96fc81e0720a4a42581f334ad4303aa6b?s=96&d=mm&r=g","contentUrl":"https:\/\/secure.gravatar.com\/avatar\/e0a867bdedb85fd243eadf09663511f96fc81e0720a4a42581f334ad4303aa6b?s=96&d=mm&r=g","caption":"Reda\u00e7\u00e3o"}}]}},"amp_enabled":true,"_links":{"self":[{"href":"https:\/\/www.notibras.com\/site\/wp-json\/wp\/v2\/posts\/8097","targetHints":{"allow":["GET"]}}],"collection":[{"href":"https:\/\/www.notibras.com\/site\/wp-json\/wp\/v2\/posts"}],"about":[{"href":"https:\/\/www.notibras.com\/site\/wp-json\/wp\/v2\/types\/post"}],"author":[{"embeddable":true,"href":"https:\/\/www.notibras.com\/site\/wp-json\/wp\/v2\/users\/2"}],"replies":[{"embeddable":true,"href":"https:\/\/www.notibras.com\/site\/wp-json\/wp\/v2\/comments?post=8097"}],"version-history":[{"count":0,"href":"https:\/\/www.notibras.com\/site\/wp-json\/wp\/v2\/posts\/8097\/revisions"}],"wp:featuredmedia":[{"embeddable":true,"href":"https:\/\/www.notibras.com\/site\/wp-json\/wp\/v2\/media\/8098"}],"wp:attachment":[{"href":"https:\/\/www.notibras.com\/site\/wp-json\/wp\/v2\/media?parent=8097"}],"wp:term":[{"taxonomy":"category","embeddable":true,"href":"https:\/\/www.notibras.com\/site\/wp-json\/wp\/v2\/categories?post=8097"},{"taxonomy":"post_tag","embeddable":true,"href":"https:\/\/www.notibras.com\/site\/wp-json\/wp\/v2\/tags?post=8097"}],"curies":[{"name":"wp","href":"https:\/\/api.w.org\/{rel}","templated":true}]}}