{"id":8111,"date":"2014-05-03T22:50:20","date_gmt":"2014-05-04T01:50:20","guid":{"rendered":"http:\/\/www.notibras.com\/site\/?p=8111"},"modified":"2014-05-07T20:59:59","modified_gmt":"2014-05-07T23:59:59","slug":"vasco-faz-3-a-0-no-atletico-go-e-torcida-ve-arrancada-para-o-titulo","status":"publish","type":"post","link":"https:\/\/www.notibras.com\/site\/vasco-faz-3-a-0-no-atletico-go-e-torcida-ve-arrancada-para-o-titulo\/","title":{"rendered":"Vasco faz 3 a 0 no Atl\u00e9tico-GO na B e torcida j\u00e1 sonha com o t\u00edtulo"},"content":{"rendered":"<p>O Vasco finalmente conquistou a primeira vit\u00f3ria na S\u00e9rie B do Campeonato Brasileiro. Ap\u00f3s decepcionar seus torcedores nas duas primeiras rodadas do torneio nacional, o clube cruzmaltino bateu o Atl\u00e9tico-GO em S\u00e3o Janu\u00e1rio no fim da tarde deste s\u00e1bado por 3 a 0 para sair de campo pela primeira vez no campeonato com tr\u00eas pontos.<\/p>\n<p class=\"text\">Com a primeira vit\u00f3ria no torneio, a equipe alvinegra sobe para a s\u00e9tima coloca\u00e7\u00e3o, com quatro pontos. J\u00e1 o Atl\u00e9tico-GO segue sem saber o que \u00e9 vencer: \u00e9 o 16\u00ba, na beira da zona de rebaixamento, com dois pontos.<\/p>\n<p class=\"text\">Na pr\u00f3xima rodada, o Vasco volta a atuar em S\u00e3o Janu\u00e1rio. O time carioca recebe o Oeste no s\u00e1bado, \u00e0s 16h20 (de Bras\u00edlia). O Atl\u00e9tico-GO, por sua vez, visita o Am\u00e9rica-RN no mesmo dia e hor\u00e1rio, na Arena das Dunas.<\/p>\n<p class=\"text\">At\u00e9 ent\u00e3o sem vencer na competi\u00e7\u00e3o, o Vasco abriu o placar logo aos 4min, com o ex-corintiano Douglas, que acertou cobran\u00e7a de falta perfeita, sem chances para M\u00e1rcio. Apesar do baixo n\u00edvel t\u00e9cnico do jogo, o Vasco continuou melhor em campo e perdias boas chances \u2013 aos 26min, no entanto, o Atl\u00e9tico-GO teve um gol corretamente anulado pela arbitragem.<\/p>\n<p class=\"text\">Com Diego Renan como o jogador mais ativo, o time cruzmaltino seguia com mais perigo ao advers\u00e1rio. Antes do intervalo, contudo, os visitantes reclamaram de um p\u00eanalti: ap\u00f3s boa jogada, J\u00fanior Vi\u00e7osa finalizou para defesa de Martin Silva e a bola chegou a tocar na m\u00e3o de Luan, mas o juiz considerou a jogada legal.<\/p>\n<p class=\"text\">Na volta para os \u00faltimos 45 minutos, o Atl\u00e9tico-GO mudou sua postura e, mais ofensivo, passou a assustar os vasca\u00ednos. A primeira chance de mais perigo, contudo, foi do Vasco, que acertou bola na trave com Aranda aos 19min. O time alvinegro resolveu a partida aos 26min: Aranda achou Marlon livre, que tocou na sa\u00edda do goleiro M\u00e1rcio para aumentar \u2013 no fim, aos 44min, ainda marcou mais um com o mesmo Marlon.<\/p>\n","protected":false},"excerpt":{"rendered":"<p>O Vasco finalmente conquistou a primeira vit\u00f3ria na S\u00e9rie B do Campeonato Brasileiro. Ap\u00f3s decepcionar seus torcedores nas duas primeiras rodadas do torneio nacional, o clube cruzmaltino bateu o Atl\u00e9tico-GO em S\u00e3o Janu\u00e1rio no fim da tarde deste s\u00e1bado por 3 a 0 para sair de campo pela primeira vez no campeonato com tr\u00eas pontos. [&hellip;]<\/p>\n","protected":false},"author":2,"featured_media":8113,"comment_status":"open","ping_status":"closed","sticky":false,"template":"","format":"standard","meta":{"_acf_changed":false,"footnotes":""},"categories":[19,29],"tags":[],"class_list":["post-8111","post","type-post","status-publish","format-standard","has-post-thumbnail","hentry","category-esportes","category-futebol"],"acf":[],"yoast_head":"<!-- This site is optimized with the Yoast SEO plugin v27.2 - https:\/\/yoast.com\/product\/yoast-seo-wordpress\/ -->\n<title>Vasco faz 3 a 0 no Atl\u00e9tico-GO na B e torcida j\u00e1 sonha com o t\u00edtulo - Notibras<\/title>\n<meta name=\"robots\" content=\"index, follow, max-snippet:-1, max-image-preview:large, max-video-preview:-1\" \/>\n<link rel=\"canonical\" href=\"https:\/\/www.notibras.com\/site\/vasco-faz-3-a-0-no-atletico-go-e-torcida-ve-arrancada-para-o-titulo\/\" \/>\n<meta property=\"og:locale\" content=\"pt_BR\" \/>\n<meta property=\"og:type\" content=\"article\" \/>\n<meta property=\"og:title\" content=\"Vasco faz 3 a 0 no Atl\u00e9tico-GO na B e torcida j\u00e1 sonha com o t\u00edtulo - Notibras\" \/>\n<meta property=\"og:description\" content=\"O Vasco finalmente conquistou a primeira vit\u00f3ria na S\u00e9rie B do Campeonato Brasileiro. Ap\u00f3s decepcionar seus torcedores nas duas primeiras rodadas do torneio nacional, o clube cruzmaltino bateu o Atl\u00e9tico-GO em S\u00e3o Janu\u00e1rio no fim da tarde deste s\u00e1bado por 3 a 0 para sair de campo pela primeira vez no campeonato com tr\u00eas pontos. [&hellip;]\" \/>\n<meta property=\"og:url\" content=\"https:\/\/www.notibras.com\/site\/vasco-faz-3-a-0-no-atletico-go-e-torcida-ve-arrancada-para-o-titulo\/\" \/>\n<meta property=\"og:site_name\" content=\"Notibras\" \/>\n<meta property=\"article:publisher\" content=\"https:\/\/www.facebook.com\/notibras\/\" \/>\n<meta property=\"article:published_time\" content=\"2014-05-04T01:50:20+00:00\" \/>\n<meta property=\"article:modified_time\" content=\"2014-05-07T23:59:59+00:00\" \/>\n<meta property=\"og:image\" content=\"https:\/\/www.notibras.com\/site\/wp-content\/uploads\/2014\/05\/vas.jpg\" \/>\n\t<meta property=\"og:image:width\" content=\"460\" \/>\n\t<meta property=\"og:image:height\" content=\"340\" \/>\n\t<meta property=\"og:image:type\" content=\"image\/jpeg\" \/>\n<meta name=\"author\" content=\"Reda\u00e7\u00e3o\" \/>\n<meta name=\"twitter:card\" content=\"summary_large_image\" \/>\n<meta name=\"twitter:creator\" content=\"@Notibras\" \/>\n<meta name=\"twitter:site\" content=\"@Notibras\" \/>\n<meta name=\"twitter:label1\" content=\"Escrito por\" \/>\n\t<meta name=\"twitter:data1\" content=\"Reda\u00e7\u00e3o\" \/>\n\t<meta name=\"twitter:label2\" content=\"Est. tempo de leitura\" \/>\n\t<meta name=\"twitter:data2\" content=\"2 minutos\" \/>\n<script type=\"application\/ld+json\" class=\"yoast-schema-graph\">{\"@context\":\"https:\/\/schema.org\",\"@graph\":[{\"@type\":\"Article\",\"@id\":\"https:\/\/www.notibras.com\/site\/vasco-faz-3-a-0-no-atletico-go-e-torcida-ve-arrancada-para-o-titulo\/#article\",\"isPartOf\":{\"@id\":\"https:\/\/www.notibras.com\/site\/vasco-faz-3-a-0-no-atletico-go-e-torcida-ve-arrancada-para-o-titulo\/\"},\"author\":{\"name\":\"Reda\u00e7\u00e3o\",\"@id\":\"https:\/\/www.notibras.com\/site\/#\/schema\/person\/36ab0979449956132d3e5b517ea76ac8\"},\"headline\":\"Vasco faz 3 a 0 no Atl\u00e9tico-GO na B e torcida j\u00e1 sonha com o t\u00edtulo\",\"datePublished\":\"2014-05-04T01:50:20+00:00\",\"dateModified\":\"2014-05-07T23:59:59+00:00\",\"mainEntityOfPage\":{\"@id\":\"https:\/\/www.notibras.com\/site\/vasco-faz-3-a-0-no-atletico-go-e-torcida-ve-arrancada-para-o-titulo\/\"},\"wordCount\":366,\"commentCount\":0,\"publisher\":{\"@id\":\"https:\/\/www.notibras.com\/site\/#organization\"},\"image\":{\"@id\":\"https:\/\/www.notibras.com\/site\/vasco-faz-3-a-0-no-atletico-go-e-torcida-ve-arrancada-para-o-titulo\/#primaryimage\"},\"thumbnailUrl\":\"https:\/\/www.notibras.com\/site\/wp-content\/uploads\/2014\/05\/vas.jpg\",\"articleSection\":[\"Esportes\",\"Futebol\"],\"inLanguage\":\"pt-BR\",\"potentialAction\":[{\"@type\":\"CommentAction\",\"name\":\"Comment\",\"target\":[\"https:\/\/www.notibras.com\/site\/vasco-faz-3-a-0-no-atletico-go-e-torcida-ve-arrancada-para-o-titulo\/#respond\"]}]},{\"@type\":\"WebPage\",\"@id\":\"https:\/\/www.notibras.com\/site\/vasco-faz-3-a-0-no-atletico-go-e-torcida-ve-arrancada-para-o-titulo\/\",\"url\":\"https:\/\/www.notibras.com\/site\/vasco-faz-3-a-0-no-atletico-go-e-torcida-ve-arrancada-para-o-titulo\/\",\"name\":\"Vasco faz 3 a 0 no Atl\u00e9tico-GO na B e torcida j\u00e1 sonha com o t\u00edtulo - Notibras\",\"isPartOf\":{\"@id\":\"https:\/\/www.notibras.com\/site\/#website\"},\"primaryImageOfPage\":{\"@id\":\"https:\/\/www.notibras.com\/site\/vasco-faz-3-a-0-no-atletico-go-e-torcida-ve-arrancada-para-o-titulo\/#primaryimage\"},\"image\":{\"@id\":\"https:\/\/www.notibras.com\/site\/vasco-faz-3-a-0-no-atletico-go-e-torcida-ve-arrancada-para-o-titulo\/#primaryimage\"},\"thumbnailUrl\":\"https:\/\/www.notibras.com\/site\/wp-content\/uploads\/2014\/05\/vas.jpg\",\"datePublished\":\"2014-05-04T01:50:20+00:00\",\"dateModified\":\"2014-05-07T23:59:59+00:00\",\"breadcrumb\":{\"@id\":\"https:\/\/www.notibras.com\/site\/vasco-faz-3-a-0-no-atletico-go-e-torcida-ve-arrancada-para-o-titulo\/#breadcrumb\"},\"inLanguage\":\"pt-BR\",\"potentialAction\":[{\"@type\":\"ReadAction\",\"target\":[\"https:\/\/www.notibras.com\/site\/vasco-faz-3-a-0-no-atletico-go-e-torcida-ve-arrancada-para-o-titulo\/\"]}]},{\"@type\":\"ImageObject\",\"inLanguage\":\"pt-BR\",\"@id\":\"https:\/\/www.notibras.com\/site\/vasco-faz-3-a-0-no-atletico-go-e-torcida-ve-arrancada-para-o-titulo\/#primaryimage\",\"url\":\"https:\/\/www.notibras.com\/site\/wp-content\/uploads\/2014\/05\/vas.jpg\",\"contentUrl\":\"https:\/\/www.notibras.com\/site\/wp-content\/uploads\/2014\/05\/vas.jpg\",\"width\":460,\"height\":340},{\"@type\":\"BreadcrumbList\",\"@id\":\"https:\/\/www.notibras.com\/site\/vasco-faz-3-a-0-no-atletico-go-e-torcida-ve-arrancada-para-o-titulo\/#breadcrumb\",\"itemListElement\":[{\"@type\":\"ListItem\",\"position\":1,\"name\":\"In\u00edcio\",\"item\":\"https:\/\/www.notibras.com\/site\/\"},{\"@type\":\"ListItem\",\"position\":2,\"name\":\"Vasco faz 3 a 0 no Atl\u00e9tico-GO na B e torcida j\u00e1 sonha com o t\u00edtulo\"}]},{\"@type\":\"WebSite\",\"@id\":\"https:\/\/www.notibras.com\/site\/#website\",\"url\":\"https:\/\/www.notibras.com\/site\/\",\"name\":\"Notibras\",\"description\":\"Not\u00edcias de Bras\u00edlia, do Brasil e do Mundo\",\"publisher\":{\"@id\":\"https:\/\/www.notibras.com\/site\/#organization\"},\"potentialAction\":[{\"@type\":\"SearchAction\",\"target\":{\"@type\":\"EntryPoint\",\"urlTemplate\":\"https:\/\/www.notibras.com\/site\/?s={search_term_string}\"},\"query-input\":{\"@type\":\"PropertyValueSpecification\",\"valueRequired\":true,\"valueName\":\"search_term_string\"}}],\"inLanguage\":\"pt-BR\"},{\"@type\":\"Organization\",\"@id\":\"https:\/\/www.notibras.com\/site\/#organization\",\"name\":\"Grupo Notibras de Comunica\u00e7\u00e3o\",\"url\":\"https:\/\/www.notibras.com\/site\/\",\"logo\":{\"@type\":\"ImageObject\",\"inLanguage\":\"pt-BR\",\"@id\":\"https:\/\/www.notibras.com\/site\/#\/schema\/logo\/image\/\",\"url\":\"https:\/\/www.notibras.com\/site\/wp-content\/uploads\/2023\/01\/notibras23.png\",\"contentUrl\":\"https:\/\/www.notibras.com\/site\/wp-content\/uploads\/2023\/01\/notibras23.png\",\"width\":350,\"height\":87,\"caption\":\"Grupo Notibras de Comunica\u00e7\u00e3o\"},\"image\":{\"@id\":\"https:\/\/www.notibras.com\/site\/#\/schema\/logo\/image\/\"},\"sameAs\":[\"https:\/\/www.facebook.com\/notibras\/\",\"https:\/\/x.com\/Notibras\",\"https:\/\/www.instagram.com\/notibras\/\"]},{\"@type\":\"Person\",\"@id\":\"https:\/\/www.notibras.com\/site\/#\/schema\/person\/36ab0979449956132d3e5b517ea76ac8\",\"name\":\"Reda\u00e7\u00e3o\",\"image\":{\"@type\":\"ImageObject\",\"inLanguage\":\"pt-BR\",\"@id\":\"https:\/\/secure.gravatar.com\/avatar\/e0a867bdedb85fd243eadf09663511f96fc81e0720a4a42581f334ad4303aa6b?s=96&d=mm&r=g\",\"url\":\"https:\/\/secure.gravatar.com\/avatar\/e0a867bdedb85fd243eadf09663511f96fc81e0720a4a42581f334ad4303aa6b?s=96&d=mm&r=g\",\"contentUrl\":\"https:\/\/secure.gravatar.com\/avatar\/e0a867bdedb85fd243eadf09663511f96fc81e0720a4a42581f334ad4303aa6b?s=96&d=mm&r=g\",\"caption\":\"Reda\u00e7\u00e3o\"}}]}<\/script>\n<!-- \/ Yoast SEO plugin. -->","yoast_head_json":{"title":"Vasco faz 3 a 0 no Atl\u00e9tico-GO na B e torcida j\u00e1 sonha com o t\u00edtulo - Notibras","robots":{"index":"index","follow":"follow","max-snippet":"max-snippet:-1","max-image-preview":"max-image-preview:large","max-video-preview":"max-video-preview:-1"},"canonical":"https:\/\/www.notibras.com\/site\/vasco-faz-3-a-0-no-atletico-go-e-torcida-ve-arrancada-para-o-titulo\/","og_locale":"pt_BR","og_type":"article","og_title":"Vasco faz 3 a 0 no Atl\u00e9tico-GO na B e torcida j\u00e1 sonha com o t\u00edtulo - Notibras","og_description":"O Vasco finalmente conquistou a primeira vit\u00f3ria na S\u00e9rie B do Campeonato Brasileiro. Ap\u00f3s decepcionar seus torcedores nas duas primeiras rodadas do torneio nacional, o clube cruzmaltino bateu o Atl\u00e9tico-GO em S\u00e3o Janu\u00e1rio no fim da tarde deste s\u00e1bado por 3 a 0 para sair de campo pela primeira vez no campeonato com tr\u00eas pontos. [&hellip;]","og_url":"https:\/\/www.notibras.com\/site\/vasco-faz-3-a-0-no-atletico-go-e-torcida-ve-arrancada-para-o-titulo\/","og_site_name":"Notibras","article_publisher":"https:\/\/www.facebook.com\/notibras\/","article_published_time":"2014-05-04T01:50:20+00:00","article_modified_time":"2014-05-07T23:59:59+00:00","og_image":[{"width":460,"height":340,"url":"https:\/\/www.notibras.com\/site\/wp-content\/uploads\/2014\/05\/vas.jpg","type":"image\/jpeg"}],"author":"Reda\u00e7\u00e3o","twitter_card":"summary_large_image","twitter_creator":"@Notibras","twitter_site":"@Notibras","twitter_misc":{"Escrito por":"Reda\u00e7\u00e3o","Est. tempo de leitura":"2 minutos"},"schema":{"@context":"https:\/\/schema.org","@graph":[{"@type":"Article","@id":"https:\/\/www.notibras.com\/site\/vasco-faz-3-a-0-no-atletico-go-e-torcida-ve-arrancada-para-o-titulo\/#article","isPartOf":{"@id":"https:\/\/www.notibras.com\/site\/vasco-faz-3-a-0-no-atletico-go-e-torcida-ve-arrancada-para-o-titulo\/"},"author":{"name":"Reda\u00e7\u00e3o","@id":"https:\/\/www.notibras.com\/site\/#\/schema\/person\/36ab0979449956132d3e5b517ea76ac8"},"headline":"Vasco faz 3 a 0 no Atl\u00e9tico-GO na B e torcida j\u00e1 sonha com o t\u00edtulo","datePublished":"2014-05-04T01:50:20+00:00","dateModified":"2014-05-07T23:59:59+00:00","mainEntityOfPage":{"@id":"https:\/\/www.notibras.com\/site\/vasco-faz-3-a-0-no-atletico-go-e-torcida-ve-arrancada-para-o-titulo\/"},"wordCount":366,"commentCount":0,"publisher":{"@id":"https:\/\/www.notibras.com\/site\/#organization"},"image":{"@id":"https:\/\/www.notibras.com\/site\/vasco-faz-3-a-0-no-atletico-go-e-torcida-ve-arrancada-para-o-titulo\/#primaryimage"},"thumbnailUrl":"https:\/\/www.notibras.com\/site\/wp-content\/uploads\/2014\/05\/vas.jpg","articleSection":["Esportes","Futebol"],"inLanguage":"pt-BR","potentialAction":[{"@type":"CommentAction","name":"Comment","target":["https:\/\/www.notibras.com\/site\/vasco-faz-3-a-0-no-atletico-go-e-torcida-ve-arrancada-para-o-titulo\/#respond"]}]},{"@type":"WebPage","@id":"https:\/\/www.notibras.com\/site\/vasco-faz-3-a-0-no-atletico-go-e-torcida-ve-arrancada-para-o-titulo\/","url":"https:\/\/www.notibras.com\/site\/vasco-faz-3-a-0-no-atletico-go-e-torcida-ve-arrancada-para-o-titulo\/","name":"Vasco faz 3 a 0 no Atl\u00e9tico-GO na B e torcida j\u00e1 sonha com o t\u00edtulo - Notibras","isPartOf":{"@id":"https:\/\/www.notibras.com\/site\/#website"},"primaryImageOfPage":{"@id":"https:\/\/www.notibras.com\/site\/vasco-faz-3-a-0-no-atletico-go-e-torcida-ve-arrancada-para-o-titulo\/#primaryimage"},"image":{"@id":"https:\/\/www.notibras.com\/site\/vasco-faz-3-a-0-no-atletico-go-e-torcida-ve-arrancada-para-o-titulo\/#primaryimage"},"thumbnailUrl":"https:\/\/www.notibras.com\/site\/wp-content\/uploads\/2014\/05\/vas.jpg","datePublished":"2014-05-04T01:50:20+00:00","dateModified":"2014-05-07T23:59:59+00:00","breadcrumb":{"@id":"https:\/\/www.notibras.com\/site\/vasco-faz-3-a-0-no-atletico-go-e-torcida-ve-arrancada-para-o-titulo\/#breadcrumb"},"inLanguage":"pt-BR","potentialAction":[{"@type":"ReadAction","target":["https:\/\/www.notibras.com\/site\/vasco-faz-3-a-0-no-atletico-go-e-torcida-ve-arrancada-para-o-titulo\/"]}]},{"@type":"ImageObject","inLanguage":"pt-BR","@id":"https:\/\/www.notibras.com\/site\/vasco-faz-3-a-0-no-atletico-go-e-torcida-ve-arrancada-para-o-titulo\/#primaryimage","url":"https:\/\/www.notibras.com\/site\/wp-content\/uploads\/2014\/05\/vas.jpg","contentUrl":"https:\/\/www.notibras.com\/site\/wp-content\/uploads\/2014\/05\/vas.jpg","width":460,"height":340},{"@type":"BreadcrumbList","@id":"https:\/\/www.notibras.com\/site\/vasco-faz-3-a-0-no-atletico-go-e-torcida-ve-arrancada-para-o-titulo\/#breadcrumb","itemListElement":[{"@type":"ListItem","position":1,"name":"In\u00edcio","item":"https:\/\/www.notibras.com\/site\/"},{"@type":"ListItem","position":2,"name":"Vasco faz 3 a 0 no Atl\u00e9tico-GO na B e torcida j\u00e1 sonha com o t\u00edtulo"}]},{"@type":"WebSite","@id":"https:\/\/www.notibras.com\/site\/#website","url":"https:\/\/www.notibras.com\/site\/","name":"Notibras","description":"Not\u00edcias de Bras\u00edlia, do Brasil e do Mundo","publisher":{"@id":"https:\/\/www.notibras.com\/site\/#organization"},"potentialAction":[{"@type":"SearchAction","target":{"@type":"EntryPoint","urlTemplate":"https:\/\/www.notibras.com\/site\/?s={search_term_string}"},"query-input":{"@type":"PropertyValueSpecification","valueRequired":true,"valueName":"search_term_string"}}],"inLanguage":"pt-BR"},{"@type":"Organization","@id":"https:\/\/www.notibras.com\/site\/#organization","name":"Grupo Notibras de Comunica\u00e7\u00e3o","url":"https:\/\/www.notibras.com\/site\/","logo":{"@type":"ImageObject","inLanguage":"pt-BR","@id":"https:\/\/www.notibras.com\/site\/#\/schema\/logo\/image\/","url":"https:\/\/www.notibras.com\/site\/wp-content\/uploads\/2023\/01\/notibras23.png","contentUrl":"https:\/\/www.notibras.com\/site\/wp-content\/uploads\/2023\/01\/notibras23.png","width":350,"height":87,"caption":"Grupo Notibras de Comunica\u00e7\u00e3o"},"image":{"@id":"https:\/\/www.notibras.com\/site\/#\/schema\/logo\/image\/"},"sameAs":["https:\/\/www.facebook.com\/notibras\/","https:\/\/x.com\/Notibras","https:\/\/www.instagram.com\/notibras\/"]},{"@type":"Person","@id":"https:\/\/www.notibras.com\/site\/#\/schema\/person\/36ab0979449956132d3e5b517ea76ac8","name":"Reda\u00e7\u00e3o","image":{"@type":"ImageObject","inLanguage":"pt-BR","@id":"https:\/\/secure.gravatar.com\/avatar\/e0a867bdedb85fd243eadf09663511f96fc81e0720a4a42581f334ad4303aa6b?s=96&d=mm&r=g","url":"https:\/\/secure.gravatar.com\/avatar\/e0a867bdedb85fd243eadf09663511f96fc81e0720a4a42581f334ad4303aa6b?s=96&d=mm&r=g","contentUrl":"https:\/\/secure.gravatar.com\/avatar\/e0a867bdedb85fd243eadf09663511f96fc81e0720a4a42581f334ad4303aa6b?s=96&d=mm&r=g","caption":"Reda\u00e7\u00e3o"}}]}},"amp_enabled":true,"_links":{"self":[{"href":"https:\/\/www.notibras.com\/site\/wp-json\/wp\/v2\/posts\/8111","targetHints":{"allow":["GET"]}}],"collection":[{"href":"https:\/\/www.notibras.com\/site\/wp-json\/wp\/v2\/posts"}],"about":[{"href":"https:\/\/www.notibras.com\/site\/wp-json\/wp\/v2\/types\/post"}],"author":[{"embeddable":true,"href":"https:\/\/www.notibras.com\/site\/wp-json\/wp\/v2\/users\/2"}],"replies":[{"embeddable":true,"href":"https:\/\/www.notibras.com\/site\/wp-json\/wp\/v2\/comments?post=8111"}],"version-history":[{"count":0,"href":"https:\/\/www.notibras.com\/site\/wp-json\/wp\/v2\/posts\/8111\/revisions"}],"wp:featuredmedia":[{"embeddable":true,"href":"https:\/\/www.notibras.com\/site\/wp-json\/wp\/v2\/media\/8113"}],"wp:attachment":[{"href":"https:\/\/www.notibras.com\/site\/wp-json\/wp\/v2\/media?parent=8111"}],"wp:term":[{"taxonomy":"category","embeddable":true,"href":"https:\/\/www.notibras.com\/site\/wp-json\/wp\/v2\/categories?post=8111"},{"taxonomy":"post_tag","embeddable":true,"href":"https:\/\/www.notibras.com\/site\/wp-json\/wp\/v2\/tags?post=8111"}],"curies":[{"name":"wp","href":"https:\/\/api.w.org\/{rel}","templated":true}]}}