{"id":8128,"date":"2014-05-03T19:10:35","date_gmt":"2014-05-03T22:10:35","guid":{"rendered":"http:\/\/www.notibras.com\/site\/?p=8128"},"modified":"2014-05-03T19:10:35","modified_gmt":"2014-05-03T22:10:35","slug":"america-vence-classico-mineiro-e-lidera-na-segundona","status":"publish","type":"post","link":"https:\/\/www.notibras.com\/site\/america-vence-classico-mineiro-e-lidera-na-segundona\/","title":{"rendered":"Am\u00e9rica vence cl\u00e1ssico mineiro e lidera na Segundona"},"content":{"rendered":"<p>O Am\u00e9rica-MG confirmou a sua for\u00e7a nas primeiras rodadas da S\u00e9rie B. Neste s\u00e1bado, em duelo mineiro diante do Boa Esporte, a equipe de Belo Horizonte ignorou o fato de atuar fora de casa e, com atua\u00e7\u00e3o consistente, venceu o time comandado por Nedo Xavier, em Varginha, por 2 a 1. Andrei Girotto abriu o placar para os visitantes no primeiro tempo, Marinho Donizete empatou antes do intervalo, mas Tch\u00f4 garantiu o triunfo americano na segunda etapa.<\/p>\n<p class=\"text\">Com o resultado, o Am\u00e9rica-MG manteve a invencibilidade e pulou para a lideran\u00e7a da S\u00e9rie B com sete pontos ap\u00f3s tr\u00eas rodadas. O Boa, por sua vez, perdeu a segunda consecutiva e, ainda sem vencer, caiu para a 17\u00aa coloca\u00e7\u00e3o. Na pr\u00f3xima rodada, as duas equipes encaram advers\u00e1rios paulistas.<\/p>\n<p class=\"text\">Na ter\u00e7a-feira, \u00e0s 21h50 (de Bras\u00edlia), o Boa Esporte recebe a Portuguesa no Municipal de Varignha, enquanto, no s\u00e1bado, \u00e0s 21h (de Bras\u00edlia), o Am\u00e9rica-MG encara o Bragantino, no Nabid Abi Chedid.<\/p>\n<p class=\"text\">O jogo foi disputado em Varginha, mas, pelos minutos iniciais, parecia estar ocorrendo em Belo Horizonte. O Am\u00e9rica-MG come\u00e7ou o duelo muito melhor que o Boa Esporte. Aos 4min, Ricardinho recebeu de Elsinho e, cara a cara com o goleiro Emerson, desviou para fora. Pouco tempo depois, Andrey recebeu cruzamento de Tch\u00f4, desviou para o meio da zaga, mas Andr\u00e9 n\u00e3o alcan\u00e7ou e perdeu boa chance. O Boa Esporte respondeu aos 17min, com uma pancada de longa dist\u00e2ncia de Pedrinho, que carimbou o travess\u00e3o de Matheus.<\/p>\n<p class=\"text\">No lance, a bola quicou praticamente em cima da linha, mas n\u00e3o entrou por completo. Ela s\u00f3 balan\u00e7aria as redes cinco minutos depois, mas do outro lado do campo. Andrei Girotto cobrou falta com viol\u00eancia de muito longe, e a bola, rasteira, passou pelo meio da barreira, morrendo dentro da meta do Boa. O empate dos mandantes, por\u00e9m, aconteceu ainda antes do intervalo. Aos 31min, Marinho Donizete tabelou com Bruno Aquino na entrada da \u00e1rea e venceu Matheus com um toque s\u00fatil no canto esquerdo.<\/p>\n<p class=\"text\">O Am\u00e9rica-MG retomou a dianteira do placar logo no in\u00edcio da segunda etapa. Aos 10min, ap\u00f3s jogada ensaiada com Andrei Girotto, Tch\u00f4 cobrou falta com perfei\u00e7\u00e3o e acertou o \u00e2ngulo de Emerson . O time visitante voltava a superar a defesa do Boa em um lance de bola parada. A partir da\u00ed, a equipe de Varginha se lan\u00e7ou ao ataque em busca do empate, mas acabou sofrendo o terceiro. Aos 41, ap\u00f3s nova cobran\u00e7a de falta, Andrei Girotto subiu mais que todo mundo e cabeceou no cantinho direito de Emerson, definindo o 3 a 1.<\/p>\n","protected":false},"excerpt":{"rendered":"<p>O Am\u00e9rica-MG confirmou a sua for\u00e7a nas primeiras rodadas da S\u00e9rie B. Neste s\u00e1bado, em duelo mineiro diante do Boa Esporte, a equipe de Belo Horizonte ignorou o fato de atuar fora de casa e, com atua\u00e7\u00e3o consistente, venceu o time comandado por Nedo Xavier, em Varginha, por 2 a 1. Andrei Girotto abriu o [&hellip;]<\/p>\n","protected":false},"author":2,"featured_media":8129,"comment_status":"open","ping_status":"closed","sticky":false,"template":"","format":"standard","meta":{"_acf_changed":false,"footnotes":""},"categories":[19],"tags":[],"class_list":["post-8128","post","type-post","status-publish","format-standard","has-post-thumbnail","hentry","category-esportes"],"acf":[],"yoast_head":"<!-- This site is optimized with the Yoast SEO plugin v27.2 - https:\/\/yoast.com\/product\/yoast-seo-wordpress\/ -->\n<title>Am\u00e9rica vence cl\u00e1ssico mineiro e lidera na Segundona - Notibras<\/title>\n<meta name=\"robots\" content=\"index, follow, max-snippet:-1, max-image-preview:large, max-video-preview:-1\" \/>\n<link rel=\"canonical\" href=\"https:\/\/www.notibras.com\/site\/america-vence-classico-mineiro-e-lidera-na-segundona\/\" \/>\n<meta property=\"og:locale\" content=\"pt_BR\" \/>\n<meta property=\"og:type\" content=\"article\" \/>\n<meta property=\"og:title\" content=\"Am\u00e9rica vence cl\u00e1ssico mineiro e lidera na Segundona - Notibras\" \/>\n<meta property=\"og:description\" content=\"O Am\u00e9rica-MG confirmou a sua for\u00e7a nas primeiras rodadas da S\u00e9rie B. Neste s\u00e1bado, em duelo mineiro diante do Boa Esporte, a equipe de Belo Horizonte ignorou o fato de atuar fora de casa e, com atua\u00e7\u00e3o consistente, venceu o time comandado por Nedo Xavier, em Varginha, por 2 a 1. Andrei Girotto abriu o [&hellip;]\" \/>\n<meta property=\"og:url\" content=\"https:\/\/www.notibras.com\/site\/america-vence-classico-mineiro-e-lidera-na-segundona\/\" \/>\n<meta property=\"og:site_name\" content=\"Notibras\" \/>\n<meta property=\"article:publisher\" content=\"https:\/\/www.facebook.com\/notibras\/\" \/>\n<meta property=\"article:published_time\" content=\"2014-05-03T22:10:35+00:00\" \/>\n<meta property=\"og:image\" content=\"https:\/\/www.notibras.com\/site\/wp-content\/uploads\/2014\/05\/ame.jpg\" \/>\n\t<meta property=\"og:image:width\" content=\"600\" \/>\n\t<meta property=\"og:image:height\" content=\"404\" \/>\n\t<meta property=\"og:image:type\" content=\"image\/jpeg\" \/>\n<meta name=\"author\" content=\"Reda\u00e7\u00e3o\" \/>\n<meta name=\"twitter:card\" content=\"summary_large_image\" \/>\n<meta name=\"twitter:creator\" content=\"@Notibras\" \/>\n<meta name=\"twitter:site\" content=\"@Notibras\" \/>\n<meta name=\"twitter:label1\" content=\"Escrito por\" \/>\n\t<meta name=\"twitter:data1\" content=\"Reda\u00e7\u00e3o\" \/>\n\t<meta name=\"twitter:label2\" content=\"Est. tempo de leitura\" \/>\n\t<meta name=\"twitter:data2\" content=\"2 minutos\" \/>\n<script type=\"application\/ld+json\" class=\"yoast-schema-graph\">{\"@context\":\"https:\/\/schema.org\",\"@graph\":[{\"@type\":\"Article\",\"@id\":\"https:\/\/www.notibras.com\/site\/america-vence-classico-mineiro-e-lidera-na-segundona\/#article\",\"isPartOf\":{\"@id\":\"https:\/\/www.notibras.com\/site\/america-vence-classico-mineiro-e-lidera-na-segundona\/\"},\"author\":{\"name\":\"Reda\u00e7\u00e3o\",\"@id\":\"https:\/\/www.notibras.com\/site\/#\/schema\/person\/36ab0979449956132d3e5b517ea76ac8\"},\"headline\":\"Am\u00e9rica vence cl\u00e1ssico mineiro e lidera na Segundona\",\"datePublished\":\"2014-05-03T22:10:35+00:00\",\"mainEntityOfPage\":{\"@id\":\"https:\/\/www.notibras.com\/site\/america-vence-classico-mineiro-e-lidera-na-segundona\/\"},\"wordCount\":463,\"commentCount\":0,\"publisher\":{\"@id\":\"https:\/\/www.notibras.com\/site\/#organization\"},\"image\":{\"@id\":\"https:\/\/www.notibras.com\/site\/america-vence-classico-mineiro-e-lidera-na-segundona\/#primaryimage\"},\"thumbnailUrl\":\"https:\/\/www.notibras.com\/site\/wp-content\/uploads\/2014\/05\/ame.jpg\",\"articleSection\":[\"Esportes\"],\"inLanguage\":\"pt-BR\",\"potentialAction\":[{\"@type\":\"CommentAction\",\"name\":\"Comment\",\"target\":[\"https:\/\/www.notibras.com\/site\/america-vence-classico-mineiro-e-lidera-na-segundona\/#respond\"]}]},{\"@type\":\"WebPage\",\"@id\":\"https:\/\/www.notibras.com\/site\/america-vence-classico-mineiro-e-lidera-na-segundona\/\",\"url\":\"https:\/\/www.notibras.com\/site\/america-vence-classico-mineiro-e-lidera-na-segundona\/\",\"name\":\"Am\u00e9rica vence cl\u00e1ssico mineiro e lidera na Segundona - Notibras\",\"isPartOf\":{\"@id\":\"https:\/\/www.notibras.com\/site\/#website\"},\"primaryImageOfPage\":{\"@id\":\"https:\/\/www.notibras.com\/site\/america-vence-classico-mineiro-e-lidera-na-segundona\/#primaryimage\"},\"image\":{\"@id\":\"https:\/\/www.notibras.com\/site\/america-vence-classico-mineiro-e-lidera-na-segundona\/#primaryimage\"},\"thumbnailUrl\":\"https:\/\/www.notibras.com\/site\/wp-content\/uploads\/2014\/05\/ame.jpg\",\"datePublished\":\"2014-05-03T22:10:35+00:00\",\"breadcrumb\":{\"@id\":\"https:\/\/www.notibras.com\/site\/america-vence-classico-mineiro-e-lidera-na-segundona\/#breadcrumb\"},\"inLanguage\":\"pt-BR\",\"potentialAction\":[{\"@type\":\"ReadAction\",\"target\":[\"https:\/\/www.notibras.com\/site\/america-vence-classico-mineiro-e-lidera-na-segundona\/\"]}]},{\"@type\":\"ImageObject\",\"inLanguage\":\"pt-BR\",\"@id\":\"https:\/\/www.notibras.com\/site\/america-vence-classico-mineiro-e-lidera-na-segundona\/#primaryimage\",\"url\":\"https:\/\/www.notibras.com\/site\/wp-content\/uploads\/2014\/05\/ame.jpg\",\"contentUrl\":\"https:\/\/www.notibras.com\/site\/wp-content\/uploads\/2014\/05\/ame.jpg\",\"width\":600,\"height\":404},{\"@type\":\"BreadcrumbList\",\"@id\":\"https:\/\/www.notibras.com\/site\/america-vence-classico-mineiro-e-lidera-na-segundona\/#breadcrumb\",\"itemListElement\":[{\"@type\":\"ListItem\",\"position\":1,\"name\":\"In\u00edcio\",\"item\":\"https:\/\/www.notibras.com\/site\/\"},{\"@type\":\"ListItem\",\"position\":2,\"name\":\"Am\u00e9rica vence cl\u00e1ssico mineiro e lidera na Segundona\"}]},{\"@type\":\"WebSite\",\"@id\":\"https:\/\/www.notibras.com\/site\/#website\",\"url\":\"https:\/\/www.notibras.com\/site\/\",\"name\":\"Notibras\",\"description\":\"Not\u00edcias de Bras\u00edlia, do Brasil e do Mundo\",\"publisher\":{\"@id\":\"https:\/\/www.notibras.com\/site\/#organization\"},\"potentialAction\":[{\"@type\":\"SearchAction\",\"target\":{\"@type\":\"EntryPoint\",\"urlTemplate\":\"https:\/\/www.notibras.com\/site\/?s={search_term_string}\"},\"query-input\":{\"@type\":\"PropertyValueSpecification\",\"valueRequired\":true,\"valueName\":\"search_term_string\"}}],\"inLanguage\":\"pt-BR\"},{\"@type\":\"Organization\",\"@id\":\"https:\/\/www.notibras.com\/site\/#organization\",\"name\":\"Grupo Notibras de Comunica\u00e7\u00e3o\",\"url\":\"https:\/\/www.notibras.com\/site\/\",\"logo\":{\"@type\":\"ImageObject\",\"inLanguage\":\"pt-BR\",\"@id\":\"https:\/\/www.notibras.com\/site\/#\/schema\/logo\/image\/\",\"url\":\"https:\/\/www.notibras.com\/site\/wp-content\/uploads\/2023\/01\/notibras23.png\",\"contentUrl\":\"https:\/\/www.notibras.com\/site\/wp-content\/uploads\/2023\/01\/notibras23.png\",\"width\":350,\"height\":87,\"caption\":\"Grupo Notibras de Comunica\u00e7\u00e3o\"},\"image\":{\"@id\":\"https:\/\/www.notibras.com\/site\/#\/schema\/logo\/image\/\"},\"sameAs\":[\"https:\/\/www.facebook.com\/notibras\/\",\"https:\/\/x.com\/Notibras\",\"https:\/\/www.instagram.com\/notibras\/\"]},{\"@type\":\"Person\",\"@id\":\"https:\/\/www.notibras.com\/site\/#\/schema\/person\/36ab0979449956132d3e5b517ea76ac8\",\"name\":\"Reda\u00e7\u00e3o\",\"image\":{\"@type\":\"ImageObject\",\"inLanguage\":\"pt-BR\",\"@id\":\"https:\/\/secure.gravatar.com\/avatar\/e0a867bdedb85fd243eadf09663511f96fc81e0720a4a42581f334ad4303aa6b?s=96&d=mm&r=g\",\"url\":\"https:\/\/secure.gravatar.com\/avatar\/e0a867bdedb85fd243eadf09663511f96fc81e0720a4a42581f334ad4303aa6b?s=96&d=mm&r=g\",\"contentUrl\":\"https:\/\/secure.gravatar.com\/avatar\/e0a867bdedb85fd243eadf09663511f96fc81e0720a4a42581f334ad4303aa6b?s=96&d=mm&r=g\",\"caption\":\"Reda\u00e7\u00e3o\"}}]}<\/script>\n<!-- \/ Yoast SEO plugin. -->","yoast_head_json":{"title":"Am\u00e9rica vence cl\u00e1ssico mineiro e lidera na Segundona - Notibras","robots":{"index":"index","follow":"follow","max-snippet":"max-snippet:-1","max-image-preview":"max-image-preview:large","max-video-preview":"max-video-preview:-1"},"canonical":"https:\/\/www.notibras.com\/site\/america-vence-classico-mineiro-e-lidera-na-segundona\/","og_locale":"pt_BR","og_type":"article","og_title":"Am\u00e9rica vence cl\u00e1ssico mineiro e lidera na Segundona - Notibras","og_description":"O Am\u00e9rica-MG confirmou a sua for\u00e7a nas primeiras rodadas da S\u00e9rie B. Neste s\u00e1bado, em duelo mineiro diante do Boa Esporte, a equipe de Belo Horizonte ignorou o fato de atuar fora de casa e, com atua\u00e7\u00e3o consistente, venceu o time comandado por Nedo Xavier, em Varginha, por 2 a 1. Andrei Girotto abriu o [&hellip;]","og_url":"https:\/\/www.notibras.com\/site\/america-vence-classico-mineiro-e-lidera-na-segundona\/","og_site_name":"Notibras","article_publisher":"https:\/\/www.facebook.com\/notibras\/","article_published_time":"2014-05-03T22:10:35+00:00","og_image":[{"width":600,"height":404,"url":"https:\/\/www.notibras.com\/site\/wp-content\/uploads\/2014\/05\/ame.jpg","type":"image\/jpeg"}],"author":"Reda\u00e7\u00e3o","twitter_card":"summary_large_image","twitter_creator":"@Notibras","twitter_site":"@Notibras","twitter_misc":{"Escrito por":"Reda\u00e7\u00e3o","Est. tempo de leitura":"2 minutos"},"schema":{"@context":"https:\/\/schema.org","@graph":[{"@type":"Article","@id":"https:\/\/www.notibras.com\/site\/america-vence-classico-mineiro-e-lidera-na-segundona\/#article","isPartOf":{"@id":"https:\/\/www.notibras.com\/site\/america-vence-classico-mineiro-e-lidera-na-segundona\/"},"author":{"name":"Reda\u00e7\u00e3o","@id":"https:\/\/www.notibras.com\/site\/#\/schema\/person\/36ab0979449956132d3e5b517ea76ac8"},"headline":"Am\u00e9rica vence cl\u00e1ssico mineiro e lidera na Segundona","datePublished":"2014-05-03T22:10:35+00:00","mainEntityOfPage":{"@id":"https:\/\/www.notibras.com\/site\/america-vence-classico-mineiro-e-lidera-na-segundona\/"},"wordCount":463,"commentCount":0,"publisher":{"@id":"https:\/\/www.notibras.com\/site\/#organization"},"image":{"@id":"https:\/\/www.notibras.com\/site\/america-vence-classico-mineiro-e-lidera-na-segundona\/#primaryimage"},"thumbnailUrl":"https:\/\/www.notibras.com\/site\/wp-content\/uploads\/2014\/05\/ame.jpg","articleSection":["Esportes"],"inLanguage":"pt-BR","potentialAction":[{"@type":"CommentAction","name":"Comment","target":["https:\/\/www.notibras.com\/site\/america-vence-classico-mineiro-e-lidera-na-segundona\/#respond"]}]},{"@type":"WebPage","@id":"https:\/\/www.notibras.com\/site\/america-vence-classico-mineiro-e-lidera-na-segundona\/","url":"https:\/\/www.notibras.com\/site\/america-vence-classico-mineiro-e-lidera-na-segundona\/","name":"Am\u00e9rica vence cl\u00e1ssico mineiro e lidera na Segundona - Notibras","isPartOf":{"@id":"https:\/\/www.notibras.com\/site\/#website"},"primaryImageOfPage":{"@id":"https:\/\/www.notibras.com\/site\/america-vence-classico-mineiro-e-lidera-na-segundona\/#primaryimage"},"image":{"@id":"https:\/\/www.notibras.com\/site\/america-vence-classico-mineiro-e-lidera-na-segundona\/#primaryimage"},"thumbnailUrl":"https:\/\/www.notibras.com\/site\/wp-content\/uploads\/2014\/05\/ame.jpg","datePublished":"2014-05-03T22:10:35+00:00","breadcrumb":{"@id":"https:\/\/www.notibras.com\/site\/america-vence-classico-mineiro-e-lidera-na-segundona\/#breadcrumb"},"inLanguage":"pt-BR","potentialAction":[{"@type":"ReadAction","target":["https:\/\/www.notibras.com\/site\/america-vence-classico-mineiro-e-lidera-na-segundona\/"]}]},{"@type":"ImageObject","inLanguage":"pt-BR","@id":"https:\/\/www.notibras.com\/site\/america-vence-classico-mineiro-e-lidera-na-segundona\/#primaryimage","url":"https:\/\/www.notibras.com\/site\/wp-content\/uploads\/2014\/05\/ame.jpg","contentUrl":"https:\/\/www.notibras.com\/site\/wp-content\/uploads\/2014\/05\/ame.jpg","width":600,"height":404},{"@type":"BreadcrumbList","@id":"https:\/\/www.notibras.com\/site\/america-vence-classico-mineiro-e-lidera-na-segundona\/#breadcrumb","itemListElement":[{"@type":"ListItem","position":1,"name":"In\u00edcio","item":"https:\/\/www.notibras.com\/site\/"},{"@type":"ListItem","position":2,"name":"Am\u00e9rica vence cl\u00e1ssico mineiro e lidera na Segundona"}]},{"@type":"WebSite","@id":"https:\/\/www.notibras.com\/site\/#website","url":"https:\/\/www.notibras.com\/site\/","name":"Notibras","description":"Not\u00edcias de Bras\u00edlia, do Brasil e do Mundo","publisher":{"@id":"https:\/\/www.notibras.com\/site\/#organization"},"potentialAction":[{"@type":"SearchAction","target":{"@type":"EntryPoint","urlTemplate":"https:\/\/www.notibras.com\/site\/?s={search_term_string}"},"query-input":{"@type":"PropertyValueSpecification","valueRequired":true,"valueName":"search_term_string"}}],"inLanguage":"pt-BR"},{"@type":"Organization","@id":"https:\/\/www.notibras.com\/site\/#organization","name":"Grupo Notibras de Comunica\u00e7\u00e3o","url":"https:\/\/www.notibras.com\/site\/","logo":{"@type":"ImageObject","inLanguage":"pt-BR","@id":"https:\/\/www.notibras.com\/site\/#\/schema\/logo\/image\/","url":"https:\/\/www.notibras.com\/site\/wp-content\/uploads\/2023\/01\/notibras23.png","contentUrl":"https:\/\/www.notibras.com\/site\/wp-content\/uploads\/2023\/01\/notibras23.png","width":350,"height":87,"caption":"Grupo Notibras de Comunica\u00e7\u00e3o"},"image":{"@id":"https:\/\/www.notibras.com\/site\/#\/schema\/logo\/image\/"},"sameAs":["https:\/\/www.facebook.com\/notibras\/","https:\/\/x.com\/Notibras","https:\/\/www.instagram.com\/notibras\/"]},{"@type":"Person","@id":"https:\/\/www.notibras.com\/site\/#\/schema\/person\/36ab0979449956132d3e5b517ea76ac8","name":"Reda\u00e7\u00e3o","image":{"@type":"ImageObject","inLanguage":"pt-BR","@id":"https:\/\/secure.gravatar.com\/avatar\/e0a867bdedb85fd243eadf09663511f96fc81e0720a4a42581f334ad4303aa6b?s=96&d=mm&r=g","url":"https:\/\/secure.gravatar.com\/avatar\/e0a867bdedb85fd243eadf09663511f96fc81e0720a4a42581f334ad4303aa6b?s=96&d=mm&r=g","contentUrl":"https:\/\/secure.gravatar.com\/avatar\/e0a867bdedb85fd243eadf09663511f96fc81e0720a4a42581f334ad4303aa6b?s=96&d=mm&r=g","caption":"Reda\u00e7\u00e3o"}}]}},"amp_enabled":true,"_links":{"self":[{"href":"https:\/\/www.notibras.com\/site\/wp-json\/wp\/v2\/posts\/8128","targetHints":{"allow":["GET"]}}],"collection":[{"href":"https:\/\/www.notibras.com\/site\/wp-json\/wp\/v2\/posts"}],"about":[{"href":"https:\/\/www.notibras.com\/site\/wp-json\/wp\/v2\/types\/post"}],"author":[{"embeddable":true,"href":"https:\/\/www.notibras.com\/site\/wp-json\/wp\/v2\/users\/2"}],"replies":[{"embeddable":true,"href":"https:\/\/www.notibras.com\/site\/wp-json\/wp\/v2\/comments?post=8128"}],"version-history":[{"count":0,"href":"https:\/\/www.notibras.com\/site\/wp-json\/wp\/v2\/posts\/8128\/revisions"}],"wp:featuredmedia":[{"embeddable":true,"href":"https:\/\/www.notibras.com\/site\/wp-json\/wp\/v2\/media\/8129"}],"wp:attachment":[{"href":"https:\/\/www.notibras.com\/site\/wp-json\/wp\/v2\/media?parent=8128"}],"wp:term":[{"taxonomy":"category","embeddable":true,"href":"https:\/\/www.notibras.com\/site\/wp-json\/wp\/v2\/categories?post=8128"},{"taxonomy":"post_tag","embeddable":true,"href":"https:\/\/www.notibras.com\/site\/wp-json\/wp\/v2\/tags?post=8128"}],"curies":[{"name":"wp","href":"https:\/\/api.w.org\/{rel}","templated":true}]}}