{"id":81752,"date":"2015-12-20T10:06:46","date_gmt":"2015-12-20T12:06:46","guid":{"rendered":"http:\/\/www.notibras.com\/site\/?p=81752"},"modified":"2015-12-20T20:37:33","modified_gmt":"2015-12-20T22:37:33","slug":"ameaca-de-bomba-obriga-aviao-da-air-france-desviar-voo-a-paris-e-pousar-na-africa","status":"publish","type":"post","link":"https:\/\/www.notibras.com\/site\/ameaca-de-bomba-obriga-aviao-da-air-france-desviar-voo-a-paris-e-pousar-na-africa\/","title":{"rendered":"Amea\u00e7a de bomba obriga avi\u00e3o da Air France desviar voo e pousar na \u00c1frica"},"content":{"rendered":"<p>Um avi\u00e3o da Air France que voava das Ilhas Maur\u00edcio para Paris fez um pouso de emerg\u00eancia na cidade de Mombasa, no Qu\u00eania, ap\u00f3s um dispositivo suspeito ser encontrado no banheiro, afirmou a pol\u00edcia do Qu\u00eania neste domingo.<\/p>\n<p>O avi\u00e3o Boeing 777 da Air France, voo 463, tinha como destino o aeroporto Charles de Gaulle, em Paris, mas os pilotos solicitaram um pouso de emerg\u00eancia no aeroporto Moi International \u00e0s 12:37 (hor\u00e1rio local), informou o porta-voz da pol\u00edcia queniana, Charles Owino.<\/p>\n<p>&#8220;Fizeram o pedido de pouso de emerg\u00eancia quando um objeto suspeito de ser explosivo foi encontrado no banheiro&#8221;, disse Owino. Ainda de acordo com o porta-voz, o avi\u00e3o, que transportava 459 passageiros e 14 membros da tripula\u00e7\u00e3o, havia deixado as Ilhas Maur\u00edcio \u00e0s 21h.<\/p>\n<p>Todos os passageiros sa\u00edram do avi\u00e3o em seguran\u00e7a e o dispositivo foi removido. Especialistas analisam o objeto suspeito.<\/p>\n<p>&#8220;O objeto suspeito foi removido da aeronave com sucesso&#8221;, afirmou a Autoridade de Aeroportos do Qu\u00eania, por meio de redes sociais, acrescentando que os voos de Mombasa foram interrompidos, mas que as opera\u00e7\u00f5es j\u00e1 voltaram ao normal.<\/p>\n","protected":false},"excerpt":{"rendered":"<p>Um avi\u00e3o da Air France que voava das Ilhas Maur\u00edcio para Paris fez um pouso de emerg\u00eancia na cidade de Mombasa, no Qu\u00eania, ap\u00f3s um dispositivo suspeito ser encontrado no banheiro, afirmou a pol\u00edcia do Qu\u00eania neste domingo. O avi\u00e3o Boeing 777 da Air France, voo 463, tinha como destino o aeroporto Charles de Gaulle, [&hellip;]<\/p>\n","protected":false},"author":2,"featured_media":81753,"comment_status":"open","ping_status":"closed","sticky":false,"template":"","format":"standard","meta":{"_acf_changed":false,"footnotes":""},"categories":[17],"tags":[],"class_list":["post-81752","post","type-post","status-publish","format-standard","has-post-thumbnail","hentry","category-mundo"],"acf":[],"yoast_head":"<!-- This site is optimized with the Yoast SEO plugin v27.2 - https:\/\/yoast.com\/product\/yoast-seo-wordpress\/ -->\n<title>Amea\u00e7a de bomba obriga avi\u00e3o da Air France desviar voo e pousar na \u00c1frica - Notibras<\/title>\n<meta name=\"robots\" content=\"index, follow, max-snippet:-1, max-image-preview:large, max-video-preview:-1\" \/>\n<link rel=\"canonical\" href=\"https:\/\/www.notibras.com\/site\/ameaca-de-bomba-obriga-aviao-da-air-france-desviar-voo-a-paris-e-pousar-na-africa\/\" \/>\n<meta property=\"og:locale\" content=\"pt_BR\" \/>\n<meta property=\"og:type\" content=\"article\" \/>\n<meta property=\"og:title\" content=\"Amea\u00e7a de bomba obriga avi\u00e3o da Air France desviar voo e pousar na \u00c1frica - Notibras\" \/>\n<meta property=\"og:description\" content=\"Um avi\u00e3o da Air France que voava das Ilhas Maur\u00edcio para Paris fez um pouso de emerg\u00eancia na cidade de Mombasa, no Qu\u00eania, ap\u00f3s um dispositivo suspeito ser encontrado no banheiro, afirmou a pol\u00edcia do Qu\u00eania neste domingo. O avi\u00e3o Boeing 777 da Air France, voo 463, tinha como destino o aeroporto Charles de Gaulle, [&hellip;]\" \/>\n<meta property=\"og:url\" content=\"https:\/\/www.notibras.com\/site\/ameaca-de-bomba-obriga-aviao-da-air-france-desviar-voo-a-paris-e-pousar-na-africa\/\" \/>\n<meta property=\"og:site_name\" content=\"Notibras\" \/>\n<meta property=\"article:publisher\" content=\"https:\/\/www.facebook.com\/notibras\/\" \/>\n<meta property=\"article:published_time\" content=\"2015-12-20T12:06:46+00:00\" \/>\n<meta property=\"article:modified_time\" content=\"2015-12-20T22:37:33+00:00\" \/>\n<meta property=\"og:image\" content=\"https:\/\/www.notibras.com\/site\/wp-content\/uploads\/2015\/12\/airfr.jpg\" \/>\n\t<meta property=\"og:image:width\" content=\"550\" \/>\n\t<meta property=\"og:image:height\" content=\"412\" \/>\n\t<meta property=\"og:image:type\" content=\"image\/jpeg\" \/>\n<meta name=\"author\" content=\"Reda\u00e7\u00e3o\" \/>\n<meta name=\"twitter:card\" content=\"summary_large_image\" \/>\n<meta name=\"twitter:creator\" content=\"@Notibras\" \/>\n<meta name=\"twitter:site\" content=\"@Notibras\" \/>\n<meta name=\"twitter:label1\" content=\"Escrito por\" \/>\n\t<meta name=\"twitter:data1\" content=\"Reda\u00e7\u00e3o\" \/>\n\t<meta name=\"twitter:label2\" content=\"Est. tempo de leitura\" \/>\n\t<meta name=\"twitter:data2\" content=\"1 minuto\" \/>\n<script type=\"application\/ld+json\" class=\"yoast-schema-graph\">{\"@context\":\"https:\/\/schema.org\",\"@graph\":[{\"@type\":\"Article\",\"@id\":\"https:\/\/www.notibras.com\/site\/ameaca-de-bomba-obriga-aviao-da-air-france-desviar-voo-a-paris-e-pousar-na-africa\/#article\",\"isPartOf\":{\"@id\":\"https:\/\/www.notibras.com\/site\/ameaca-de-bomba-obriga-aviao-da-air-france-desviar-voo-a-paris-e-pousar-na-africa\/\"},\"author\":{\"name\":\"Reda\u00e7\u00e3o\",\"@id\":\"https:\/\/www.notibras.com\/site\/#\/schema\/person\/36ab0979449956132d3e5b517ea76ac8\"},\"headline\":\"Amea\u00e7a de bomba obriga avi\u00e3o da Air France desviar voo e pousar na \u00c1frica\",\"datePublished\":\"2015-12-20T12:06:46+00:00\",\"dateModified\":\"2015-12-20T22:37:33+00:00\",\"mainEntityOfPage\":{\"@id\":\"https:\/\/www.notibras.com\/site\/ameaca-de-bomba-obriga-aviao-da-air-france-desviar-voo-a-paris-e-pousar-na-africa\/\"},\"wordCount\":211,\"commentCount\":0,\"publisher\":{\"@id\":\"https:\/\/www.notibras.com\/site\/#organization\"},\"image\":{\"@id\":\"https:\/\/www.notibras.com\/site\/ameaca-de-bomba-obriga-aviao-da-air-france-desviar-voo-a-paris-e-pousar-na-africa\/#primaryimage\"},\"thumbnailUrl\":\"https:\/\/www.notibras.com\/site\/wp-content\/uploads\/2015\/12\/airfr.jpg\",\"articleSection\":[\"Mundo\"],\"inLanguage\":\"pt-BR\",\"potentialAction\":[{\"@type\":\"CommentAction\",\"name\":\"Comment\",\"target\":[\"https:\/\/www.notibras.com\/site\/ameaca-de-bomba-obriga-aviao-da-air-france-desviar-voo-a-paris-e-pousar-na-africa\/#respond\"]}]},{\"@type\":\"WebPage\",\"@id\":\"https:\/\/www.notibras.com\/site\/ameaca-de-bomba-obriga-aviao-da-air-france-desviar-voo-a-paris-e-pousar-na-africa\/\",\"url\":\"https:\/\/www.notibras.com\/site\/ameaca-de-bomba-obriga-aviao-da-air-france-desviar-voo-a-paris-e-pousar-na-africa\/\",\"name\":\"Amea\u00e7a de bomba obriga avi\u00e3o da Air France desviar voo e pousar na \u00c1frica - Notibras\",\"isPartOf\":{\"@id\":\"https:\/\/www.notibras.com\/site\/#website\"},\"primaryImageOfPage\":{\"@id\":\"https:\/\/www.notibras.com\/site\/ameaca-de-bomba-obriga-aviao-da-air-france-desviar-voo-a-paris-e-pousar-na-africa\/#primaryimage\"},\"image\":{\"@id\":\"https:\/\/www.notibras.com\/site\/ameaca-de-bomba-obriga-aviao-da-air-france-desviar-voo-a-paris-e-pousar-na-africa\/#primaryimage\"},\"thumbnailUrl\":\"https:\/\/www.notibras.com\/site\/wp-content\/uploads\/2015\/12\/airfr.jpg\",\"datePublished\":\"2015-12-20T12:06:46+00:00\",\"dateModified\":\"2015-12-20T22:37:33+00:00\",\"breadcrumb\":{\"@id\":\"https:\/\/www.notibras.com\/site\/ameaca-de-bomba-obriga-aviao-da-air-france-desviar-voo-a-paris-e-pousar-na-africa\/#breadcrumb\"},\"inLanguage\":\"pt-BR\",\"potentialAction\":[{\"@type\":\"ReadAction\",\"target\":[\"https:\/\/www.notibras.com\/site\/ameaca-de-bomba-obriga-aviao-da-air-france-desviar-voo-a-paris-e-pousar-na-africa\/\"]}]},{\"@type\":\"ImageObject\",\"inLanguage\":\"pt-BR\",\"@id\":\"https:\/\/www.notibras.com\/site\/ameaca-de-bomba-obriga-aviao-da-air-france-desviar-voo-a-paris-e-pousar-na-africa\/#primaryimage\",\"url\":\"https:\/\/www.notibras.com\/site\/wp-content\/uploads\/2015\/12\/airfr.jpg\",\"contentUrl\":\"https:\/\/www.notibras.com\/site\/wp-content\/uploads\/2015\/12\/airfr.jpg\",\"width\":550,\"height\":412},{\"@type\":\"BreadcrumbList\",\"@id\":\"https:\/\/www.notibras.com\/site\/ameaca-de-bomba-obriga-aviao-da-air-france-desviar-voo-a-paris-e-pousar-na-africa\/#breadcrumb\",\"itemListElement\":[{\"@type\":\"ListItem\",\"position\":1,\"name\":\"In\u00edcio\",\"item\":\"https:\/\/www.notibras.com\/site\/\"},{\"@type\":\"ListItem\",\"position\":2,\"name\":\"Amea\u00e7a de bomba obriga avi\u00e3o da Air France desviar voo e pousar na \u00c1frica\"}]},{\"@type\":\"WebSite\",\"@id\":\"https:\/\/www.notibras.com\/site\/#website\",\"url\":\"https:\/\/www.notibras.com\/site\/\",\"name\":\"Notibras\",\"description\":\"Not\u00edcias de Bras\u00edlia, do Brasil e do Mundo\",\"publisher\":{\"@id\":\"https:\/\/www.notibras.com\/site\/#organization\"},\"potentialAction\":[{\"@type\":\"SearchAction\",\"target\":{\"@type\":\"EntryPoint\",\"urlTemplate\":\"https:\/\/www.notibras.com\/site\/?s={search_term_string}\"},\"query-input\":{\"@type\":\"PropertyValueSpecification\",\"valueRequired\":true,\"valueName\":\"search_term_string\"}}],\"inLanguage\":\"pt-BR\"},{\"@type\":\"Organization\",\"@id\":\"https:\/\/www.notibras.com\/site\/#organization\",\"name\":\"Grupo Notibras de Comunica\u00e7\u00e3o\",\"url\":\"https:\/\/www.notibras.com\/site\/\",\"logo\":{\"@type\":\"ImageObject\",\"inLanguage\":\"pt-BR\",\"@id\":\"https:\/\/www.notibras.com\/site\/#\/schema\/logo\/image\/\",\"url\":\"https:\/\/www.notibras.com\/site\/wp-content\/uploads\/2023\/01\/notibras23.png\",\"contentUrl\":\"https:\/\/www.notibras.com\/site\/wp-content\/uploads\/2023\/01\/notibras23.png\",\"width\":350,\"height\":87,\"caption\":\"Grupo Notibras de Comunica\u00e7\u00e3o\"},\"image\":{\"@id\":\"https:\/\/www.notibras.com\/site\/#\/schema\/logo\/image\/\"},\"sameAs\":[\"https:\/\/www.facebook.com\/notibras\/\",\"https:\/\/x.com\/Notibras\",\"https:\/\/www.instagram.com\/notibras\/\"]},{\"@type\":\"Person\",\"@id\":\"https:\/\/www.notibras.com\/site\/#\/schema\/person\/36ab0979449956132d3e5b517ea76ac8\",\"name\":\"Reda\u00e7\u00e3o\",\"image\":{\"@type\":\"ImageObject\",\"inLanguage\":\"pt-BR\",\"@id\":\"https:\/\/secure.gravatar.com\/avatar\/e0a867bdedb85fd243eadf09663511f96fc81e0720a4a42581f334ad4303aa6b?s=96&d=mm&r=g\",\"url\":\"https:\/\/secure.gravatar.com\/avatar\/e0a867bdedb85fd243eadf09663511f96fc81e0720a4a42581f334ad4303aa6b?s=96&d=mm&r=g\",\"contentUrl\":\"https:\/\/secure.gravatar.com\/avatar\/e0a867bdedb85fd243eadf09663511f96fc81e0720a4a42581f334ad4303aa6b?s=96&d=mm&r=g\",\"caption\":\"Reda\u00e7\u00e3o\"}}]}<\/script>\n<!-- \/ Yoast SEO plugin. -->","yoast_head_json":{"title":"Amea\u00e7a de bomba obriga avi\u00e3o da Air France desviar voo e pousar na \u00c1frica - Notibras","robots":{"index":"index","follow":"follow","max-snippet":"max-snippet:-1","max-image-preview":"max-image-preview:large","max-video-preview":"max-video-preview:-1"},"canonical":"https:\/\/www.notibras.com\/site\/ameaca-de-bomba-obriga-aviao-da-air-france-desviar-voo-a-paris-e-pousar-na-africa\/","og_locale":"pt_BR","og_type":"article","og_title":"Amea\u00e7a de bomba obriga avi\u00e3o da Air France desviar voo e pousar na \u00c1frica - Notibras","og_description":"Um avi\u00e3o da Air France que voava das Ilhas Maur\u00edcio para Paris fez um pouso de emerg\u00eancia na cidade de Mombasa, no Qu\u00eania, ap\u00f3s um dispositivo suspeito ser encontrado no banheiro, afirmou a pol\u00edcia do Qu\u00eania neste domingo. O avi\u00e3o Boeing 777 da Air France, voo 463, tinha como destino o aeroporto Charles de Gaulle, [&hellip;]","og_url":"https:\/\/www.notibras.com\/site\/ameaca-de-bomba-obriga-aviao-da-air-france-desviar-voo-a-paris-e-pousar-na-africa\/","og_site_name":"Notibras","article_publisher":"https:\/\/www.facebook.com\/notibras\/","article_published_time":"2015-12-20T12:06:46+00:00","article_modified_time":"2015-12-20T22:37:33+00:00","og_image":[{"width":550,"height":412,"url":"https:\/\/www.notibras.com\/site\/wp-content\/uploads\/2015\/12\/airfr.jpg","type":"image\/jpeg"}],"author":"Reda\u00e7\u00e3o","twitter_card":"summary_large_image","twitter_creator":"@Notibras","twitter_site":"@Notibras","twitter_misc":{"Escrito por":"Reda\u00e7\u00e3o","Est. tempo de leitura":"1 minuto"},"schema":{"@context":"https:\/\/schema.org","@graph":[{"@type":"Article","@id":"https:\/\/www.notibras.com\/site\/ameaca-de-bomba-obriga-aviao-da-air-france-desviar-voo-a-paris-e-pousar-na-africa\/#article","isPartOf":{"@id":"https:\/\/www.notibras.com\/site\/ameaca-de-bomba-obriga-aviao-da-air-france-desviar-voo-a-paris-e-pousar-na-africa\/"},"author":{"name":"Reda\u00e7\u00e3o","@id":"https:\/\/www.notibras.com\/site\/#\/schema\/person\/36ab0979449956132d3e5b517ea76ac8"},"headline":"Amea\u00e7a de bomba obriga avi\u00e3o da Air France desviar voo e pousar na \u00c1frica","datePublished":"2015-12-20T12:06:46+00:00","dateModified":"2015-12-20T22:37:33+00:00","mainEntityOfPage":{"@id":"https:\/\/www.notibras.com\/site\/ameaca-de-bomba-obriga-aviao-da-air-france-desviar-voo-a-paris-e-pousar-na-africa\/"},"wordCount":211,"commentCount":0,"publisher":{"@id":"https:\/\/www.notibras.com\/site\/#organization"},"image":{"@id":"https:\/\/www.notibras.com\/site\/ameaca-de-bomba-obriga-aviao-da-air-france-desviar-voo-a-paris-e-pousar-na-africa\/#primaryimage"},"thumbnailUrl":"https:\/\/www.notibras.com\/site\/wp-content\/uploads\/2015\/12\/airfr.jpg","articleSection":["Mundo"],"inLanguage":"pt-BR","potentialAction":[{"@type":"CommentAction","name":"Comment","target":["https:\/\/www.notibras.com\/site\/ameaca-de-bomba-obriga-aviao-da-air-france-desviar-voo-a-paris-e-pousar-na-africa\/#respond"]}]},{"@type":"WebPage","@id":"https:\/\/www.notibras.com\/site\/ameaca-de-bomba-obriga-aviao-da-air-france-desviar-voo-a-paris-e-pousar-na-africa\/","url":"https:\/\/www.notibras.com\/site\/ameaca-de-bomba-obriga-aviao-da-air-france-desviar-voo-a-paris-e-pousar-na-africa\/","name":"Amea\u00e7a de bomba obriga avi\u00e3o da Air France desviar voo e pousar na \u00c1frica - Notibras","isPartOf":{"@id":"https:\/\/www.notibras.com\/site\/#website"},"primaryImageOfPage":{"@id":"https:\/\/www.notibras.com\/site\/ameaca-de-bomba-obriga-aviao-da-air-france-desviar-voo-a-paris-e-pousar-na-africa\/#primaryimage"},"image":{"@id":"https:\/\/www.notibras.com\/site\/ameaca-de-bomba-obriga-aviao-da-air-france-desviar-voo-a-paris-e-pousar-na-africa\/#primaryimage"},"thumbnailUrl":"https:\/\/www.notibras.com\/site\/wp-content\/uploads\/2015\/12\/airfr.jpg","datePublished":"2015-12-20T12:06:46+00:00","dateModified":"2015-12-20T22:37:33+00:00","breadcrumb":{"@id":"https:\/\/www.notibras.com\/site\/ameaca-de-bomba-obriga-aviao-da-air-france-desviar-voo-a-paris-e-pousar-na-africa\/#breadcrumb"},"inLanguage":"pt-BR","potentialAction":[{"@type":"ReadAction","target":["https:\/\/www.notibras.com\/site\/ameaca-de-bomba-obriga-aviao-da-air-france-desviar-voo-a-paris-e-pousar-na-africa\/"]}]},{"@type":"ImageObject","inLanguage":"pt-BR","@id":"https:\/\/www.notibras.com\/site\/ameaca-de-bomba-obriga-aviao-da-air-france-desviar-voo-a-paris-e-pousar-na-africa\/#primaryimage","url":"https:\/\/www.notibras.com\/site\/wp-content\/uploads\/2015\/12\/airfr.jpg","contentUrl":"https:\/\/www.notibras.com\/site\/wp-content\/uploads\/2015\/12\/airfr.jpg","width":550,"height":412},{"@type":"BreadcrumbList","@id":"https:\/\/www.notibras.com\/site\/ameaca-de-bomba-obriga-aviao-da-air-france-desviar-voo-a-paris-e-pousar-na-africa\/#breadcrumb","itemListElement":[{"@type":"ListItem","position":1,"name":"In\u00edcio","item":"https:\/\/www.notibras.com\/site\/"},{"@type":"ListItem","position":2,"name":"Amea\u00e7a de bomba obriga avi\u00e3o da Air France desviar voo e pousar na \u00c1frica"}]},{"@type":"WebSite","@id":"https:\/\/www.notibras.com\/site\/#website","url":"https:\/\/www.notibras.com\/site\/","name":"Notibras","description":"Not\u00edcias de Bras\u00edlia, do Brasil e do Mundo","publisher":{"@id":"https:\/\/www.notibras.com\/site\/#organization"},"potentialAction":[{"@type":"SearchAction","target":{"@type":"EntryPoint","urlTemplate":"https:\/\/www.notibras.com\/site\/?s={search_term_string}"},"query-input":{"@type":"PropertyValueSpecification","valueRequired":true,"valueName":"search_term_string"}}],"inLanguage":"pt-BR"},{"@type":"Organization","@id":"https:\/\/www.notibras.com\/site\/#organization","name":"Grupo Notibras de Comunica\u00e7\u00e3o","url":"https:\/\/www.notibras.com\/site\/","logo":{"@type":"ImageObject","inLanguage":"pt-BR","@id":"https:\/\/www.notibras.com\/site\/#\/schema\/logo\/image\/","url":"https:\/\/www.notibras.com\/site\/wp-content\/uploads\/2023\/01\/notibras23.png","contentUrl":"https:\/\/www.notibras.com\/site\/wp-content\/uploads\/2023\/01\/notibras23.png","width":350,"height":87,"caption":"Grupo Notibras de Comunica\u00e7\u00e3o"},"image":{"@id":"https:\/\/www.notibras.com\/site\/#\/schema\/logo\/image\/"},"sameAs":["https:\/\/www.facebook.com\/notibras\/","https:\/\/x.com\/Notibras","https:\/\/www.instagram.com\/notibras\/"]},{"@type":"Person","@id":"https:\/\/www.notibras.com\/site\/#\/schema\/person\/36ab0979449956132d3e5b517ea76ac8","name":"Reda\u00e7\u00e3o","image":{"@type":"ImageObject","inLanguage":"pt-BR","@id":"https:\/\/secure.gravatar.com\/avatar\/e0a867bdedb85fd243eadf09663511f96fc81e0720a4a42581f334ad4303aa6b?s=96&d=mm&r=g","url":"https:\/\/secure.gravatar.com\/avatar\/e0a867bdedb85fd243eadf09663511f96fc81e0720a4a42581f334ad4303aa6b?s=96&d=mm&r=g","contentUrl":"https:\/\/secure.gravatar.com\/avatar\/e0a867bdedb85fd243eadf09663511f96fc81e0720a4a42581f334ad4303aa6b?s=96&d=mm&r=g","caption":"Reda\u00e7\u00e3o"}}]}},"amp_enabled":true,"_links":{"self":[{"href":"https:\/\/www.notibras.com\/site\/wp-json\/wp\/v2\/posts\/81752","targetHints":{"allow":["GET"]}}],"collection":[{"href":"https:\/\/www.notibras.com\/site\/wp-json\/wp\/v2\/posts"}],"about":[{"href":"https:\/\/www.notibras.com\/site\/wp-json\/wp\/v2\/types\/post"}],"author":[{"embeddable":true,"href":"https:\/\/www.notibras.com\/site\/wp-json\/wp\/v2\/users\/2"}],"replies":[{"embeddable":true,"href":"https:\/\/www.notibras.com\/site\/wp-json\/wp\/v2\/comments?post=81752"}],"version-history":[{"count":2,"href":"https:\/\/www.notibras.com\/site\/wp-json\/wp\/v2\/posts\/81752\/revisions"}],"predecessor-version":[{"id":81755,"href":"https:\/\/www.notibras.com\/site\/wp-json\/wp\/v2\/posts\/81752\/revisions\/81755"}],"wp:featuredmedia":[{"embeddable":true,"href":"https:\/\/www.notibras.com\/site\/wp-json\/wp\/v2\/media\/81753"}],"wp:attachment":[{"href":"https:\/\/www.notibras.com\/site\/wp-json\/wp\/v2\/media?parent=81752"}],"wp:term":[{"taxonomy":"category","embeddable":true,"href":"https:\/\/www.notibras.com\/site\/wp-json\/wp\/v2\/categories?post=81752"},{"taxonomy":"post_tag","embeddable":true,"href":"https:\/\/www.notibras.com\/site\/wp-json\/wp\/v2\/tags?post=81752"}],"curies":[{"name":"wp","href":"https:\/\/api.w.org\/{rel}","templated":true}]}}