{"id":81756,"date":"2015-12-20T08:12:01","date_gmt":"2015-12-20T10:12:01","guid":{"rendered":"http:\/\/www.notibras.com\/site\/?p=81756"},"modified":"2015-12-20T20:35:30","modified_gmt":"2015-12-20T22:35:30","slug":"hillary-esquenta-debate-com-os-adversarios-na-corrida-pela-cadeira-da-casa-branca","status":"publish","type":"post","link":"https:\/\/www.notibras.com\/site\/hillary-esquenta-debate-com-os-adversarios-na-corrida-pela-cadeira-da-casa-branca\/","title":{"rendered":"Hillary esquenta debate com os advers\u00e1rios na corrida pela cadeira da Casa Branca"},"content":{"rendered":"<p>A pr\u00e9-candidata do Partido Democrata \u00e0 presid\u00eancia dos EUA Hillary Clinton usou o debate realizado na noite deste s\u00e1bado (madrugada no Brasil)para criticar os candidatos republicanos, que ela deve enfrentar na pr\u00f3xima elei\u00e7\u00e3o geral.<\/p>\n<p>O maior alvo das cr\u00edticas foi o candidato republicano l\u00edder nas pesquisas, Donald Trump, citado por ela em diversas ocasi\u00f5es durante o debate, que teve dura\u00e7\u00e3o de duas horas. Hillary acusou Trump de incitar o sentimento contr\u00e1rio aos Estados Unidos em pa\u00edses mu\u00e7ulmanos, cuja coopera\u00e7\u00e3o, segundo ela, \u00e9 necess\u00e1ria no combate ao terrorismo.<\/p>\n<p>Em primeiro lugar nas pesquisas entre os democratas, Hillary deu pouco espa\u00e7o quando seu principal concorrente no partido, o senador Bernie Sanders, sugeriu que ela poderia rapidamente enviar militares norte-americanos a locais de conflito no Oriente M\u00e9dio. Sanders tamb\u00e9m a acusou de ser muito ligada ao mercado financeiro e \u00e0s empresas de Wall Street.<\/p>\n<p>Nos \u00faltimos dias, as acusa\u00e7\u00f5es entre Sanders e Hillary Clinton sobre o uso indevido de dados de eleitores controlados pelo Comit\u00ea Nacional Democrata. Recentemente, Sanders demitiu um assessor que usou uma falha tempor\u00e1ria para acessar informa\u00e7\u00f5es da campanha de Clinton. Questionado pelo moderador do debate, Sanders se desculpou \u00e0 Hillary pelo ocorrido e afirmou que &#8220;esse n\u00e3o \u00e9 o tipo de campanha que fazermos&#8221;. Em resposta, Hillary disse que &#8220;\u00e9 hora de ir em frente, porque n\u00e3o sabemos o quanto os cidad\u00e3os americanos est\u00e3o interessados nesse assunto&#8221;.<\/p>\n<p>A apenas mais um debate antes das pr\u00e9vias, marcadas para 1\u00ba de fevereiro, Sanders e o terceiro candidato democrata, o ex-governador de Maryland, Martin O&#8217;Malley, precisavam de um bom desempenho para tomar a lideran\u00e7a, mantida por Hillary Clinton desde o in\u00edcio da campanha.<\/p>\n<p>At\u00e9 o momento, os debates n\u00e3o deram a Sanders qualquer avan\u00e7o nas pesquisas. De fato, ele tem perdido espa\u00e7o desde o in\u00edcio da campanha. No primeiro debate, realizado no dia 13 de outubro, Sanders estava 18 pontos atr\u00e1s de Hillary nas pesquisas do Real Clear Politics. Um m\u00eas depois, no segundo debate, a diferen\u00e7a entre os dois candidatos era de 21 pontos. Antes do debate realizado ontem, Sanders estava 25 pontos atr\u00e1s nas pesquisas.<\/p>\n<p>Por outro lado, as diferen\u00e7as entre a posi\u00e7\u00e3o dos dois candidatos ficaram mais claras no \u00faltimo debate. Sanders e Hillary divergiram sobre como lidar com a crise na S\u00edria, onde os Estados Unidos e aliados na regi\u00e3o lutam contra o presidente Bashar al-Assad e o Estado Isl\u00e2mico. Sanders defende que os EUA devem focar exclusivamente nos esfor\u00e7os contra os terroristas, enquanto Hillary afirma que al\u00e9m da luta contra os terroristas, \u00e9 necess\u00e1ria a remo\u00e7\u00e3o de Assad.<\/p>\n","protected":false},"excerpt":{"rendered":"<p>A pr\u00e9-candidata do Partido Democrata \u00e0 presid\u00eancia dos EUA Hillary Clinton usou o debate realizado na noite deste s\u00e1bado (madrugada no Brasil)para criticar os candidatos republicanos, que ela deve enfrentar na pr\u00f3xima elei\u00e7\u00e3o geral. O maior alvo das cr\u00edticas foi o candidato republicano l\u00edder nas pesquisas, Donald Trump, citado por ela em diversas ocasi\u00f5es durante [&hellip;]<\/p>\n","protected":false},"author":2,"featured_media":81757,"comment_status":"open","ping_status":"closed","sticky":false,"template":"","format":"standard","meta":{"_acf_changed":false,"footnotes":""},"categories":[17],"tags":[],"class_list":["post-81756","post","type-post","status-publish","format-standard","has-post-thumbnail","hentry","category-mundo"],"acf":[],"yoast_head":"<!-- This site is optimized with the Yoast SEO plugin v27.2 - https:\/\/yoast.com\/product\/yoast-seo-wordpress\/ -->\n<title>Hillary esquenta debate com os advers\u00e1rios na corrida pela cadeira da Casa Branca - Notibras<\/title>\n<meta name=\"robots\" content=\"index, follow, max-snippet:-1, max-image-preview:large, max-video-preview:-1\" \/>\n<link rel=\"canonical\" href=\"https:\/\/www.notibras.com\/site\/hillary-esquenta-debate-com-os-adversarios-na-corrida-pela-cadeira-da-casa-branca\/\" \/>\n<meta property=\"og:locale\" content=\"pt_BR\" \/>\n<meta property=\"og:type\" content=\"article\" \/>\n<meta property=\"og:title\" content=\"Hillary esquenta debate com os advers\u00e1rios na corrida pela cadeira da Casa Branca - Notibras\" \/>\n<meta property=\"og:description\" content=\"A pr\u00e9-candidata do Partido Democrata \u00e0 presid\u00eancia dos EUA Hillary Clinton usou o debate realizado na noite deste s\u00e1bado (madrugada no Brasil)para criticar os candidatos republicanos, que ela deve enfrentar na pr\u00f3xima elei\u00e7\u00e3o geral. O maior alvo das cr\u00edticas foi o candidato republicano l\u00edder nas pesquisas, Donald Trump, citado por ela em diversas ocasi\u00f5es durante [&hellip;]\" \/>\n<meta property=\"og:url\" content=\"https:\/\/www.notibras.com\/site\/hillary-esquenta-debate-com-os-adversarios-na-corrida-pela-cadeira-da-casa-branca\/\" \/>\n<meta property=\"og:site_name\" content=\"Notibras\" \/>\n<meta property=\"article:publisher\" content=\"https:\/\/www.facebook.com\/notibras\/\" \/>\n<meta property=\"article:published_time\" content=\"2015-12-20T10:12:01+00:00\" \/>\n<meta property=\"article:modified_time\" content=\"2015-12-20T22:35:30+00:00\" \/>\n<meta property=\"og:image\" content=\"https:\/\/www.notibras.com\/site\/wp-content\/uploads\/2015\/12\/hi.jpg\" \/>\n\t<meta property=\"og:image:width\" content=\"600\" \/>\n\t<meta property=\"og:image:height\" content=\"365\" \/>\n\t<meta property=\"og:image:type\" content=\"image\/jpeg\" \/>\n<meta name=\"author\" content=\"Reda\u00e7\u00e3o\" \/>\n<meta name=\"twitter:card\" content=\"summary_large_image\" \/>\n<meta name=\"twitter:creator\" content=\"@Notibras\" \/>\n<meta name=\"twitter:site\" content=\"@Notibras\" \/>\n<meta name=\"twitter:label1\" content=\"Escrito por\" \/>\n\t<meta name=\"twitter:data1\" content=\"Reda\u00e7\u00e3o\" \/>\n\t<meta name=\"twitter:label2\" content=\"Est. tempo de leitura\" \/>\n\t<meta name=\"twitter:data2\" content=\"2 minutos\" \/>\n<script type=\"application\/ld+json\" class=\"yoast-schema-graph\">{\"@context\":\"https:\/\/schema.org\",\"@graph\":[{\"@type\":\"Article\",\"@id\":\"https:\/\/www.notibras.com\/site\/hillary-esquenta-debate-com-os-adversarios-na-corrida-pela-cadeira-da-casa-branca\/#article\",\"isPartOf\":{\"@id\":\"https:\/\/www.notibras.com\/site\/hillary-esquenta-debate-com-os-adversarios-na-corrida-pela-cadeira-da-casa-branca\/\"},\"author\":{\"name\":\"Reda\u00e7\u00e3o\",\"@id\":\"https:\/\/www.notibras.com\/site\/#\/schema\/person\/36ab0979449956132d3e5b517ea76ac8\"},\"headline\":\"Hillary esquenta debate com os advers\u00e1rios na corrida pela cadeira da Casa Branca\",\"datePublished\":\"2015-12-20T10:12:01+00:00\",\"dateModified\":\"2015-12-20T22:35:30+00:00\",\"mainEntityOfPage\":{\"@id\":\"https:\/\/www.notibras.com\/site\/hillary-esquenta-debate-com-os-adversarios-na-corrida-pela-cadeira-da-casa-branca\/\"},\"wordCount\":469,\"commentCount\":0,\"publisher\":{\"@id\":\"https:\/\/www.notibras.com\/site\/#organization\"},\"image\":{\"@id\":\"https:\/\/www.notibras.com\/site\/hillary-esquenta-debate-com-os-adversarios-na-corrida-pela-cadeira-da-casa-branca\/#primaryimage\"},\"thumbnailUrl\":\"https:\/\/www.notibras.com\/site\/wp-content\/uploads\/2015\/12\/hi.jpg\",\"articleSection\":[\"Mundo\"],\"inLanguage\":\"pt-BR\",\"potentialAction\":[{\"@type\":\"CommentAction\",\"name\":\"Comment\",\"target\":[\"https:\/\/www.notibras.com\/site\/hillary-esquenta-debate-com-os-adversarios-na-corrida-pela-cadeira-da-casa-branca\/#respond\"]}]},{\"@type\":\"WebPage\",\"@id\":\"https:\/\/www.notibras.com\/site\/hillary-esquenta-debate-com-os-adversarios-na-corrida-pela-cadeira-da-casa-branca\/\",\"url\":\"https:\/\/www.notibras.com\/site\/hillary-esquenta-debate-com-os-adversarios-na-corrida-pela-cadeira-da-casa-branca\/\",\"name\":\"Hillary esquenta debate com os advers\u00e1rios na corrida pela cadeira da Casa Branca - Notibras\",\"isPartOf\":{\"@id\":\"https:\/\/www.notibras.com\/site\/#website\"},\"primaryImageOfPage\":{\"@id\":\"https:\/\/www.notibras.com\/site\/hillary-esquenta-debate-com-os-adversarios-na-corrida-pela-cadeira-da-casa-branca\/#primaryimage\"},\"image\":{\"@id\":\"https:\/\/www.notibras.com\/site\/hillary-esquenta-debate-com-os-adversarios-na-corrida-pela-cadeira-da-casa-branca\/#primaryimage\"},\"thumbnailUrl\":\"https:\/\/www.notibras.com\/site\/wp-content\/uploads\/2015\/12\/hi.jpg\",\"datePublished\":\"2015-12-20T10:12:01+00:00\",\"dateModified\":\"2015-12-20T22:35:30+00:00\",\"breadcrumb\":{\"@id\":\"https:\/\/www.notibras.com\/site\/hillary-esquenta-debate-com-os-adversarios-na-corrida-pela-cadeira-da-casa-branca\/#breadcrumb\"},\"inLanguage\":\"pt-BR\",\"potentialAction\":[{\"@type\":\"ReadAction\",\"target\":[\"https:\/\/www.notibras.com\/site\/hillary-esquenta-debate-com-os-adversarios-na-corrida-pela-cadeira-da-casa-branca\/\"]}]},{\"@type\":\"ImageObject\",\"inLanguage\":\"pt-BR\",\"@id\":\"https:\/\/www.notibras.com\/site\/hillary-esquenta-debate-com-os-adversarios-na-corrida-pela-cadeira-da-casa-branca\/#primaryimage\",\"url\":\"https:\/\/www.notibras.com\/site\/wp-content\/uploads\/2015\/12\/hi.jpg\",\"contentUrl\":\"https:\/\/www.notibras.com\/site\/wp-content\/uploads\/2015\/12\/hi.jpg\",\"width\":600,\"height\":365},{\"@type\":\"BreadcrumbList\",\"@id\":\"https:\/\/www.notibras.com\/site\/hillary-esquenta-debate-com-os-adversarios-na-corrida-pela-cadeira-da-casa-branca\/#breadcrumb\",\"itemListElement\":[{\"@type\":\"ListItem\",\"position\":1,\"name\":\"In\u00edcio\",\"item\":\"https:\/\/www.notibras.com\/site\/\"},{\"@type\":\"ListItem\",\"position\":2,\"name\":\"Hillary esquenta debate com os advers\u00e1rios na corrida pela cadeira da Casa Branca\"}]},{\"@type\":\"WebSite\",\"@id\":\"https:\/\/www.notibras.com\/site\/#website\",\"url\":\"https:\/\/www.notibras.com\/site\/\",\"name\":\"Notibras\",\"description\":\"Not\u00edcias de Bras\u00edlia, do Brasil e do Mundo\",\"publisher\":{\"@id\":\"https:\/\/www.notibras.com\/site\/#organization\"},\"potentialAction\":[{\"@type\":\"SearchAction\",\"target\":{\"@type\":\"EntryPoint\",\"urlTemplate\":\"https:\/\/www.notibras.com\/site\/?s={search_term_string}\"},\"query-input\":{\"@type\":\"PropertyValueSpecification\",\"valueRequired\":true,\"valueName\":\"search_term_string\"}}],\"inLanguage\":\"pt-BR\"},{\"@type\":\"Organization\",\"@id\":\"https:\/\/www.notibras.com\/site\/#organization\",\"name\":\"Grupo Notibras de Comunica\u00e7\u00e3o\",\"url\":\"https:\/\/www.notibras.com\/site\/\",\"logo\":{\"@type\":\"ImageObject\",\"inLanguage\":\"pt-BR\",\"@id\":\"https:\/\/www.notibras.com\/site\/#\/schema\/logo\/image\/\",\"url\":\"https:\/\/www.notibras.com\/site\/wp-content\/uploads\/2023\/01\/notibras23.png\",\"contentUrl\":\"https:\/\/www.notibras.com\/site\/wp-content\/uploads\/2023\/01\/notibras23.png\",\"width\":350,\"height\":87,\"caption\":\"Grupo Notibras de Comunica\u00e7\u00e3o\"},\"image\":{\"@id\":\"https:\/\/www.notibras.com\/site\/#\/schema\/logo\/image\/\"},\"sameAs\":[\"https:\/\/www.facebook.com\/notibras\/\",\"https:\/\/x.com\/Notibras\",\"https:\/\/www.instagram.com\/notibras\/\"]},{\"@type\":\"Person\",\"@id\":\"https:\/\/www.notibras.com\/site\/#\/schema\/person\/36ab0979449956132d3e5b517ea76ac8\",\"name\":\"Reda\u00e7\u00e3o\",\"image\":{\"@type\":\"ImageObject\",\"inLanguage\":\"pt-BR\",\"@id\":\"https:\/\/secure.gravatar.com\/avatar\/e0a867bdedb85fd243eadf09663511f96fc81e0720a4a42581f334ad4303aa6b?s=96&d=mm&r=g\",\"url\":\"https:\/\/secure.gravatar.com\/avatar\/e0a867bdedb85fd243eadf09663511f96fc81e0720a4a42581f334ad4303aa6b?s=96&d=mm&r=g\",\"contentUrl\":\"https:\/\/secure.gravatar.com\/avatar\/e0a867bdedb85fd243eadf09663511f96fc81e0720a4a42581f334ad4303aa6b?s=96&d=mm&r=g\",\"caption\":\"Reda\u00e7\u00e3o\"}}]}<\/script>\n<!-- \/ Yoast SEO plugin. -->","yoast_head_json":{"title":"Hillary esquenta debate com os advers\u00e1rios na corrida pela cadeira da Casa Branca - Notibras","robots":{"index":"index","follow":"follow","max-snippet":"max-snippet:-1","max-image-preview":"max-image-preview:large","max-video-preview":"max-video-preview:-1"},"canonical":"https:\/\/www.notibras.com\/site\/hillary-esquenta-debate-com-os-adversarios-na-corrida-pela-cadeira-da-casa-branca\/","og_locale":"pt_BR","og_type":"article","og_title":"Hillary esquenta debate com os advers\u00e1rios na corrida pela cadeira da Casa Branca - Notibras","og_description":"A pr\u00e9-candidata do Partido Democrata \u00e0 presid\u00eancia dos EUA Hillary Clinton usou o debate realizado na noite deste s\u00e1bado (madrugada no Brasil)para criticar os candidatos republicanos, que ela deve enfrentar na pr\u00f3xima elei\u00e7\u00e3o geral. O maior alvo das cr\u00edticas foi o candidato republicano l\u00edder nas pesquisas, Donald Trump, citado por ela em diversas ocasi\u00f5es durante [&hellip;]","og_url":"https:\/\/www.notibras.com\/site\/hillary-esquenta-debate-com-os-adversarios-na-corrida-pela-cadeira-da-casa-branca\/","og_site_name":"Notibras","article_publisher":"https:\/\/www.facebook.com\/notibras\/","article_published_time":"2015-12-20T10:12:01+00:00","article_modified_time":"2015-12-20T22:35:30+00:00","og_image":[{"width":600,"height":365,"url":"https:\/\/www.notibras.com\/site\/wp-content\/uploads\/2015\/12\/hi.jpg","type":"image\/jpeg"}],"author":"Reda\u00e7\u00e3o","twitter_card":"summary_large_image","twitter_creator":"@Notibras","twitter_site":"@Notibras","twitter_misc":{"Escrito por":"Reda\u00e7\u00e3o","Est. tempo de leitura":"2 minutos"},"schema":{"@context":"https:\/\/schema.org","@graph":[{"@type":"Article","@id":"https:\/\/www.notibras.com\/site\/hillary-esquenta-debate-com-os-adversarios-na-corrida-pela-cadeira-da-casa-branca\/#article","isPartOf":{"@id":"https:\/\/www.notibras.com\/site\/hillary-esquenta-debate-com-os-adversarios-na-corrida-pela-cadeira-da-casa-branca\/"},"author":{"name":"Reda\u00e7\u00e3o","@id":"https:\/\/www.notibras.com\/site\/#\/schema\/person\/36ab0979449956132d3e5b517ea76ac8"},"headline":"Hillary esquenta debate com os advers\u00e1rios na corrida pela cadeira da Casa Branca","datePublished":"2015-12-20T10:12:01+00:00","dateModified":"2015-12-20T22:35:30+00:00","mainEntityOfPage":{"@id":"https:\/\/www.notibras.com\/site\/hillary-esquenta-debate-com-os-adversarios-na-corrida-pela-cadeira-da-casa-branca\/"},"wordCount":469,"commentCount":0,"publisher":{"@id":"https:\/\/www.notibras.com\/site\/#organization"},"image":{"@id":"https:\/\/www.notibras.com\/site\/hillary-esquenta-debate-com-os-adversarios-na-corrida-pela-cadeira-da-casa-branca\/#primaryimage"},"thumbnailUrl":"https:\/\/www.notibras.com\/site\/wp-content\/uploads\/2015\/12\/hi.jpg","articleSection":["Mundo"],"inLanguage":"pt-BR","potentialAction":[{"@type":"CommentAction","name":"Comment","target":["https:\/\/www.notibras.com\/site\/hillary-esquenta-debate-com-os-adversarios-na-corrida-pela-cadeira-da-casa-branca\/#respond"]}]},{"@type":"WebPage","@id":"https:\/\/www.notibras.com\/site\/hillary-esquenta-debate-com-os-adversarios-na-corrida-pela-cadeira-da-casa-branca\/","url":"https:\/\/www.notibras.com\/site\/hillary-esquenta-debate-com-os-adversarios-na-corrida-pela-cadeira-da-casa-branca\/","name":"Hillary esquenta debate com os advers\u00e1rios na corrida pela cadeira da Casa Branca - Notibras","isPartOf":{"@id":"https:\/\/www.notibras.com\/site\/#website"},"primaryImageOfPage":{"@id":"https:\/\/www.notibras.com\/site\/hillary-esquenta-debate-com-os-adversarios-na-corrida-pela-cadeira-da-casa-branca\/#primaryimage"},"image":{"@id":"https:\/\/www.notibras.com\/site\/hillary-esquenta-debate-com-os-adversarios-na-corrida-pela-cadeira-da-casa-branca\/#primaryimage"},"thumbnailUrl":"https:\/\/www.notibras.com\/site\/wp-content\/uploads\/2015\/12\/hi.jpg","datePublished":"2015-12-20T10:12:01+00:00","dateModified":"2015-12-20T22:35:30+00:00","breadcrumb":{"@id":"https:\/\/www.notibras.com\/site\/hillary-esquenta-debate-com-os-adversarios-na-corrida-pela-cadeira-da-casa-branca\/#breadcrumb"},"inLanguage":"pt-BR","potentialAction":[{"@type":"ReadAction","target":["https:\/\/www.notibras.com\/site\/hillary-esquenta-debate-com-os-adversarios-na-corrida-pela-cadeira-da-casa-branca\/"]}]},{"@type":"ImageObject","inLanguage":"pt-BR","@id":"https:\/\/www.notibras.com\/site\/hillary-esquenta-debate-com-os-adversarios-na-corrida-pela-cadeira-da-casa-branca\/#primaryimage","url":"https:\/\/www.notibras.com\/site\/wp-content\/uploads\/2015\/12\/hi.jpg","contentUrl":"https:\/\/www.notibras.com\/site\/wp-content\/uploads\/2015\/12\/hi.jpg","width":600,"height":365},{"@type":"BreadcrumbList","@id":"https:\/\/www.notibras.com\/site\/hillary-esquenta-debate-com-os-adversarios-na-corrida-pela-cadeira-da-casa-branca\/#breadcrumb","itemListElement":[{"@type":"ListItem","position":1,"name":"In\u00edcio","item":"https:\/\/www.notibras.com\/site\/"},{"@type":"ListItem","position":2,"name":"Hillary esquenta debate com os advers\u00e1rios na corrida pela cadeira da Casa Branca"}]},{"@type":"WebSite","@id":"https:\/\/www.notibras.com\/site\/#website","url":"https:\/\/www.notibras.com\/site\/","name":"Notibras","description":"Not\u00edcias de Bras\u00edlia, do Brasil e do Mundo","publisher":{"@id":"https:\/\/www.notibras.com\/site\/#organization"},"potentialAction":[{"@type":"SearchAction","target":{"@type":"EntryPoint","urlTemplate":"https:\/\/www.notibras.com\/site\/?s={search_term_string}"},"query-input":{"@type":"PropertyValueSpecification","valueRequired":true,"valueName":"search_term_string"}}],"inLanguage":"pt-BR"},{"@type":"Organization","@id":"https:\/\/www.notibras.com\/site\/#organization","name":"Grupo Notibras de Comunica\u00e7\u00e3o","url":"https:\/\/www.notibras.com\/site\/","logo":{"@type":"ImageObject","inLanguage":"pt-BR","@id":"https:\/\/www.notibras.com\/site\/#\/schema\/logo\/image\/","url":"https:\/\/www.notibras.com\/site\/wp-content\/uploads\/2023\/01\/notibras23.png","contentUrl":"https:\/\/www.notibras.com\/site\/wp-content\/uploads\/2023\/01\/notibras23.png","width":350,"height":87,"caption":"Grupo Notibras de Comunica\u00e7\u00e3o"},"image":{"@id":"https:\/\/www.notibras.com\/site\/#\/schema\/logo\/image\/"},"sameAs":["https:\/\/www.facebook.com\/notibras\/","https:\/\/x.com\/Notibras","https:\/\/www.instagram.com\/notibras\/"]},{"@type":"Person","@id":"https:\/\/www.notibras.com\/site\/#\/schema\/person\/36ab0979449956132d3e5b517ea76ac8","name":"Reda\u00e7\u00e3o","image":{"@type":"ImageObject","inLanguage":"pt-BR","@id":"https:\/\/secure.gravatar.com\/avatar\/e0a867bdedb85fd243eadf09663511f96fc81e0720a4a42581f334ad4303aa6b?s=96&d=mm&r=g","url":"https:\/\/secure.gravatar.com\/avatar\/e0a867bdedb85fd243eadf09663511f96fc81e0720a4a42581f334ad4303aa6b?s=96&d=mm&r=g","contentUrl":"https:\/\/secure.gravatar.com\/avatar\/e0a867bdedb85fd243eadf09663511f96fc81e0720a4a42581f334ad4303aa6b?s=96&d=mm&r=g","caption":"Reda\u00e7\u00e3o"}}]}},"amp_enabled":true,"_links":{"self":[{"href":"https:\/\/www.notibras.com\/site\/wp-json\/wp\/v2\/posts\/81756","targetHints":{"allow":["GET"]}}],"collection":[{"href":"https:\/\/www.notibras.com\/site\/wp-json\/wp\/v2\/posts"}],"about":[{"href":"https:\/\/www.notibras.com\/site\/wp-json\/wp\/v2\/types\/post"}],"author":[{"embeddable":true,"href":"https:\/\/www.notibras.com\/site\/wp-json\/wp\/v2\/users\/2"}],"replies":[{"embeddable":true,"href":"https:\/\/www.notibras.com\/site\/wp-json\/wp\/v2\/comments?post=81756"}],"version-history":[{"count":1,"href":"https:\/\/www.notibras.com\/site\/wp-json\/wp\/v2\/posts\/81756\/revisions"}],"predecessor-version":[{"id":81758,"href":"https:\/\/www.notibras.com\/site\/wp-json\/wp\/v2\/posts\/81756\/revisions\/81758"}],"wp:featuredmedia":[{"embeddable":true,"href":"https:\/\/www.notibras.com\/site\/wp-json\/wp\/v2\/media\/81757"}],"wp:attachment":[{"href":"https:\/\/www.notibras.com\/site\/wp-json\/wp\/v2\/media?parent=81756"}],"wp:term":[{"taxonomy":"category","embeddable":true,"href":"https:\/\/www.notibras.com\/site\/wp-json\/wp\/v2\/categories?post=81756"},{"taxonomy":"post_tag","embeddable":true,"href":"https:\/\/www.notibras.com\/site\/wp-json\/wp\/v2\/tags?post=81756"}],"curies":[{"name":"wp","href":"https:\/\/api.w.org\/{rel}","templated":true}]}}