{"id":81759,"date":"2015-12-20T06:17:27","date_gmt":"2015-12-20T08:17:27","guid":{"rendered":"http:\/\/www.notibras.com\/site\/?p=81759"},"modified":"2015-12-20T20:36:40","modified_gmt":"2015-12-20T22:36:40","slug":"direita-e-esquerda-fazem-eleicao-historica-para-saber-quem-vai-mandar-na-espanha","status":"publish","type":"post","link":"https:\/\/www.notibras.com\/site\/direita-e-esquerda-fazem-eleicao-historica-para-saber-quem-vai-mandar-na-espanha\/","title":{"rendered":"Direita e esquerda fazem elei\u00e7\u00e3o hist\u00f3rica para saber quem mandar\u00e1 na Espanha"},"content":{"rendered":"<h6 class=\"Assina\"><strong>Andrei Netto<\/strong><\/h6>\n<p>Um total e 36,5 milh\u00f5es de eleitores est\u00e3o aptos a votar e definir\u00e3o hoje o nome do futuro primeiro-ministro da Espanha. A vota\u00e7\u00e3o deste domingo \u00e9 considerada hist\u00f3rica por analistas pol\u00edticos por ser a primeira vez desde 1982 em que os dois partidos que se alternam no poder, o Partido Popular (PP, direita) e o Partido Socialista Oper\u00e1rio Espanhol (PSOE, centro esquerda) dividem o protagonismo com outras duas novas agremia\u00e7\u00f5es, Podemos e Ciudadanos.<\/p>\n<p>As sess\u00f5es eleitorais foram abertas no in\u00edcio da manh\u00e3 e, embora a Junta Eleitoral ainda n\u00e3o tenha informado o n\u00edvel de participa\u00e7\u00e3o, estima-se que a participa\u00e7\u00e3o de eleitores esteja em alta em rela\u00e7\u00e3o \u00e0s \u00faltimas elei\u00e7\u00f5es gerais, realizadas em 2011. Um ind\u00edcio do interesse foi o fato de mais de 100 mil espanh\u00f3is terem pedido para votar pelo correio, uma alta de 14% em rela\u00e7\u00e3o h\u00e1 quatro anos.<\/p>\n<p>A taxa de participa\u00e7\u00e3o \u00e9 considerada um dos fatores que podem decidir a elei\u00e7\u00e3o, j\u00e1 que 41% dos eleitores ainda se diziam indecisos h\u00e1 uma semana, quando da publica\u00e7\u00e3o das \u00faltimas pesquisas de opini\u00e3o. De acordo com as sondagens, o atual primeiro-ministro, Mariano Rajoy, do PP, teria 25% das inten\u00e7\u00f5es de voto, frente ao secret\u00e1rio-geral do PSOE, Pedro S\u00e1nchez, que teria 21%. Os dois seriam seguidos de perto pelo cientista pol\u00edtico Pablo Iglesias, l\u00edder do partido de esquerda radical Podemos, com 19%, e pelo economista Albert Rivera, presidente do Ciudadanos, partido liberal de centro-direita, que teria 18%.<\/p>\n<p>Com o fim do bipartidarismo que marcou o pa\u00eds durante 33 anos, a tend\u00eancia \u00e9 de que Rajoy n\u00e3o obtenha a maioria absoluta de 176 assentos no Parlamento, o que deve obrig\u00e1-lo a buscar um governo de coaliz\u00e3o &#8211; at\u00e9 aqui descartado pelos rivais &#8211; ou formar um gabinete de minoria, o que em curto ou m\u00e9dio prazo dever\u00e1 resultar na convoca\u00e7\u00e3o de elei\u00e7\u00f5es antecipadas. Outra op\u00e7\u00e3o seria S\u00e1nchez ou Iglesias reivindicarem o direito de formar um governo de coaliz\u00e3o de esquerda, uma hip\u00f3tese que n\u00e3o pode ser de todo descartada, segundo analistas pol\u00edticos.<\/p>\n<p>Neste domingo, Rajoy votou no Col\u00e9gio Bernadette, um dos mais tradicionais de Madri. Na sa\u00edda, falou \u00e0 imprensa espanhola e internacional e comemorou a alta participa\u00e7\u00e3o do eleitorado. &#8220;Muita gente est\u00e1 votando, e isso \u00e9 reconfortante&#8221;, disse.<\/p>\n<p>J\u00e1 S\u00e1nchez votou no Col\u00e9gio de Pozuelo, tamb\u00e9m em Madri, e destacou a oportunidade de mudan\u00e7a de governo. &#8220;Estamos em um dia hist\u00f3rico&#8221;, disse o socialista. &#8220;N\u00f3s, espanh\u00f3is, sabemos que o futuro n\u00e3o est\u00e1 escrito e vamos escrev\u00ea-lo hoje com nossos votos. Os espanh\u00f3is decidir\u00e3o n\u00e3o s\u00f3 o futuro dos pr\u00f3ximos anos, mas o das pr\u00f3ximas gera\u00e7\u00f5es.&#8221;<\/p>\n<p>J\u00e1 Iglesias, que no s\u00e1bado assistiu Star Wars &#8211; Epis\u00f3dio 7, agradeceu aos seus apoiadores, e disse ver uma &#8220;mudan\u00e7a de for\u00e7a&#8221; nas \u00faltimas horas, na esperan\u00e7a de uma surpresa possa acontecer no quatro eleitoral. &#8220;Muito obrigado aos interventores, aos apoderados e apoderadas que se levantaram com um sorriso e com vontade de fazer hist\u00f3ria&#8221;, disse o radical de esquerda pelo Twitter.<\/p>\n<p>Segundo o Minist\u00e9rio do Interior, que organiza a vota\u00e7\u00e3o, a manh\u00e3 se transcorreu sem incidentes nas 57,5 mil mesas eleitorais espalhadas pelo pa\u00eds. Em Madri, onde o Estado acompanha o dia de vota\u00e7\u00e3o, o movimento come\u00e7ou lento no in\u00edcio da manh\u00e3, mas se intensificou por volta do meio dia, quando filas se formavam em sess\u00f5es eleitorais do centro da capital.<\/p>\n<p><img loading=\"lazy\" decoding=\"async\" class=\"alignnone size-full wp-image-70065\" src=\"http:\/\/www.notibras.com\/site\/wp-content\/uploads\/2015\/10\/estadao.png\" alt=\"estadao\" width=\"99\" height=\"16\" \/><\/p>\n","protected":false},"excerpt":{"rendered":"<p>Andrei Netto Um total e 36,5 milh\u00f5es de eleitores est\u00e3o aptos a votar e definir\u00e3o hoje o nome do futuro primeiro-ministro da Espanha. A vota\u00e7\u00e3o deste domingo \u00e9 considerada hist\u00f3rica por analistas pol\u00edticos por ser a primeira vez desde 1982 em que os dois partidos que se alternam no poder, o Partido Popular (PP, direita) [&hellip;]<\/p>\n","protected":false},"author":2,"featured_media":81760,"comment_status":"open","ping_status":"closed","sticky":false,"template":"","format":"standard","meta":{"_acf_changed":false,"footnotes":""},"categories":[17],"tags":[],"class_list":["post-81759","post","type-post","status-publish","format-standard","has-post-thumbnail","hentry","category-mundo"],"acf":[],"yoast_head":"<!-- This site is optimized with the Yoast SEO plugin v27.2 - https:\/\/yoast.com\/product\/yoast-seo-wordpress\/ -->\n<title>Direita e esquerda fazem elei\u00e7\u00e3o hist\u00f3rica para saber quem mandar\u00e1 na Espanha - Notibras<\/title>\n<meta name=\"robots\" content=\"index, follow, max-snippet:-1, max-image-preview:large, max-video-preview:-1\" \/>\n<link rel=\"canonical\" href=\"https:\/\/www.notibras.com\/site\/direita-e-esquerda-fazem-eleicao-historica-para-saber-quem-vai-mandar-na-espanha\/\" \/>\n<meta property=\"og:locale\" content=\"pt_BR\" \/>\n<meta property=\"og:type\" content=\"article\" \/>\n<meta property=\"og:title\" content=\"Direita e esquerda fazem elei\u00e7\u00e3o hist\u00f3rica para saber quem mandar\u00e1 na Espanha - Notibras\" \/>\n<meta property=\"og:description\" content=\"Andrei Netto Um total e 36,5 milh\u00f5es de eleitores est\u00e3o aptos a votar e definir\u00e3o hoje o nome do futuro primeiro-ministro da Espanha. A vota\u00e7\u00e3o deste domingo \u00e9 considerada hist\u00f3rica por analistas pol\u00edticos por ser a primeira vez desde 1982 em que os dois partidos que se alternam no poder, o Partido Popular (PP, direita) [&hellip;]\" \/>\n<meta property=\"og:url\" content=\"https:\/\/www.notibras.com\/site\/direita-e-esquerda-fazem-eleicao-historica-para-saber-quem-vai-mandar-na-espanha\/\" \/>\n<meta property=\"og:site_name\" content=\"Notibras\" \/>\n<meta property=\"article:publisher\" content=\"https:\/\/www.facebook.com\/notibras\/\" \/>\n<meta property=\"article:published_time\" content=\"2015-12-20T08:17:27+00:00\" \/>\n<meta property=\"article:modified_time\" content=\"2015-12-20T22:36:40+00:00\" \/>\n<meta property=\"og:image\" content=\"https:\/\/www.notibras.com\/site\/wp-content\/uploads\/2015\/12\/eles.jpg\" \/>\n\t<meta property=\"og:image:width\" content=\"620\" \/>\n\t<meta property=\"og:image:height\" content=\"465\" \/>\n\t<meta property=\"og:image:type\" content=\"image\/jpeg\" \/>\n<meta name=\"author\" content=\"Reda\u00e7\u00e3o\" \/>\n<meta name=\"twitter:card\" content=\"summary_large_image\" \/>\n<meta name=\"twitter:creator\" content=\"@Notibras\" \/>\n<meta name=\"twitter:site\" content=\"@Notibras\" \/>\n<meta name=\"twitter:label1\" content=\"Escrito por\" \/>\n\t<meta name=\"twitter:data1\" content=\"Reda\u00e7\u00e3o\" \/>\n\t<meta name=\"twitter:label2\" content=\"Est. tempo de leitura\" \/>\n\t<meta name=\"twitter:data2\" content=\"3 minutos\" \/>\n<script type=\"application\/ld+json\" class=\"yoast-schema-graph\">{\"@context\":\"https:\/\/schema.org\",\"@graph\":[{\"@type\":\"Article\",\"@id\":\"https:\/\/www.notibras.com\/site\/direita-e-esquerda-fazem-eleicao-historica-para-saber-quem-vai-mandar-na-espanha\/#article\",\"isPartOf\":{\"@id\":\"https:\/\/www.notibras.com\/site\/direita-e-esquerda-fazem-eleicao-historica-para-saber-quem-vai-mandar-na-espanha\/\"},\"author\":{\"name\":\"Reda\u00e7\u00e3o\",\"@id\":\"https:\/\/www.notibras.com\/site\/#\/schema\/person\/36ab0979449956132d3e5b517ea76ac8\"},\"headline\":\"Direita e esquerda fazem elei\u00e7\u00e3o hist\u00f3rica para saber quem mandar\u00e1 na Espanha\",\"datePublished\":\"2015-12-20T08:17:27+00:00\",\"dateModified\":\"2015-12-20T22:36:40+00:00\",\"mainEntityOfPage\":{\"@id\":\"https:\/\/www.notibras.com\/site\/direita-e-esquerda-fazem-eleicao-historica-para-saber-quem-vai-mandar-na-espanha\/\"},\"wordCount\":618,\"commentCount\":0,\"publisher\":{\"@id\":\"https:\/\/www.notibras.com\/site\/#organization\"},\"image\":{\"@id\":\"https:\/\/www.notibras.com\/site\/direita-e-esquerda-fazem-eleicao-historica-para-saber-quem-vai-mandar-na-espanha\/#primaryimage\"},\"thumbnailUrl\":\"https:\/\/www.notibras.com\/site\/wp-content\/uploads\/2015\/12\/eles.jpg\",\"articleSection\":[\"Mundo\"],\"inLanguage\":\"pt-BR\",\"potentialAction\":[{\"@type\":\"CommentAction\",\"name\":\"Comment\",\"target\":[\"https:\/\/www.notibras.com\/site\/direita-e-esquerda-fazem-eleicao-historica-para-saber-quem-vai-mandar-na-espanha\/#respond\"]}]},{\"@type\":\"WebPage\",\"@id\":\"https:\/\/www.notibras.com\/site\/direita-e-esquerda-fazem-eleicao-historica-para-saber-quem-vai-mandar-na-espanha\/\",\"url\":\"https:\/\/www.notibras.com\/site\/direita-e-esquerda-fazem-eleicao-historica-para-saber-quem-vai-mandar-na-espanha\/\",\"name\":\"Direita e esquerda fazem elei\u00e7\u00e3o hist\u00f3rica para saber quem mandar\u00e1 na Espanha - Notibras\",\"isPartOf\":{\"@id\":\"https:\/\/www.notibras.com\/site\/#website\"},\"primaryImageOfPage\":{\"@id\":\"https:\/\/www.notibras.com\/site\/direita-e-esquerda-fazem-eleicao-historica-para-saber-quem-vai-mandar-na-espanha\/#primaryimage\"},\"image\":{\"@id\":\"https:\/\/www.notibras.com\/site\/direita-e-esquerda-fazem-eleicao-historica-para-saber-quem-vai-mandar-na-espanha\/#primaryimage\"},\"thumbnailUrl\":\"https:\/\/www.notibras.com\/site\/wp-content\/uploads\/2015\/12\/eles.jpg\",\"datePublished\":\"2015-12-20T08:17:27+00:00\",\"dateModified\":\"2015-12-20T22:36:40+00:00\",\"breadcrumb\":{\"@id\":\"https:\/\/www.notibras.com\/site\/direita-e-esquerda-fazem-eleicao-historica-para-saber-quem-vai-mandar-na-espanha\/#breadcrumb\"},\"inLanguage\":\"pt-BR\",\"potentialAction\":[{\"@type\":\"ReadAction\",\"target\":[\"https:\/\/www.notibras.com\/site\/direita-e-esquerda-fazem-eleicao-historica-para-saber-quem-vai-mandar-na-espanha\/\"]}]},{\"@type\":\"ImageObject\",\"inLanguage\":\"pt-BR\",\"@id\":\"https:\/\/www.notibras.com\/site\/direita-e-esquerda-fazem-eleicao-historica-para-saber-quem-vai-mandar-na-espanha\/#primaryimage\",\"url\":\"https:\/\/www.notibras.com\/site\/wp-content\/uploads\/2015\/12\/eles.jpg\",\"contentUrl\":\"https:\/\/www.notibras.com\/site\/wp-content\/uploads\/2015\/12\/eles.jpg\",\"width\":620,\"height\":465},{\"@type\":\"BreadcrumbList\",\"@id\":\"https:\/\/www.notibras.com\/site\/direita-e-esquerda-fazem-eleicao-historica-para-saber-quem-vai-mandar-na-espanha\/#breadcrumb\",\"itemListElement\":[{\"@type\":\"ListItem\",\"position\":1,\"name\":\"In\u00edcio\",\"item\":\"https:\/\/www.notibras.com\/site\/\"},{\"@type\":\"ListItem\",\"position\":2,\"name\":\"Direita e esquerda fazem elei\u00e7\u00e3o hist\u00f3rica para saber quem mandar\u00e1 na Espanha\"}]},{\"@type\":\"WebSite\",\"@id\":\"https:\/\/www.notibras.com\/site\/#website\",\"url\":\"https:\/\/www.notibras.com\/site\/\",\"name\":\"Notibras\",\"description\":\"Not\u00edcias de Bras\u00edlia, do Brasil e do Mundo\",\"publisher\":{\"@id\":\"https:\/\/www.notibras.com\/site\/#organization\"},\"potentialAction\":[{\"@type\":\"SearchAction\",\"target\":{\"@type\":\"EntryPoint\",\"urlTemplate\":\"https:\/\/www.notibras.com\/site\/?s={search_term_string}\"},\"query-input\":{\"@type\":\"PropertyValueSpecification\",\"valueRequired\":true,\"valueName\":\"search_term_string\"}}],\"inLanguage\":\"pt-BR\"},{\"@type\":\"Organization\",\"@id\":\"https:\/\/www.notibras.com\/site\/#organization\",\"name\":\"Grupo Notibras de Comunica\u00e7\u00e3o\",\"url\":\"https:\/\/www.notibras.com\/site\/\",\"logo\":{\"@type\":\"ImageObject\",\"inLanguage\":\"pt-BR\",\"@id\":\"https:\/\/www.notibras.com\/site\/#\/schema\/logo\/image\/\",\"url\":\"https:\/\/www.notibras.com\/site\/wp-content\/uploads\/2023\/01\/notibras23.png\",\"contentUrl\":\"https:\/\/www.notibras.com\/site\/wp-content\/uploads\/2023\/01\/notibras23.png\",\"width\":350,\"height\":87,\"caption\":\"Grupo Notibras de Comunica\u00e7\u00e3o\"},\"image\":{\"@id\":\"https:\/\/www.notibras.com\/site\/#\/schema\/logo\/image\/\"},\"sameAs\":[\"https:\/\/www.facebook.com\/notibras\/\",\"https:\/\/x.com\/Notibras\",\"https:\/\/www.instagram.com\/notibras\/\"]},{\"@type\":\"Person\",\"@id\":\"https:\/\/www.notibras.com\/site\/#\/schema\/person\/36ab0979449956132d3e5b517ea76ac8\",\"name\":\"Reda\u00e7\u00e3o\",\"image\":{\"@type\":\"ImageObject\",\"inLanguage\":\"pt-BR\",\"@id\":\"https:\/\/secure.gravatar.com\/avatar\/e0a867bdedb85fd243eadf09663511f96fc81e0720a4a42581f334ad4303aa6b?s=96&d=mm&r=g\",\"url\":\"https:\/\/secure.gravatar.com\/avatar\/e0a867bdedb85fd243eadf09663511f96fc81e0720a4a42581f334ad4303aa6b?s=96&d=mm&r=g\",\"contentUrl\":\"https:\/\/secure.gravatar.com\/avatar\/e0a867bdedb85fd243eadf09663511f96fc81e0720a4a42581f334ad4303aa6b?s=96&d=mm&r=g\",\"caption\":\"Reda\u00e7\u00e3o\"}}]}<\/script>\n<!-- \/ Yoast SEO plugin. -->","yoast_head_json":{"title":"Direita e esquerda fazem elei\u00e7\u00e3o hist\u00f3rica para saber quem mandar\u00e1 na Espanha - Notibras","robots":{"index":"index","follow":"follow","max-snippet":"max-snippet:-1","max-image-preview":"max-image-preview:large","max-video-preview":"max-video-preview:-1"},"canonical":"https:\/\/www.notibras.com\/site\/direita-e-esquerda-fazem-eleicao-historica-para-saber-quem-vai-mandar-na-espanha\/","og_locale":"pt_BR","og_type":"article","og_title":"Direita e esquerda fazem elei\u00e7\u00e3o hist\u00f3rica para saber quem mandar\u00e1 na Espanha - Notibras","og_description":"Andrei Netto Um total e 36,5 milh\u00f5es de eleitores est\u00e3o aptos a votar e definir\u00e3o hoje o nome do futuro primeiro-ministro da Espanha. A vota\u00e7\u00e3o deste domingo \u00e9 considerada hist\u00f3rica por analistas pol\u00edticos por ser a primeira vez desde 1982 em que os dois partidos que se alternam no poder, o Partido Popular (PP, direita) [&hellip;]","og_url":"https:\/\/www.notibras.com\/site\/direita-e-esquerda-fazem-eleicao-historica-para-saber-quem-vai-mandar-na-espanha\/","og_site_name":"Notibras","article_publisher":"https:\/\/www.facebook.com\/notibras\/","article_published_time":"2015-12-20T08:17:27+00:00","article_modified_time":"2015-12-20T22:36:40+00:00","og_image":[{"width":620,"height":465,"url":"https:\/\/www.notibras.com\/site\/wp-content\/uploads\/2015\/12\/eles.jpg","type":"image\/jpeg"}],"author":"Reda\u00e7\u00e3o","twitter_card":"summary_large_image","twitter_creator":"@Notibras","twitter_site":"@Notibras","twitter_misc":{"Escrito por":"Reda\u00e7\u00e3o","Est. tempo de leitura":"3 minutos"},"schema":{"@context":"https:\/\/schema.org","@graph":[{"@type":"Article","@id":"https:\/\/www.notibras.com\/site\/direita-e-esquerda-fazem-eleicao-historica-para-saber-quem-vai-mandar-na-espanha\/#article","isPartOf":{"@id":"https:\/\/www.notibras.com\/site\/direita-e-esquerda-fazem-eleicao-historica-para-saber-quem-vai-mandar-na-espanha\/"},"author":{"name":"Reda\u00e7\u00e3o","@id":"https:\/\/www.notibras.com\/site\/#\/schema\/person\/36ab0979449956132d3e5b517ea76ac8"},"headline":"Direita e esquerda fazem elei\u00e7\u00e3o hist\u00f3rica para saber quem mandar\u00e1 na Espanha","datePublished":"2015-12-20T08:17:27+00:00","dateModified":"2015-12-20T22:36:40+00:00","mainEntityOfPage":{"@id":"https:\/\/www.notibras.com\/site\/direita-e-esquerda-fazem-eleicao-historica-para-saber-quem-vai-mandar-na-espanha\/"},"wordCount":618,"commentCount":0,"publisher":{"@id":"https:\/\/www.notibras.com\/site\/#organization"},"image":{"@id":"https:\/\/www.notibras.com\/site\/direita-e-esquerda-fazem-eleicao-historica-para-saber-quem-vai-mandar-na-espanha\/#primaryimage"},"thumbnailUrl":"https:\/\/www.notibras.com\/site\/wp-content\/uploads\/2015\/12\/eles.jpg","articleSection":["Mundo"],"inLanguage":"pt-BR","potentialAction":[{"@type":"CommentAction","name":"Comment","target":["https:\/\/www.notibras.com\/site\/direita-e-esquerda-fazem-eleicao-historica-para-saber-quem-vai-mandar-na-espanha\/#respond"]}]},{"@type":"WebPage","@id":"https:\/\/www.notibras.com\/site\/direita-e-esquerda-fazem-eleicao-historica-para-saber-quem-vai-mandar-na-espanha\/","url":"https:\/\/www.notibras.com\/site\/direita-e-esquerda-fazem-eleicao-historica-para-saber-quem-vai-mandar-na-espanha\/","name":"Direita e esquerda fazem elei\u00e7\u00e3o hist\u00f3rica para saber quem mandar\u00e1 na Espanha - Notibras","isPartOf":{"@id":"https:\/\/www.notibras.com\/site\/#website"},"primaryImageOfPage":{"@id":"https:\/\/www.notibras.com\/site\/direita-e-esquerda-fazem-eleicao-historica-para-saber-quem-vai-mandar-na-espanha\/#primaryimage"},"image":{"@id":"https:\/\/www.notibras.com\/site\/direita-e-esquerda-fazem-eleicao-historica-para-saber-quem-vai-mandar-na-espanha\/#primaryimage"},"thumbnailUrl":"https:\/\/www.notibras.com\/site\/wp-content\/uploads\/2015\/12\/eles.jpg","datePublished":"2015-12-20T08:17:27+00:00","dateModified":"2015-12-20T22:36:40+00:00","breadcrumb":{"@id":"https:\/\/www.notibras.com\/site\/direita-e-esquerda-fazem-eleicao-historica-para-saber-quem-vai-mandar-na-espanha\/#breadcrumb"},"inLanguage":"pt-BR","potentialAction":[{"@type":"ReadAction","target":["https:\/\/www.notibras.com\/site\/direita-e-esquerda-fazem-eleicao-historica-para-saber-quem-vai-mandar-na-espanha\/"]}]},{"@type":"ImageObject","inLanguage":"pt-BR","@id":"https:\/\/www.notibras.com\/site\/direita-e-esquerda-fazem-eleicao-historica-para-saber-quem-vai-mandar-na-espanha\/#primaryimage","url":"https:\/\/www.notibras.com\/site\/wp-content\/uploads\/2015\/12\/eles.jpg","contentUrl":"https:\/\/www.notibras.com\/site\/wp-content\/uploads\/2015\/12\/eles.jpg","width":620,"height":465},{"@type":"BreadcrumbList","@id":"https:\/\/www.notibras.com\/site\/direita-e-esquerda-fazem-eleicao-historica-para-saber-quem-vai-mandar-na-espanha\/#breadcrumb","itemListElement":[{"@type":"ListItem","position":1,"name":"In\u00edcio","item":"https:\/\/www.notibras.com\/site\/"},{"@type":"ListItem","position":2,"name":"Direita e esquerda fazem elei\u00e7\u00e3o hist\u00f3rica para saber quem mandar\u00e1 na Espanha"}]},{"@type":"WebSite","@id":"https:\/\/www.notibras.com\/site\/#website","url":"https:\/\/www.notibras.com\/site\/","name":"Notibras","description":"Not\u00edcias de Bras\u00edlia, do Brasil e do Mundo","publisher":{"@id":"https:\/\/www.notibras.com\/site\/#organization"},"potentialAction":[{"@type":"SearchAction","target":{"@type":"EntryPoint","urlTemplate":"https:\/\/www.notibras.com\/site\/?s={search_term_string}"},"query-input":{"@type":"PropertyValueSpecification","valueRequired":true,"valueName":"search_term_string"}}],"inLanguage":"pt-BR"},{"@type":"Organization","@id":"https:\/\/www.notibras.com\/site\/#organization","name":"Grupo Notibras de Comunica\u00e7\u00e3o","url":"https:\/\/www.notibras.com\/site\/","logo":{"@type":"ImageObject","inLanguage":"pt-BR","@id":"https:\/\/www.notibras.com\/site\/#\/schema\/logo\/image\/","url":"https:\/\/www.notibras.com\/site\/wp-content\/uploads\/2023\/01\/notibras23.png","contentUrl":"https:\/\/www.notibras.com\/site\/wp-content\/uploads\/2023\/01\/notibras23.png","width":350,"height":87,"caption":"Grupo Notibras de Comunica\u00e7\u00e3o"},"image":{"@id":"https:\/\/www.notibras.com\/site\/#\/schema\/logo\/image\/"},"sameAs":["https:\/\/www.facebook.com\/notibras\/","https:\/\/x.com\/Notibras","https:\/\/www.instagram.com\/notibras\/"]},{"@type":"Person","@id":"https:\/\/www.notibras.com\/site\/#\/schema\/person\/36ab0979449956132d3e5b517ea76ac8","name":"Reda\u00e7\u00e3o","image":{"@type":"ImageObject","inLanguage":"pt-BR","@id":"https:\/\/secure.gravatar.com\/avatar\/e0a867bdedb85fd243eadf09663511f96fc81e0720a4a42581f334ad4303aa6b?s=96&d=mm&r=g","url":"https:\/\/secure.gravatar.com\/avatar\/e0a867bdedb85fd243eadf09663511f96fc81e0720a4a42581f334ad4303aa6b?s=96&d=mm&r=g","contentUrl":"https:\/\/secure.gravatar.com\/avatar\/e0a867bdedb85fd243eadf09663511f96fc81e0720a4a42581f334ad4303aa6b?s=96&d=mm&r=g","caption":"Reda\u00e7\u00e3o"}}]}},"amp_enabled":true,"_links":{"self":[{"href":"https:\/\/www.notibras.com\/site\/wp-json\/wp\/v2\/posts\/81759","targetHints":{"allow":["GET"]}}],"collection":[{"href":"https:\/\/www.notibras.com\/site\/wp-json\/wp\/v2\/posts"}],"about":[{"href":"https:\/\/www.notibras.com\/site\/wp-json\/wp\/v2\/types\/post"}],"author":[{"embeddable":true,"href":"https:\/\/www.notibras.com\/site\/wp-json\/wp\/v2\/users\/2"}],"replies":[{"embeddable":true,"href":"https:\/\/www.notibras.com\/site\/wp-json\/wp\/v2\/comments?post=81759"}],"version-history":[{"count":2,"href":"https:\/\/www.notibras.com\/site\/wp-json\/wp\/v2\/posts\/81759\/revisions"}],"predecessor-version":[{"id":81762,"href":"https:\/\/www.notibras.com\/site\/wp-json\/wp\/v2\/posts\/81759\/revisions\/81762"}],"wp:featuredmedia":[{"embeddable":true,"href":"https:\/\/www.notibras.com\/site\/wp-json\/wp\/v2\/media\/81760"}],"wp:attachment":[{"href":"https:\/\/www.notibras.com\/site\/wp-json\/wp\/v2\/media?parent=81759"}],"wp:term":[{"taxonomy":"category","embeddable":true,"href":"https:\/\/www.notibras.com\/site\/wp-json\/wp\/v2\/categories?post=81759"},{"taxonomy":"post_tag","embeddable":true,"href":"https:\/\/www.notibras.com\/site\/wp-json\/wp\/v2\/tags?post=81759"}],"curies":[{"name":"wp","href":"https:\/\/api.w.org\/{rel}","templated":true}]}}