{"id":82236,"date":"2015-12-23T17:48:04","date_gmt":"2015-12-23T19:48:04","guid":{"rendered":"http:\/\/www.notibras.com\/site\/?p=82236"},"modified":"2016-07-30T16:51:58","modified_gmt":"2016-07-30T19:51:58","slug":"el-hierro-a-ilha-que-anda-a-base-de-vento-e-agua-para-ser-a-mais-ecologica-do-mundo","status":"publish","type":"post","link":"https:\/\/www.notibras.com\/site\/el-hierro-a-ilha-que-anda-a-base-de-vento-e-agua-para-ser-a-mais-ecologica-do-mundo\/","title":{"rendered":"El Hierro, a ilha que anda \u00e0 base de vento e \u00e1gua como a mais ecol\u00f3gica do mundo"},"content":{"rendered":"<p>El Hierro \u00e9 a menor das Ilhas Can\u00e1rias, na Espanha, um local onde europeus j\u00e1 acreditaram se tratar do fim do mundo.<\/p>\n<p>O clima da ilha \u00e9 prop\u00edcio para a gera\u00e7\u00e3o de energia e\u00f3lica. Mas em El Hierro o sistema uniu vento e \u00e1gua.<\/p>\n<p>&#8220;Quando temos vento suficiente, produzimos energia e distribu\u00edmos. Usamos o excedente para bombear \u00e1gua de um reservat\u00f3rio mais baixo para um mais alto&#8221;, disse Juan Gil, engenheiro da empresa Gorona del Viento.<\/p>\n<p>&#8220;Quando para de ventar, permitimos que essa \u00e1gua passe por turbinas e geramos mais eletricidade para a popula\u00e7\u00e3o&#8221;.<\/p>\n<p>Em breve, El Hierro ser\u00e1 abastecida 100% por esse sistema, na tentativa de se tornar a ilha mais verde do mundo.<\/p>\n<p>O clima fez da ilha um para\u00edso de apaixonados por aventura, como praticantes de parapente, que chegam de todo o mundo.<\/p>\n<p>Mas se h\u00e1 abund\u00e2ncia de vento, o mesmo n\u00e3o ocorre com \u00e1gua. N\u00e3o h\u00e1 rios ou lagos naturais na ilha e, para encontrar \u00e1gua, moradores tiveram que olhar para baixo: mais de metade da \u00e1gua da ilha vem de po\u00e7os profundos. O restante, de tr\u00eas usinas de dessaliniza\u00e7\u00e3o.<\/p>\n<p>O sistema de energia \u00fanico da ilha pode ser caro para alguns e impratic\u00e1vel para outros. Mas El Hierro pode se tornar exemplo para um mundo mais sustent\u00e1vel.<\/p>\n","protected":false},"excerpt":{"rendered":"<p>El Hierro \u00e9 a menor das Ilhas Can\u00e1rias, na Espanha, um local onde europeus j\u00e1 acreditaram se tratar do fim do mundo. O clima da ilha \u00e9 prop\u00edcio para a gera\u00e7\u00e3o de energia e\u00f3lica. Mas em El Hierro o sistema uniu vento e \u00e1gua. &#8220;Quando temos vento suficiente, produzimos energia e distribu\u00edmos. Usamos o excedente [&hellip;]<\/p>\n","protected":false},"author":2,"featured_media":82237,"comment_status":"open","ping_status":"closed","sticky":false,"template":"","format":"standard","meta":{"_acf_changed":false,"footnotes":""},"categories":[71],"tags":[],"class_list":["post-82236","post","type-post","status-publish","format-standard","has-post-thumbnail","hentry","category-curiosidades"],"acf":[],"yoast_head":"<!-- This site is optimized with the Yoast SEO plugin v27.2 - https:\/\/yoast.com\/product\/yoast-seo-wordpress\/ -->\n<title>El Hierro, a ilha que anda \u00e0 base de vento e \u00e1gua como a mais ecol\u00f3gica do mundo - Notibras<\/title>\n<meta name=\"robots\" content=\"index, follow, max-snippet:-1, max-image-preview:large, max-video-preview:-1\" \/>\n<link rel=\"canonical\" href=\"https:\/\/www.notibras.com\/site\/el-hierro-a-ilha-que-anda-a-base-de-vento-e-agua-para-ser-a-mais-ecologica-do-mundo\/\" \/>\n<meta property=\"og:locale\" content=\"pt_BR\" \/>\n<meta property=\"og:type\" content=\"article\" \/>\n<meta property=\"og:title\" content=\"El Hierro, a ilha que anda \u00e0 base de vento e \u00e1gua como a mais ecol\u00f3gica do mundo - Notibras\" \/>\n<meta property=\"og:description\" content=\"El Hierro \u00e9 a menor das Ilhas Can\u00e1rias, na Espanha, um local onde europeus j\u00e1 acreditaram se tratar do fim do mundo. O clima da ilha \u00e9 prop\u00edcio para a gera\u00e7\u00e3o de energia e\u00f3lica. Mas em El Hierro o sistema uniu vento e \u00e1gua. &#8220;Quando temos vento suficiente, produzimos energia e distribu\u00edmos. Usamos o excedente [&hellip;]\" \/>\n<meta property=\"og:url\" content=\"https:\/\/www.notibras.com\/site\/el-hierro-a-ilha-que-anda-a-base-de-vento-e-agua-para-ser-a-mais-ecologica-do-mundo\/\" \/>\n<meta property=\"og:site_name\" content=\"Notibras\" \/>\n<meta property=\"article:publisher\" content=\"https:\/\/www.facebook.com\/notibras\/\" \/>\n<meta property=\"article:published_time\" content=\"2015-12-23T19:48:04+00:00\" \/>\n<meta property=\"article:modified_time\" content=\"2016-07-30T19:51:58+00:00\" \/>\n<meta property=\"og:image\" content=\"https:\/\/www.notibras.com\/site\/wp-content\/uploads\/2015\/12\/el-hierro.jpg\" \/>\n\t<meta property=\"og:image:width\" content=\"1600\" \/>\n\t<meta property=\"og:image:height\" content=\"1024\" \/>\n\t<meta property=\"og:image:type\" content=\"image\/jpeg\" \/>\n<meta name=\"author\" content=\"Reda\u00e7\u00e3o\" \/>\n<meta name=\"twitter:card\" content=\"summary_large_image\" \/>\n<meta name=\"twitter:creator\" content=\"@Notibras\" \/>\n<meta name=\"twitter:site\" content=\"@Notibras\" \/>\n<meta name=\"twitter:label1\" content=\"Escrito por\" \/>\n\t<meta name=\"twitter:data1\" content=\"Reda\u00e7\u00e3o\" \/>\n\t<meta name=\"twitter:label2\" content=\"Est. tempo de leitura\" \/>\n\t<meta name=\"twitter:data2\" content=\"1 minuto\" \/>\n<script type=\"application\/ld+json\" class=\"yoast-schema-graph\">{\"@context\":\"https:\/\/schema.org\",\"@graph\":[{\"@type\":\"Article\",\"@id\":\"https:\/\/www.notibras.com\/site\/el-hierro-a-ilha-que-anda-a-base-de-vento-e-agua-para-ser-a-mais-ecologica-do-mundo\/#article\",\"isPartOf\":{\"@id\":\"https:\/\/www.notibras.com\/site\/el-hierro-a-ilha-que-anda-a-base-de-vento-e-agua-para-ser-a-mais-ecologica-do-mundo\/\"},\"author\":{\"name\":\"Reda\u00e7\u00e3o\",\"@id\":\"https:\/\/www.notibras.com\/site\/#\/schema\/person\/36ab0979449956132d3e5b517ea76ac8\"},\"headline\":\"El Hierro, a ilha que anda \u00e0 base de vento e \u00e1gua como a mais ecol\u00f3gica do mundo\",\"datePublished\":\"2015-12-23T19:48:04+00:00\",\"dateModified\":\"2016-07-30T19:51:58+00:00\",\"mainEntityOfPage\":{\"@id\":\"https:\/\/www.notibras.com\/site\/el-hierro-a-ilha-que-anda-a-base-de-vento-e-agua-para-ser-a-mais-ecologica-do-mundo\/\"},\"wordCount\":243,\"commentCount\":0,\"publisher\":{\"@id\":\"https:\/\/www.notibras.com\/site\/#organization\"},\"image\":{\"@id\":\"https:\/\/www.notibras.com\/site\/el-hierro-a-ilha-que-anda-a-base-de-vento-e-agua-para-ser-a-mais-ecologica-do-mundo\/#primaryimage\"},\"thumbnailUrl\":\"https:\/\/www.notibras.com\/site\/wp-content\/uploads\/2015\/12\/el-hierro.jpg\",\"articleSection\":[\"Curiosidades\"],\"inLanguage\":\"pt-BR\",\"potentialAction\":[{\"@type\":\"CommentAction\",\"name\":\"Comment\",\"target\":[\"https:\/\/www.notibras.com\/site\/el-hierro-a-ilha-que-anda-a-base-de-vento-e-agua-para-ser-a-mais-ecologica-do-mundo\/#respond\"]}]},{\"@type\":\"WebPage\",\"@id\":\"https:\/\/www.notibras.com\/site\/el-hierro-a-ilha-que-anda-a-base-de-vento-e-agua-para-ser-a-mais-ecologica-do-mundo\/\",\"url\":\"https:\/\/www.notibras.com\/site\/el-hierro-a-ilha-que-anda-a-base-de-vento-e-agua-para-ser-a-mais-ecologica-do-mundo\/\",\"name\":\"El Hierro, a ilha que anda \u00e0 base de vento e \u00e1gua como a mais ecol\u00f3gica do mundo - Notibras\",\"isPartOf\":{\"@id\":\"https:\/\/www.notibras.com\/site\/#website\"},\"primaryImageOfPage\":{\"@id\":\"https:\/\/www.notibras.com\/site\/el-hierro-a-ilha-que-anda-a-base-de-vento-e-agua-para-ser-a-mais-ecologica-do-mundo\/#primaryimage\"},\"image\":{\"@id\":\"https:\/\/www.notibras.com\/site\/el-hierro-a-ilha-que-anda-a-base-de-vento-e-agua-para-ser-a-mais-ecologica-do-mundo\/#primaryimage\"},\"thumbnailUrl\":\"https:\/\/www.notibras.com\/site\/wp-content\/uploads\/2015\/12\/el-hierro.jpg\",\"datePublished\":\"2015-12-23T19:48:04+00:00\",\"dateModified\":\"2016-07-30T19:51:58+00:00\",\"breadcrumb\":{\"@id\":\"https:\/\/www.notibras.com\/site\/el-hierro-a-ilha-que-anda-a-base-de-vento-e-agua-para-ser-a-mais-ecologica-do-mundo\/#breadcrumb\"},\"inLanguage\":\"pt-BR\",\"potentialAction\":[{\"@type\":\"ReadAction\",\"target\":[\"https:\/\/www.notibras.com\/site\/el-hierro-a-ilha-que-anda-a-base-de-vento-e-agua-para-ser-a-mais-ecologica-do-mundo\/\"]}]},{\"@type\":\"ImageObject\",\"inLanguage\":\"pt-BR\",\"@id\":\"https:\/\/www.notibras.com\/site\/el-hierro-a-ilha-que-anda-a-base-de-vento-e-agua-para-ser-a-mais-ecologica-do-mundo\/#primaryimage\",\"url\":\"https:\/\/www.notibras.com\/site\/wp-content\/uploads\/2015\/12\/el-hierro.jpg\",\"contentUrl\":\"https:\/\/www.notibras.com\/site\/wp-content\/uploads\/2015\/12\/el-hierro.jpg\",\"width\":1600,\"height\":1024},{\"@type\":\"BreadcrumbList\",\"@id\":\"https:\/\/www.notibras.com\/site\/el-hierro-a-ilha-que-anda-a-base-de-vento-e-agua-para-ser-a-mais-ecologica-do-mundo\/#breadcrumb\",\"itemListElement\":[{\"@type\":\"ListItem\",\"position\":1,\"name\":\"In\u00edcio\",\"item\":\"https:\/\/www.notibras.com\/site\/\"},{\"@type\":\"ListItem\",\"position\":2,\"name\":\"El Hierro, a ilha que anda \u00e0 base de vento e \u00e1gua como a mais ecol\u00f3gica do mundo\"}]},{\"@type\":\"WebSite\",\"@id\":\"https:\/\/www.notibras.com\/site\/#website\",\"url\":\"https:\/\/www.notibras.com\/site\/\",\"name\":\"Notibras\",\"description\":\"Not\u00edcias de Bras\u00edlia, do Brasil e do Mundo\",\"publisher\":{\"@id\":\"https:\/\/www.notibras.com\/site\/#organization\"},\"potentialAction\":[{\"@type\":\"SearchAction\",\"target\":{\"@type\":\"EntryPoint\",\"urlTemplate\":\"https:\/\/www.notibras.com\/site\/?s={search_term_string}\"},\"query-input\":{\"@type\":\"PropertyValueSpecification\",\"valueRequired\":true,\"valueName\":\"search_term_string\"}}],\"inLanguage\":\"pt-BR\"},{\"@type\":\"Organization\",\"@id\":\"https:\/\/www.notibras.com\/site\/#organization\",\"name\":\"Grupo Notibras de Comunica\u00e7\u00e3o\",\"url\":\"https:\/\/www.notibras.com\/site\/\",\"logo\":{\"@type\":\"ImageObject\",\"inLanguage\":\"pt-BR\",\"@id\":\"https:\/\/www.notibras.com\/site\/#\/schema\/logo\/image\/\",\"url\":\"https:\/\/www.notibras.com\/site\/wp-content\/uploads\/2023\/01\/notibras23.png\",\"contentUrl\":\"https:\/\/www.notibras.com\/site\/wp-content\/uploads\/2023\/01\/notibras23.png\",\"width\":350,\"height\":87,\"caption\":\"Grupo Notibras de Comunica\u00e7\u00e3o\"},\"image\":{\"@id\":\"https:\/\/www.notibras.com\/site\/#\/schema\/logo\/image\/\"},\"sameAs\":[\"https:\/\/www.facebook.com\/notibras\/\",\"https:\/\/x.com\/Notibras\",\"https:\/\/www.instagram.com\/notibras\/\"]},{\"@type\":\"Person\",\"@id\":\"https:\/\/www.notibras.com\/site\/#\/schema\/person\/36ab0979449956132d3e5b517ea76ac8\",\"name\":\"Reda\u00e7\u00e3o\",\"image\":{\"@type\":\"ImageObject\",\"inLanguage\":\"pt-BR\",\"@id\":\"https:\/\/secure.gravatar.com\/avatar\/e0a867bdedb85fd243eadf09663511f96fc81e0720a4a42581f334ad4303aa6b?s=96&d=mm&r=g\",\"url\":\"https:\/\/secure.gravatar.com\/avatar\/e0a867bdedb85fd243eadf09663511f96fc81e0720a4a42581f334ad4303aa6b?s=96&d=mm&r=g\",\"contentUrl\":\"https:\/\/secure.gravatar.com\/avatar\/e0a867bdedb85fd243eadf09663511f96fc81e0720a4a42581f334ad4303aa6b?s=96&d=mm&r=g\",\"caption\":\"Reda\u00e7\u00e3o\"}}]}<\/script>\n<!-- \/ Yoast SEO plugin. -->","yoast_head_json":{"title":"El Hierro, a ilha que anda \u00e0 base de vento e \u00e1gua como a mais ecol\u00f3gica do mundo - Notibras","robots":{"index":"index","follow":"follow","max-snippet":"max-snippet:-1","max-image-preview":"max-image-preview:large","max-video-preview":"max-video-preview:-1"},"canonical":"https:\/\/www.notibras.com\/site\/el-hierro-a-ilha-que-anda-a-base-de-vento-e-agua-para-ser-a-mais-ecologica-do-mundo\/","og_locale":"pt_BR","og_type":"article","og_title":"El Hierro, a ilha que anda \u00e0 base de vento e \u00e1gua como a mais ecol\u00f3gica do mundo - Notibras","og_description":"El Hierro \u00e9 a menor das Ilhas Can\u00e1rias, na Espanha, um local onde europeus j\u00e1 acreditaram se tratar do fim do mundo. O clima da ilha \u00e9 prop\u00edcio para a gera\u00e7\u00e3o de energia e\u00f3lica. Mas em El Hierro o sistema uniu vento e \u00e1gua. &#8220;Quando temos vento suficiente, produzimos energia e distribu\u00edmos. Usamos o excedente [&hellip;]","og_url":"https:\/\/www.notibras.com\/site\/el-hierro-a-ilha-que-anda-a-base-de-vento-e-agua-para-ser-a-mais-ecologica-do-mundo\/","og_site_name":"Notibras","article_publisher":"https:\/\/www.facebook.com\/notibras\/","article_published_time":"2015-12-23T19:48:04+00:00","article_modified_time":"2016-07-30T19:51:58+00:00","og_image":[{"width":1600,"height":1024,"url":"https:\/\/www.notibras.com\/site\/wp-content\/uploads\/2015\/12\/el-hierro.jpg","type":"image\/jpeg"}],"author":"Reda\u00e7\u00e3o","twitter_card":"summary_large_image","twitter_creator":"@Notibras","twitter_site":"@Notibras","twitter_misc":{"Escrito por":"Reda\u00e7\u00e3o","Est. tempo de leitura":"1 minuto"},"schema":{"@context":"https:\/\/schema.org","@graph":[{"@type":"Article","@id":"https:\/\/www.notibras.com\/site\/el-hierro-a-ilha-que-anda-a-base-de-vento-e-agua-para-ser-a-mais-ecologica-do-mundo\/#article","isPartOf":{"@id":"https:\/\/www.notibras.com\/site\/el-hierro-a-ilha-que-anda-a-base-de-vento-e-agua-para-ser-a-mais-ecologica-do-mundo\/"},"author":{"name":"Reda\u00e7\u00e3o","@id":"https:\/\/www.notibras.com\/site\/#\/schema\/person\/36ab0979449956132d3e5b517ea76ac8"},"headline":"El Hierro, a ilha que anda \u00e0 base de vento e \u00e1gua como a mais ecol\u00f3gica do mundo","datePublished":"2015-12-23T19:48:04+00:00","dateModified":"2016-07-30T19:51:58+00:00","mainEntityOfPage":{"@id":"https:\/\/www.notibras.com\/site\/el-hierro-a-ilha-que-anda-a-base-de-vento-e-agua-para-ser-a-mais-ecologica-do-mundo\/"},"wordCount":243,"commentCount":0,"publisher":{"@id":"https:\/\/www.notibras.com\/site\/#organization"},"image":{"@id":"https:\/\/www.notibras.com\/site\/el-hierro-a-ilha-que-anda-a-base-de-vento-e-agua-para-ser-a-mais-ecologica-do-mundo\/#primaryimage"},"thumbnailUrl":"https:\/\/www.notibras.com\/site\/wp-content\/uploads\/2015\/12\/el-hierro.jpg","articleSection":["Curiosidades"],"inLanguage":"pt-BR","potentialAction":[{"@type":"CommentAction","name":"Comment","target":["https:\/\/www.notibras.com\/site\/el-hierro-a-ilha-que-anda-a-base-de-vento-e-agua-para-ser-a-mais-ecologica-do-mundo\/#respond"]}]},{"@type":"WebPage","@id":"https:\/\/www.notibras.com\/site\/el-hierro-a-ilha-que-anda-a-base-de-vento-e-agua-para-ser-a-mais-ecologica-do-mundo\/","url":"https:\/\/www.notibras.com\/site\/el-hierro-a-ilha-que-anda-a-base-de-vento-e-agua-para-ser-a-mais-ecologica-do-mundo\/","name":"El Hierro, a ilha que anda \u00e0 base de vento e \u00e1gua como a mais ecol\u00f3gica do mundo - Notibras","isPartOf":{"@id":"https:\/\/www.notibras.com\/site\/#website"},"primaryImageOfPage":{"@id":"https:\/\/www.notibras.com\/site\/el-hierro-a-ilha-que-anda-a-base-de-vento-e-agua-para-ser-a-mais-ecologica-do-mundo\/#primaryimage"},"image":{"@id":"https:\/\/www.notibras.com\/site\/el-hierro-a-ilha-que-anda-a-base-de-vento-e-agua-para-ser-a-mais-ecologica-do-mundo\/#primaryimage"},"thumbnailUrl":"https:\/\/www.notibras.com\/site\/wp-content\/uploads\/2015\/12\/el-hierro.jpg","datePublished":"2015-12-23T19:48:04+00:00","dateModified":"2016-07-30T19:51:58+00:00","breadcrumb":{"@id":"https:\/\/www.notibras.com\/site\/el-hierro-a-ilha-que-anda-a-base-de-vento-e-agua-para-ser-a-mais-ecologica-do-mundo\/#breadcrumb"},"inLanguage":"pt-BR","potentialAction":[{"@type":"ReadAction","target":["https:\/\/www.notibras.com\/site\/el-hierro-a-ilha-que-anda-a-base-de-vento-e-agua-para-ser-a-mais-ecologica-do-mundo\/"]}]},{"@type":"ImageObject","inLanguage":"pt-BR","@id":"https:\/\/www.notibras.com\/site\/el-hierro-a-ilha-que-anda-a-base-de-vento-e-agua-para-ser-a-mais-ecologica-do-mundo\/#primaryimage","url":"https:\/\/www.notibras.com\/site\/wp-content\/uploads\/2015\/12\/el-hierro.jpg","contentUrl":"https:\/\/www.notibras.com\/site\/wp-content\/uploads\/2015\/12\/el-hierro.jpg","width":1600,"height":1024},{"@type":"BreadcrumbList","@id":"https:\/\/www.notibras.com\/site\/el-hierro-a-ilha-que-anda-a-base-de-vento-e-agua-para-ser-a-mais-ecologica-do-mundo\/#breadcrumb","itemListElement":[{"@type":"ListItem","position":1,"name":"In\u00edcio","item":"https:\/\/www.notibras.com\/site\/"},{"@type":"ListItem","position":2,"name":"El Hierro, a ilha que anda \u00e0 base de vento e \u00e1gua como a mais ecol\u00f3gica do mundo"}]},{"@type":"WebSite","@id":"https:\/\/www.notibras.com\/site\/#website","url":"https:\/\/www.notibras.com\/site\/","name":"Notibras","description":"Not\u00edcias de Bras\u00edlia, do Brasil e do Mundo","publisher":{"@id":"https:\/\/www.notibras.com\/site\/#organization"},"potentialAction":[{"@type":"SearchAction","target":{"@type":"EntryPoint","urlTemplate":"https:\/\/www.notibras.com\/site\/?s={search_term_string}"},"query-input":{"@type":"PropertyValueSpecification","valueRequired":true,"valueName":"search_term_string"}}],"inLanguage":"pt-BR"},{"@type":"Organization","@id":"https:\/\/www.notibras.com\/site\/#organization","name":"Grupo Notibras de Comunica\u00e7\u00e3o","url":"https:\/\/www.notibras.com\/site\/","logo":{"@type":"ImageObject","inLanguage":"pt-BR","@id":"https:\/\/www.notibras.com\/site\/#\/schema\/logo\/image\/","url":"https:\/\/www.notibras.com\/site\/wp-content\/uploads\/2023\/01\/notibras23.png","contentUrl":"https:\/\/www.notibras.com\/site\/wp-content\/uploads\/2023\/01\/notibras23.png","width":350,"height":87,"caption":"Grupo Notibras de Comunica\u00e7\u00e3o"},"image":{"@id":"https:\/\/www.notibras.com\/site\/#\/schema\/logo\/image\/"},"sameAs":["https:\/\/www.facebook.com\/notibras\/","https:\/\/x.com\/Notibras","https:\/\/www.instagram.com\/notibras\/"]},{"@type":"Person","@id":"https:\/\/www.notibras.com\/site\/#\/schema\/person\/36ab0979449956132d3e5b517ea76ac8","name":"Reda\u00e7\u00e3o","image":{"@type":"ImageObject","inLanguage":"pt-BR","@id":"https:\/\/secure.gravatar.com\/avatar\/e0a867bdedb85fd243eadf09663511f96fc81e0720a4a42581f334ad4303aa6b?s=96&d=mm&r=g","url":"https:\/\/secure.gravatar.com\/avatar\/e0a867bdedb85fd243eadf09663511f96fc81e0720a4a42581f334ad4303aa6b?s=96&d=mm&r=g","contentUrl":"https:\/\/secure.gravatar.com\/avatar\/e0a867bdedb85fd243eadf09663511f96fc81e0720a4a42581f334ad4303aa6b?s=96&d=mm&r=g","caption":"Reda\u00e7\u00e3o"}}]}},"amp_enabled":true,"_links":{"self":[{"href":"https:\/\/www.notibras.com\/site\/wp-json\/wp\/v2\/posts\/82236","targetHints":{"allow":["GET"]}}],"collection":[{"href":"https:\/\/www.notibras.com\/site\/wp-json\/wp\/v2\/posts"}],"about":[{"href":"https:\/\/www.notibras.com\/site\/wp-json\/wp\/v2\/types\/post"}],"author":[{"embeddable":true,"href":"https:\/\/www.notibras.com\/site\/wp-json\/wp\/v2\/users\/2"}],"replies":[{"embeddable":true,"href":"https:\/\/www.notibras.com\/site\/wp-json\/wp\/v2\/comments?post=82236"}],"version-history":[{"count":2,"href":"https:\/\/www.notibras.com\/site\/wp-json\/wp\/v2\/posts\/82236\/revisions"}],"predecessor-version":[{"id":82239,"href":"https:\/\/www.notibras.com\/site\/wp-json\/wp\/v2\/posts\/82236\/revisions\/82239"}],"wp:featuredmedia":[{"embeddable":true,"href":"https:\/\/www.notibras.com\/site\/wp-json\/wp\/v2\/media\/82237"}],"wp:attachment":[{"href":"https:\/\/www.notibras.com\/site\/wp-json\/wp\/v2\/media?parent=82236"}],"wp:term":[{"taxonomy":"category","embeddable":true,"href":"https:\/\/www.notibras.com\/site\/wp-json\/wp\/v2\/categories?post=82236"},{"taxonomy":"post_tag","embeddable":true,"href":"https:\/\/www.notibras.com\/site\/wp-json\/wp\/v2\/tags?post=82236"}],"curies":[{"name":"wp","href":"https:\/\/api.w.org\/{rel}","templated":true}]}}