{"id":82791,"date":"2015-12-29T18:16:26","date_gmt":"2015-12-29T20:16:26","guid":{"rendered":"http:\/\/www.notibras.com\/site\/?p=82791"},"modified":"2015-12-30T15:46:58","modified_gmt":"2015-12-30T17:46:58","slug":"febre-amarela-mata-idosa-em-natal-e-o-primeiro-caso-urbano-no-brasil-apos-73-anos","status":"publish","type":"post","link":"https:\/\/www.notibras.com\/site\/febre-amarela-mata-idosa-em-natal-e-o-primeiro-caso-urbano-no-brasil-apos-73-anos\/","title":{"rendered":"Febre amarela mata idosa em Natal; \u00e9 o primeiro caso urbano no pa\u00eds ap\u00f3s 73 anos"},"content":{"rendered":"<h6 class=\"Assina\"><strong>Anna Ruth Dantas<\/strong><\/h6>\n<p>Depois de 73 anos sem nenhum registro de febre amarela urbana no Pa\u00eds, um novo caso foi confirmado. A auxiliar de enfermagem Rita de C\u00e1ssia da Silva Santos, de 53 anos, moradora de Natal, morreu em decorr\u00eancia da doen\u00e7a, informou nesta ter\u00e7a-feira, 29, a Secretaria Municipal de Sa\u00fade da capital potiguar. O \u00f3bito aconteceu em julho, mas foi divulgado somente agora, ap\u00f3s os resultados dos exames laboratoriais feitos no Instituto Evandro Chagas, no Par\u00e1, e no Adolfo Lutz, em S\u00e3o Paulo.<\/p>\n<p>No entanto, mesmo com o resultado desses dois laborat\u00f3rios, o Setor de Vigil\u00e2ncia Epidemiol\u00f3gica da Secretaria de Sa\u00fade da prefeitura de Natal solicitar\u00e1 contraprovas. O \u00f3rg\u00e3o estranhou o fato de que a v\u00edtima n\u00e3o esteve em \u00e1rea de risco e que nenhum familiar ou vizinho registrou a doen\u00e7a.<\/p>\n<p>Outro fato apontado pela Vigil\u00e2ncia Epidemiol\u00f3gica de Natal \u00e9 que, na coleta de ovos do mosquito Aedes aegypti, onde s\u00e3o espalhadas 500 &#8220;armadilhas&#8221; pela cidade, n\u00e3o foi identificado o v\u00edrus da febre amarela. O caso da doen\u00e7a na capital potiguar \u00e9 visto como &#8220;intrigante&#8221; pelas autoridades locais.<\/p>\n<p>O irm\u00e3o da auxiliar de enfermagem, Milton Alexandre da Silva, relatou que a Rita teve como sintomas iniciais as manchas no corpo, depois chegaram \u00e2nsia de v\u00f4mito e dores no corpo.<\/p>\n<p>O Rio Grande do Norte \u00e9 o quarto Estado com o maior n\u00famero de notifica\u00e7\u00f5es de microcefalia, que teria sido provocado pelo zika v\u00edrus, transmitido pelo Aedes aegypti. Foram notificadas 154 casos no Estado.<\/p>\n<p>Nesta ter\u00e7a-feira, a Secretaria Estadual de Sa\u00fade instalou uma sala de situa\u00e7\u00e3o para monitorar focos do mosquito. O servi\u00e7o vai funcionar junto com estruturas semelhantes montadas em outros Estados da regi\u00e3o Nordeste.<\/p>\n<p>Tamb\u00e9m nesta ter\u00e7a-feira, o secret\u00e1rio estadual de Sa\u00fade, Ricardo Lagreca, reuniu-se com o arcebispo metropolitano de Natal, dom Jaime Vieira Rocha. Na reuni\u00e3o, o secret\u00e1rio exp\u00f4s a gravidade da situa\u00e7\u00e3o com o aumento do n\u00famero de casos de microcefalia causados pelo zika, e a sua preocupa\u00e7\u00e3o com o surgimento de uma nova epidemia de dengue, principalmente com as chuvas que j\u00e1 come\u00e7am a cair no Estado.<\/p>\n<p>Foi sugerido ainda que a Arquidiocese oriente aos p\u00e1rocos que nas suas homilias falem da import\u00e2ncia de se prevenir contra o Aedes aegypti, tendo em vista a credibilidade da Igreja Cat\u00f3lica diante da sociedade. O pr\u00f3prio arcebispo se colocou \u00e0 disposi\u00e7\u00e3o para participar de um Dia D de combate ao vetor juntamente com o secret\u00e1rio de Sa\u00fade, a ser ainda agendado para o in\u00edcio de janeiro.<\/p>\n<p><img loading=\"lazy\" decoding=\"async\" class=\"alignnone size-full wp-image-70065\" src=\"http:\/\/www.notibras.com\/site\/wp-content\/uploads\/2015\/10\/estadao.png\" alt=\"estadao\" width=\"99\" height=\"16\" \/><\/p>\n","protected":false},"excerpt":{"rendered":"<p>Anna Ruth Dantas Depois de 73 anos sem nenhum registro de febre amarela urbana no Pa\u00eds, um novo caso foi confirmado. A auxiliar de enfermagem Rita de C\u00e1ssia da Silva Santos, de 53 anos, moradora de Natal, morreu em decorr\u00eancia da doen\u00e7a, informou nesta ter\u00e7a-feira, 29, a Secretaria Municipal de Sa\u00fade da capital potiguar. O [&hellip;]<\/p>\n","protected":false},"author":2,"featured_media":82792,"comment_status":"open","ping_status":"closed","sticky":false,"template":"","format":"standard","meta":{"_acf_changed":false,"footnotes":""},"categories":[16],"tags":[],"class_list":["post-82791","post","type-post","status-publish","format-standard","has-post-thumbnail","hentry","category-brasil"],"acf":[],"yoast_head":"<!-- This site is optimized with the Yoast SEO plugin v27.2 - https:\/\/yoast.com\/product\/yoast-seo-wordpress\/ -->\n<title>Febre amarela mata idosa em Natal; \u00e9 o primeiro caso urbano no pa\u00eds ap\u00f3s 73 anos - Notibras<\/title>\n<meta name=\"robots\" content=\"index, follow, max-snippet:-1, max-image-preview:large, max-video-preview:-1\" \/>\n<link rel=\"canonical\" href=\"https:\/\/www.notibras.com\/site\/febre-amarela-mata-idosa-em-natal-e-o-primeiro-caso-urbano-no-brasil-apos-73-anos\/\" \/>\n<meta property=\"og:locale\" content=\"pt_BR\" \/>\n<meta property=\"og:type\" content=\"article\" \/>\n<meta property=\"og:title\" content=\"Febre amarela mata idosa em Natal; \u00e9 o primeiro caso urbano no pa\u00eds ap\u00f3s 73 anos - Notibras\" \/>\n<meta property=\"og:description\" content=\"Anna Ruth Dantas Depois de 73 anos sem nenhum registro de febre amarela urbana no Pa\u00eds, um novo caso foi confirmado. A auxiliar de enfermagem Rita de C\u00e1ssia da Silva Santos, de 53 anos, moradora de Natal, morreu em decorr\u00eancia da doen\u00e7a, informou nesta ter\u00e7a-feira, 29, a Secretaria Municipal de Sa\u00fade da capital potiguar. O [&hellip;]\" \/>\n<meta property=\"og:url\" content=\"https:\/\/www.notibras.com\/site\/febre-amarela-mata-idosa-em-natal-e-o-primeiro-caso-urbano-no-brasil-apos-73-anos\/\" \/>\n<meta property=\"og:site_name\" content=\"Notibras\" \/>\n<meta property=\"article:publisher\" content=\"https:\/\/www.facebook.com\/notibras\/\" \/>\n<meta property=\"article:published_time\" content=\"2015-12-29T20:16:26+00:00\" \/>\n<meta property=\"article:modified_time\" content=\"2015-12-30T17:46:58+00:00\" \/>\n<meta property=\"og:image\" content=\"https:\/\/www.notibras.com\/site\/wp-content\/uploads\/2015\/12\/febre-amarela.jpg\" \/>\n\t<meta property=\"og:image:width\" content=\"640\" \/>\n\t<meta property=\"og:image:height\" content=\"494\" \/>\n\t<meta property=\"og:image:type\" content=\"image\/jpeg\" \/>\n<meta name=\"author\" content=\"Reda\u00e7\u00e3o\" \/>\n<meta name=\"twitter:card\" content=\"summary_large_image\" \/>\n<meta name=\"twitter:creator\" content=\"@Notibras\" \/>\n<meta name=\"twitter:site\" content=\"@Notibras\" \/>\n<meta name=\"twitter:label1\" content=\"Escrito por\" \/>\n\t<meta name=\"twitter:data1\" content=\"Reda\u00e7\u00e3o\" \/>\n\t<meta name=\"twitter:label2\" content=\"Est. tempo de leitura\" \/>\n\t<meta name=\"twitter:data2\" content=\"2 minutos\" \/>\n<script type=\"application\/ld+json\" class=\"yoast-schema-graph\">{\"@context\":\"https:\/\/schema.org\",\"@graph\":[{\"@type\":\"Article\",\"@id\":\"https:\/\/www.notibras.com\/site\/febre-amarela-mata-idosa-em-natal-e-o-primeiro-caso-urbano-no-brasil-apos-73-anos\/#article\",\"isPartOf\":{\"@id\":\"https:\/\/www.notibras.com\/site\/febre-amarela-mata-idosa-em-natal-e-o-primeiro-caso-urbano-no-brasil-apos-73-anos\/\"},\"author\":{\"name\":\"Reda\u00e7\u00e3o\",\"@id\":\"https:\/\/www.notibras.com\/site\/#\/schema\/person\/36ab0979449956132d3e5b517ea76ac8\"},\"headline\":\"Febre amarela mata idosa em Natal; \u00e9 o primeiro caso urbano no pa\u00eds ap\u00f3s 73 anos\",\"datePublished\":\"2015-12-29T20:16:26+00:00\",\"dateModified\":\"2015-12-30T17:46:58+00:00\",\"mainEntityOfPage\":{\"@id\":\"https:\/\/www.notibras.com\/site\/febre-amarela-mata-idosa-em-natal-e-o-primeiro-caso-urbano-no-brasil-apos-73-anos\/\"},\"wordCount\":466,\"commentCount\":0,\"publisher\":{\"@id\":\"https:\/\/www.notibras.com\/site\/#organization\"},\"image\":{\"@id\":\"https:\/\/www.notibras.com\/site\/febre-amarela-mata-idosa-em-natal-e-o-primeiro-caso-urbano-no-brasil-apos-73-anos\/#primaryimage\"},\"thumbnailUrl\":\"https:\/\/www.notibras.com\/site\/wp-content\/uploads\/2015\/12\/febre-amarela.jpg\",\"articleSection\":[\"Brasil\"],\"inLanguage\":\"pt-BR\",\"potentialAction\":[{\"@type\":\"CommentAction\",\"name\":\"Comment\",\"target\":[\"https:\/\/www.notibras.com\/site\/febre-amarela-mata-idosa-em-natal-e-o-primeiro-caso-urbano-no-brasil-apos-73-anos\/#respond\"]}]},{\"@type\":\"WebPage\",\"@id\":\"https:\/\/www.notibras.com\/site\/febre-amarela-mata-idosa-em-natal-e-o-primeiro-caso-urbano-no-brasil-apos-73-anos\/\",\"url\":\"https:\/\/www.notibras.com\/site\/febre-amarela-mata-idosa-em-natal-e-o-primeiro-caso-urbano-no-brasil-apos-73-anos\/\",\"name\":\"Febre amarela mata idosa em Natal; \u00e9 o primeiro caso urbano no pa\u00eds ap\u00f3s 73 anos - Notibras\",\"isPartOf\":{\"@id\":\"https:\/\/www.notibras.com\/site\/#website\"},\"primaryImageOfPage\":{\"@id\":\"https:\/\/www.notibras.com\/site\/febre-amarela-mata-idosa-em-natal-e-o-primeiro-caso-urbano-no-brasil-apos-73-anos\/#primaryimage\"},\"image\":{\"@id\":\"https:\/\/www.notibras.com\/site\/febre-amarela-mata-idosa-em-natal-e-o-primeiro-caso-urbano-no-brasil-apos-73-anos\/#primaryimage\"},\"thumbnailUrl\":\"https:\/\/www.notibras.com\/site\/wp-content\/uploads\/2015\/12\/febre-amarela.jpg\",\"datePublished\":\"2015-12-29T20:16:26+00:00\",\"dateModified\":\"2015-12-30T17:46:58+00:00\",\"breadcrumb\":{\"@id\":\"https:\/\/www.notibras.com\/site\/febre-amarela-mata-idosa-em-natal-e-o-primeiro-caso-urbano-no-brasil-apos-73-anos\/#breadcrumb\"},\"inLanguage\":\"pt-BR\",\"potentialAction\":[{\"@type\":\"ReadAction\",\"target\":[\"https:\/\/www.notibras.com\/site\/febre-amarela-mata-idosa-em-natal-e-o-primeiro-caso-urbano-no-brasil-apos-73-anos\/\"]}]},{\"@type\":\"ImageObject\",\"inLanguage\":\"pt-BR\",\"@id\":\"https:\/\/www.notibras.com\/site\/febre-amarela-mata-idosa-em-natal-e-o-primeiro-caso-urbano-no-brasil-apos-73-anos\/#primaryimage\",\"url\":\"https:\/\/www.notibras.com\/site\/wp-content\/uploads\/2015\/12\/febre-amarela.jpg\",\"contentUrl\":\"https:\/\/www.notibras.com\/site\/wp-content\/uploads\/2015\/12\/febre-amarela.jpg\",\"width\":640,\"height\":494},{\"@type\":\"BreadcrumbList\",\"@id\":\"https:\/\/www.notibras.com\/site\/febre-amarela-mata-idosa-em-natal-e-o-primeiro-caso-urbano-no-brasil-apos-73-anos\/#breadcrumb\",\"itemListElement\":[{\"@type\":\"ListItem\",\"position\":1,\"name\":\"In\u00edcio\",\"item\":\"https:\/\/www.notibras.com\/site\/\"},{\"@type\":\"ListItem\",\"position\":2,\"name\":\"Febre amarela mata idosa em Natal; \u00e9 o primeiro caso urbano no pa\u00eds ap\u00f3s 73 anos\"}]},{\"@type\":\"WebSite\",\"@id\":\"https:\/\/www.notibras.com\/site\/#website\",\"url\":\"https:\/\/www.notibras.com\/site\/\",\"name\":\"Notibras\",\"description\":\"Not\u00edcias de Bras\u00edlia, do Brasil e do Mundo\",\"publisher\":{\"@id\":\"https:\/\/www.notibras.com\/site\/#organization\"},\"potentialAction\":[{\"@type\":\"SearchAction\",\"target\":{\"@type\":\"EntryPoint\",\"urlTemplate\":\"https:\/\/www.notibras.com\/site\/?s={search_term_string}\"},\"query-input\":{\"@type\":\"PropertyValueSpecification\",\"valueRequired\":true,\"valueName\":\"search_term_string\"}}],\"inLanguage\":\"pt-BR\"},{\"@type\":\"Organization\",\"@id\":\"https:\/\/www.notibras.com\/site\/#organization\",\"name\":\"Grupo Notibras de Comunica\u00e7\u00e3o\",\"url\":\"https:\/\/www.notibras.com\/site\/\",\"logo\":{\"@type\":\"ImageObject\",\"inLanguage\":\"pt-BR\",\"@id\":\"https:\/\/www.notibras.com\/site\/#\/schema\/logo\/image\/\",\"url\":\"https:\/\/www.notibras.com\/site\/wp-content\/uploads\/2023\/01\/notibras23.png\",\"contentUrl\":\"https:\/\/www.notibras.com\/site\/wp-content\/uploads\/2023\/01\/notibras23.png\",\"width\":350,\"height\":87,\"caption\":\"Grupo Notibras de Comunica\u00e7\u00e3o\"},\"image\":{\"@id\":\"https:\/\/www.notibras.com\/site\/#\/schema\/logo\/image\/\"},\"sameAs\":[\"https:\/\/www.facebook.com\/notibras\/\",\"https:\/\/x.com\/Notibras\",\"https:\/\/www.instagram.com\/notibras\/\"]},{\"@type\":\"Person\",\"@id\":\"https:\/\/www.notibras.com\/site\/#\/schema\/person\/36ab0979449956132d3e5b517ea76ac8\",\"name\":\"Reda\u00e7\u00e3o\",\"image\":{\"@type\":\"ImageObject\",\"inLanguage\":\"pt-BR\",\"@id\":\"https:\/\/secure.gravatar.com\/avatar\/e0a867bdedb85fd243eadf09663511f96fc81e0720a4a42581f334ad4303aa6b?s=96&d=mm&r=g\",\"url\":\"https:\/\/secure.gravatar.com\/avatar\/e0a867bdedb85fd243eadf09663511f96fc81e0720a4a42581f334ad4303aa6b?s=96&d=mm&r=g\",\"contentUrl\":\"https:\/\/secure.gravatar.com\/avatar\/e0a867bdedb85fd243eadf09663511f96fc81e0720a4a42581f334ad4303aa6b?s=96&d=mm&r=g\",\"caption\":\"Reda\u00e7\u00e3o\"}}]}<\/script>\n<!-- \/ Yoast SEO plugin. -->","yoast_head_json":{"title":"Febre amarela mata idosa em Natal; \u00e9 o primeiro caso urbano no pa\u00eds ap\u00f3s 73 anos - Notibras","robots":{"index":"index","follow":"follow","max-snippet":"max-snippet:-1","max-image-preview":"max-image-preview:large","max-video-preview":"max-video-preview:-1"},"canonical":"https:\/\/www.notibras.com\/site\/febre-amarela-mata-idosa-em-natal-e-o-primeiro-caso-urbano-no-brasil-apos-73-anos\/","og_locale":"pt_BR","og_type":"article","og_title":"Febre amarela mata idosa em Natal; \u00e9 o primeiro caso urbano no pa\u00eds ap\u00f3s 73 anos - Notibras","og_description":"Anna Ruth Dantas Depois de 73 anos sem nenhum registro de febre amarela urbana no Pa\u00eds, um novo caso foi confirmado. A auxiliar de enfermagem Rita de C\u00e1ssia da Silva Santos, de 53 anos, moradora de Natal, morreu em decorr\u00eancia da doen\u00e7a, informou nesta ter\u00e7a-feira, 29, a Secretaria Municipal de Sa\u00fade da capital potiguar. O [&hellip;]","og_url":"https:\/\/www.notibras.com\/site\/febre-amarela-mata-idosa-em-natal-e-o-primeiro-caso-urbano-no-brasil-apos-73-anos\/","og_site_name":"Notibras","article_publisher":"https:\/\/www.facebook.com\/notibras\/","article_published_time":"2015-12-29T20:16:26+00:00","article_modified_time":"2015-12-30T17:46:58+00:00","og_image":[{"width":640,"height":494,"url":"https:\/\/www.notibras.com\/site\/wp-content\/uploads\/2015\/12\/febre-amarela.jpg","type":"image\/jpeg"}],"author":"Reda\u00e7\u00e3o","twitter_card":"summary_large_image","twitter_creator":"@Notibras","twitter_site":"@Notibras","twitter_misc":{"Escrito por":"Reda\u00e7\u00e3o","Est. tempo de leitura":"2 minutos"},"schema":{"@context":"https:\/\/schema.org","@graph":[{"@type":"Article","@id":"https:\/\/www.notibras.com\/site\/febre-amarela-mata-idosa-em-natal-e-o-primeiro-caso-urbano-no-brasil-apos-73-anos\/#article","isPartOf":{"@id":"https:\/\/www.notibras.com\/site\/febre-amarela-mata-idosa-em-natal-e-o-primeiro-caso-urbano-no-brasil-apos-73-anos\/"},"author":{"name":"Reda\u00e7\u00e3o","@id":"https:\/\/www.notibras.com\/site\/#\/schema\/person\/36ab0979449956132d3e5b517ea76ac8"},"headline":"Febre amarela mata idosa em Natal; \u00e9 o primeiro caso urbano no pa\u00eds ap\u00f3s 73 anos","datePublished":"2015-12-29T20:16:26+00:00","dateModified":"2015-12-30T17:46:58+00:00","mainEntityOfPage":{"@id":"https:\/\/www.notibras.com\/site\/febre-amarela-mata-idosa-em-natal-e-o-primeiro-caso-urbano-no-brasil-apos-73-anos\/"},"wordCount":466,"commentCount":0,"publisher":{"@id":"https:\/\/www.notibras.com\/site\/#organization"},"image":{"@id":"https:\/\/www.notibras.com\/site\/febre-amarela-mata-idosa-em-natal-e-o-primeiro-caso-urbano-no-brasil-apos-73-anos\/#primaryimage"},"thumbnailUrl":"https:\/\/www.notibras.com\/site\/wp-content\/uploads\/2015\/12\/febre-amarela.jpg","articleSection":["Brasil"],"inLanguage":"pt-BR","potentialAction":[{"@type":"CommentAction","name":"Comment","target":["https:\/\/www.notibras.com\/site\/febre-amarela-mata-idosa-em-natal-e-o-primeiro-caso-urbano-no-brasil-apos-73-anos\/#respond"]}]},{"@type":"WebPage","@id":"https:\/\/www.notibras.com\/site\/febre-amarela-mata-idosa-em-natal-e-o-primeiro-caso-urbano-no-brasil-apos-73-anos\/","url":"https:\/\/www.notibras.com\/site\/febre-amarela-mata-idosa-em-natal-e-o-primeiro-caso-urbano-no-brasil-apos-73-anos\/","name":"Febre amarela mata idosa em Natal; \u00e9 o primeiro caso urbano no pa\u00eds ap\u00f3s 73 anos - Notibras","isPartOf":{"@id":"https:\/\/www.notibras.com\/site\/#website"},"primaryImageOfPage":{"@id":"https:\/\/www.notibras.com\/site\/febre-amarela-mata-idosa-em-natal-e-o-primeiro-caso-urbano-no-brasil-apos-73-anos\/#primaryimage"},"image":{"@id":"https:\/\/www.notibras.com\/site\/febre-amarela-mata-idosa-em-natal-e-o-primeiro-caso-urbano-no-brasil-apos-73-anos\/#primaryimage"},"thumbnailUrl":"https:\/\/www.notibras.com\/site\/wp-content\/uploads\/2015\/12\/febre-amarela.jpg","datePublished":"2015-12-29T20:16:26+00:00","dateModified":"2015-12-30T17:46:58+00:00","breadcrumb":{"@id":"https:\/\/www.notibras.com\/site\/febre-amarela-mata-idosa-em-natal-e-o-primeiro-caso-urbano-no-brasil-apos-73-anos\/#breadcrumb"},"inLanguage":"pt-BR","potentialAction":[{"@type":"ReadAction","target":["https:\/\/www.notibras.com\/site\/febre-amarela-mata-idosa-em-natal-e-o-primeiro-caso-urbano-no-brasil-apos-73-anos\/"]}]},{"@type":"ImageObject","inLanguage":"pt-BR","@id":"https:\/\/www.notibras.com\/site\/febre-amarela-mata-idosa-em-natal-e-o-primeiro-caso-urbano-no-brasil-apos-73-anos\/#primaryimage","url":"https:\/\/www.notibras.com\/site\/wp-content\/uploads\/2015\/12\/febre-amarela.jpg","contentUrl":"https:\/\/www.notibras.com\/site\/wp-content\/uploads\/2015\/12\/febre-amarela.jpg","width":640,"height":494},{"@type":"BreadcrumbList","@id":"https:\/\/www.notibras.com\/site\/febre-amarela-mata-idosa-em-natal-e-o-primeiro-caso-urbano-no-brasil-apos-73-anos\/#breadcrumb","itemListElement":[{"@type":"ListItem","position":1,"name":"In\u00edcio","item":"https:\/\/www.notibras.com\/site\/"},{"@type":"ListItem","position":2,"name":"Febre amarela mata idosa em Natal; \u00e9 o primeiro caso urbano no pa\u00eds ap\u00f3s 73 anos"}]},{"@type":"WebSite","@id":"https:\/\/www.notibras.com\/site\/#website","url":"https:\/\/www.notibras.com\/site\/","name":"Notibras","description":"Not\u00edcias de Bras\u00edlia, do Brasil e do Mundo","publisher":{"@id":"https:\/\/www.notibras.com\/site\/#organization"},"potentialAction":[{"@type":"SearchAction","target":{"@type":"EntryPoint","urlTemplate":"https:\/\/www.notibras.com\/site\/?s={search_term_string}"},"query-input":{"@type":"PropertyValueSpecification","valueRequired":true,"valueName":"search_term_string"}}],"inLanguage":"pt-BR"},{"@type":"Organization","@id":"https:\/\/www.notibras.com\/site\/#organization","name":"Grupo Notibras de Comunica\u00e7\u00e3o","url":"https:\/\/www.notibras.com\/site\/","logo":{"@type":"ImageObject","inLanguage":"pt-BR","@id":"https:\/\/www.notibras.com\/site\/#\/schema\/logo\/image\/","url":"https:\/\/www.notibras.com\/site\/wp-content\/uploads\/2023\/01\/notibras23.png","contentUrl":"https:\/\/www.notibras.com\/site\/wp-content\/uploads\/2023\/01\/notibras23.png","width":350,"height":87,"caption":"Grupo Notibras de Comunica\u00e7\u00e3o"},"image":{"@id":"https:\/\/www.notibras.com\/site\/#\/schema\/logo\/image\/"},"sameAs":["https:\/\/www.facebook.com\/notibras\/","https:\/\/x.com\/Notibras","https:\/\/www.instagram.com\/notibras\/"]},{"@type":"Person","@id":"https:\/\/www.notibras.com\/site\/#\/schema\/person\/36ab0979449956132d3e5b517ea76ac8","name":"Reda\u00e7\u00e3o","image":{"@type":"ImageObject","inLanguage":"pt-BR","@id":"https:\/\/secure.gravatar.com\/avatar\/e0a867bdedb85fd243eadf09663511f96fc81e0720a4a42581f334ad4303aa6b?s=96&d=mm&r=g","url":"https:\/\/secure.gravatar.com\/avatar\/e0a867bdedb85fd243eadf09663511f96fc81e0720a4a42581f334ad4303aa6b?s=96&d=mm&r=g","contentUrl":"https:\/\/secure.gravatar.com\/avatar\/e0a867bdedb85fd243eadf09663511f96fc81e0720a4a42581f334ad4303aa6b?s=96&d=mm&r=g","caption":"Reda\u00e7\u00e3o"}}]}},"amp_enabled":true,"_links":{"self":[{"href":"https:\/\/www.notibras.com\/site\/wp-json\/wp\/v2\/posts\/82791","targetHints":{"allow":["GET"]}}],"collection":[{"href":"https:\/\/www.notibras.com\/site\/wp-json\/wp\/v2\/posts"}],"about":[{"href":"https:\/\/www.notibras.com\/site\/wp-json\/wp\/v2\/types\/post"}],"author":[{"embeddable":true,"href":"https:\/\/www.notibras.com\/site\/wp-json\/wp\/v2\/users\/2"}],"replies":[{"embeddable":true,"href":"https:\/\/www.notibras.com\/site\/wp-json\/wp\/v2\/comments?post=82791"}],"version-history":[{"count":2,"href":"https:\/\/www.notibras.com\/site\/wp-json\/wp\/v2\/posts\/82791\/revisions"}],"predecessor-version":[{"id":82794,"href":"https:\/\/www.notibras.com\/site\/wp-json\/wp\/v2\/posts\/82791\/revisions\/82794"}],"wp:featuredmedia":[{"embeddable":true,"href":"https:\/\/www.notibras.com\/site\/wp-json\/wp\/v2\/media\/82792"}],"wp:attachment":[{"href":"https:\/\/www.notibras.com\/site\/wp-json\/wp\/v2\/media?parent=82791"}],"wp:term":[{"taxonomy":"category","embeddable":true,"href":"https:\/\/www.notibras.com\/site\/wp-json\/wp\/v2\/categories?post=82791"},{"taxonomy":"post_tag","embeddable":true,"href":"https:\/\/www.notibras.com\/site\/wp-json\/wp\/v2\/tags?post=82791"}],"curies":[{"name":"wp","href":"https:\/\/api.w.org\/{rel}","templated":true}]}}