{"id":82839,"date":"2015-12-29T22:49:16","date_gmt":"2015-12-30T00:49:16","guid":{"rendered":"http:\/\/www.notibras.com\/site\/?p=82839"},"modified":"2015-12-30T21:37:00","modified_gmt":"2015-12-30T23:37:00","slug":"bc-intervem-em-banco-mexicano-e-cria-uma-saia-justa-para-dilma","status":"publish","type":"post","link":"https:\/\/www.notibras.com\/site\/bc-intervem-em-banco-mexicano-e-cria-uma-saia-justa-para-dilma\/","title":{"rendered":"BC interv\u00e9m no banco mexicano Azteca e arranja uma saia justa para Dilma"},"content":{"rendered":"<p><strong>Felipe Meirelles<\/strong><\/p>\n<p>O Banco Azteca, fatia grossa de um dos maiores conglomerados econ\u00f4micos da Am\u00e9rica Latina, vai sofrer uma interven\u00e7\u00e3o do Banco Central no apagar das luzes de 2015. A decis\u00e3o ser\u00e1 anunciada no decorrer desta quarta-feira, 30. O gesto est\u00e1 sendo interpretado no mercado financeiro como retalia\u00e7\u00e3o do governo brasileiro \u00e0 decis\u00e3o daquela institui\u00e7\u00e3o de encerrar suas atividades no Pa\u00eds.<\/p>\n<p>O Azteca pertence ao multibilion\u00e1rio mexicano Ricardo Salinas. Ele tamb\u00e9m domina na Am\u00e9rica Central e alguns pa\u00edses sul-americanos, redes de televis\u00e3o, lojas de eletrodom\u00e9sticos e telefonia fixa e celular. Para se ter uma ideia da influ\u00eancia de Salinas, a TV Azteca est\u00e1 para pa\u00edses latino americanos, como a Globo est\u00e1 para o Brasil.<\/p>\n<p>A briga do Banco Central com o banco mexicano n\u00e3o deixa de ser uma ironia. S\u00f3 a t\u00edtulo de ilustra\u00e7\u00e3o, basta lembrar que no ratings da Ag\u00eancia Fitch, o Azteca aparece com <strong>A+<\/strong>, enquanto a nota do Brasil \u00e9<strong> A-<\/strong>.<\/p>\n<p>A interven\u00e7\u00e3o do BC em uma institui\u00e7\u00e3o de cr\u00e9dito internacional \u00e9 fato in\u00e9dito no Brasil. Analistas de mercado avaliam que o governo de Dilma Rousseff vai enfrentar uma saia justa. A interven\u00e7\u00e3o impede a sa\u00edda do Azteca, e serve de recado a outros grandes grupos que, temendo pelo futuro da economia brasileira, sinalizam com a possibilidade de fechar as portas no Pa\u00eds.<\/p>\n<p>A crise envolvendo o BC e o Banco Azteca foi antecipada por <strong>Notibras<\/strong> em mat\u00e9ria da rep\u00f3rter Marta Nobre, no \u00faltimo dia 27. O texto anunciava a decis\u00e3o do Grupo Elektra, holding comandada por Ricardo Salinas, em comunicar \u00e0 Bolsa Mexicana de Valores, sua retirada do mercado brasileiro. Foi o sinal de que viria alguma turbul\u00eancia pela frente, por passageira que fosse.<\/p>\n<p>As atividades do banco no Brasil foram iniciadas em 2008, com pr\u00e1ticas inovadoras e in\u00e9ditas, como a aus\u00eancia de cobran\u00e7a de taxas banc\u00e1rias, a concess\u00e3o de microcr\u00e9dito e a bancariza\u00e7\u00e3o de cidad\u00e3os que n\u00e3o encontravam apoio na rede banc\u00e1ria tradicional, milhares deles tendo acesso pela primeira vez aos benef\u00edcios dos servi\u00e7os financeiros.<\/p>\n<p>Emiss\u00e1rios de Ricardo Salinas desembarcaram em Bras\u00edlia no in\u00edcio da semana. Do grupo fazem parte advogados especializados em finan\u00e7as internacionais, que vieram munidos de documentos para travar uma guerra judicial com o Banco Central, a partir do que consideram retalia\u00e7\u00e3o do governo brasileiro.<\/p>\n","protected":false},"excerpt":{"rendered":"<p>Felipe Meirelles O Banco Azteca, fatia grossa de um dos maiores conglomerados econ\u00f4micos da Am\u00e9rica Latina, vai sofrer uma interven\u00e7\u00e3o do Banco Central no apagar das luzes de 2015. A decis\u00e3o ser\u00e1 anunciada no decorrer desta quarta-feira, 30. O gesto est\u00e1 sendo interpretado no mercado financeiro como retalia\u00e7\u00e3o do governo brasileiro \u00e0 decis\u00e3o daquela institui\u00e7\u00e3o [&hellip;]<\/p>\n","protected":false},"author":2,"featured_media":82840,"comment_status":"open","ping_status":"closed","sticky":false,"template":"","format":"standard","meta":{"_acf_changed":false,"footnotes":""},"categories":[16],"tags":[],"class_list":["post-82839","post","type-post","status-publish","format-standard","has-post-thumbnail","hentry","category-brasil"],"acf":[],"yoast_head":"<!-- This site is optimized with the Yoast SEO plugin v27.2 - https:\/\/yoast.com\/product\/yoast-seo-wordpress\/ -->\n<title>BC interv\u00e9m no banco mexicano Azteca e arranja uma saia justa para Dilma - Notibras<\/title>\n<meta name=\"robots\" content=\"index, follow, max-snippet:-1, max-image-preview:large, max-video-preview:-1\" \/>\n<link rel=\"canonical\" href=\"https:\/\/www.notibras.com\/site\/bc-intervem-em-banco-mexicano-e-cria-uma-saia-justa-para-dilma\/\" \/>\n<meta property=\"og:locale\" content=\"pt_BR\" \/>\n<meta property=\"og:type\" content=\"article\" \/>\n<meta property=\"og:title\" content=\"BC interv\u00e9m no banco mexicano Azteca e arranja uma saia justa para Dilma - Notibras\" \/>\n<meta property=\"og:description\" content=\"Felipe Meirelles O Banco Azteca, fatia grossa de um dos maiores conglomerados econ\u00f4micos da Am\u00e9rica Latina, vai sofrer uma interven\u00e7\u00e3o do Banco Central no apagar das luzes de 2015. A decis\u00e3o ser\u00e1 anunciada no decorrer desta quarta-feira, 30. O gesto est\u00e1 sendo interpretado no mercado financeiro como retalia\u00e7\u00e3o do governo brasileiro \u00e0 decis\u00e3o daquela institui\u00e7\u00e3o [&hellip;]\" \/>\n<meta property=\"og:url\" content=\"https:\/\/www.notibras.com\/site\/bc-intervem-em-banco-mexicano-e-cria-uma-saia-justa-para-dilma\/\" \/>\n<meta property=\"og:site_name\" content=\"Notibras\" \/>\n<meta property=\"article:publisher\" content=\"https:\/\/www.facebook.com\/notibras\/\" \/>\n<meta property=\"article:published_time\" content=\"2015-12-30T00:49:16+00:00\" \/>\n<meta property=\"article:modified_time\" content=\"2015-12-30T23:37:00+00:00\" \/>\n<meta property=\"og:image\" content=\"https:\/\/www.notibras.com\/site\/wp-content\/uploads\/2015\/12\/15363456.jpeg\" \/>\n\t<meta property=\"og:image:width\" content=\"635\" \/>\n\t<meta property=\"og:image:height\" content=\"428\" \/>\n\t<meta property=\"og:image:type\" content=\"image\/jpeg\" \/>\n<meta name=\"author\" content=\"Reda\u00e7\u00e3o\" \/>\n<meta name=\"twitter:card\" content=\"summary_large_image\" \/>\n<meta name=\"twitter:creator\" content=\"@Notibras\" \/>\n<meta name=\"twitter:site\" content=\"@Notibras\" \/>\n<meta name=\"twitter:label1\" content=\"Escrito por\" \/>\n\t<meta name=\"twitter:data1\" content=\"Reda\u00e7\u00e3o\" \/>\n\t<meta name=\"twitter:label2\" content=\"Est. tempo de leitura\" \/>\n\t<meta name=\"twitter:data2\" content=\"2 minutos\" \/>\n<script type=\"application\/ld+json\" class=\"yoast-schema-graph\">{\"@context\":\"https:\/\/schema.org\",\"@graph\":[{\"@type\":\"Article\",\"@id\":\"https:\/\/www.notibras.com\/site\/bc-intervem-em-banco-mexicano-e-cria-uma-saia-justa-para-dilma\/#article\",\"isPartOf\":{\"@id\":\"https:\/\/www.notibras.com\/site\/bc-intervem-em-banco-mexicano-e-cria-uma-saia-justa-para-dilma\/\"},\"author\":{\"name\":\"Reda\u00e7\u00e3o\",\"@id\":\"https:\/\/www.notibras.com\/site\/#\/schema\/person\/36ab0979449956132d3e5b517ea76ac8\"},\"headline\":\"BC interv\u00e9m no banco mexicano Azteca e arranja uma saia justa para Dilma\",\"datePublished\":\"2015-12-30T00:49:16+00:00\",\"dateModified\":\"2015-12-30T23:37:00+00:00\",\"mainEntityOfPage\":{\"@id\":\"https:\/\/www.notibras.com\/site\/bc-intervem-em-banco-mexicano-e-cria-uma-saia-justa-para-dilma\/\"},\"wordCount\":428,\"commentCount\":0,\"publisher\":{\"@id\":\"https:\/\/www.notibras.com\/site\/#organization\"},\"image\":{\"@id\":\"https:\/\/www.notibras.com\/site\/bc-intervem-em-banco-mexicano-e-cria-uma-saia-justa-para-dilma\/#primaryimage\"},\"thumbnailUrl\":\"https:\/\/www.notibras.com\/site\/wp-content\/uploads\/2015\/12\/15363456.jpeg\",\"articleSection\":[\"Brasil\"],\"inLanguage\":\"pt-BR\",\"potentialAction\":[{\"@type\":\"CommentAction\",\"name\":\"Comment\",\"target\":[\"https:\/\/www.notibras.com\/site\/bc-intervem-em-banco-mexicano-e-cria-uma-saia-justa-para-dilma\/#respond\"]}]},{\"@type\":\"WebPage\",\"@id\":\"https:\/\/www.notibras.com\/site\/bc-intervem-em-banco-mexicano-e-cria-uma-saia-justa-para-dilma\/\",\"url\":\"https:\/\/www.notibras.com\/site\/bc-intervem-em-banco-mexicano-e-cria-uma-saia-justa-para-dilma\/\",\"name\":\"BC interv\u00e9m no banco mexicano Azteca e arranja uma saia justa para Dilma - Notibras\",\"isPartOf\":{\"@id\":\"https:\/\/www.notibras.com\/site\/#website\"},\"primaryImageOfPage\":{\"@id\":\"https:\/\/www.notibras.com\/site\/bc-intervem-em-banco-mexicano-e-cria-uma-saia-justa-para-dilma\/#primaryimage\"},\"image\":{\"@id\":\"https:\/\/www.notibras.com\/site\/bc-intervem-em-banco-mexicano-e-cria-uma-saia-justa-para-dilma\/#primaryimage\"},\"thumbnailUrl\":\"https:\/\/www.notibras.com\/site\/wp-content\/uploads\/2015\/12\/15363456.jpeg\",\"datePublished\":\"2015-12-30T00:49:16+00:00\",\"dateModified\":\"2015-12-30T23:37:00+00:00\",\"breadcrumb\":{\"@id\":\"https:\/\/www.notibras.com\/site\/bc-intervem-em-banco-mexicano-e-cria-uma-saia-justa-para-dilma\/#breadcrumb\"},\"inLanguage\":\"pt-BR\",\"potentialAction\":[{\"@type\":\"ReadAction\",\"target\":[\"https:\/\/www.notibras.com\/site\/bc-intervem-em-banco-mexicano-e-cria-uma-saia-justa-para-dilma\/\"]}]},{\"@type\":\"ImageObject\",\"inLanguage\":\"pt-BR\",\"@id\":\"https:\/\/www.notibras.com\/site\/bc-intervem-em-banco-mexicano-e-cria-uma-saia-justa-para-dilma\/#primaryimage\",\"url\":\"https:\/\/www.notibras.com\/site\/wp-content\/uploads\/2015\/12\/15363456.jpeg\",\"contentUrl\":\"https:\/\/www.notibras.com\/site\/wp-content\/uploads\/2015\/12\/15363456.jpeg\",\"width\":635,\"height\":428,\"caption\":\"Salinas, banqueiro mexicano, est\u00e1 chateado com o governo brasileiro\"},{\"@type\":\"BreadcrumbList\",\"@id\":\"https:\/\/www.notibras.com\/site\/bc-intervem-em-banco-mexicano-e-cria-uma-saia-justa-para-dilma\/#breadcrumb\",\"itemListElement\":[{\"@type\":\"ListItem\",\"position\":1,\"name\":\"In\u00edcio\",\"item\":\"https:\/\/www.notibras.com\/site\/\"},{\"@type\":\"ListItem\",\"position\":2,\"name\":\"BC interv\u00e9m no banco mexicano Azteca e arranja uma saia justa para Dilma\"}]},{\"@type\":\"WebSite\",\"@id\":\"https:\/\/www.notibras.com\/site\/#website\",\"url\":\"https:\/\/www.notibras.com\/site\/\",\"name\":\"Notibras\",\"description\":\"Not\u00edcias de Bras\u00edlia, do Brasil e do Mundo\",\"publisher\":{\"@id\":\"https:\/\/www.notibras.com\/site\/#organization\"},\"potentialAction\":[{\"@type\":\"SearchAction\",\"target\":{\"@type\":\"EntryPoint\",\"urlTemplate\":\"https:\/\/www.notibras.com\/site\/?s={search_term_string}\"},\"query-input\":{\"@type\":\"PropertyValueSpecification\",\"valueRequired\":true,\"valueName\":\"search_term_string\"}}],\"inLanguage\":\"pt-BR\"},{\"@type\":\"Organization\",\"@id\":\"https:\/\/www.notibras.com\/site\/#organization\",\"name\":\"Grupo Notibras de Comunica\u00e7\u00e3o\",\"url\":\"https:\/\/www.notibras.com\/site\/\",\"logo\":{\"@type\":\"ImageObject\",\"inLanguage\":\"pt-BR\",\"@id\":\"https:\/\/www.notibras.com\/site\/#\/schema\/logo\/image\/\",\"url\":\"https:\/\/www.notibras.com\/site\/wp-content\/uploads\/2023\/01\/notibras23.png\",\"contentUrl\":\"https:\/\/www.notibras.com\/site\/wp-content\/uploads\/2023\/01\/notibras23.png\",\"width\":350,\"height\":87,\"caption\":\"Grupo Notibras de Comunica\u00e7\u00e3o\"},\"image\":{\"@id\":\"https:\/\/www.notibras.com\/site\/#\/schema\/logo\/image\/\"},\"sameAs\":[\"https:\/\/www.facebook.com\/notibras\/\",\"https:\/\/x.com\/Notibras\",\"https:\/\/www.instagram.com\/notibras\/\"]},{\"@type\":\"Person\",\"@id\":\"https:\/\/www.notibras.com\/site\/#\/schema\/person\/36ab0979449956132d3e5b517ea76ac8\",\"name\":\"Reda\u00e7\u00e3o\",\"image\":{\"@type\":\"ImageObject\",\"inLanguage\":\"pt-BR\",\"@id\":\"https:\/\/secure.gravatar.com\/avatar\/e0a867bdedb85fd243eadf09663511f96fc81e0720a4a42581f334ad4303aa6b?s=96&d=mm&r=g\",\"url\":\"https:\/\/secure.gravatar.com\/avatar\/e0a867bdedb85fd243eadf09663511f96fc81e0720a4a42581f334ad4303aa6b?s=96&d=mm&r=g\",\"contentUrl\":\"https:\/\/secure.gravatar.com\/avatar\/e0a867bdedb85fd243eadf09663511f96fc81e0720a4a42581f334ad4303aa6b?s=96&d=mm&r=g\",\"caption\":\"Reda\u00e7\u00e3o\"}}]}<\/script>\n<!-- \/ Yoast SEO plugin. -->","yoast_head_json":{"title":"BC interv\u00e9m no banco mexicano Azteca e arranja uma saia justa para Dilma - Notibras","robots":{"index":"index","follow":"follow","max-snippet":"max-snippet:-1","max-image-preview":"max-image-preview:large","max-video-preview":"max-video-preview:-1"},"canonical":"https:\/\/www.notibras.com\/site\/bc-intervem-em-banco-mexicano-e-cria-uma-saia-justa-para-dilma\/","og_locale":"pt_BR","og_type":"article","og_title":"BC interv\u00e9m no banco mexicano Azteca e arranja uma saia justa para Dilma - Notibras","og_description":"Felipe Meirelles O Banco Azteca, fatia grossa de um dos maiores conglomerados econ\u00f4micos da Am\u00e9rica Latina, vai sofrer uma interven\u00e7\u00e3o do Banco Central no apagar das luzes de 2015. A decis\u00e3o ser\u00e1 anunciada no decorrer desta quarta-feira, 30. O gesto est\u00e1 sendo interpretado no mercado financeiro como retalia\u00e7\u00e3o do governo brasileiro \u00e0 decis\u00e3o daquela institui\u00e7\u00e3o [&hellip;]","og_url":"https:\/\/www.notibras.com\/site\/bc-intervem-em-banco-mexicano-e-cria-uma-saia-justa-para-dilma\/","og_site_name":"Notibras","article_publisher":"https:\/\/www.facebook.com\/notibras\/","article_published_time":"2015-12-30T00:49:16+00:00","article_modified_time":"2015-12-30T23:37:00+00:00","og_image":[{"width":635,"height":428,"url":"https:\/\/www.notibras.com\/site\/wp-content\/uploads\/2015\/12\/15363456.jpeg","type":"image\/jpeg"}],"author":"Reda\u00e7\u00e3o","twitter_card":"summary_large_image","twitter_creator":"@Notibras","twitter_site":"@Notibras","twitter_misc":{"Escrito por":"Reda\u00e7\u00e3o","Est. tempo de leitura":"2 minutos"},"schema":{"@context":"https:\/\/schema.org","@graph":[{"@type":"Article","@id":"https:\/\/www.notibras.com\/site\/bc-intervem-em-banco-mexicano-e-cria-uma-saia-justa-para-dilma\/#article","isPartOf":{"@id":"https:\/\/www.notibras.com\/site\/bc-intervem-em-banco-mexicano-e-cria-uma-saia-justa-para-dilma\/"},"author":{"name":"Reda\u00e7\u00e3o","@id":"https:\/\/www.notibras.com\/site\/#\/schema\/person\/36ab0979449956132d3e5b517ea76ac8"},"headline":"BC interv\u00e9m no banco mexicano Azteca e arranja uma saia justa para Dilma","datePublished":"2015-12-30T00:49:16+00:00","dateModified":"2015-12-30T23:37:00+00:00","mainEntityOfPage":{"@id":"https:\/\/www.notibras.com\/site\/bc-intervem-em-banco-mexicano-e-cria-uma-saia-justa-para-dilma\/"},"wordCount":428,"commentCount":0,"publisher":{"@id":"https:\/\/www.notibras.com\/site\/#organization"},"image":{"@id":"https:\/\/www.notibras.com\/site\/bc-intervem-em-banco-mexicano-e-cria-uma-saia-justa-para-dilma\/#primaryimage"},"thumbnailUrl":"https:\/\/www.notibras.com\/site\/wp-content\/uploads\/2015\/12\/15363456.jpeg","articleSection":["Brasil"],"inLanguage":"pt-BR","potentialAction":[{"@type":"CommentAction","name":"Comment","target":["https:\/\/www.notibras.com\/site\/bc-intervem-em-banco-mexicano-e-cria-uma-saia-justa-para-dilma\/#respond"]}]},{"@type":"WebPage","@id":"https:\/\/www.notibras.com\/site\/bc-intervem-em-banco-mexicano-e-cria-uma-saia-justa-para-dilma\/","url":"https:\/\/www.notibras.com\/site\/bc-intervem-em-banco-mexicano-e-cria-uma-saia-justa-para-dilma\/","name":"BC interv\u00e9m no banco mexicano Azteca e arranja uma saia justa para Dilma - Notibras","isPartOf":{"@id":"https:\/\/www.notibras.com\/site\/#website"},"primaryImageOfPage":{"@id":"https:\/\/www.notibras.com\/site\/bc-intervem-em-banco-mexicano-e-cria-uma-saia-justa-para-dilma\/#primaryimage"},"image":{"@id":"https:\/\/www.notibras.com\/site\/bc-intervem-em-banco-mexicano-e-cria-uma-saia-justa-para-dilma\/#primaryimage"},"thumbnailUrl":"https:\/\/www.notibras.com\/site\/wp-content\/uploads\/2015\/12\/15363456.jpeg","datePublished":"2015-12-30T00:49:16+00:00","dateModified":"2015-12-30T23:37:00+00:00","breadcrumb":{"@id":"https:\/\/www.notibras.com\/site\/bc-intervem-em-banco-mexicano-e-cria-uma-saia-justa-para-dilma\/#breadcrumb"},"inLanguage":"pt-BR","potentialAction":[{"@type":"ReadAction","target":["https:\/\/www.notibras.com\/site\/bc-intervem-em-banco-mexicano-e-cria-uma-saia-justa-para-dilma\/"]}]},{"@type":"ImageObject","inLanguage":"pt-BR","@id":"https:\/\/www.notibras.com\/site\/bc-intervem-em-banco-mexicano-e-cria-uma-saia-justa-para-dilma\/#primaryimage","url":"https:\/\/www.notibras.com\/site\/wp-content\/uploads\/2015\/12\/15363456.jpeg","contentUrl":"https:\/\/www.notibras.com\/site\/wp-content\/uploads\/2015\/12\/15363456.jpeg","width":635,"height":428,"caption":"Salinas, banqueiro mexicano, est\u00e1 chateado com o governo brasileiro"},{"@type":"BreadcrumbList","@id":"https:\/\/www.notibras.com\/site\/bc-intervem-em-banco-mexicano-e-cria-uma-saia-justa-para-dilma\/#breadcrumb","itemListElement":[{"@type":"ListItem","position":1,"name":"In\u00edcio","item":"https:\/\/www.notibras.com\/site\/"},{"@type":"ListItem","position":2,"name":"BC interv\u00e9m no banco mexicano Azteca e arranja uma saia justa para Dilma"}]},{"@type":"WebSite","@id":"https:\/\/www.notibras.com\/site\/#website","url":"https:\/\/www.notibras.com\/site\/","name":"Notibras","description":"Not\u00edcias de Bras\u00edlia, do Brasil e do Mundo","publisher":{"@id":"https:\/\/www.notibras.com\/site\/#organization"},"potentialAction":[{"@type":"SearchAction","target":{"@type":"EntryPoint","urlTemplate":"https:\/\/www.notibras.com\/site\/?s={search_term_string}"},"query-input":{"@type":"PropertyValueSpecification","valueRequired":true,"valueName":"search_term_string"}}],"inLanguage":"pt-BR"},{"@type":"Organization","@id":"https:\/\/www.notibras.com\/site\/#organization","name":"Grupo Notibras de Comunica\u00e7\u00e3o","url":"https:\/\/www.notibras.com\/site\/","logo":{"@type":"ImageObject","inLanguage":"pt-BR","@id":"https:\/\/www.notibras.com\/site\/#\/schema\/logo\/image\/","url":"https:\/\/www.notibras.com\/site\/wp-content\/uploads\/2023\/01\/notibras23.png","contentUrl":"https:\/\/www.notibras.com\/site\/wp-content\/uploads\/2023\/01\/notibras23.png","width":350,"height":87,"caption":"Grupo Notibras de Comunica\u00e7\u00e3o"},"image":{"@id":"https:\/\/www.notibras.com\/site\/#\/schema\/logo\/image\/"},"sameAs":["https:\/\/www.facebook.com\/notibras\/","https:\/\/x.com\/Notibras","https:\/\/www.instagram.com\/notibras\/"]},{"@type":"Person","@id":"https:\/\/www.notibras.com\/site\/#\/schema\/person\/36ab0979449956132d3e5b517ea76ac8","name":"Reda\u00e7\u00e3o","image":{"@type":"ImageObject","inLanguage":"pt-BR","@id":"https:\/\/secure.gravatar.com\/avatar\/e0a867bdedb85fd243eadf09663511f96fc81e0720a4a42581f334ad4303aa6b?s=96&d=mm&r=g","url":"https:\/\/secure.gravatar.com\/avatar\/e0a867bdedb85fd243eadf09663511f96fc81e0720a4a42581f334ad4303aa6b?s=96&d=mm&r=g","contentUrl":"https:\/\/secure.gravatar.com\/avatar\/e0a867bdedb85fd243eadf09663511f96fc81e0720a4a42581f334ad4303aa6b?s=96&d=mm&r=g","caption":"Reda\u00e7\u00e3o"}}]}},"amp_enabled":true,"_links":{"self":[{"href":"https:\/\/www.notibras.com\/site\/wp-json\/wp\/v2\/posts\/82839","targetHints":{"allow":["GET"]}}],"collection":[{"href":"https:\/\/www.notibras.com\/site\/wp-json\/wp\/v2\/posts"}],"about":[{"href":"https:\/\/www.notibras.com\/site\/wp-json\/wp\/v2\/types\/post"}],"author":[{"embeddable":true,"href":"https:\/\/www.notibras.com\/site\/wp-json\/wp\/v2\/users\/2"}],"replies":[{"embeddable":true,"href":"https:\/\/www.notibras.com\/site\/wp-json\/wp\/v2\/comments?post=82839"}],"version-history":[{"count":4,"href":"https:\/\/www.notibras.com\/site\/wp-json\/wp\/v2\/posts\/82839\/revisions"}],"predecessor-version":[{"id":82856,"href":"https:\/\/www.notibras.com\/site\/wp-json\/wp\/v2\/posts\/82839\/revisions\/82856"}],"wp:featuredmedia":[{"embeddable":true,"href":"https:\/\/www.notibras.com\/site\/wp-json\/wp\/v2\/media\/82840"}],"wp:attachment":[{"href":"https:\/\/www.notibras.com\/site\/wp-json\/wp\/v2\/media?parent=82839"}],"wp:term":[{"taxonomy":"category","embeddable":true,"href":"https:\/\/www.notibras.com\/site\/wp-json\/wp\/v2\/categories?post=82839"},{"taxonomy":"post_tag","embeddable":true,"href":"https:\/\/www.notibras.com\/site\/wp-json\/wp\/v2\/tags?post=82839"}],"curies":[{"name":"wp","href":"https:\/\/api.w.org\/{rel}","templated":true}]}}