{"id":82853,"date":"2015-12-30T15:11:06","date_gmt":"2015-12-30T17:11:06","guid":{"rendered":"http:\/\/www.notibras.com\/site\/?p=82853"},"modified":"2015-12-30T15:15:10","modified_gmt":"2015-12-30T17:15:10","slug":"ministerio-da-justica-da-uma-dura-nos-federais-e-indica-que-quem-manda-e-cardozo","status":"publish","type":"post","link":"https:\/\/www.notibras.com\/site\/ministerio-da-justica-da-uma-dura-nos-federais-e-indica-que-quem-manda-e-cardozo\/","title":{"rendered":"Minist\u00e9rio da Justi\u00e7a d\u00e1 uma dura nos federais e indica que quem tem o poder \u00e9 Cardozo"},"content":{"rendered":"<h6 class=\"Assina\"><strong>Fausto Macedo e Julia Affonso<\/strong><\/h6>\n<p>O Minist\u00e9rio da Justi\u00e7a refutou com veem\u00eancia den\u00fancias dos delegados de Pol\u00edcia Federal &#8211; por meio de sua entidade de classe -, de que o governo est\u00e1 levando a corpora\u00e7\u00e3o ao sucateamento. Em of\u00edcio encaminhado \u00e0 Associa\u00e7\u00e3o Nacional dos Delegados da PF nesta quarta-feira, 30, o secret\u00e1rio-executivo do Minist\u00e9rio da Justi\u00e7a Marivaldo Pereira afirma que &#8220;n\u00e3o h\u00e1 qualquer paralisa\u00e7\u00e3o de projetos ou atividades estrat\u00e9gicas na PF&#8221;.<\/p>\n<p>O documento \u00e9 uma resposta \u00e0 carta da entidade dos delegados ao ministro Jos\u00e9 Eduardo Cardozo por meio da qual os profissionais manifestam irrita\u00e7\u00e3o com o corte de R$ 133 milh\u00f5es que o Congresso promoveu no or\u00e7amento da PF para 2016. Os delegados cobraram rea\u00e7\u00e3o de Cardozo e exigiram &#8220;menos discursos&#8221;.<\/p>\n<p>&#8220;Ao contr\u00e1rio do que a entidade alegou em of\u00edcio dirigido ao ministro de Estado Jos\u00e9 Eduardo Cardozo, os dados demonstram que nos \u00faltimos anos ocorreu o fortalecimento da Pol\u00edcia Federal&#8221;, diz a peti\u00e7\u00e3o subscrita pelo secret\u00e1rio-executivo do Minist\u00e9rio<\/p>\n<p>&#8220;Desde 2003, o or\u00e7amento total da institui\u00e7\u00e3o, considerando valores atualizados, aumentou em mais de 43%. De 2011 a 2015, o valor total empenhado para gastos com a Pol\u00edcia Federal cresceu mais de 25%. Desconsiderando o gasto com pessoal, esse crescimento foi de mais de 32%. E, no pr\u00f3ximo ano, o Or\u00e7amento da institui\u00e7\u00e3o ser\u00e1 maior do que o de 2015&#8221;, diz o texto.<\/p>\n<p>O Minist\u00e9rio da Justi\u00e7a classificou, em nota, de &#8220;equ\u00edvocos injustos e absurdos&#8221; as informa\u00e7\u00f5es divulgadas pela dire\u00e7\u00e3o da Associa\u00e7\u00e3o Nacional de Delegados de Pol\u00edcia Federal (ADPF) &#8211; a carta da entidade foi subscrita por seu presidente, Carlos Eduardo Sobral e por mais 36 delegados da PF.<\/p>\n<p>Segundo a assessoria de Cardozo, &#8220;em 2015, ano de forte restri\u00e7\u00e3o or\u00e7ament\u00e1ria, a Pol\u00edcia Federal manteve um or\u00e7amento praticamente id\u00eantico \u00e0quele executado em 2014&#8221;.<\/p>\n<p>Marivaldo Pereira assinala que para garantir a estabilidade or\u00e7ament\u00e1ria da PF como meta priorit\u00e1ria do Minist\u00e9rio da Justi\u00e7a &#8220;foi necess\u00e1rio impor cortes significativos em outras \u00e1reas e at\u00e9 mesmo uma redu\u00e7\u00e3o substancial dos gastos de gest\u00e3o&#8221;<\/p>\n<p>O Minist\u00e9rio da Justi\u00e7a assinala, ainda, &#8220;os avan\u00e7os legais obtidos para melhoria das investiga\u00e7\u00f5es&#8221;. Na resposta aos delegados, por meio de sua assessoria, Cardozo cita a aprova\u00e7\u00e3o das leis de Combate \u00e0s Organiza\u00e7\u00f5es Criminosas e de Combate \u00e0 Lavagem de Dinheiro. O ministro tamb\u00e9m destaca as leis que disciplinam a investiga\u00e7\u00e3o pelo delegado de Pol\u00edcia e a que facilita a extradi\u00e7\u00e3o de criminosos internacionais.<\/p>\n<p>A nota divulgada nesta quarta, 30, diz, ainda. &#8220;Embora lamente a recusa da Associa\u00e7\u00e3o dos Delegados de Pol\u00edcia Federal em dialogar e o fato de que alguns possam enveredar por embates pol\u00edticos intermin\u00e1veis e absolutamente improdutivos, o Minist\u00e9rio da Justi\u00e7a reafirma a cren\u00e7a no di\u00e1logo como melhor caminho para superar desafios e dar continuidade ao intenso processo de fortalecimento que a Pol\u00edcia Federal tem vivenciado nos \u00faltimos anos.&#8221;<\/p>\n<p><img loading=\"lazy\" decoding=\"async\" class=\"alignnone size-full wp-image-70065\" src=\"http:\/\/www.notibras.com\/site\/wp-content\/uploads\/2015\/10\/estadao.png\" alt=\"estadao\" width=\"99\" height=\"16\" \/><\/p>\n","protected":false},"excerpt":{"rendered":"<p>Fausto Macedo e Julia Affonso O Minist\u00e9rio da Justi\u00e7a refutou com veem\u00eancia den\u00fancias dos delegados de Pol\u00edcia Federal &#8211; por meio de sua entidade de classe -, de que o governo est\u00e1 levando a corpora\u00e7\u00e3o ao sucateamento. Em of\u00edcio encaminhado \u00e0 Associa\u00e7\u00e3o Nacional dos Delegados da PF nesta quarta-feira, 30, o secret\u00e1rio-executivo do Minist\u00e9rio da [&hellip;]<\/p>\n","protected":false},"author":2,"featured_media":82854,"comment_status":"open","ping_status":"closed","sticky":false,"template":"","format":"standard","meta":{"_acf_changed":false,"footnotes":""},"categories":[16],"tags":[],"class_list":["post-82853","post","type-post","status-publish","format-standard","has-post-thumbnail","hentry","category-brasil"],"acf":[],"yoast_head":"<!-- This site is optimized with the Yoast SEO plugin v27.2 - https:\/\/yoast.com\/product\/yoast-seo-wordpress\/ -->\n<title>Minist\u00e9rio da Justi\u00e7a d\u00e1 uma dura nos federais e indica que quem tem o poder \u00e9 Cardozo - Notibras<\/title>\n<meta name=\"robots\" content=\"index, follow, max-snippet:-1, max-image-preview:large, max-video-preview:-1\" \/>\n<link rel=\"canonical\" href=\"https:\/\/www.notibras.com\/site\/ministerio-da-justica-da-uma-dura-nos-federais-e-indica-que-quem-manda-e-cardozo\/\" \/>\n<meta property=\"og:locale\" content=\"pt_BR\" \/>\n<meta property=\"og:type\" content=\"article\" \/>\n<meta property=\"og:title\" content=\"Minist\u00e9rio da Justi\u00e7a d\u00e1 uma dura nos federais e indica que quem tem o poder \u00e9 Cardozo - Notibras\" \/>\n<meta property=\"og:description\" content=\"Fausto Macedo e Julia Affonso O Minist\u00e9rio da Justi\u00e7a refutou com veem\u00eancia den\u00fancias dos delegados de Pol\u00edcia Federal &#8211; por meio de sua entidade de classe -, de que o governo est\u00e1 levando a corpora\u00e7\u00e3o ao sucateamento. Em of\u00edcio encaminhado \u00e0 Associa\u00e7\u00e3o Nacional dos Delegados da PF nesta quarta-feira, 30, o secret\u00e1rio-executivo do Minist\u00e9rio da [&hellip;]\" \/>\n<meta property=\"og:url\" content=\"https:\/\/www.notibras.com\/site\/ministerio-da-justica-da-uma-dura-nos-federais-e-indica-que-quem-manda-e-cardozo\/\" \/>\n<meta property=\"og:site_name\" content=\"Notibras\" \/>\n<meta property=\"article:publisher\" content=\"https:\/\/www.facebook.com\/notibras\/\" \/>\n<meta property=\"article:published_time\" content=\"2015-12-30T17:11:06+00:00\" \/>\n<meta property=\"article:modified_time\" content=\"2015-12-30T17:15:10+00:00\" \/>\n<meta property=\"og:image\" content=\"https:\/\/www.notibras.com\/site\/wp-content\/uploads\/2015\/12\/Agencia-Brasil221111EZF_2698-scaled.jpg\" \/>\n\t<meta property=\"og:image:width\" content=\"2560\" \/>\n\t<meta property=\"og:image:height\" content=\"1704\" \/>\n\t<meta property=\"og:image:type\" content=\"image\/jpeg\" \/>\n<meta name=\"author\" content=\"Reda\u00e7\u00e3o\" \/>\n<meta name=\"twitter:card\" content=\"summary_large_image\" \/>\n<meta name=\"twitter:creator\" content=\"@Notibras\" \/>\n<meta name=\"twitter:site\" content=\"@Notibras\" \/>\n<meta name=\"twitter:label1\" content=\"Escrito por\" \/>\n\t<meta name=\"twitter:data1\" content=\"Reda\u00e7\u00e3o\" \/>\n\t<meta name=\"twitter:label2\" content=\"Est. tempo de leitura\" \/>\n\t<meta name=\"twitter:data2\" content=\"3 minutos\" \/>\n<script type=\"application\/ld+json\" class=\"yoast-schema-graph\">{\"@context\":\"https:\/\/schema.org\",\"@graph\":[{\"@type\":\"Article\",\"@id\":\"https:\/\/www.notibras.com\/site\/ministerio-da-justica-da-uma-dura-nos-federais-e-indica-que-quem-manda-e-cardozo\/#article\",\"isPartOf\":{\"@id\":\"https:\/\/www.notibras.com\/site\/ministerio-da-justica-da-uma-dura-nos-federais-e-indica-que-quem-manda-e-cardozo\/\"},\"author\":{\"name\":\"Reda\u00e7\u00e3o\",\"@id\":\"https:\/\/www.notibras.com\/site\/#\/schema\/person\/36ab0979449956132d3e5b517ea76ac8\"},\"headline\":\"Minist\u00e9rio da Justi\u00e7a d\u00e1 uma dura nos federais e indica que quem tem o poder \u00e9 Cardozo\",\"datePublished\":\"2015-12-30T17:11:06+00:00\",\"dateModified\":\"2015-12-30T17:15:10+00:00\",\"mainEntityOfPage\":{\"@id\":\"https:\/\/www.notibras.com\/site\/ministerio-da-justica-da-uma-dura-nos-federais-e-indica-que-quem-manda-e-cardozo\/\"},\"wordCount\":531,\"commentCount\":0,\"publisher\":{\"@id\":\"https:\/\/www.notibras.com\/site\/#organization\"},\"image\":{\"@id\":\"https:\/\/www.notibras.com\/site\/ministerio-da-justica-da-uma-dura-nos-federais-e-indica-que-quem-manda-e-cardozo\/#primaryimage\"},\"thumbnailUrl\":\"https:\/\/www.notibras.com\/site\/wp-content\/uploads\/2015\/12\/Agencia-Brasil221111EZF_2698-scaled.jpg\",\"articleSection\":[\"Brasil\"],\"inLanguage\":\"pt-BR\",\"potentialAction\":[{\"@type\":\"CommentAction\",\"name\":\"Comment\",\"target\":[\"https:\/\/www.notibras.com\/site\/ministerio-da-justica-da-uma-dura-nos-federais-e-indica-que-quem-manda-e-cardozo\/#respond\"]}]},{\"@type\":\"WebPage\",\"@id\":\"https:\/\/www.notibras.com\/site\/ministerio-da-justica-da-uma-dura-nos-federais-e-indica-que-quem-manda-e-cardozo\/\",\"url\":\"https:\/\/www.notibras.com\/site\/ministerio-da-justica-da-uma-dura-nos-federais-e-indica-que-quem-manda-e-cardozo\/\",\"name\":\"Minist\u00e9rio da Justi\u00e7a d\u00e1 uma dura nos federais e indica que quem tem o poder \u00e9 Cardozo - Notibras\",\"isPartOf\":{\"@id\":\"https:\/\/www.notibras.com\/site\/#website\"},\"primaryImageOfPage\":{\"@id\":\"https:\/\/www.notibras.com\/site\/ministerio-da-justica-da-uma-dura-nos-federais-e-indica-que-quem-manda-e-cardozo\/#primaryimage\"},\"image\":{\"@id\":\"https:\/\/www.notibras.com\/site\/ministerio-da-justica-da-uma-dura-nos-federais-e-indica-que-quem-manda-e-cardozo\/#primaryimage\"},\"thumbnailUrl\":\"https:\/\/www.notibras.com\/site\/wp-content\/uploads\/2015\/12\/Agencia-Brasil221111EZF_2698-scaled.jpg\",\"datePublished\":\"2015-12-30T17:11:06+00:00\",\"dateModified\":\"2015-12-30T17:15:10+00:00\",\"breadcrumb\":{\"@id\":\"https:\/\/www.notibras.com\/site\/ministerio-da-justica-da-uma-dura-nos-federais-e-indica-que-quem-manda-e-cardozo\/#breadcrumb\"},\"inLanguage\":\"pt-BR\",\"potentialAction\":[{\"@type\":\"ReadAction\",\"target\":[\"https:\/\/www.notibras.com\/site\/ministerio-da-justica-da-uma-dura-nos-federais-e-indica-que-quem-manda-e-cardozo\/\"]}]},{\"@type\":\"ImageObject\",\"inLanguage\":\"pt-BR\",\"@id\":\"https:\/\/www.notibras.com\/site\/ministerio-da-justica-da-uma-dura-nos-federais-e-indica-que-quem-manda-e-cardozo\/#primaryimage\",\"url\":\"https:\/\/www.notibras.com\/site\/wp-content\/uploads\/2015\/12\/Agencia-Brasil221111EZF_2698-scaled.jpg\",\"contentUrl\":\"https:\/\/www.notibras.com\/site\/wp-content\/uploads\/2015\/12\/Agencia-Brasil221111EZF_2698-scaled.jpg\",\"width\":2560,\"height\":1704},{\"@type\":\"BreadcrumbList\",\"@id\":\"https:\/\/www.notibras.com\/site\/ministerio-da-justica-da-uma-dura-nos-federais-e-indica-que-quem-manda-e-cardozo\/#breadcrumb\",\"itemListElement\":[{\"@type\":\"ListItem\",\"position\":1,\"name\":\"In\u00edcio\",\"item\":\"https:\/\/www.notibras.com\/site\/\"},{\"@type\":\"ListItem\",\"position\":2,\"name\":\"Minist\u00e9rio da Justi\u00e7a d\u00e1 uma dura nos federais e indica que quem tem o poder \u00e9 Cardozo\"}]},{\"@type\":\"WebSite\",\"@id\":\"https:\/\/www.notibras.com\/site\/#website\",\"url\":\"https:\/\/www.notibras.com\/site\/\",\"name\":\"Notibras\",\"description\":\"Not\u00edcias de Bras\u00edlia, do Brasil e do Mundo\",\"publisher\":{\"@id\":\"https:\/\/www.notibras.com\/site\/#organization\"},\"potentialAction\":[{\"@type\":\"SearchAction\",\"target\":{\"@type\":\"EntryPoint\",\"urlTemplate\":\"https:\/\/www.notibras.com\/site\/?s={search_term_string}\"},\"query-input\":{\"@type\":\"PropertyValueSpecification\",\"valueRequired\":true,\"valueName\":\"search_term_string\"}}],\"inLanguage\":\"pt-BR\"},{\"@type\":\"Organization\",\"@id\":\"https:\/\/www.notibras.com\/site\/#organization\",\"name\":\"Grupo Notibras de Comunica\u00e7\u00e3o\",\"url\":\"https:\/\/www.notibras.com\/site\/\",\"logo\":{\"@type\":\"ImageObject\",\"inLanguage\":\"pt-BR\",\"@id\":\"https:\/\/www.notibras.com\/site\/#\/schema\/logo\/image\/\",\"url\":\"https:\/\/www.notibras.com\/site\/wp-content\/uploads\/2023\/01\/notibras23.png\",\"contentUrl\":\"https:\/\/www.notibras.com\/site\/wp-content\/uploads\/2023\/01\/notibras23.png\",\"width\":350,\"height\":87,\"caption\":\"Grupo Notibras de Comunica\u00e7\u00e3o\"},\"image\":{\"@id\":\"https:\/\/www.notibras.com\/site\/#\/schema\/logo\/image\/\"},\"sameAs\":[\"https:\/\/www.facebook.com\/notibras\/\",\"https:\/\/x.com\/Notibras\",\"https:\/\/www.instagram.com\/notibras\/\"]},{\"@type\":\"Person\",\"@id\":\"https:\/\/www.notibras.com\/site\/#\/schema\/person\/36ab0979449956132d3e5b517ea76ac8\",\"name\":\"Reda\u00e7\u00e3o\",\"image\":{\"@type\":\"ImageObject\",\"inLanguage\":\"pt-BR\",\"@id\":\"https:\/\/secure.gravatar.com\/avatar\/e0a867bdedb85fd243eadf09663511f96fc81e0720a4a42581f334ad4303aa6b?s=96&d=mm&r=g\",\"url\":\"https:\/\/secure.gravatar.com\/avatar\/e0a867bdedb85fd243eadf09663511f96fc81e0720a4a42581f334ad4303aa6b?s=96&d=mm&r=g\",\"contentUrl\":\"https:\/\/secure.gravatar.com\/avatar\/e0a867bdedb85fd243eadf09663511f96fc81e0720a4a42581f334ad4303aa6b?s=96&d=mm&r=g\",\"caption\":\"Reda\u00e7\u00e3o\"}}]}<\/script>\n<!-- \/ Yoast SEO plugin. -->","yoast_head_json":{"title":"Minist\u00e9rio da Justi\u00e7a d\u00e1 uma dura nos federais e indica que quem tem o poder \u00e9 Cardozo - Notibras","robots":{"index":"index","follow":"follow","max-snippet":"max-snippet:-1","max-image-preview":"max-image-preview:large","max-video-preview":"max-video-preview:-1"},"canonical":"https:\/\/www.notibras.com\/site\/ministerio-da-justica-da-uma-dura-nos-federais-e-indica-que-quem-manda-e-cardozo\/","og_locale":"pt_BR","og_type":"article","og_title":"Minist\u00e9rio da Justi\u00e7a d\u00e1 uma dura nos federais e indica que quem tem o poder \u00e9 Cardozo - Notibras","og_description":"Fausto Macedo e Julia Affonso O Minist\u00e9rio da Justi\u00e7a refutou com veem\u00eancia den\u00fancias dos delegados de Pol\u00edcia Federal &#8211; por meio de sua entidade de classe -, de que o governo est\u00e1 levando a corpora\u00e7\u00e3o ao sucateamento. Em of\u00edcio encaminhado \u00e0 Associa\u00e7\u00e3o Nacional dos Delegados da PF nesta quarta-feira, 30, o secret\u00e1rio-executivo do Minist\u00e9rio da [&hellip;]","og_url":"https:\/\/www.notibras.com\/site\/ministerio-da-justica-da-uma-dura-nos-federais-e-indica-que-quem-manda-e-cardozo\/","og_site_name":"Notibras","article_publisher":"https:\/\/www.facebook.com\/notibras\/","article_published_time":"2015-12-30T17:11:06+00:00","article_modified_time":"2015-12-30T17:15:10+00:00","og_image":[{"width":2560,"height":1704,"url":"https:\/\/www.notibras.com\/site\/wp-content\/uploads\/2015\/12\/Agencia-Brasil221111EZF_2698-scaled.jpg","type":"image\/jpeg"}],"author":"Reda\u00e7\u00e3o","twitter_card":"summary_large_image","twitter_creator":"@Notibras","twitter_site":"@Notibras","twitter_misc":{"Escrito por":"Reda\u00e7\u00e3o","Est. tempo de leitura":"3 minutos"},"schema":{"@context":"https:\/\/schema.org","@graph":[{"@type":"Article","@id":"https:\/\/www.notibras.com\/site\/ministerio-da-justica-da-uma-dura-nos-federais-e-indica-que-quem-manda-e-cardozo\/#article","isPartOf":{"@id":"https:\/\/www.notibras.com\/site\/ministerio-da-justica-da-uma-dura-nos-federais-e-indica-que-quem-manda-e-cardozo\/"},"author":{"name":"Reda\u00e7\u00e3o","@id":"https:\/\/www.notibras.com\/site\/#\/schema\/person\/36ab0979449956132d3e5b517ea76ac8"},"headline":"Minist\u00e9rio da Justi\u00e7a d\u00e1 uma dura nos federais e indica que quem tem o poder \u00e9 Cardozo","datePublished":"2015-12-30T17:11:06+00:00","dateModified":"2015-12-30T17:15:10+00:00","mainEntityOfPage":{"@id":"https:\/\/www.notibras.com\/site\/ministerio-da-justica-da-uma-dura-nos-federais-e-indica-que-quem-manda-e-cardozo\/"},"wordCount":531,"commentCount":0,"publisher":{"@id":"https:\/\/www.notibras.com\/site\/#organization"},"image":{"@id":"https:\/\/www.notibras.com\/site\/ministerio-da-justica-da-uma-dura-nos-federais-e-indica-que-quem-manda-e-cardozo\/#primaryimage"},"thumbnailUrl":"https:\/\/www.notibras.com\/site\/wp-content\/uploads\/2015\/12\/Agencia-Brasil221111EZF_2698-scaled.jpg","articleSection":["Brasil"],"inLanguage":"pt-BR","potentialAction":[{"@type":"CommentAction","name":"Comment","target":["https:\/\/www.notibras.com\/site\/ministerio-da-justica-da-uma-dura-nos-federais-e-indica-que-quem-manda-e-cardozo\/#respond"]}]},{"@type":"WebPage","@id":"https:\/\/www.notibras.com\/site\/ministerio-da-justica-da-uma-dura-nos-federais-e-indica-que-quem-manda-e-cardozo\/","url":"https:\/\/www.notibras.com\/site\/ministerio-da-justica-da-uma-dura-nos-federais-e-indica-que-quem-manda-e-cardozo\/","name":"Minist\u00e9rio da Justi\u00e7a d\u00e1 uma dura nos federais e indica que quem tem o poder \u00e9 Cardozo - Notibras","isPartOf":{"@id":"https:\/\/www.notibras.com\/site\/#website"},"primaryImageOfPage":{"@id":"https:\/\/www.notibras.com\/site\/ministerio-da-justica-da-uma-dura-nos-federais-e-indica-que-quem-manda-e-cardozo\/#primaryimage"},"image":{"@id":"https:\/\/www.notibras.com\/site\/ministerio-da-justica-da-uma-dura-nos-federais-e-indica-que-quem-manda-e-cardozo\/#primaryimage"},"thumbnailUrl":"https:\/\/www.notibras.com\/site\/wp-content\/uploads\/2015\/12\/Agencia-Brasil221111EZF_2698-scaled.jpg","datePublished":"2015-12-30T17:11:06+00:00","dateModified":"2015-12-30T17:15:10+00:00","breadcrumb":{"@id":"https:\/\/www.notibras.com\/site\/ministerio-da-justica-da-uma-dura-nos-federais-e-indica-que-quem-manda-e-cardozo\/#breadcrumb"},"inLanguage":"pt-BR","potentialAction":[{"@type":"ReadAction","target":["https:\/\/www.notibras.com\/site\/ministerio-da-justica-da-uma-dura-nos-federais-e-indica-que-quem-manda-e-cardozo\/"]}]},{"@type":"ImageObject","inLanguage":"pt-BR","@id":"https:\/\/www.notibras.com\/site\/ministerio-da-justica-da-uma-dura-nos-federais-e-indica-que-quem-manda-e-cardozo\/#primaryimage","url":"https:\/\/www.notibras.com\/site\/wp-content\/uploads\/2015\/12\/Agencia-Brasil221111EZF_2698-scaled.jpg","contentUrl":"https:\/\/www.notibras.com\/site\/wp-content\/uploads\/2015\/12\/Agencia-Brasil221111EZF_2698-scaled.jpg","width":2560,"height":1704},{"@type":"BreadcrumbList","@id":"https:\/\/www.notibras.com\/site\/ministerio-da-justica-da-uma-dura-nos-federais-e-indica-que-quem-manda-e-cardozo\/#breadcrumb","itemListElement":[{"@type":"ListItem","position":1,"name":"In\u00edcio","item":"https:\/\/www.notibras.com\/site\/"},{"@type":"ListItem","position":2,"name":"Minist\u00e9rio da Justi\u00e7a d\u00e1 uma dura nos federais e indica que quem tem o poder \u00e9 Cardozo"}]},{"@type":"WebSite","@id":"https:\/\/www.notibras.com\/site\/#website","url":"https:\/\/www.notibras.com\/site\/","name":"Notibras","description":"Not\u00edcias de Bras\u00edlia, do Brasil e do Mundo","publisher":{"@id":"https:\/\/www.notibras.com\/site\/#organization"},"potentialAction":[{"@type":"SearchAction","target":{"@type":"EntryPoint","urlTemplate":"https:\/\/www.notibras.com\/site\/?s={search_term_string}"},"query-input":{"@type":"PropertyValueSpecification","valueRequired":true,"valueName":"search_term_string"}}],"inLanguage":"pt-BR"},{"@type":"Organization","@id":"https:\/\/www.notibras.com\/site\/#organization","name":"Grupo Notibras de Comunica\u00e7\u00e3o","url":"https:\/\/www.notibras.com\/site\/","logo":{"@type":"ImageObject","inLanguage":"pt-BR","@id":"https:\/\/www.notibras.com\/site\/#\/schema\/logo\/image\/","url":"https:\/\/www.notibras.com\/site\/wp-content\/uploads\/2023\/01\/notibras23.png","contentUrl":"https:\/\/www.notibras.com\/site\/wp-content\/uploads\/2023\/01\/notibras23.png","width":350,"height":87,"caption":"Grupo Notibras de Comunica\u00e7\u00e3o"},"image":{"@id":"https:\/\/www.notibras.com\/site\/#\/schema\/logo\/image\/"},"sameAs":["https:\/\/www.facebook.com\/notibras\/","https:\/\/x.com\/Notibras","https:\/\/www.instagram.com\/notibras\/"]},{"@type":"Person","@id":"https:\/\/www.notibras.com\/site\/#\/schema\/person\/36ab0979449956132d3e5b517ea76ac8","name":"Reda\u00e7\u00e3o","image":{"@type":"ImageObject","inLanguage":"pt-BR","@id":"https:\/\/secure.gravatar.com\/avatar\/e0a867bdedb85fd243eadf09663511f96fc81e0720a4a42581f334ad4303aa6b?s=96&d=mm&r=g","url":"https:\/\/secure.gravatar.com\/avatar\/e0a867bdedb85fd243eadf09663511f96fc81e0720a4a42581f334ad4303aa6b?s=96&d=mm&r=g","contentUrl":"https:\/\/secure.gravatar.com\/avatar\/e0a867bdedb85fd243eadf09663511f96fc81e0720a4a42581f334ad4303aa6b?s=96&d=mm&r=g","caption":"Reda\u00e7\u00e3o"}}]}},"amp_enabled":true,"_links":{"self":[{"href":"https:\/\/www.notibras.com\/site\/wp-json\/wp\/v2\/posts\/82853","targetHints":{"allow":["GET"]}}],"collection":[{"href":"https:\/\/www.notibras.com\/site\/wp-json\/wp\/v2\/posts"}],"about":[{"href":"https:\/\/www.notibras.com\/site\/wp-json\/wp\/v2\/types\/post"}],"author":[{"embeddable":true,"href":"https:\/\/www.notibras.com\/site\/wp-json\/wp\/v2\/users\/2"}],"replies":[{"embeddable":true,"href":"https:\/\/www.notibras.com\/site\/wp-json\/wp\/v2\/comments?post=82853"}],"version-history":[{"count":2,"href":"https:\/\/www.notibras.com\/site\/wp-json\/wp\/v2\/posts\/82853\/revisions"}],"predecessor-version":[{"id":82857,"href":"https:\/\/www.notibras.com\/site\/wp-json\/wp\/v2\/posts\/82853\/revisions\/82857"}],"wp:featuredmedia":[{"embeddable":true,"href":"https:\/\/www.notibras.com\/site\/wp-json\/wp\/v2\/media\/82854"}],"wp:attachment":[{"href":"https:\/\/www.notibras.com\/site\/wp-json\/wp\/v2\/media?parent=82853"}],"wp:term":[{"taxonomy":"category","embeddable":true,"href":"https:\/\/www.notibras.com\/site\/wp-json\/wp\/v2\/categories?post=82853"},{"taxonomy":"post_tag","embeddable":true,"href":"https:\/\/www.notibras.com\/site\/wp-json\/wp\/v2\/tags?post=82853"}],"curies":[{"name":"wp","href":"https:\/\/api.w.org\/{rel}","templated":true}]}}