{"id":82892,"date":"2015-12-30T21:13:00","date_gmt":"2015-12-30T23:13:00","guid":{"rendered":"http:\/\/www.notibras.com\/site\/?p=82892"},"modified":"2015-12-30T21:13:00","modified_gmt":"2015-12-30T23:13:00","slug":"brasil-se-despede-de-2015-para-enfrentar-um-novo-ano-que-pode-levar-ao-abismo","status":"publish","type":"post","link":"https:\/\/www.notibras.com\/site\/brasil-se-despede-de-2015-para-enfrentar-um-novo-ano-que-pode-levar-ao-abismo\/","title":{"rendered":"Brasil se despede de 2015 para enfrentar um novo ano que pode levar ao abismo"},"content":{"rendered":"<h6 class=\"Assina\"><strong>Altamiro Silva Junior<\/strong><\/h6>\n<p>O Brasil deveria come\u00e7ar 2016, ano em que o pa\u00eds ser\u00e1 o primeiro da Am\u00e9rica do Sul a sediar uma Olimp\u00edada, com um humor &#8220;exuberante&#8221;, mas enfrenta um &#8220;desastre econ\u00f4mico e pol\u00edtico&#8221;, afirma a revista inglesa The Economist na principal reportagem em sua p\u00e1gina na internet nesta quarta-feira, 30, ilustrada com uma foto da presidente Dilma Rousseff. A publica\u00e7\u00e3o acredita que o novo ministro da Fazenda, Nelson Barbosa, pode conseguir realizar mais coisas na pol\u00edtica econ\u00f4mica, por ter apoio do PT, mas v\u00ea dificuldades no avan\u00e7o de reformas mais substanciais em meio \u00e0s discuss\u00f5es sobre o impeachment.<\/p>\n<p>&#8220;Apenas escolhas duras podem colocar o Brasil de volta aos trilhos. Mas Dilma Rousseff n\u00e3o parece agora ter est\u00f4mago pela elas&#8221;, afirma a Economist na longa reportagem sobre o pa\u00eds, que recebeu o t\u00edtulo &#8220;A queda do Brasil&#8221;. A expectativa era de que o Brasil estivesse na vanguarda do forte crescimento dos emergentes, mas ao inv\u00e9s disso tem que lidar com turbul\u00eancias pol\u00edticas e econ\u00f4micas e &#8220;talvez com o retorno de uma infla\u00e7\u00e3o galopante&#8221;.<\/p>\n<p>O texto relata uma s\u00e9rie de eventos que ocorreu este m\u00eas no pa\u00eds, incluindo a sa\u00edda do ministro da Fazenda, Joaquim Levy, e a perda do grau de investimento pela ag\u00eancia de classifica\u00e7\u00e3o de risco Fitch, a segunda a retirar a nota, este m\u00eas, ap\u00f3s a Standard &amp; Poor&#8217;s, em setembro. &#8220;Ao mesmo tempo, a coaliz\u00e3o do governo do Brasil tem sido desacreditada por um gigantesco esc\u00e2ndalo de corrup\u00e7\u00e3o em torno Petrobras&#8221;, afirma o texto, destacando que Dilma enfrenta ainda a abertura de um processo de impeachment.<\/p>\n<p>A Economist destaca que a previs\u00e3o \u00e9 que a economia brasileira encolha entre 2,5% e 3% em 2016, seguindo uma recess\u00e3o em 2016. Mesmo a R\u00fassia, afetada pela queda livre dos pre\u00e7os do petr\u00f3leo e san\u00e7\u00f5es dos Estados Unidos e Europa, &#8220;deve ir melhor&#8221; no ano que vem, destaca a reportagem.<\/p>\n<p>Assim como outros grandes pa\u00edses emergentes, o Brasil vem sendo afetado pela queda mundial dos pre\u00e7os das commodities, afirma a publica\u00e7\u00e3o inglesa. Mas Dilma conseguiu tornar as coisas ainda piores, ao tomar medidas de est\u00edmulo \u00e0 economia consideradas pela Economist como extravagantes e imprudentes, que incluem corte de impostos para o setor empresarial.<\/p>\n<p>&#8220;Gestores de crise do Brasil n\u00e3o t\u00eam o luxo de esperar por tempos melhores para come\u00e7ar a reforma&#8221;, afirma a revista, destacando que a d\u00edvida bruta do pa\u00eds, que beira os 70% do Produto Interno Bruto (PIB), \u00e9 alta para um pa\u00eds de renda m\u00e9dia e tem tend\u00eancia de crescer mais se nada for feito.<\/p>\n<p><b>Barbosa &#8211;\u00a0<\/b>Para a The Economist, Barbosa, embora tenha participado do &#8220;desastroso&#8221; primeiro mandato de Dilma, pode ser capaz de realizar mais coisas na economia. &#8220;Ele tem apoio pol\u00edtico dentro do PT. Tamb\u00e9m tem poder de barganha, porque Dilma n\u00e3o pode se permitir perder outro ministro da Fazenda&#8221;, afirma a reportagem. Um dos primeiros testes do novo ministro ser\u00e1 a capacidade de convencer o relutante Congresso a aprovar a CPMF, destaca a publica\u00e7\u00e3o.<\/p>\n<p>Apesar das vantagens Barbosa tem, a Economist afirma que \u00e9 &#8220;dif\u00edcil se sentir otimista com as perspectivas de reforma&#8221; no Brasil neste momento. As discuss\u00f5es sobre o impeachment devem dominar a agenda pol\u00edtica por meses e o PT n\u00e3o tem apetite por &#8220;austeridade&#8221; na pol\u00edtica econ\u00f4mica, conclui a reportagem.<\/p>\n<p><img loading=\"lazy\" decoding=\"async\" class=\"alignnone size-full wp-image-70065\" src=\"http:\/\/www.notibras.com\/site\/wp-content\/uploads\/2015\/10\/estadao.png\" alt=\"estadao\" width=\"99\" height=\"16\" \/><\/p>\n","protected":false},"excerpt":{"rendered":"<p>Altamiro Silva Junior O Brasil deveria come\u00e7ar 2016, ano em que o pa\u00eds ser\u00e1 o primeiro da Am\u00e9rica do Sul a sediar uma Olimp\u00edada, com um humor &#8220;exuberante&#8221;, mas enfrenta um &#8220;desastre econ\u00f4mico e pol\u00edtico&#8221;, afirma a revista inglesa The Economist na principal reportagem em sua p\u00e1gina na internet nesta quarta-feira, 30, ilustrada com uma [&hellip;]<\/p>\n","protected":false},"author":2,"featured_media":82893,"comment_status":"open","ping_status":"closed","sticky":false,"template":"","format":"standard","meta":{"_acf_changed":false,"footnotes":""},"categories":[16],"tags":[],"class_list":["post-82892","post","type-post","status-publish","format-standard","has-post-thumbnail","hentry","category-brasil"],"acf":[],"yoast_head":"<!-- This site is optimized with the Yoast SEO plugin v27.2 - https:\/\/yoast.com\/product\/yoast-seo-wordpress\/ -->\n<title>Brasil se despede de 2015 para enfrentar um novo ano que pode levar ao abismo - Notibras<\/title>\n<meta name=\"robots\" content=\"index, follow, max-snippet:-1, max-image-preview:large, max-video-preview:-1\" \/>\n<link rel=\"canonical\" href=\"https:\/\/www.notibras.com\/site\/brasil-se-despede-de-2015-para-enfrentar-um-novo-ano-que-pode-levar-ao-abismo\/\" \/>\n<meta property=\"og:locale\" content=\"pt_BR\" \/>\n<meta property=\"og:type\" content=\"article\" \/>\n<meta property=\"og:title\" content=\"Brasil se despede de 2015 para enfrentar um novo ano que pode levar ao abismo - Notibras\" \/>\n<meta property=\"og:description\" content=\"Altamiro Silva Junior O Brasil deveria come\u00e7ar 2016, ano em que o pa\u00eds ser\u00e1 o primeiro da Am\u00e9rica do Sul a sediar uma Olimp\u00edada, com um humor &#8220;exuberante&#8221;, mas enfrenta um &#8220;desastre econ\u00f4mico e pol\u00edtico&#8221;, afirma a revista inglesa The Economist na principal reportagem em sua p\u00e1gina na internet nesta quarta-feira, 30, ilustrada com uma [&hellip;]\" \/>\n<meta property=\"og:url\" content=\"https:\/\/www.notibras.com\/site\/brasil-se-despede-de-2015-para-enfrentar-um-novo-ano-que-pode-levar-ao-abismo\/\" \/>\n<meta property=\"og:site_name\" content=\"Notibras\" \/>\n<meta property=\"article:publisher\" content=\"https:\/\/www.facebook.com\/notibras\/\" \/>\n<meta property=\"article:published_time\" content=\"2015-12-30T23:13:00+00:00\" \/>\n<meta property=\"og:image\" content=\"https:\/\/www.notibras.com\/site\/wp-content\/uploads\/2015\/12\/bandeira-chorando.jpg\" \/>\n\t<meta property=\"og:image:width\" content=\"652\" \/>\n\t<meta property=\"og:image:height\" content=\"408\" \/>\n\t<meta property=\"og:image:type\" content=\"image\/jpeg\" \/>\n<meta name=\"author\" content=\"Reda\u00e7\u00e3o\" \/>\n<meta name=\"twitter:card\" content=\"summary_large_image\" \/>\n<meta name=\"twitter:creator\" content=\"@Notibras\" \/>\n<meta name=\"twitter:site\" content=\"@Notibras\" \/>\n<meta name=\"twitter:label1\" content=\"Escrito por\" \/>\n\t<meta name=\"twitter:data1\" content=\"Reda\u00e7\u00e3o\" \/>\n\t<meta name=\"twitter:label2\" content=\"Est. tempo de leitura\" \/>\n\t<meta name=\"twitter:data2\" content=\"3 minutos\" \/>\n<script type=\"application\/ld+json\" class=\"yoast-schema-graph\">{\"@context\":\"https:\/\/schema.org\",\"@graph\":[{\"@type\":\"Article\",\"@id\":\"https:\/\/www.notibras.com\/site\/brasil-se-despede-de-2015-para-enfrentar-um-novo-ano-que-pode-levar-ao-abismo\/#article\",\"isPartOf\":{\"@id\":\"https:\/\/www.notibras.com\/site\/brasil-se-despede-de-2015-para-enfrentar-um-novo-ano-que-pode-levar-ao-abismo\/\"},\"author\":{\"name\":\"Reda\u00e7\u00e3o\",\"@id\":\"https:\/\/www.notibras.com\/site\/#\/schema\/person\/36ab0979449956132d3e5b517ea76ac8\"},\"headline\":\"Brasil se despede de 2015 para enfrentar um novo ano que pode levar ao abismo\",\"datePublished\":\"2015-12-30T23:13:00+00:00\",\"mainEntityOfPage\":{\"@id\":\"https:\/\/www.notibras.com\/site\/brasil-se-despede-de-2015-para-enfrentar-um-novo-ano-que-pode-levar-ao-abismo\/\"},\"wordCount\":605,\"commentCount\":0,\"publisher\":{\"@id\":\"https:\/\/www.notibras.com\/site\/#organization\"},\"image\":{\"@id\":\"https:\/\/www.notibras.com\/site\/brasil-se-despede-de-2015-para-enfrentar-um-novo-ano-que-pode-levar-ao-abismo\/#primaryimage\"},\"thumbnailUrl\":\"https:\/\/www.notibras.com\/site\/wp-content\/uploads\/2015\/12\/bandeira-chorando.jpg\",\"articleSection\":[\"Brasil\"],\"inLanguage\":\"pt-BR\",\"potentialAction\":[{\"@type\":\"CommentAction\",\"name\":\"Comment\",\"target\":[\"https:\/\/www.notibras.com\/site\/brasil-se-despede-de-2015-para-enfrentar-um-novo-ano-que-pode-levar-ao-abismo\/#respond\"]}]},{\"@type\":\"WebPage\",\"@id\":\"https:\/\/www.notibras.com\/site\/brasil-se-despede-de-2015-para-enfrentar-um-novo-ano-que-pode-levar-ao-abismo\/\",\"url\":\"https:\/\/www.notibras.com\/site\/brasil-se-despede-de-2015-para-enfrentar-um-novo-ano-que-pode-levar-ao-abismo\/\",\"name\":\"Brasil se despede de 2015 para enfrentar um novo ano que pode levar ao abismo - Notibras\",\"isPartOf\":{\"@id\":\"https:\/\/www.notibras.com\/site\/#website\"},\"primaryImageOfPage\":{\"@id\":\"https:\/\/www.notibras.com\/site\/brasil-se-despede-de-2015-para-enfrentar-um-novo-ano-que-pode-levar-ao-abismo\/#primaryimage\"},\"image\":{\"@id\":\"https:\/\/www.notibras.com\/site\/brasil-se-despede-de-2015-para-enfrentar-um-novo-ano-que-pode-levar-ao-abismo\/#primaryimage\"},\"thumbnailUrl\":\"https:\/\/www.notibras.com\/site\/wp-content\/uploads\/2015\/12\/bandeira-chorando.jpg\",\"datePublished\":\"2015-12-30T23:13:00+00:00\",\"breadcrumb\":{\"@id\":\"https:\/\/www.notibras.com\/site\/brasil-se-despede-de-2015-para-enfrentar-um-novo-ano-que-pode-levar-ao-abismo\/#breadcrumb\"},\"inLanguage\":\"pt-BR\",\"potentialAction\":[{\"@type\":\"ReadAction\",\"target\":[\"https:\/\/www.notibras.com\/site\/brasil-se-despede-de-2015-para-enfrentar-um-novo-ano-que-pode-levar-ao-abismo\/\"]}]},{\"@type\":\"ImageObject\",\"inLanguage\":\"pt-BR\",\"@id\":\"https:\/\/www.notibras.com\/site\/brasil-se-despede-de-2015-para-enfrentar-um-novo-ano-que-pode-levar-ao-abismo\/#primaryimage\",\"url\":\"https:\/\/www.notibras.com\/site\/wp-content\/uploads\/2015\/12\/bandeira-chorando.jpg\",\"contentUrl\":\"https:\/\/www.notibras.com\/site\/wp-content\/uploads\/2015\/12\/bandeira-chorando.jpg\",\"width\":652,\"height\":408},{\"@type\":\"BreadcrumbList\",\"@id\":\"https:\/\/www.notibras.com\/site\/brasil-se-despede-de-2015-para-enfrentar-um-novo-ano-que-pode-levar-ao-abismo\/#breadcrumb\",\"itemListElement\":[{\"@type\":\"ListItem\",\"position\":1,\"name\":\"In\u00edcio\",\"item\":\"https:\/\/www.notibras.com\/site\/\"},{\"@type\":\"ListItem\",\"position\":2,\"name\":\"Brasil se despede de 2015 para enfrentar um novo ano que pode levar ao abismo\"}]},{\"@type\":\"WebSite\",\"@id\":\"https:\/\/www.notibras.com\/site\/#website\",\"url\":\"https:\/\/www.notibras.com\/site\/\",\"name\":\"Notibras\",\"description\":\"Not\u00edcias de Bras\u00edlia, do Brasil e do Mundo\",\"publisher\":{\"@id\":\"https:\/\/www.notibras.com\/site\/#organization\"},\"potentialAction\":[{\"@type\":\"SearchAction\",\"target\":{\"@type\":\"EntryPoint\",\"urlTemplate\":\"https:\/\/www.notibras.com\/site\/?s={search_term_string}\"},\"query-input\":{\"@type\":\"PropertyValueSpecification\",\"valueRequired\":true,\"valueName\":\"search_term_string\"}}],\"inLanguage\":\"pt-BR\"},{\"@type\":\"Organization\",\"@id\":\"https:\/\/www.notibras.com\/site\/#organization\",\"name\":\"Grupo Notibras de Comunica\u00e7\u00e3o\",\"url\":\"https:\/\/www.notibras.com\/site\/\",\"logo\":{\"@type\":\"ImageObject\",\"inLanguage\":\"pt-BR\",\"@id\":\"https:\/\/www.notibras.com\/site\/#\/schema\/logo\/image\/\",\"url\":\"https:\/\/www.notibras.com\/site\/wp-content\/uploads\/2023\/01\/notibras23.png\",\"contentUrl\":\"https:\/\/www.notibras.com\/site\/wp-content\/uploads\/2023\/01\/notibras23.png\",\"width\":350,\"height\":87,\"caption\":\"Grupo Notibras de Comunica\u00e7\u00e3o\"},\"image\":{\"@id\":\"https:\/\/www.notibras.com\/site\/#\/schema\/logo\/image\/\"},\"sameAs\":[\"https:\/\/www.facebook.com\/notibras\/\",\"https:\/\/x.com\/Notibras\",\"https:\/\/www.instagram.com\/notibras\/\"]},{\"@type\":\"Person\",\"@id\":\"https:\/\/www.notibras.com\/site\/#\/schema\/person\/36ab0979449956132d3e5b517ea76ac8\",\"name\":\"Reda\u00e7\u00e3o\",\"image\":{\"@type\":\"ImageObject\",\"inLanguage\":\"pt-BR\",\"@id\":\"https:\/\/secure.gravatar.com\/avatar\/e0a867bdedb85fd243eadf09663511f96fc81e0720a4a42581f334ad4303aa6b?s=96&d=mm&r=g\",\"url\":\"https:\/\/secure.gravatar.com\/avatar\/e0a867bdedb85fd243eadf09663511f96fc81e0720a4a42581f334ad4303aa6b?s=96&d=mm&r=g\",\"contentUrl\":\"https:\/\/secure.gravatar.com\/avatar\/e0a867bdedb85fd243eadf09663511f96fc81e0720a4a42581f334ad4303aa6b?s=96&d=mm&r=g\",\"caption\":\"Reda\u00e7\u00e3o\"}}]}<\/script>\n<!-- \/ Yoast SEO plugin. -->","yoast_head_json":{"title":"Brasil se despede de 2015 para enfrentar um novo ano que pode levar ao abismo - Notibras","robots":{"index":"index","follow":"follow","max-snippet":"max-snippet:-1","max-image-preview":"max-image-preview:large","max-video-preview":"max-video-preview:-1"},"canonical":"https:\/\/www.notibras.com\/site\/brasil-se-despede-de-2015-para-enfrentar-um-novo-ano-que-pode-levar-ao-abismo\/","og_locale":"pt_BR","og_type":"article","og_title":"Brasil se despede de 2015 para enfrentar um novo ano que pode levar ao abismo - Notibras","og_description":"Altamiro Silva Junior O Brasil deveria come\u00e7ar 2016, ano em que o pa\u00eds ser\u00e1 o primeiro da Am\u00e9rica do Sul a sediar uma Olimp\u00edada, com um humor &#8220;exuberante&#8221;, mas enfrenta um &#8220;desastre econ\u00f4mico e pol\u00edtico&#8221;, afirma a revista inglesa The Economist na principal reportagem em sua p\u00e1gina na internet nesta quarta-feira, 30, ilustrada com uma [&hellip;]","og_url":"https:\/\/www.notibras.com\/site\/brasil-se-despede-de-2015-para-enfrentar-um-novo-ano-que-pode-levar-ao-abismo\/","og_site_name":"Notibras","article_publisher":"https:\/\/www.facebook.com\/notibras\/","article_published_time":"2015-12-30T23:13:00+00:00","og_image":[{"width":652,"height":408,"url":"https:\/\/www.notibras.com\/site\/wp-content\/uploads\/2015\/12\/bandeira-chorando.jpg","type":"image\/jpeg"}],"author":"Reda\u00e7\u00e3o","twitter_card":"summary_large_image","twitter_creator":"@Notibras","twitter_site":"@Notibras","twitter_misc":{"Escrito por":"Reda\u00e7\u00e3o","Est. tempo de leitura":"3 minutos"},"schema":{"@context":"https:\/\/schema.org","@graph":[{"@type":"Article","@id":"https:\/\/www.notibras.com\/site\/brasil-se-despede-de-2015-para-enfrentar-um-novo-ano-que-pode-levar-ao-abismo\/#article","isPartOf":{"@id":"https:\/\/www.notibras.com\/site\/brasil-se-despede-de-2015-para-enfrentar-um-novo-ano-que-pode-levar-ao-abismo\/"},"author":{"name":"Reda\u00e7\u00e3o","@id":"https:\/\/www.notibras.com\/site\/#\/schema\/person\/36ab0979449956132d3e5b517ea76ac8"},"headline":"Brasil se despede de 2015 para enfrentar um novo ano que pode levar ao abismo","datePublished":"2015-12-30T23:13:00+00:00","mainEntityOfPage":{"@id":"https:\/\/www.notibras.com\/site\/brasil-se-despede-de-2015-para-enfrentar-um-novo-ano-que-pode-levar-ao-abismo\/"},"wordCount":605,"commentCount":0,"publisher":{"@id":"https:\/\/www.notibras.com\/site\/#organization"},"image":{"@id":"https:\/\/www.notibras.com\/site\/brasil-se-despede-de-2015-para-enfrentar-um-novo-ano-que-pode-levar-ao-abismo\/#primaryimage"},"thumbnailUrl":"https:\/\/www.notibras.com\/site\/wp-content\/uploads\/2015\/12\/bandeira-chorando.jpg","articleSection":["Brasil"],"inLanguage":"pt-BR","potentialAction":[{"@type":"CommentAction","name":"Comment","target":["https:\/\/www.notibras.com\/site\/brasil-se-despede-de-2015-para-enfrentar-um-novo-ano-que-pode-levar-ao-abismo\/#respond"]}]},{"@type":"WebPage","@id":"https:\/\/www.notibras.com\/site\/brasil-se-despede-de-2015-para-enfrentar-um-novo-ano-que-pode-levar-ao-abismo\/","url":"https:\/\/www.notibras.com\/site\/brasil-se-despede-de-2015-para-enfrentar-um-novo-ano-que-pode-levar-ao-abismo\/","name":"Brasil se despede de 2015 para enfrentar um novo ano que pode levar ao abismo - Notibras","isPartOf":{"@id":"https:\/\/www.notibras.com\/site\/#website"},"primaryImageOfPage":{"@id":"https:\/\/www.notibras.com\/site\/brasil-se-despede-de-2015-para-enfrentar-um-novo-ano-que-pode-levar-ao-abismo\/#primaryimage"},"image":{"@id":"https:\/\/www.notibras.com\/site\/brasil-se-despede-de-2015-para-enfrentar-um-novo-ano-que-pode-levar-ao-abismo\/#primaryimage"},"thumbnailUrl":"https:\/\/www.notibras.com\/site\/wp-content\/uploads\/2015\/12\/bandeira-chorando.jpg","datePublished":"2015-12-30T23:13:00+00:00","breadcrumb":{"@id":"https:\/\/www.notibras.com\/site\/brasil-se-despede-de-2015-para-enfrentar-um-novo-ano-que-pode-levar-ao-abismo\/#breadcrumb"},"inLanguage":"pt-BR","potentialAction":[{"@type":"ReadAction","target":["https:\/\/www.notibras.com\/site\/brasil-se-despede-de-2015-para-enfrentar-um-novo-ano-que-pode-levar-ao-abismo\/"]}]},{"@type":"ImageObject","inLanguage":"pt-BR","@id":"https:\/\/www.notibras.com\/site\/brasil-se-despede-de-2015-para-enfrentar-um-novo-ano-que-pode-levar-ao-abismo\/#primaryimage","url":"https:\/\/www.notibras.com\/site\/wp-content\/uploads\/2015\/12\/bandeira-chorando.jpg","contentUrl":"https:\/\/www.notibras.com\/site\/wp-content\/uploads\/2015\/12\/bandeira-chorando.jpg","width":652,"height":408},{"@type":"BreadcrumbList","@id":"https:\/\/www.notibras.com\/site\/brasil-se-despede-de-2015-para-enfrentar-um-novo-ano-que-pode-levar-ao-abismo\/#breadcrumb","itemListElement":[{"@type":"ListItem","position":1,"name":"In\u00edcio","item":"https:\/\/www.notibras.com\/site\/"},{"@type":"ListItem","position":2,"name":"Brasil se despede de 2015 para enfrentar um novo ano que pode levar ao abismo"}]},{"@type":"WebSite","@id":"https:\/\/www.notibras.com\/site\/#website","url":"https:\/\/www.notibras.com\/site\/","name":"Notibras","description":"Not\u00edcias de Bras\u00edlia, do Brasil e do Mundo","publisher":{"@id":"https:\/\/www.notibras.com\/site\/#organization"},"potentialAction":[{"@type":"SearchAction","target":{"@type":"EntryPoint","urlTemplate":"https:\/\/www.notibras.com\/site\/?s={search_term_string}"},"query-input":{"@type":"PropertyValueSpecification","valueRequired":true,"valueName":"search_term_string"}}],"inLanguage":"pt-BR"},{"@type":"Organization","@id":"https:\/\/www.notibras.com\/site\/#organization","name":"Grupo Notibras de Comunica\u00e7\u00e3o","url":"https:\/\/www.notibras.com\/site\/","logo":{"@type":"ImageObject","inLanguage":"pt-BR","@id":"https:\/\/www.notibras.com\/site\/#\/schema\/logo\/image\/","url":"https:\/\/www.notibras.com\/site\/wp-content\/uploads\/2023\/01\/notibras23.png","contentUrl":"https:\/\/www.notibras.com\/site\/wp-content\/uploads\/2023\/01\/notibras23.png","width":350,"height":87,"caption":"Grupo Notibras de Comunica\u00e7\u00e3o"},"image":{"@id":"https:\/\/www.notibras.com\/site\/#\/schema\/logo\/image\/"},"sameAs":["https:\/\/www.facebook.com\/notibras\/","https:\/\/x.com\/Notibras","https:\/\/www.instagram.com\/notibras\/"]},{"@type":"Person","@id":"https:\/\/www.notibras.com\/site\/#\/schema\/person\/36ab0979449956132d3e5b517ea76ac8","name":"Reda\u00e7\u00e3o","image":{"@type":"ImageObject","inLanguage":"pt-BR","@id":"https:\/\/secure.gravatar.com\/avatar\/e0a867bdedb85fd243eadf09663511f96fc81e0720a4a42581f334ad4303aa6b?s=96&d=mm&r=g","url":"https:\/\/secure.gravatar.com\/avatar\/e0a867bdedb85fd243eadf09663511f96fc81e0720a4a42581f334ad4303aa6b?s=96&d=mm&r=g","contentUrl":"https:\/\/secure.gravatar.com\/avatar\/e0a867bdedb85fd243eadf09663511f96fc81e0720a4a42581f334ad4303aa6b?s=96&d=mm&r=g","caption":"Reda\u00e7\u00e3o"}}]}},"amp_enabled":true,"_links":{"self":[{"href":"https:\/\/www.notibras.com\/site\/wp-json\/wp\/v2\/posts\/82892","targetHints":{"allow":["GET"]}}],"collection":[{"href":"https:\/\/www.notibras.com\/site\/wp-json\/wp\/v2\/posts"}],"about":[{"href":"https:\/\/www.notibras.com\/site\/wp-json\/wp\/v2\/types\/post"}],"author":[{"embeddable":true,"href":"https:\/\/www.notibras.com\/site\/wp-json\/wp\/v2\/users\/2"}],"replies":[{"embeddable":true,"href":"https:\/\/www.notibras.com\/site\/wp-json\/wp\/v2\/comments?post=82892"}],"version-history":[{"count":1,"href":"https:\/\/www.notibras.com\/site\/wp-json\/wp\/v2\/posts\/82892\/revisions"}],"predecessor-version":[{"id":82894,"href":"https:\/\/www.notibras.com\/site\/wp-json\/wp\/v2\/posts\/82892\/revisions\/82894"}],"wp:featuredmedia":[{"embeddable":true,"href":"https:\/\/www.notibras.com\/site\/wp-json\/wp\/v2\/media\/82893"}],"wp:attachment":[{"href":"https:\/\/www.notibras.com\/site\/wp-json\/wp\/v2\/media?parent=82892"}],"wp:term":[{"taxonomy":"category","embeddable":true,"href":"https:\/\/www.notibras.com\/site\/wp-json\/wp\/v2\/categories?post=82892"},{"taxonomy":"post_tag","embeddable":true,"href":"https:\/\/www.notibras.com\/site\/wp-json\/wp\/v2\/tags?post=82892"}],"curies":[{"name":"wp","href":"https:\/\/api.w.org\/{rel}","templated":true}]}}