{"id":82898,"date":"2015-12-30T16:18:37","date_gmt":"2015-12-30T18:18:37","guid":{"rendered":"http:\/\/www.notibras.com\/site\/?p=82898"},"modified":"2015-12-30T21:22:54","modified_gmt":"2015-12-30T23:22:54","slug":"movimento-passe-livre-convoca-ato-contra-tarifa-de-380-nos-transportes-de-sao-paulo","status":"publish","type":"post","link":"https:\/\/www.notibras.com\/site\/movimento-passe-livre-convoca-ato-contra-tarifa-de-380-nos-transportes-de-sao-paulo\/","title":{"rendered":"Movimento Passe Livre convoca ato contra tarifa de 3,80 nos transportes de S\u00e3o Paulo"},"content":{"rendered":"<h6 class=\"Assina\"><strong>Juliana Di\u00f3genes<\/strong><\/h6>\n<p>O Movimento Passe Livre (MPL) de S\u00e3o Paulo marcou um protesto em 8 de janeiro, na v\u00e9spera do aumento da tarifa de \u00f4nibus, metr\u00f4 e trem para R$ 3,80, anunciada nesta quarta-feira, 30. A informa\u00e7\u00e3o foi confirmada pela militante do grupo, Lu\u00edze Tavares. O local, hor\u00e1rio e trajeto ainda ser\u00e3o definidos. O Movimento diz que o ato do dia 8 \u00e9 apenas o primeiro.<\/p>\n<p>&#8220;O MPL encara o aumento de forma bem combatente. Nem n\u00f3s nem as pessoas v\u00e3o ficar \u00e0 merc\u00ea. Porque as pessoas sentem no bolso e est\u00e3o bem incomodadas. Vamos bater de frente com o aumento&#8221;, disse Lu\u00edze.<\/p>\n<p>Os bilhetes unit\u00e1rios, atualmente em R$ 3,50, v\u00e3o passar para R$ 3,80 a partir do dia 9 de janeiro. O reajuste ser\u00e1 de 8,6% e vai ficar abaixo da infla\u00e7\u00e3o, j\u00e1 que a previs\u00e3o do \u00cdndice de Pre\u00e7o ao Consumidor Amplo (IPCA) \u00e9 de 10,72%. Com o aumento, as tarifas de integra\u00e7\u00e3o devem subir de R$ 5,45 para R$ 5,92.<\/p>\n<p>De acordo com a militante, o MPL vai \u00e0s ruas contra o aumento da tarifa e em defesa da principal bandeira do grupo, a tarifa zero &#8220;Transporte tem que ser tratado como direito social. Como a gente pode falar que uma educa\u00e7\u00e3o e uma sa\u00fade s\u00e3o p\u00fablicas se a gente paga R$3,50, e agora R$ 3,80, para chegar a esses lugares?&#8221;, questionou.<\/p>\n<p>Estudantes secundaristas que ocuparam escolas contra a reorganiza\u00e7\u00e3o proposta por Alckmin manifestaram apoio ao MPL e v\u00e3o participar do protesto. \u00c9 o caso da Escola Estadual Fern\u00e3o Dias, em Pinheiros, que j\u00e1 se mobiliza para ir \u00e0s ruas.<\/p>\n<p>&#8220;O pre\u00e7o da tarifa do transporte p\u00fablico est\u00e1 sempre na agenda dos estudantes. N\u00e3o podemos ter uma educa\u00e7\u00e3o de qualidade sem ter a liberdade de ir e vir. Para ir ao cinema, teatro, museu ficamos emperrados por uma catraca. Ent\u00e3o, essa luta \u00e9 nossa, sim&#8221;, disse o estudante do 3\u00ba ano, Heudes C\u00e1ssio Oliveira, de 18 anos.<\/p>\n<p>Nas redes sociais, o coletivo &#8220;Mal Educado&#8221;, criado pelos secundaristas durante as ocupa\u00e7\u00f5es, informou que o aumento \u00e9 &#8220;mais um golpe contra estudantes e trabalhadores&#8221; e que &#8220;2016 \u00e9 ano de luta&#8221;. J\u00e1 o Movimento Luta do Transporte no Extremo Sul publicou nota afirmando que &#8220;3,80 o trabalhador n\u00e3o aguenta&#8221;.<\/p>\n<p>O presidente do Sindicato dos Metrovi\u00e1rios, Altino de Melo Prazeres J\u00fanior, disse que o aumento dificulta o acesso da popula\u00e7\u00e3o, j\u00e1 &#8220;prejudicada com a crise econ\u00f4mica&#8221;. &#8220;O que os governos fizeram foi uma maldade nesse fim de ano com a popula\u00e7\u00e3o, anunciando o aumento da passagem, quando poderiam estar discutindo a redu\u00e7\u00e3o para ajudar as pessoas&#8221;, afirmou.<\/p>\n<p>Segundo J\u00fanior, o Sindicato vai se mobilizar com o MPL contra o aumento. &#8220;Vamos discutir com os advogados todas as medidas poss\u00edveis e cab\u00edveis para entrar na Justi\u00e7a contra o reajuste. A nossa inten\u00e7\u00e3o \u00e9 que o governo volte atr\u00e1s&#8221;, disse.<\/p>\n<p>Representantes do Sindicato dos Motoristas e Trabalhadores em Transporte Rodovi\u00e1rio Urbano n\u00e3o foram localizados pela reportagem.<\/p>\n<p><img loading=\"lazy\" decoding=\"async\" class=\"alignnone size-full wp-image-70065\" src=\"http:\/\/www.notibras.com\/site\/wp-content\/uploads\/2015\/10\/estadao.png\" alt=\"estadao\" width=\"99\" height=\"16\" \/><\/p>\n","protected":false},"excerpt":{"rendered":"<p>Juliana Di\u00f3genes O Movimento Passe Livre (MPL) de S\u00e3o Paulo marcou um protesto em 8 de janeiro, na v\u00e9spera do aumento da tarifa de \u00f4nibus, metr\u00f4 e trem para R$ 3,80, anunciada nesta quarta-feira, 30. A informa\u00e7\u00e3o foi confirmada pela militante do grupo, Lu\u00edze Tavares. O local, hor\u00e1rio e trajeto ainda ser\u00e3o definidos. O Movimento [&hellip;]<\/p>\n","protected":false},"author":2,"featured_media":82899,"comment_status":"open","ping_status":"closed","sticky":false,"template":"","format":"standard","meta":{"_acf_changed":false,"footnotes":""},"categories":[16],"tags":[],"class_list":["post-82898","post","type-post","status-publish","format-standard","has-post-thumbnail","hentry","category-brasil"],"acf":[],"yoast_head":"<!-- This site is optimized with the Yoast SEO plugin v27.2 - https:\/\/yoast.com\/product\/yoast-seo-wordpress\/ -->\n<title>Movimento Passe Livre convoca ato contra tarifa de 3,80 nos transportes de S\u00e3o Paulo - Notibras<\/title>\n<meta name=\"robots\" content=\"index, follow, max-snippet:-1, max-image-preview:large, max-video-preview:-1\" \/>\n<link rel=\"canonical\" href=\"https:\/\/www.notibras.com\/site\/movimento-passe-livre-convoca-ato-contra-tarifa-de-380-nos-transportes-de-sao-paulo\/\" \/>\n<meta property=\"og:locale\" content=\"pt_BR\" \/>\n<meta property=\"og:type\" content=\"article\" \/>\n<meta property=\"og:title\" content=\"Movimento Passe Livre convoca ato contra tarifa de 3,80 nos transportes de S\u00e3o Paulo - Notibras\" \/>\n<meta property=\"og:description\" content=\"Juliana Di\u00f3genes O Movimento Passe Livre (MPL) de S\u00e3o Paulo marcou um protesto em 8 de janeiro, na v\u00e9spera do aumento da tarifa de \u00f4nibus, metr\u00f4 e trem para R$ 3,80, anunciada nesta quarta-feira, 30. A informa\u00e7\u00e3o foi confirmada pela militante do grupo, Lu\u00edze Tavares. O local, hor\u00e1rio e trajeto ainda ser\u00e3o definidos. O Movimento [&hellip;]\" \/>\n<meta property=\"og:url\" content=\"https:\/\/www.notibras.com\/site\/movimento-passe-livre-convoca-ato-contra-tarifa-de-380-nos-transportes-de-sao-paulo\/\" \/>\n<meta property=\"og:site_name\" content=\"Notibras\" \/>\n<meta property=\"article:publisher\" content=\"https:\/\/www.facebook.com\/notibras\/\" \/>\n<meta property=\"article:published_time\" content=\"2015-12-30T18:18:37+00:00\" \/>\n<meta property=\"article:modified_time\" content=\"2015-12-30T23:22:54+00:00\" \/>\n<meta property=\"og:image\" content=\"https:\/\/www.notibras.com\/site\/wp-content\/uploads\/2015\/12\/mpl.jpg\" \/>\n\t<meta property=\"og:image:width\" content=\"777\" \/>\n\t<meta property=\"og:image:height\" content=\"480\" \/>\n\t<meta property=\"og:image:type\" content=\"image\/jpeg\" \/>\n<meta name=\"author\" content=\"Reda\u00e7\u00e3o\" \/>\n<meta name=\"twitter:card\" content=\"summary_large_image\" \/>\n<meta name=\"twitter:creator\" content=\"@Notibras\" \/>\n<meta name=\"twitter:site\" content=\"@Notibras\" \/>\n<meta name=\"twitter:label1\" content=\"Escrito por\" \/>\n\t<meta name=\"twitter:data1\" content=\"Reda\u00e7\u00e3o\" \/>\n\t<meta name=\"twitter:label2\" content=\"Est. tempo de leitura\" \/>\n\t<meta name=\"twitter:data2\" content=\"3 minutos\" \/>\n<script type=\"application\/ld+json\" class=\"yoast-schema-graph\">{\"@context\":\"https:\/\/schema.org\",\"@graph\":[{\"@type\":\"Article\",\"@id\":\"https:\/\/www.notibras.com\/site\/movimento-passe-livre-convoca-ato-contra-tarifa-de-380-nos-transportes-de-sao-paulo\/#article\",\"isPartOf\":{\"@id\":\"https:\/\/www.notibras.com\/site\/movimento-passe-livre-convoca-ato-contra-tarifa-de-380-nos-transportes-de-sao-paulo\/\"},\"author\":{\"name\":\"Reda\u00e7\u00e3o\",\"@id\":\"https:\/\/www.notibras.com\/site\/#\/schema\/person\/36ab0979449956132d3e5b517ea76ac8\"},\"headline\":\"Movimento Passe Livre convoca ato contra tarifa de 3,80 nos transportes de S\u00e3o Paulo\",\"datePublished\":\"2015-12-30T18:18:37+00:00\",\"dateModified\":\"2015-12-30T23:22:54+00:00\",\"mainEntityOfPage\":{\"@id\":\"https:\/\/www.notibras.com\/site\/movimento-passe-livre-convoca-ato-contra-tarifa-de-380-nos-transportes-de-sao-paulo\/\"},\"wordCount\":520,\"commentCount\":0,\"publisher\":{\"@id\":\"https:\/\/www.notibras.com\/site\/#organization\"},\"image\":{\"@id\":\"https:\/\/www.notibras.com\/site\/movimento-passe-livre-convoca-ato-contra-tarifa-de-380-nos-transportes-de-sao-paulo\/#primaryimage\"},\"thumbnailUrl\":\"https:\/\/www.notibras.com\/site\/wp-content\/uploads\/2015\/12\/mpl.jpg\",\"articleSection\":[\"Brasil\"],\"inLanguage\":\"pt-BR\",\"potentialAction\":[{\"@type\":\"CommentAction\",\"name\":\"Comment\",\"target\":[\"https:\/\/www.notibras.com\/site\/movimento-passe-livre-convoca-ato-contra-tarifa-de-380-nos-transportes-de-sao-paulo\/#respond\"]}]},{\"@type\":\"WebPage\",\"@id\":\"https:\/\/www.notibras.com\/site\/movimento-passe-livre-convoca-ato-contra-tarifa-de-380-nos-transportes-de-sao-paulo\/\",\"url\":\"https:\/\/www.notibras.com\/site\/movimento-passe-livre-convoca-ato-contra-tarifa-de-380-nos-transportes-de-sao-paulo\/\",\"name\":\"Movimento Passe Livre convoca ato contra tarifa de 3,80 nos transportes de S\u00e3o Paulo - Notibras\",\"isPartOf\":{\"@id\":\"https:\/\/www.notibras.com\/site\/#website\"},\"primaryImageOfPage\":{\"@id\":\"https:\/\/www.notibras.com\/site\/movimento-passe-livre-convoca-ato-contra-tarifa-de-380-nos-transportes-de-sao-paulo\/#primaryimage\"},\"image\":{\"@id\":\"https:\/\/www.notibras.com\/site\/movimento-passe-livre-convoca-ato-contra-tarifa-de-380-nos-transportes-de-sao-paulo\/#primaryimage\"},\"thumbnailUrl\":\"https:\/\/www.notibras.com\/site\/wp-content\/uploads\/2015\/12\/mpl.jpg\",\"datePublished\":\"2015-12-30T18:18:37+00:00\",\"dateModified\":\"2015-12-30T23:22:54+00:00\",\"breadcrumb\":{\"@id\":\"https:\/\/www.notibras.com\/site\/movimento-passe-livre-convoca-ato-contra-tarifa-de-380-nos-transportes-de-sao-paulo\/#breadcrumb\"},\"inLanguage\":\"pt-BR\",\"potentialAction\":[{\"@type\":\"ReadAction\",\"target\":[\"https:\/\/www.notibras.com\/site\/movimento-passe-livre-convoca-ato-contra-tarifa-de-380-nos-transportes-de-sao-paulo\/\"]}]},{\"@type\":\"ImageObject\",\"inLanguage\":\"pt-BR\",\"@id\":\"https:\/\/www.notibras.com\/site\/movimento-passe-livre-convoca-ato-contra-tarifa-de-380-nos-transportes-de-sao-paulo\/#primaryimage\",\"url\":\"https:\/\/www.notibras.com\/site\/wp-content\/uploads\/2015\/12\/mpl.jpg\",\"contentUrl\":\"https:\/\/www.notibras.com\/site\/wp-content\/uploads\/2015\/12\/mpl.jpg\",\"width\":777,\"height\":480},{\"@type\":\"BreadcrumbList\",\"@id\":\"https:\/\/www.notibras.com\/site\/movimento-passe-livre-convoca-ato-contra-tarifa-de-380-nos-transportes-de-sao-paulo\/#breadcrumb\",\"itemListElement\":[{\"@type\":\"ListItem\",\"position\":1,\"name\":\"In\u00edcio\",\"item\":\"https:\/\/www.notibras.com\/site\/\"},{\"@type\":\"ListItem\",\"position\":2,\"name\":\"Movimento Passe Livre convoca ato contra tarifa de 3,80 nos transportes de S\u00e3o Paulo\"}]},{\"@type\":\"WebSite\",\"@id\":\"https:\/\/www.notibras.com\/site\/#website\",\"url\":\"https:\/\/www.notibras.com\/site\/\",\"name\":\"Notibras\",\"description\":\"Not\u00edcias de Bras\u00edlia, do Brasil e do Mundo\",\"publisher\":{\"@id\":\"https:\/\/www.notibras.com\/site\/#organization\"},\"potentialAction\":[{\"@type\":\"SearchAction\",\"target\":{\"@type\":\"EntryPoint\",\"urlTemplate\":\"https:\/\/www.notibras.com\/site\/?s={search_term_string}\"},\"query-input\":{\"@type\":\"PropertyValueSpecification\",\"valueRequired\":true,\"valueName\":\"search_term_string\"}}],\"inLanguage\":\"pt-BR\"},{\"@type\":\"Organization\",\"@id\":\"https:\/\/www.notibras.com\/site\/#organization\",\"name\":\"Grupo Notibras de Comunica\u00e7\u00e3o\",\"url\":\"https:\/\/www.notibras.com\/site\/\",\"logo\":{\"@type\":\"ImageObject\",\"inLanguage\":\"pt-BR\",\"@id\":\"https:\/\/www.notibras.com\/site\/#\/schema\/logo\/image\/\",\"url\":\"https:\/\/www.notibras.com\/site\/wp-content\/uploads\/2023\/01\/notibras23.png\",\"contentUrl\":\"https:\/\/www.notibras.com\/site\/wp-content\/uploads\/2023\/01\/notibras23.png\",\"width\":350,\"height\":87,\"caption\":\"Grupo Notibras de Comunica\u00e7\u00e3o\"},\"image\":{\"@id\":\"https:\/\/www.notibras.com\/site\/#\/schema\/logo\/image\/\"},\"sameAs\":[\"https:\/\/www.facebook.com\/notibras\/\",\"https:\/\/x.com\/Notibras\",\"https:\/\/www.instagram.com\/notibras\/\"]},{\"@type\":\"Person\",\"@id\":\"https:\/\/www.notibras.com\/site\/#\/schema\/person\/36ab0979449956132d3e5b517ea76ac8\",\"name\":\"Reda\u00e7\u00e3o\",\"image\":{\"@type\":\"ImageObject\",\"inLanguage\":\"pt-BR\",\"@id\":\"https:\/\/secure.gravatar.com\/avatar\/e0a867bdedb85fd243eadf09663511f96fc81e0720a4a42581f334ad4303aa6b?s=96&d=mm&r=g\",\"url\":\"https:\/\/secure.gravatar.com\/avatar\/e0a867bdedb85fd243eadf09663511f96fc81e0720a4a42581f334ad4303aa6b?s=96&d=mm&r=g\",\"contentUrl\":\"https:\/\/secure.gravatar.com\/avatar\/e0a867bdedb85fd243eadf09663511f96fc81e0720a4a42581f334ad4303aa6b?s=96&d=mm&r=g\",\"caption\":\"Reda\u00e7\u00e3o\"}}]}<\/script>\n<!-- \/ Yoast SEO plugin. -->","yoast_head_json":{"title":"Movimento Passe Livre convoca ato contra tarifa de 3,80 nos transportes de S\u00e3o Paulo - Notibras","robots":{"index":"index","follow":"follow","max-snippet":"max-snippet:-1","max-image-preview":"max-image-preview:large","max-video-preview":"max-video-preview:-1"},"canonical":"https:\/\/www.notibras.com\/site\/movimento-passe-livre-convoca-ato-contra-tarifa-de-380-nos-transportes-de-sao-paulo\/","og_locale":"pt_BR","og_type":"article","og_title":"Movimento Passe Livre convoca ato contra tarifa de 3,80 nos transportes de S\u00e3o Paulo - Notibras","og_description":"Juliana Di\u00f3genes O Movimento Passe Livre (MPL) de S\u00e3o Paulo marcou um protesto em 8 de janeiro, na v\u00e9spera do aumento da tarifa de \u00f4nibus, metr\u00f4 e trem para R$ 3,80, anunciada nesta quarta-feira, 30. A informa\u00e7\u00e3o foi confirmada pela militante do grupo, Lu\u00edze Tavares. O local, hor\u00e1rio e trajeto ainda ser\u00e3o definidos. O Movimento [&hellip;]","og_url":"https:\/\/www.notibras.com\/site\/movimento-passe-livre-convoca-ato-contra-tarifa-de-380-nos-transportes-de-sao-paulo\/","og_site_name":"Notibras","article_publisher":"https:\/\/www.facebook.com\/notibras\/","article_published_time":"2015-12-30T18:18:37+00:00","article_modified_time":"2015-12-30T23:22:54+00:00","og_image":[{"width":777,"height":480,"url":"https:\/\/www.notibras.com\/site\/wp-content\/uploads\/2015\/12\/mpl.jpg","type":"image\/jpeg"}],"author":"Reda\u00e7\u00e3o","twitter_card":"summary_large_image","twitter_creator":"@Notibras","twitter_site":"@Notibras","twitter_misc":{"Escrito por":"Reda\u00e7\u00e3o","Est. tempo de leitura":"3 minutos"},"schema":{"@context":"https:\/\/schema.org","@graph":[{"@type":"Article","@id":"https:\/\/www.notibras.com\/site\/movimento-passe-livre-convoca-ato-contra-tarifa-de-380-nos-transportes-de-sao-paulo\/#article","isPartOf":{"@id":"https:\/\/www.notibras.com\/site\/movimento-passe-livre-convoca-ato-contra-tarifa-de-380-nos-transportes-de-sao-paulo\/"},"author":{"name":"Reda\u00e7\u00e3o","@id":"https:\/\/www.notibras.com\/site\/#\/schema\/person\/36ab0979449956132d3e5b517ea76ac8"},"headline":"Movimento Passe Livre convoca ato contra tarifa de 3,80 nos transportes de S\u00e3o Paulo","datePublished":"2015-12-30T18:18:37+00:00","dateModified":"2015-12-30T23:22:54+00:00","mainEntityOfPage":{"@id":"https:\/\/www.notibras.com\/site\/movimento-passe-livre-convoca-ato-contra-tarifa-de-380-nos-transportes-de-sao-paulo\/"},"wordCount":520,"commentCount":0,"publisher":{"@id":"https:\/\/www.notibras.com\/site\/#organization"},"image":{"@id":"https:\/\/www.notibras.com\/site\/movimento-passe-livre-convoca-ato-contra-tarifa-de-380-nos-transportes-de-sao-paulo\/#primaryimage"},"thumbnailUrl":"https:\/\/www.notibras.com\/site\/wp-content\/uploads\/2015\/12\/mpl.jpg","articleSection":["Brasil"],"inLanguage":"pt-BR","potentialAction":[{"@type":"CommentAction","name":"Comment","target":["https:\/\/www.notibras.com\/site\/movimento-passe-livre-convoca-ato-contra-tarifa-de-380-nos-transportes-de-sao-paulo\/#respond"]}]},{"@type":"WebPage","@id":"https:\/\/www.notibras.com\/site\/movimento-passe-livre-convoca-ato-contra-tarifa-de-380-nos-transportes-de-sao-paulo\/","url":"https:\/\/www.notibras.com\/site\/movimento-passe-livre-convoca-ato-contra-tarifa-de-380-nos-transportes-de-sao-paulo\/","name":"Movimento Passe Livre convoca ato contra tarifa de 3,80 nos transportes de S\u00e3o Paulo - Notibras","isPartOf":{"@id":"https:\/\/www.notibras.com\/site\/#website"},"primaryImageOfPage":{"@id":"https:\/\/www.notibras.com\/site\/movimento-passe-livre-convoca-ato-contra-tarifa-de-380-nos-transportes-de-sao-paulo\/#primaryimage"},"image":{"@id":"https:\/\/www.notibras.com\/site\/movimento-passe-livre-convoca-ato-contra-tarifa-de-380-nos-transportes-de-sao-paulo\/#primaryimage"},"thumbnailUrl":"https:\/\/www.notibras.com\/site\/wp-content\/uploads\/2015\/12\/mpl.jpg","datePublished":"2015-12-30T18:18:37+00:00","dateModified":"2015-12-30T23:22:54+00:00","breadcrumb":{"@id":"https:\/\/www.notibras.com\/site\/movimento-passe-livre-convoca-ato-contra-tarifa-de-380-nos-transportes-de-sao-paulo\/#breadcrumb"},"inLanguage":"pt-BR","potentialAction":[{"@type":"ReadAction","target":["https:\/\/www.notibras.com\/site\/movimento-passe-livre-convoca-ato-contra-tarifa-de-380-nos-transportes-de-sao-paulo\/"]}]},{"@type":"ImageObject","inLanguage":"pt-BR","@id":"https:\/\/www.notibras.com\/site\/movimento-passe-livre-convoca-ato-contra-tarifa-de-380-nos-transportes-de-sao-paulo\/#primaryimage","url":"https:\/\/www.notibras.com\/site\/wp-content\/uploads\/2015\/12\/mpl.jpg","contentUrl":"https:\/\/www.notibras.com\/site\/wp-content\/uploads\/2015\/12\/mpl.jpg","width":777,"height":480},{"@type":"BreadcrumbList","@id":"https:\/\/www.notibras.com\/site\/movimento-passe-livre-convoca-ato-contra-tarifa-de-380-nos-transportes-de-sao-paulo\/#breadcrumb","itemListElement":[{"@type":"ListItem","position":1,"name":"In\u00edcio","item":"https:\/\/www.notibras.com\/site\/"},{"@type":"ListItem","position":2,"name":"Movimento Passe Livre convoca ato contra tarifa de 3,80 nos transportes de S\u00e3o Paulo"}]},{"@type":"WebSite","@id":"https:\/\/www.notibras.com\/site\/#website","url":"https:\/\/www.notibras.com\/site\/","name":"Notibras","description":"Not\u00edcias de Bras\u00edlia, do Brasil e do Mundo","publisher":{"@id":"https:\/\/www.notibras.com\/site\/#organization"},"potentialAction":[{"@type":"SearchAction","target":{"@type":"EntryPoint","urlTemplate":"https:\/\/www.notibras.com\/site\/?s={search_term_string}"},"query-input":{"@type":"PropertyValueSpecification","valueRequired":true,"valueName":"search_term_string"}}],"inLanguage":"pt-BR"},{"@type":"Organization","@id":"https:\/\/www.notibras.com\/site\/#organization","name":"Grupo Notibras de Comunica\u00e7\u00e3o","url":"https:\/\/www.notibras.com\/site\/","logo":{"@type":"ImageObject","inLanguage":"pt-BR","@id":"https:\/\/www.notibras.com\/site\/#\/schema\/logo\/image\/","url":"https:\/\/www.notibras.com\/site\/wp-content\/uploads\/2023\/01\/notibras23.png","contentUrl":"https:\/\/www.notibras.com\/site\/wp-content\/uploads\/2023\/01\/notibras23.png","width":350,"height":87,"caption":"Grupo Notibras de Comunica\u00e7\u00e3o"},"image":{"@id":"https:\/\/www.notibras.com\/site\/#\/schema\/logo\/image\/"},"sameAs":["https:\/\/www.facebook.com\/notibras\/","https:\/\/x.com\/Notibras","https:\/\/www.instagram.com\/notibras\/"]},{"@type":"Person","@id":"https:\/\/www.notibras.com\/site\/#\/schema\/person\/36ab0979449956132d3e5b517ea76ac8","name":"Reda\u00e7\u00e3o","image":{"@type":"ImageObject","inLanguage":"pt-BR","@id":"https:\/\/secure.gravatar.com\/avatar\/e0a867bdedb85fd243eadf09663511f96fc81e0720a4a42581f334ad4303aa6b?s=96&d=mm&r=g","url":"https:\/\/secure.gravatar.com\/avatar\/e0a867bdedb85fd243eadf09663511f96fc81e0720a4a42581f334ad4303aa6b?s=96&d=mm&r=g","contentUrl":"https:\/\/secure.gravatar.com\/avatar\/e0a867bdedb85fd243eadf09663511f96fc81e0720a4a42581f334ad4303aa6b?s=96&d=mm&r=g","caption":"Reda\u00e7\u00e3o"}}]}},"amp_enabled":true,"_links":{"self":[{"href":"https:\/\/www.notibras.com\/site\/wp-json\/wp\/v2\/posts\/82898","targetHints":{"allow":["GET"]}}],"collection":[{"href":"https:\/\/www.notibras.com\/site\/wp-json\/wp\/v2\/posts"}],"about":[{"href":"https:\/\/www.notibras.com\/site\/wp-json\/wp\/v2\/types\/post"}],"author":[{"embeddable":true,"href":"https:\/\/www.notibras.com\/site\/wp-json\/wp\/v2\/users\/2"}],"replies":[{"embeddable":true,"href":"https:\/\/www.notibras.com\/site\/wp-json\/wp\/v2\/comments?post=82898"}],"version-history":[{"count":1,"href":"https:\/\/www.notibras.com\/site\/wp-json\/wp\/v2\/posts\/82898\/revisions"}],"predecessor-version":[{"id":82900,"href":"https:\/\/www.notibras.com\/site\/wp-json\/wp\/v2\/posts\/82898\/revisions\/82900"}],"wp:featuredmedia":[{"embeddable":true,"href":"https:\/\/www.notibras.com\/site\/wp-json\/wp\/v2\/media\/82899"}],"wp:attachment":[{"href":"https:\/\/www.notibras.com\/site\/wp-json\/wp\/v2\/media?parent=82898"}],"wp:term":[{"taxonomy":"category","embeddable":true,"href":"https:\/\/www.notibras.com\/site\/wp-json\/wp\/v2\/categories?post=82898"},{"taxonomy":"post_tag","embeddable":true,"href":"https:\/\/www.notibras.com\/site\/wp-json\/wp\/v2\/tags?post=82898"}],"curies":[{"name":"wp","href":"https:\/\/api.w.org\/{rel}","templated":true}]}}