{"id":82962,"date":"2016-01-01T12:28:15","date_gmt":"2016-01-01T14:28:15","guid":{"rendered":"http:\/\/www.notibras.com\/site\/?p=82962"},"modified":"2016-01-01T12:29:19","modified_gmt":"2016-01-01T14:29:19","slug":"governo-libera-mais-verbas-para-os-parlamentares-em-um-ano-de-crise-politica","status":"publish","type":"post","link":"https:\/\/www.notibras.com\/site\/governo-libera-mais-verbas-para-os-parlamentares-em-um-ano-de-crise-politica\/","title":{"rendered":"Governo libera mais verbas para os parlamentares; em ano de crise pol\u00edtica s\u00e3o 7 bi"},"content":{"rendered":"<h6 class=\"Assina\"><strong>Daniel Carvalho, Carla Ara\u00fajo e Lorenna Rodrigues<\/strong><\/h6>\n<p>Em ano de crises pol\u00edtica e econ\u00f4mica, o governo federal ampliou o volume de verbas destinas a emendas parlamentares. Com o Or\u00e7amento Impositivo, aprovado pelo Congresso no in\u00edcio do ano passado para obrigar o Executivo a liberar os repasses indicados por deputados e senadores, e a necessidade de obter apoio pol\u00edtico no Legislativo para combater a amea\u00e7a do impeachment, o Pal\u00e1cio do Planalto elevou de R$ 6,7 bilh\u00f5es em 2014 (em valores atualizados) para cerca de R$ 7,2 bilh\u00f5es em 2015.<\/p>\n<p>Embora tenha contingenciado em R$ 3 bilh\u00f5es a verba originalmente reservada no Or\u00e7amento para as emendas parlamentares, este valor foi elevado em dezembro pelo Planalto. Em dezembro, o presidente da C\u00e2mara, Eduardo Cunha (PMDB-RJ), aceitou um pedido de impeachment de Dilma, encampado pela oposi\u00e7\u00e3o e posteriormente apoiado at\u00e9 por deputados da base aliada.<\/p>\n<p>Com isso, o Planalto liberou quase todas as emendas previstas ap\u00f3s o contingenciamento e elevou a verba destinada aos repasses De acordo com o ministro Ricardo Berzoini, da Secretaria de Governo da Presid\u00eancia, o valor subiu para cerca de R$ 7,2 bilh\u00f5es. O montante n\u00e3o considera restos a pagar &#8211; valores pendentes de anos anteriores.<\/p>\n<p>Na \u00faltima semana do ano, em pleno recesso parlamentar, deputados ainda foram vistos em peregrina\u00e7\u00e3o por minist\u00e9rios na tentativa de liberar o restante dos recursos para irrigar suas bases eleitorais. Parlamentares se dizem pressionados por prefeitos que, com cofres vazios por causa da crise econ\u00f4mica, est\u00e3o preocupados com as elei\u00e7\u00f5es municipais de outubro.<\/p>\n<p>Em seu primeiro ano como deputado, Carlos Marun (PMDB-MS) foi aos Minist\u00e9rios da Sa\u00fade, Ci\u00eancia e Tecnologia e Cidades, mas saiu de l\u00e1 sem perspectiva. &#8220;Me empenhei nestes dias por esta libera\u00e7\u00e3o. Por ser oposi\u00e7\u00e3o, as coisas se dificultam um pouco&#8221;, disse o deputado, que integra a ala do PMDB contr\u00e1ria \u00e0 presidente. &#8220;Mas os ministros me receberam bem. Sa\u00ed com a expectativa de que, sen\u00e3o tudo, ao menos uma parte vai ser liberada.&#8221;<\/p>\n<p>A deputada Raquel Muniz (PSC-MG) n\u00e3o saiu t\u00e3o otimista de sua peregrina\u00e7\u00e3o por seis minist\u00e9rios. &#8220;Achei que ia ser mais produtivo. Tinha uma expectativa maior, mas ficou s\u00f3 na expectativa mesmo. Senti que n\u00e3o tem dinheiro.&#8221;<\/p>\n<p><b>Isonomia &#8211;\u00a0<\/b>Parlamentares da base governista tamb\u00e9m sa\u00edram sem perspectiva de ver mais recursos irrigando suas bases eleitorais. O deputado Jo\u00e3o Carlos Bacelar (PR-BA) disse ter feito &#8220;esse beija-m\u00e3o de fim de ano&#8221; para atender prefeitos que &#8220;ficam \u00e1vidos por recursos&#8221;. &#8220;O governo quer se salvar, mas n\u00e3o pode se salvar matando os munic\u00edpios&#8221;, disse Bacelar.<\/p>\n<p>As emendas parlamentares individuais s\u00e3o dota\u00e7\u00f5es inseridas no Or\u00e7amento da Uni\u00e3o que abastecem os redutos eleitorais dos congressistas com recursos para obras e a\u00e7\u00f5es em sa\u00fade e educa\u00e7\u00e3o, entre outras.<\/p>\n<p>Historicamente, o Planalto liberava essa verba seguindo o cronograma de delibera\u00e7\u00f5es importantes no Congresso, para pressionar parlamentares a votar com o governo. Mas, com a aprova\u00e7\u00e3o do chamado Or\u00e7amento Impositivo, o pagamento passou a ser obrigat\u00f3rio. As emendas dos deputados de primeiro mandato n\u00e3o s\u00e3o impositivas, mas o governo fez acordo com esses parlamentares para que tamb\u00e9m fossem contemplados.<\/p>\n<p>O ministro do Turismo, Henrique Eduardo Alves, esteve com o colega Ricardo Berzoini (Governo) para tratar do assunto, mas tampouco obteve qualquer perspectiva. &#8220;At\u00e9 agora, o Minist\u00e9rio do Turismo n\u00e3o recebeu nenhuma comunica\u00e7\u00e3o de nenhuma libera\u00e7\u00e3o&#8221;, disse Alves, ministro de uma das pastas mais procuradas pelos deputados.<\/p>\n<p><img loading=\"lazy\" decoding=\"async\" class=\"alignnone size-full wp-image-70065\" src=\"http:\/\/www.notibras.com\/site\/wp-content\/uploads\/2015\/10\/estadao.png\" alt=\"estadao\" width=\"99\" height=\"16\" \/><\/p>\n","protected":false},"excerpt":{"rendered":"<p>Daniel Carvalho, Carla Ara\u00fajo e Lorenna Rodrigues Em ano de crises pol\u00edtica e econ\u00f4mica, o governo federal ampliou o volume de verbas destinas a emendas parlamentares. Com o Or\u00e7amento Impositivo, aprovado pelo Congresso no in\u00edcio do ano passado para obrigar o Executivo a liberar os repasses indicados por deputados e senadores, e a necessidade de [&hellip;]<\/p>\n","protected":false},"author":2,"featured_media":82963,"comment_status":"open","ping_status":"closed","sticky":false,"template":"","format":"standard","meta":{"_acf_changed":false,"footnotes":""},"categories":[16],"tags":[],"class_list":["post-82962","post","type-post","status-publish","format-standard","has-post-thumbnail","hentry","category-brasil"],"acf":[],"yoast_head":"<!-- This site is optimized with the Yoast SEO plugin v27.2 - https:\/\/yoast.com\/product\/yoast-seo-wordpress\/ -->\n<title>Governo libera mais verbas para os parlamentares; em ano de crise pol\u00edtica s\u00e3o 7 bi - Notibras<\/title>\n<meta name=\"robots\" content=\"index, follow, max-snippet:-1, max-image-preview:large, max-video-preview:-1\" \/>\n<link rel=\"canonical\" href=\"https:\/\/www.notibras.com\/site\/governo-libera-mais-verbas-para-os-parlamentares-em-um-ano-de-crise-politica\/\" \/>\n<meta property=\"og:locale\" content=\"pt_BR\" \/>\n<meta property=\"og:type\" content=\"article\" \/>\n<meta property=\"og:title\" content=\"Governo libera mais verbas para os parlamentares; em ano de crise pol\u00edtica s\u00e3o 7 bi - Notibras\" \/>\n<meta property=\"og:description\" content=\"Daniel Carvalho, Carla Ara\u00fajo e Lorenna Rodrigues Em ano de crises pol\u00edtica e econ\u00f4mica, o governo federal ampliou o volume de verbas destinas a emendas parlamentares. Com o Or\u00e7amento Impositivo, aprovado pelo Congresso no in\u00edcio do ano passado para obrigar o Executivo a liberar os repasses indicados por deputados e senadores, e a necessidade de [&hellip;]\" \/>\n<meta property=\"og:url\" content=\"https:\/\/www.notibras.com\/site\/governo-libera-mais-verbas-para-os-parlamentares-em-um-ano-de-crise-politica\/\" \/>\n<meta property=\"og:site_name\" content=\"Notibras\" \/>\n<meta property=\"article:publisher\" content=\"https:\/\/www.facebook.com\/notibras\/\" \/>\n<meta property=\"article:published_time\" content=\"2016-01-01T14:28:15+00:00\" \/>\n<meta property=\"article:modified_time\" content=\"2016-01-01T14:29:19+00:00\" \/>\n<meta property=\"og:image\" content=\"https:\/\/www.notibras.com\/site\/wp-content\/uploads\/2016\/01\/torneira-aberta-de-dinheiro.jpg\" \/>\n\t<meta property=\"og:image:width\" content=\"299\" \/>\n\t<meta property=\"og:image:height\" content=\"300\" \/>\n\t<meta property=\"og:image:type\" content=\"image\/jpeg\" \/>\n<meta name=\"author\" content=\"Reda\u00e7\u00e3o\" \/>\n<meta name=\"twitter:card\" content=\"summary_large_image\" \/>\n<meta name=\"twitter:creator\" content=\"@Notibras\" \/>\n<meta name=\"twitter:site\" content=\"@Notibras\" \/>\n<meta name=\"twitter:label1\" content=\"Escrito por\" \/>\n\t<meta name=\"twitter:data1\" content=\"Reda\u00e7\u00e3o\" \/>\n\t<meta name=\"twitter:label2\" content=\"Est. tempo de leitura\" \/>\n\t<meta name=\"twitter:data2\" content=\"3 minutos\" \/>\n<script type=\"application\/ld+json\" class=\"yoast-schema-graph\">{\"@context\":\"https:\/\/schema.org\",\"@graph\":[{\"@type\":\"Article\",\"@id\":\"https:\/\/www.notibras.com\/site\/governo-libera-mais-verbas-para-os-parlamentares-em-um-ano-de-crise-politica\/#article\",\"isPartOf\":{\"@id\":\"https:\/\/www.notibras.com\/site\/governo-libera-mais-verbas-para-os-parlamentares-em-um-ano-de-crise-politica\/\"},\"author\":{\"name\":\"Reda\u00e7\u00e3o\",\"@id\":\"https:\/\/www.notibras.com\/site\/#\/schema\/person\/36ab0979449956132d3e5b517ea76ac8\"},\"headline\":\"Governo libera mais verbas para os parlamentares; em ano de crise pol\u00edtica s\u00e3o 7 bi\",\"datePublished\":\"2016-01-01T14:28:15+00:00\",\"dateModified\":\"2016-01-01T14:29:19+00:00\",\"mainEntityOfPage\":{\"@id\":\"https:\/\/www.notibras.com\/site\/governo-libera-mais-verbas-para-os-parlamentares-em-um-ano-de-crise-politica\/\"},\"wordCount\":619,\"commentCount\":0,\"publisher\":{\"@id\":\"https:\/\/www.notibras.com\/site\/#organization\"},\"image\":{\"@id\":\"https:\/\/www.notibras.com\/site\/governo-libera-mais-verbas-para-os-parlamentares-em-um-ano-de-crise-politica\/#primaryimage\"},\"thumbnailUrl\":\"https:\/\/www.notibras.com\/site\/wp-content\/uploads\/2016\/01\/torneira-aberta-de-dinheiro.jpg\",\"articleSection\":[\"Brasil\"],\"inLanguage\":\"pt-BR\",\"potentialAction\":[{\"@type\":\"CommentAction\",\"name\":\"Comment\",\"target\":[\"https:\/\/www.notibras.com\/site\/governo-libera-mais-verbas-para-os-parlamentares-em-um-ano-de-crise-politica\/#respond\"]}]},{\"@type\":\"WebPage\",\"@id\":\"https:\/\/www.notibras.com\/site\/governo-libera-mais-verbas-para-os-parlamentares-em-um-ano-de-crise-politica\/\",\"url\":\"https:\/\/www.notibras.com\/site\/governo-libera-mais-verbas-para-os-parlamentares-em-um-ano-de-crise-politica\/\",\"name\":\"Governo libera mais verbas para os parlamentares; em ano de crise pol\u00edtica s\u00e3o 7 bi - Notibras\",\"isPartOf\":{\"@id\":\"https:\/\/www.notibras.com\/site\/#website\"},\"primaryImageOfPage\":{\"@id\":\"https:\/\/www.notibras.com\/site\/governo-libera-mais-verbas-para-os-parlamentares-em-um-ano-de-crise-politica\/#primaryimage\"},\"image\":{\"@id\":\"https:\/\/www.notibras.com\/site\/governo-libera-mais-verbas-para-os-parlamentares-em-um-ano-de-crise-politica\/#primaryimage\"},\"thumbnailUrl\":\"https:\/\/www.notibras.com\/site\/wp-content\/uploads\/2016\/01\/torneira-aberta-de-dinheiro.jpg\",\"datePublished\":\"2016-01-01T14:28:15+00:00\",\"dateModified\":\"2016-01-01T14:29:19+00:00\",\"breadcrumb\":{\"@id\":\"https:\/\/www.notibras.com\/site\/governo-libera-mais-verbas-para-os-parlamentares-em-um-ano-de-crise-politica\/#breadcrumb\"},\"inLanguage\":\"pt-BR\",\"potentialAction\":[{\"@type\":\"ReadAction\",\"target\":[\"https:\/\/www.notibras.com\/site\/governo-libera-mais-verbas-para-os-parlamentares-em-um-ano-de-crise-politica\/\"]}]},{\"@type\":\"ImageObject\",\"inLanguage\":\"pt-BR\",\"@id\":\"https:\/\/www.notibras.com\/site\/governo-libera-mais-verbas-para-os-parlamentares-em-um-ano-de-crise-politica\/#primaryimage\",\"url\":\"https:\/\/www.notibras.com\/site\/wp-content\/uploads\/2016\/01\/torneira-aberta-de-dinheiro.jpg\",\"contentUrl\":\"https:\/\/www.notibras.com\/site\/wp-content\/uploads\/2016\/01\/torneira-aberta-de-dinheiro.jpg\",\"width\":299,\"height\":300},{\"@type\":\"BreadcrumbList\",\"@id\":\"https:\/\/www.notibras.com\/site\/governo-libera-mais-verbas-para-os-parlamentares-em-um-ano-de-crise-politica\/#breadcrumb\",\"itemListElement\":[{\"@type\":\"ListItem\",\"position\":1,\"name\":\"In\u00edcio\",\"item\":\"https:\/\/www.notibras.com\/site\/\"},{\"@type\":\"ListItem\",\"position\":2,\"name\":\"Governo libera mais verbas para os parlamentares; em ano de crise pol\u00edtica s\u00e3o 7 bi\"}]},{\"@type\":\"WebSite\",\"@id\":\"https:\/\/www.notibras.com\/site\/#website\",\"url\":\"https:\/\/www.notibras.com\/site\/\",\"name\":\"Notibras\",\"description\":\"Not\u00edcias de Bras\u00edlia, do Brasil e do Mundo\",\"publisher\":{\"@id\":\"https:\/\/www.notibras.com\/site\/#organization\"},\"potentialAction\":[{\"@type\":\"SearchAction\",\"target\":{\"@type\":\"EntryPoint\",\"urlTemplate\":\"https:\/\/www.notibras.com\/site\/?s={search_term_string}\"},\"query-input\":{\"@type\":\"PropertyValueSpecification\",\"valueRequired\":true,\"valueName\":\"search_term_string\"}}],\"inLanguage\":\"pt-BR\"},{\"@type\":\"Organization\",\"@id\":\"https:\/\/www.notibras.com\/site\/#organization\",\"name\":\"Grupo Notibras de Comunica\u00e7\u00e3o\",\"url\":\"https:\/\/www.notibras.com\/site\/\",\"logo\":{\"@type\":\"ImageObject\",\"inLanguage\":\"pt-BR\",\"@id\":\"https:\/\/www.notibras.com\/site\/#\/schema\/logo\/image\/\",\"url\":\"https:\/\/www.notibras.com\/site\/wp-content\/uploads\/2023\/01\/notibras23.png\",\"contentUrl\":\"https:\/\/www.notibras.com\/site\/wp-content\/uploads\/2023\/01\/notibras23.png\",\"width\":350,\"height\":87,\"caption\":\"Grupo Notibras de Comunica\u00e7\u00e3o\"},\"image\":{\"@id\":\"https:\/\/www.notibras.com\/site\/#\/schema\/logo\/image\/\"},\"sameAs\":[\"https:\/\/www.facebook.com\/notibras\/\",\"https:\/\/x.com\/Notibras\",\"https:\/\/www.instagram.com\/notibras\/\"]},{\"@type\":\"Person\",\"@id\":\"https:\/\/www.notibras.com\/site\/#\/schema\/person\/36ab0979449956132d3e5b517ea76ac8\",\"name\":\"Reda\u00e7\u00e3o\",\"image\":{\"@type\":\"ImageObject\",\"inLanguage\":\"pt-BR\",\"@id\":\"https:\/\/secure.gravatar.com\/avatar\/e0a867bdedb85fd243eadf09663511f96fc81e0720a4a42581f334ad4303aa6b?s=96&d=mm&r=g\",\"url\":\"https:\/\/secure.gravatar.com\/avatar\/e0a867bdedb85fd243eadf09663511f96fc81e0720a4a42581f334ad4303aa6b?s=96&d=mm&r=g\",\"contentUrl\":\"https:\/\/secure.gravatar.com\/avatar\/e0a867bdedb85fd243eadf09663511f96fc81e0720a4a42581f334ad4303aa6b?s=96&d=mm&r=g\",\"caption\":\"Reda\u00e7\u00e3o\"}}]}<\/script>\n<!-- \/ Yoast SEO plugin. -->","yoast_head_json":{"title":"Governo libera mais verbas para os parlamentares; em ano de crise pol\u00edtica s\u00e3o 7 bi - Notibras","robots":{"index":"index","follow":"follow","max-snippet":"max-snippet:-1","max-image-preview":"max-image-preview:large","max-video-preview":"max-video-preview:-1"},"canonical":"https:\/\/www.notibras.com\/site\/governo-libera-mais-verbas-para-os-parlamentares-em-um-ano-de-crise-politica\/","og_locale":"pt_BR","og_type":"article","og_title":"Governo libera mais verbas para os parlamentares; em ano de crise pol\u00edtica s\u00e3o 7 bi - Notibras","og_description":"Daniel Carvalho, Carla Ara\u00fajo e Lorenna Rodrigues Em ano de crises pol\u00edtica e econ\u00f4mica, o governo federal ampliou o volume de verbas destinas a emendas parlamentares. Com o Or\u00e7amento Impositivo, aprovado pelo Congresso no in\u00edcio do ano passado para obrigar o Executivo a liberar os repasses indicados por deputados e senadores, e a necessidade de [&hellip;]","og_url":"https:\/\/www.notibras.com\/site\/governo-libera-mais-verbas-para-os-parlamentares-em-um-ano-de-crise-politica\/","og_site_name":"Notibras","article_publisher":"https:\/\/www.facebook.com\/notibras\/","article_published_time":"2016-01-01T14:28:15+00:00","article_modified_time":"2016-01-01T14:29:19+00:00","og_image":[{"width":299,"height":300,"url":"https:\/\/www.notibras.com\/site\/wp-content\/uploads\/2016\/01\/torneira-aberta-de-dinheiro.jpg","type":"image\/jpeg"}],"author":"Reda\u00e7\u00e3o","twitter_card":"summary_large_image","twitter_creator":"@Notibras","twitter_site":"@Notibras","twitter_misc":{"Escrito por":"Reda\u00e7\u00e3o","Est. tempo de leitura":"3 minutos"},"schema":{"@context":"https:\/\/schema.org","@graph":[{"@type":"Article","@id":"https:\/\/www.notibras.com\/site\/governo-libera-mais-verbas-para-os-parlamentares-em-um-ano-de-crise-politica\/#article","isPartOf":{"@id":"https:\/\/www.notibras.com\/site\/governo-libera-mais-verbas-para-os-parlamentares-em-um-ano-de-crise-politica\/"},"author":{"name":"Reda\u00e7\u00e3o","@id":"https:\/\/www.notibras.com\/site\/#\/schema\/person\/36ab0979449956132d3e5b517ea76ac8"},"headline":"Governo libera mais verbas para os parlamentares; em ano de crise pol\u00edtica s\u00e3o 7 bi","datePublished":"2016-01-01T14:28:15+00:00","dateModified":"2016-01-01T14:29:19+00:00","mainEntityOfPage":{"@id":"https:\/\/www.notibras.com\/site\/governo-libera-mais-verbas-para-os-parlamentares-em-um-ano-de-crise-politica\/"},"wordCount":619,"commentCount":0,"publisher":{"@id":"https:\/\/www.notibras.com\/site\/#organization"},"image":{"@id":"https:\/\/www.notibras.com\/site\/governo-libera-mais-verbas-para-os-parlamentares-em-um-ano-de-crise-politica\/#primaryimage"},"thumbnailUrl":"https:\/\/www.notibras.com\/site\/wp-content\/uploads\/2016\/01\/torneira-aberta-de-dinheiro.jpg","articleSection":["Brasil"],"inLanguage":"pt-BR","potentialAction":[{"@type":"CommentAction","name":"Comment","target":["https:\/\/www.notibras.com\/site\/governo-libera-mais-verbas-para-os-parlamentares-em-um-ano-de-crise-politica\/#respond"]}]},{"@type":"WebPage","@id":"https:\/\/www.notibras.com\/site\/governo-libera-mais-verbas-para-os-parlamentares-em-um-ano-de-crise-politica\/","url":"https:\/\/www.notibras.com\/site\/governo-libera-mais-verbas-para-os-parlamentares-em-um-ano-de-crise-politica\/","name":"Governo libera mais verbas para os parlamentares; em ano de crise pol\u00edtica s\u00e3o 7 bi - Notibras","isPartOf":{"@id":"https:\/\/www.notibras.com\/site\/#website"},"primaryImageOfPage":{"@id":"https:\/\/www.notibras.com\/site\/governo-libera-mais-verbas-para-os-parlamentares-em-um-ano-de-crise-politica\/#primaryimage"},"image":{"@id":"https:\/\/www.notibras.com\/site\/governo-libera-mais-verbas-para-os-parlamentares-em-um-ano-de-crise-politica\/#primaryimage"},"thumbnailUrl":"https:\/\/www.notibras.com\/site\/wp-content\/uploads\/2016\/01\/torneira-aberta-de-dinheiro.jpg","datePublished":"2016-01-01T14:28:15+00:00","dateModified":"2016-01-01T14:29:19+00:00","breadcrumb":{"@id":"https:\/\/www.notibras.com\/site\/governo-libera-mais-verbas-para-os-parlamentares-em-um-ano-de-crise-politica\/#breadcrumb"},"inLanguage":"pt-BR","potentialAction":[{"@type":"ReadAction","target":["https:\/\/www.notibras.com\/site\/governo-libera-mais-verbas-para-os-parlamentares-em-um-ano-de-crise-politica\/"]}]},{"@type":"ImageObject","inLanguage":"pt-BR","@id":"https:\/\/www.notibras.com\/site\/governo-libera-mais-verbas-para-os-parlamentares-em-um-ano-de-crise-politica\/#primaryimage","url":"https:\/\/www.notibras.com\/site\/wp-content\/uploads\/2016\/01\/torneira-aberta-de-dinheiro.jpg","contentUrl":"https:\/\/www.notibras.com\/site\/wp-content\/uploads\/2016\/01\/torneira-aberta-de-dinheiro.jpg","width":299,"height":300},{"@type":"BreadcrumbList","@id":"https:\/\/www.notibras.com\/site\/governo-libera-mais-verbas-para-os-parlamentares-em-um-ano-de-crise-politica\/#breadcrumb","itemListElement":[{"@type":"ListItem","position":1,"name":"In\u00edcio","item":"https:\/\/www.notibras.com\/site\/"},{"@type":"ListItem","position":2,"name":"Governo libera mais verbas para os parlamentares; em ano de crise pol\u00edtica s\u00e3o 7 bi"}]},{"@type":"WebSite","@id":"https:\/\/www.notibras.com\/site\/#website","url":"https:\/\/www.notibras.com\/site\/","name":"Notibras","description":"Not\u00edcias de Bras\u00edlia, do Brasil e do Mundo","publisher":{"@id":"https:\/\/www.notibras.com\/site\/#organization"},"potentialAction":[{"@type":"SearchAction","target":{"@type":"EntryPoint","urlTemplate":"https:\/\/www.notibras.com\/site\/?s={search_term_string}"},"query-input":{"@type":"PropertyValueSpecification","valueRequired":true,"valueName":"search_term_string"}}],"inLanguage":"pt-BR"},{"@type":"Organization","@id":"https:\/\/www.notibras.com\/site\/#organization","name":"Grupo Notibras de Comunica\u00e7\u00e3o","url":"https:\/\/www.notibras.com\/site\/","logo":{"@type":"ImageObject","inLanguage":"pt-BR","@id":"https:\/\/www.notibras.com\/site\/#\/schema\/logo\/image\/","url":"https:\/\/www.notibras.com\/site\/wp-content\/uploads\/2023\/01\/notibras23.png","contentUrl":"https:\/\/www.notibras.com\/site\/wp-content\/uploads\/2023\/01\/notibras23.png","width":350,"height":87,"caption":"Grupo Notibras de Comunica\u00e7\u00e3o"},"image":{"@id":"https:\/\/www.notibras.com\/site\/#\/schema\/logo\/image\/"},"sameAs":["https:\/\/www.facebook.com\/notibras\/","https:\/\/x.com\/Notibras","https:\/\/www.instagram.com\/notibras\/"]},{"@type":"Person","@id":"https:\/\/www.notibras.com\/site\/#\/schema\/person\/36ab0979449956132d3e5b517ea76ac8","name":"Reda\u00e7\u00e3o","image":{"@type":"ImageObject","inLanguage":"pt-BR","@id":"https:\/\/secure.gravatar.com\/avatar\/e0a867bdedb85fd243eadf09663511f96fc81e0720a4a42581f334ad4303aa6b?s=96&d=mm&r=g","url":"https:\/\/secure.gravatar.com\/avatar\/e0a867bdedb85fd243eadf09663511f96fc81e0720a4a42581f334ad4303aa6b?s=96&d=mm&r=g","contentUrl":"https:\/\/secure.gravatar.com\/avatar\/e0a867bdedb85fd243eadf09663511f96fc81e0720a4a42581f334ad4303aa6b?s=96&d=mm&r=g","caption":"Reda\u00e7\u00e3o"}}]}},"amp_enabled":true,"_links":{"self":[{"href":"https:\/\/www.notibras.com\/site\/wp-json\/wp\/v2\/posts\/82962","targetHints":{"allow":["GET"]}}],"collection":[{"href":"https:\/\/www.notibras.com\/site\/wp-json\/wp\/v2\/posts"}],"about":[{"href":"https:\/\/www.notibras.com\/site\/wp-json\/wp\/v2\/types\/post"}],"author":[{"embeddable":true,"href":"https:\/\/www.notibras.com\/site\/wp-json\/wp\/v2\/users\/2"}],"replies":[{"embeddable":true,"href":"https:\/\/www.notibras.com\/site\/wp-json\/wp\/v2\/comments?post=82962"}],"version-history":[{"count":2,"href":"https:\/\/www.notibras.com\/site\/wp-json\/wp\/v2\/posts\/82962\/revisions"}],"predecessor-version":[{"id":82965,"href":"https:\/\/www.notibras.com\/site\/wp-json\/wp\/v2\/posts\/82962\/revisions\/82965"}],"wp:featuredmedia":[{"embeddable":true,"href":"https:\/\/www.notibras.com\/site\/wp-json\/wp\/v2\/media\/82963"}],"wp:attachment":[{"href":"https:\/\/www.notibras.com\/site\/wp-json\/wp\/v2\/media?parent=82962"}],"wp:term":[{"taxonomy":"category","embeddable":true,"href":"https:\/\/www.notibras.com\/site\/wp-json\/wp\/v2\/categories?post=82962"},{"taxonomy":"post_tag","embeddable":true,"href":"https:\/\/www.notibras.com\/site\/wp-json\/wp\/v2\/tags?post=82962"}],"curies":[{"name":"wp","href":"https:\/\/api.w.org\/{rel}","templated":true}]}}