{"id":82969,"date":"2016-01-01T12:23:47","date_gmt":"2016-01-01T14:23:47","guid":{"rendered":"http:\/\/www.notibras.com\/site\/?p=82969"},"modified":"2016-01-02T16:08:44","modified_gmt":"2016-01-02T18:08:44","slug":"novo-salario-minimo-entra-em-vigor-valendo-mais-100-reais-para-o-trabalhador","status":"publish","type":"post","link":"https:\/\/www.notibras.com\/site\/novo-salario-minimo-entra-em-vigor-valendo-mais-100-reais-para-o-trabalhador\/","title":{"rendered":"Novo sal\u00e1rio m\u00ednimo entra em vigor valendo mais 100 reais para o pobre do trabalhador"},"content":{"rendered":"<p><strong>Andr\u00e9 \u00cdtalo Rocha e Paula Dias<\/strong><\/p>\n<p>Est\u00e1 em vigor a partir desta sexta-feira (1\u00ba) o novo valor do sal\u00e1rio m\u00ednimo, que foi reajustado em 11,6%, passando de R$ 788,00 para R$ 880,00. Segundo o Minist\u00e9rio do Planejamento, Or\u00e7amento e Gest\u00e3o, a medida ter\u00e1 impacto de R$ 30,2 bilh\u00f5es nas contas p\u00fablicas em 2016.<\/p>\n<p>O reajuste foi definido com base na infla\u00e7\u00e3o apurada pelo \u00cdndice Nacional de Pre\u00e7os ao Consumidor (INPC) acumulado nos 12 meses anteriores ao m\u00eas do reajuste. A f\u00f3rmula para o c\u00e1lculo leva tamb\u00e9m em conta a varia\u00e7\u00e3o do Produto Interno Bruto (PIB), soma de todas as riquezas do Pa\u00eds, de dois anos anteriores.<\/p>\n<p>O Dieese espera um aumento de R$ 30,7 bilh\u00f5es na arrecada\u00e7\u00e3o tribut\u00e1ria, por meio da eleva\u00e7\u00e3o do consumo, apesar da expectativa de recess\u00e3o em 2016. A expectativa de incremento de renda na economia \u00e9 de R$ 57,042 bilh\u00f5es.<\/p>\n<p>Dos 48,3 milh\u00f5es de brasileiros que recebem o m\u00ednimo, 22,5 milh\u00f5es s\u00e3o benefici\u00e1rios do INSS, 13,4 milh\u00f5es s\u00e3o empregados, 8,1 milh\u00f5es trabalham por conta pr\u00f3pria, 3,99 milh\u00f5es s\u00e3o trabalhadores dom\u00e9sticos e apenas 169 s\u00e3o empregadores.<\/p>\n<p>A lei que criou o sal\u00e1rio m\u00ednimo foi assinada em 1936, pelo ent\u00e3o presidente Get\u00falio Vargas. A legisla\u00e7\u00e3o definiu o valor como a remunera\u00e7\u00e3o m\u00ednima devida ao trabalhador, capaz de satisfazer suas necessidades de alimenta\u00e7\u00e3o, vestu\u00e1rio, habita\u00e7\u00e3o, higiene e transporte.<\/p>\n<p><img loading=\"lazy\" decoding=\"async\" class=\"alignnone size-full wp-image-70065\" src=\"http:\/\/www.notibras.com\/site\/wp-content\/uploads\/2015\/10\/estadao.png\" alt=\"estadao\" width=\"99\" height=\"16\" \/><\/p>\n","protected":false},"excerpt":{"rendered":"<p>Andr\u00e9 \u00cdtalo Rocha e Paula Dias Est\u00e1 em vigor a partir desta sexta-feira (1\u00ba) o novo valor do sal\u00e1rio m\u00ednimo, que foi reajustado em 11,6%, passando de R$ 788,00 para R$ 880,00. Segundo o Minist\u00e9rio do Planejamento, Or\u00e7amento e Gest\u00e3o, a medida ter\u00e1 impacto de R$ 30,2 bilh\u00f5es nas contas p\u00fablicas em 2016. O reajuste [&hellip;]<\/p>\n","protected":false},"author":2,"featured_media":82970,"comment_status":"open","ping_status":"closed","sticky":false,"template":"","format":"standard","meta":{"_acf_changed":false,"footnotes":""},"categories":[16],"tags":[],"class_list":["post-82969","post","type-post","status-publish","format-standard","has-post-thumbnail","hentry","category-brasil"],"acf":[],"yoast_head":"<!-- This site is optimized with the Yoast SEO plugin v27.2 - https:\/\/yoast.com\/product\/yoast-seo-wordpress\/ -->\n<title>Novo sal\u00e1rio m\u00ednimo entra em vigor valendo mais 100 reais para o pobre do trabalhador - Notibras<\/title>\n<meta name=\"robots\" content=\"index, follow, max-snippet:-1, max-image-preview:large, max-video-preview:-1\" \/>\n<link rel=\"canonical\" href=\"https:\/\/www.notibras.com\/site\/novo-salario-minimo-entra-em-vigor-valendo-mais-100-reais-para-o-trabalhador\/\" \/>\n<meta property=\"og:locale\" content=\"pt_BR\" \/>\n<meta property=\"og:type\" content=\"article\" \/>\n<meta property=\"og:title\" content=\"Novo sal\u00e1rio m\u00ednimo entra em vigor valendo mais 100 reais para o pobre do trabalhador - Notibras\" \/>\n<meta property=\"og:description\" content=\"Andr\u00e9 \u00cdtalo Rocha e Paula Dias Est\u00e1 em vigor a partir desta sexta-feira (1\u00ba) o novo valor do sal\u00e1rio m\u00ednimo, que foi reajustado em 11,6%, passando de R$ 788,00 para R$ 880,00. Segundo o Minist\u00e9rio do Planejamento, Or\u00e7amento e Gest\u00e3o, a medida ter\u00e1 impacto de R$ 30,2 bilh\u00f5es nas contas p\u00fablicas em 2016. O reajuste [&hellip;]\" \/>\n<meta property=\"og:url\" content=\"https:\/\/www.notibras.com\/site\/novo-salario-minimo-entra-em-vigor-valendo-mais-100-reais-para-o-trabalhador\/\" \/>\n<meta property=\"og:site_name\" content=\"Notibras\" \/>\n<meta property=\"article:publisher\" content=\"https:\/\/www.facebook.com\/notibras\/\" \/>\n<meta property=\"article:published_time\" content=\"2016-01-01T14:23:47+00:00\" \/>\n<meta property=\"article:modified_time\" content=\"2016-01-02T18:08:44+00:00\" \/>\n<meta property=\"og:image\" content=\"https:\/\/www.notibras.com\/site\/wp-content\/uploads\/2016\/01\/473756847_1eae2f9aaf.jpg\" \/>\n\t<meta property=\"og:image:width\" content=\"500\" \/>\n\t<meta property=\"og:image:height\" content=\"375\" \/>\n\t<meta property=\"og:image:type\" content=\"image\/jpeg\" \/>\n<meta name=\"author\" content=\"Reda\u00e7\u00e3o\" \/>\n<meta name=\"twitter:card\" content=\"summary_large_image\" \/>\n<meta name=\"twitter:creator\" content=\"@Notibras\" \/>\n<meta name=\"twitter:site\" content=\"@Notibras\" \/>\n<meta name=\"twitter:label1\" content=\"Escrito por\" \/>\n\t<meta name=\"twitter:data1\" content=\"Reda\u00e7\u00e3o\" \/>\n\t<meta name=\"twitter:label2\" content=\"Est. tempo de leitura\" \/>\n\t<meta name=\"twitter:data2\" content=\"1 minuto\" \/>\n<script type=\"application\/ld+json\" class=\"yoast-schema-graph\">{\"@context\":\"https:\/\/schema.org\",\"@graph\":[{\"@type\":\"Article\",\"@id\":\"https:\/\/www.notibras.com\/site\/novo-salario-minimo-entra-em-vigor-valendo-mais-100-reais-para-o-trabalhador\/#article\",\"isPartOf\":{\"@id\":\"https:\/\/www.notibras.com\/site\/novo-salario-minimo-entra-em-vigor-valendo-mais-100-reais-para-o-trabalhador\/\"},\"author\":{\"name\":\"Reda\u00e7\u00e3o\",\"@id\":\"https:\/\/www.notibras.com\/site\/#\/schema\/person\/36ab0979449956132d3e5b517ea76ac8\"},\"headline\":\"Novo sal\u00e1rio m\u00ednimo entra em vigor valendo mais 100 reais para o pobre do trabalhador\",\"datePublished\":\"2016-01-01T14:23:47+00:00\",\"dateModified\":\"2016-01-02T18:08:44+00:00\",\"mainEntityOfPage\":{\"@id\":\"https:\/\/www.notibras.com\/site\/novo-salario-minimo-entra-em-vigor-valendo-mais-100-reais-para-o-trabalhador\/\"},\"wordCount\":261,\"commentCount\":0,\"publisher\":{\"@id\":\"https:\/\/www.notibras.com\/site\/#organization\"},\"image\":{\"@id\":\"https:\/\/www.notibras.com\/site\/novo-salario-minimo-entra-em-vigor-valendo-mais-100-reais-para-o-trabalhador\/#primaryimage\"},\"thumbnailUrl\":\"https:\/\/www.notibras.com\/site\/wp-content\/uploads\/2016\/01\/473756847_1eae2f9aaf.jpg\",\"articleSection\":[\"Brasil\"],\"inLanguage\":\"pt-BR\",\"potentialAction\":[{\"@type\":\"CommentAction\",\"name\":\"Comment\",\"target\":[\"https:\/\/www.notibras.com\/site\/novo-salario-minimo-entra-em-vigor-valendo-mais-100-reais-para-o-trabalhador\/#respond\"]}]},{\"@type\":\"WebPage\",\"@id\":\"https:\/\/www.notibras.com\/site\/novo-salario-minimo-entra-em-vigor-valendo-mais-100-reais-para-o-trabalhador\/\",\"url\":\"https:\/\/www.notibras.com\/site\/novo-salario-minimo-entra-em-vigor-valendo-mais-100-reais-para-o-trabalhador\/\",\"name\":\"Novo sal\u00e1rio m\u00ednimo entra em vigor valendo mais 100 reais para o pobre do trabalhador - Notibras\",\"isPartOf\":{\"@id\":\"https:\/\/www.notibras.com\/site\/#website\"},\"primaryImageOfPage\":{\"@id\":\"https:\/\/www.notibras.com\/site\/novo-salario-minimo-entra-em-vigor-valendo-mais-100-reais-para-o-trabalhador\/#primaryimage\"},\"image\":{\"@id\":\"https:\/\/www.notibras.com\/site\/novo-salario-minimo-entra-em-vigor-valendo-mais-100-reais-para-o-trabalhador\/#primaryimage\"},\"thumbnailUrl\":\"https:\/\/www.notibras.com\/site\/wp-content\/uploads\/2016\/01\/473756847_1eae2f9aaf.jpg\",\"datePublished\":\"2016-01-01T14:23:47+00:00\",\"dateModified\":\"2016-01-02T18:08:44+00:00\",\"breadcrumb\":{\"@id\":\"https:\/\/www.notibras.com\/site\/novo-salario-minimo-entra-em-vigor-valendo-mais-100-reais-para-o-trabalhador\/#breadcrumb\"},\"inLanguage\":\"pt-BR\",\"potentialAction\":[{\"@type\":\"ReadAction\",\"target\":[\"https:\/\/www.notibras.com\/site\/novo-salario-minimo-entra-em-vigor-valendo-mais-100-reais-para-o-trabalhador\/\"]}]},{\"@type\":\"ImageObject\",\"inLanguage\":\"pt-BR\",\"@id\":\"https:\/\/www.notibras.com\/site\/novo-salario-minimo-entra-em-vigor-valendo-mais-100-reais-para-o-trabalhador\/#primaryimage\",\"url\":\"https:\/\/www.notibras.com\/site\/wp-content\/uploads\/2016\/01\/473756847_1eae2f9aaf.jpg\",\"contentUrl\":\"https:\/\/www.notibras.com\/site\/wp-content\/uploads\/2016\/01\/473756847_1eae2f9aaf.jpg\",\"width\":500,\"height\":375},{\"@type\":\"BreadcrumbList\",\"@id\":\"https:\/\/www.notibras.com\/site\/novo-salario-minimo-entra-em-vigor-valendo-mais-100-reais-para-o-trabalhador\/#breadcrumb\",\"itemListElement\":[{\"@type\":\"ListItem\",\"position\":1,\"name\":\"In\u00edcio\",\"item\":\"https:\/\/www.notibras.com\/site\/\"},{\"@type\":\"ListItem\",\"position\":2,\"name\":\"Novo sal\u00e1rio m\u00ednimo entra em vigor valendo mais 100 reais para o pobre do trabalhador\"}]},{\"@type\":\"WebSite\",\"@id\":\"https:\/\/www.notibras.com\/site\/#website\",\"url\":\"https:\/\/www.notibras.com\/site\/\",\"name\":\"Notibras\",\"description\":\"Not\u00edcias de Bras\u00edlia, do Brasil e do Mundo\",\"publisher\":{\"@id\":\"https:\/\/www.notibras.com\/site\/#organization\"},\"potentialAction\":[{\"@type\":\"SearchAction\",\"target\":{\"@type\":\"EntryPoint\",\"urlTemplate\":\"https:\/\/www.notibras.com\/site\/?s={search_term_string}\"},\"query-input\":{\"@type\":\"PropertyValueSpecification\",\"valueRequired\":true,\"valueName\":\"search_term_string\"}}],\"inLanguage\":\"pt-BR\"},{\"@type\":\"Organization\",\"@id\":\"https:\/\/www.notibras.com\/site\/#organization\",\"name\":\"Grupo Notibras de Comunica\u00e7\u00e3o\",\"url\":\"https:\/\/www.notibras.com\/site\/\",\"logo\":{\"@type\":\"ImageObject\",\"inLanguage\":\"pt-BR\",\"@id\":\"https:\/\/www.notibras.com\/site\/#\/schema\/logo\/image\/\",\"url\":\"https:\/\/www.notibras.com\/site\/wp-content\/uploads\/2023\/01\/notibras23.png\",\"contentUrl\":\"https:\/\/www.notibras.com\/site\/wp-content\/uploads\/2023\/01\/notibras23.png\",\"width\":350,\"height\":87,\"caption\":\"Grupo Notibras de Comunica\u00e7\u00e3o\"},\"image\":{\"@id\":\"https:\/\/www.notibras.com\/site\/#\/schema\/logo\/image\/\"},\"sameAs\":[\"https:\/\/www.facebook.com\/notibras\/\",\"https:\/\/x.com\/Notibras\",\"https:\/\/www.instagram.com\/notibras\/\"]},{\"@type\":\"Person\",\"@id\":\"https:\/\/www.notibras.com\/site\/#\/schema\/person\/36ab0979449956132d3e5b517ea76ac8\",\"name\":\"Reda\u00e7\u00e3o\",\"image\":{\"@type\":\"ImageObject\",\"inLanguage\":\"pt-BR\",\"@id\":\"https:\/\/secure.gravatar.com\/avatar\/e0a867bdedb85fd243eadf09663511f96fc81e0720a4a42581f334ad4303aa6b?s=96&d=mm&r=g\",\"url\":\"https:\/\/secure.gravatar.com\/avatar\/e0a867bdedb85fd243eadf09663511f96fc81e0720a4a42581f334ad4303aa6b?s=96&d=mm&r=g\",\"contentUrl\":\"https:\/\/secure.gravatar.com\/avatar\/e0a867bdedb85fd243eadf09663511f96fc81e0720a4a42581f334ad4303aa6b?s=96&d=mm&r=g\",\"caption\":\"Reda\u00e7\u00e3o\"}}]}<\/script>\n<!-- \/ Yoast SEO plugin. -->","yoast_head_json":{"title":"Novo sal\u00e1rio m\u00ednimo entra em vigor valendo mais 100 reais para o pobre do trabalhador - Notibras","robots":{"index":"index","follow":"follow","max-snippet":"max-snippet:-1","max-image-preview":"max-image-preview:large","max-video-preview":"max-video-preview:-1"},"canonical":"https:\/\/www.notibras.com\/site\/novo-salario-minimo-entra-em-vigor-valendo-mais-100-reais-para-o-trabalhador\/","og_locale":"pt_BR","og_type":"article","og_title":"Novo sal\u00e1rio m\u00ednimo entra em vigor valendo mais 100 reais para o pobre do trabalhador - Notibras","og_description":"Andr\u00e9 \u00cdtalo Rocha e Paula Dias Est\u00e1 em vigor a partir desta sexta-feira (1\u00ba) o novo valor do sal\u00e1rio m\u00ednimo, que foi reajustado em 11,6%, passando de R$ 788,00 para R$ 880,00. Segundo o Minist\u00e9rio do Planejamento, Or\u00e7amento e Gest\u00e3o, a medida ter\u00e1 impacto de R$ 30,2 bilh\u00f5es nas contas p\u00fablicas em 2016. O reajuste [&hellip;]","og_url":"https:\/\/www.notibras.com\/site\/novo-salario-minimo-entra-em-vigor-valendo-mais-100-reais-para-o-trabalhador\/","og_site_name":"Notibras","article_publisher":"https:\/\/www.facebook.com\/notibras\/","article_published_time":"2016-01-01T14:23:47+00:00","article_modified_time":"2016-01-02T18:08:44+00:00","og_image":[{"width":500,"height":375,"url":"https:\/\/www.notibras.com\/site\/wp-content\/uploads\/2016\/01\/473756847_1eae2f9aaf.jpg","type":"image\/jpeg"}],"author":"Reda\u00e7\u00e3o","twitter_card":"summary_large_image","twitter_creator":"@Notibras","twitter_site":"@Notibras","twitter_misc":{"Escrito por":"Reda\u00e7\u00e3o","Est. tempo de leitura":"1 minuto"},"schema":{"@context":"https:\/\/schema.org","@graph":[{"@type":"Article","@id":"https:\/\/www.notibras.com\/site\/novo-salario-minimo-entra-em-vigor-valendo-mais-100-reais-para-o-trabalhador\/#article","isPartOf":{"@id":"https:\/\/www.notibras.com\/site\/novo-salario-minimo-entra-em-vigor-valendo-mais-100-reais-para-o-trabalhador\/"},"author":{"name":"Reda\u00e7\u00e3o","@id":"https:\/\/www.notibras.com\/site\/#\/schema\/person\/36ab0979449956132d3e5b517ea76ac8"},"headline":"Novo sal\u00e1rio m\u00ednimo entra em vigor valendo mais 100 reais para o pobre do trabalhador","datePublished":"2016-01-01T14:23:47+00:00","dateModified":"2016-01-02T18:08:44+00:00","mainEntityOfPage":{"@id":"https:\/\/www.notibras.com\/site\/novo-salario-minimo-entra-em-vigor-valendo-mais-100-reais-para-o-trabalhador\/"},"wordCount":261,"commentCount":0,"publisher":{"@id":"https:\/\/www.notibras.com\/site\/#organization"},"image":{"@id":"https:\/\/www.notibras.com\/site\/novo-salario-minimo-entra-em-vigor-valendo-mais-100-reais-para-o-trabalhador\/#primaryimage"},"thumbnailUrl":"https:\/\/www.notibras.com\/site\/wp-content\/uploads\/2016\/01\/473756847_1eae2f9aaf.jpg","articleSection":["Brasil"],"inLanguage":"pt-BR","potentialAction":[{"@type":"CommentAction","name":"Comment","target":["https:\/\/www.notibras.com\/site\/novo-salario-minimo-entra-em-vigor-valendo-mais-100-reais-para-o-trabalhador\/#respond"]}]},{"@type":"WebPage","@id":"https:\/\/www.notibras.com\/site\/novo-salario-minimo-entra-em-vigor-valendo-mais-100-reais-para-o-trabalhador\/","url":"https:\/\/www.notibras.com\/site\/novo-salario-minimo-entra-em-vigor-valendo-mais-100-reais-para-o-trabalhador\/","name":"Novo sal\u00e1rio m\u00ednimo entra em vigor valendo mais 100 reais para o pobre do trabalhador - Notibras","isPartOf":{"@id":"https:\/\/www.notibras.com\/site\/#website"},"primaryImageOfPage":{"@id":"https:\/\/www.notibras.com\/site\/novo-salario-minimo-entra-em-vigor-valendo-mais-100-reais-para-o-trabalhador\/#primaryimage"},"image":{"@id":"https:\/\/www.notibras.com\/site\/novo-salario-minimo-entra-em-vigor-valendo-mais-100-reais-para-o-trabalhador\/#primaryimage"},"thumbnailUrl":"https:\/\/www.notibras.com\/site\/wp-content\/uploads\/2016\/01\/473756847_1eae2f9aaf.jpg","datePublished":"2016-01-01T14:23:47+00:00","dateModified":"2016-01-02T18:08:44+00:00","breadcrumb":{"@id":"https:\/\/www.notibras.com\/site\/novo-salario-minimo-entra-em-vigor-valendo-mais-100-reais-para-o-trabalhador\/#breadcrumb"},"inLanguage":"pt-BR","potentialAction":[{"@type":"ReadAction","target":["https:\/\/www.notibras.com\/site\/novo-salario-minimo-entra-em-vigor-valendo-mais-100-reais-para-o-trabalhador\/"]}]},{"@type":"ImageObject","inLanguage":"pt-BR","@id":"https:\/\/www.notibras.com\/site\/novo-salario-minimo-entra-em-vigor-valendo-mais-100-reais-para-o-trabalhador\/#primaryimage","url":"https:\/\/www.notibras.com\/site\/wp-content\/uploads\/2016\/01\/473756847_1eae2f9aaf.jpg","contentUrl":"https:\/\/www.notibras.com\/site\/wp-content\/uploads\/2016\/01\/473756847_1eae2f9aaf.jpg","width":500,"height":375},{"@type":"BreadcrumbList","@id":"https:\/\/www.notibras.com\/site\/novo-salario-minimo-entra-em-vigor-valendo-mais-100-reais-para-o-trabalhador\/#breadcrumb","itemListElement":[{"@type":"ListItem","position":1,"name":"In\u00edcio","item":"https:\/\/www.notibras.com\/site\/"},{"@type":"ListItem","position":2,"name":"Novo sal\u00e1rio m\u00ednimo entra em vigor valendo mais 100 reais para o pobre do trabalhador"}]},{"@type":"WebSite","@id":"https:\/\/www.notibras.com\/site\/#website","url":"https:\/\/www.notibras.com\/site\/","name":"Notibras","description":"Not\u00edcias de Bras\u00edlia, do Brasil e do Mundo","publisher":{"@id":"https:\/\/www.notibras.com\/site\/#organization"},"potentialAction":[{"@type":"SearchAction","target":{"@type":"EntryPoint","urlTemplate":"https:\/\/www.notibras.com\/site\/?s={search_term_string}"},"query-input":{"@type":"PropertyValueSpecification","valueRequired":true,"valueName":"search_term_string"}}],"inLanguage":"pt-BR"},{"@type":"Organization","@id":"https:\/\/www.notibras.com\/site\/#organization","name":"Grupo Notibras de Comunica\u00e7\u00e3o","url":"https:\/\/www.notibras.com\/site\/","logo":{"@type":"ImageObject","inLanguage":"pt-BR","@id":"https:\/\/www.notibras.com\/site\/#\/schema\/logo\/image\/","url":"https:\/\/www.notibras.com\/site\/wp-content\/uploads\/2023\/01\/notibras23.png","contentUrl":"https:\/\/www.notibras.com\/site\/wp-content\/uploads\/2023\/01\/notibras23.png","width":350,"height":87,"caption":"Grupo Notibras de Comunica\u00e7\u00e3o"},"image":{"@id":"https:\/\/www.notibras.com\/site\/#\/schema\/logo\/image\/"},"sameAs":["https:\/\/www.facebook.com\/notibras\/","https:\/\/x.com\/Notibras","https:\/\/www.instagram.com\/notibras\/"]},{"@type":"Person","@id":"https:\/\/www.notibras.com\/site\/#\/schema\/person\/36ab0979449956132d3e5b517ea76ac8","name":"Reda\u00e7\u00e3o","image":{"@type":"ImageObject","inLanguage":"pt-BR","@id":"https:\/\/secure.gravatar.com\/avatar\/e0a867bdedb85fd243eadf09663511f96fc81e0720a4a42581f334ad4303aa6b?s=96&d=mm&r=g","url":"https:\/\/secure.gravatar.com\/avatar\/e0a867bdedb85fd243eadf09663511f96fc81e0720a4a42581f334ad4303aa6b?s=96&d=mm&r=g","contentUrl":"https:\/\/secure.gravatar.com\/avatar\/e0a867bdedb85fd243eadf09663511f96fc81e0720a4a42581f334ad4303aa6b?s=96&d=mm&r=g","caption":"Reda\u00e7\u00e3o"}}]}},"amp_enabled":true,"_links":{"self":[{"href":"https:\/\/www.notibras.com\/site\/wp-json\/wp\/v2\/posts\/82969","targetHints":{"allow":["GET"]}}],"collection":[{"href":"https:\/\/www.notibras.com\/site\/wp-json\/wp\/v2\/posts"}],"about":[{"href":"https:\/\/www.notibras.com\/site\/wp-json\/wp\/v2\/types\/post"}],"author":[{"embeddable":true,"href":"https:\/\/www.notibras.com\/site\/wp-json\/wp\/v2\/users\/2"}],"replies":[{"embeddable":true,"href":"https:\/\/www.notibras.com\/site\/wp-json\/wp\/v2\/comments?post=82969"}],"version-history":[{"count":2,"href":"https:\/\/www.notibras.com\/site\/wp-json\/wp\/v2\/posts\/82969\/revisions"}],"predecessor-version":[{"id":83043,"href":"https:\/\/www.notibras.com\/site\/wp-json\/wp\/v2\/posts\/82969\/revisions\/83043"}],"wp:featuredmedia":[{"embeddable":true,"href":"https:\/\/www.notibras.com\/site\/wp-json\/wp\/v2\/media\/82970"}],"wp:attachment":[{"href":"https:\/\/www.notibras.com\/site\/wp-json\/wp\/v2\/media?parent=82969"}],"wp:term":[{"taxonomy":"category","embeddable":true,"href":"https:\/\/www.notibras.com\/site\/wp-json\/wp\/v2\/categories?post=82969"},{"taxonomy":"post_tag","embeddable":true,"href":"https:\/\/www.notibras.com\/site\/wp-json\/wp\/v2\/tags?post=82969"}],"curies":[{"name":"wp","href":"https:\/\/api.w.org\/{rel}","templated":true}]}}