{"id":83061,"date":"2016-01-03T10:59:10","date_gmt":"2016-01-03T12:59:10","guid":{"rendered":"http:\/\/www.notibras.com\/site\/?p=83061"},"modified":"2016-01-03T11:01:01","modified_gmt":"2016-01-03T13:01:01","slug":"desgaste-de-lula-ameaca-performance-do-pt-para-as-eleicoes-municipais","status":"publish","type":"post","link":"https:\/\/www.notibras.com\/site\/desgaste-de-lula-ameaca-performance-do-pt-para-as-eleicoes-municipais\/","title":{"rendered":"Desgaste de Lula amea\u00e7a a performance do PT para as pr\u00f3ximas elei\u00e7\u00f5es municipais"},"content":{"rendered":"<h6 class=\"Assina\"><strong>Ricardo Galhardo<\/strong><\/h6>\n<p>A diretoria do Instituto Lula postergou para o in\u00edcio de 2016 a reuni\u00e3o de planejamento das atividades para o ano que se inicia. Desde que o instituto foi criado, em 2011, essa reuni\u00e3o \u00e9 realizada no fim do ano anterior. Em 2015, isso n\u00e3o foi poss\u00edvel, segundo auxiliares do ex-presidente Luiz In\u00e1cio Lula da Silva, porque a agenda do petista em dezembro foi quase totalmente tomada por medidas defensivas. O epis\u00f3dio ilustra como foi 2015 para Lula, ano em que mais foi alvo de desgaste desde que deixou o Pal\u00e1cio do Planalto.<\/p>\n<p>Depois de ajudar a reeleger sua sucessora, Dilma Rousseff, em uma disputa apertada contra o tucano A\u00e9cio Neves, em 2014, o ex-presidente que deixou o governo com o maior \u00edndice de aprova\u00e7\u00e3o j\u00e1 registrado no Brasil &#8211; 87%, segundo o CNI\/Ibope &#8211; viu seu capital pol\u00edtico escorrer pelas m\u00e3os em meio a fracassos na economia, erros na condu\u00e7\u00e3o pol\u00edtica do governo, o derretimento pol\u00edtico do PT, manifesta\u00e7\u00f5es nas ruas, amea\u00e7a de impeachment de Dilma, investiga\u00e7\u00f5es envolvendo integrantes de sua fam\u00edlia, amigos e o pr\u00f3prio instituto.<\/p>\n<p>Em 20 de junho, durante encontro com l\u00edderes religiosos, em S\u00e3o Paulo, o pr\u00f3prio Lula resumiu a situa\u00e7\u00e3o, com uma de suas tradicionais met\u00e1foras: &#8220;Dilma est\u00e1 no volume morto, o PT est\u00e1 abaixo do volume morto, eu estou no volume morto&#8221;.<\/p>\n<p>Pesquisas mostram que, para o eleitorado, as boas lembran\u00e7as do governo Lula est\u00e3o cada vez mais distantes. Segundo o Datafolha, em dezembro de 2010, 71% consideravam o petista o maior presidente da hist\u00f3ria do Brasil. Em novembro de 2015, essa taxa era de 39%.<\/p>\n<p>&#8216;Padre C\u00edcero&#8217;. Dirigentes petistas admitem, reservadamente, que os acontecimentos de 2015 precipitaram um processo de desmitifica\u00e7\u00e3o de Lula. Em 2009, pouco antes de deixar o governo de Minas para se candidatar ao Senado, A\u00e9cio dizia em conversas reservadas que nunca enfrentaria Lula nas urnas porque o petista havia alcan\u00e7ado a condi\u00e7\u00e3o de mito em algumas regi\u00f5es do Pa\u00eds, principalmente no Nordeste, onde, segundo o mineiro, o ex-presidente havia obtido o mesmo status de Padre C\u00edcero. Hoje, conforme pesquisas, o tucano bateria o petista nas urnas com 31% das inten\u00e7\u00f5es de votos, ante 22% do advers\u00e1rio.<\/p>\n<p>Segundo auxiliares pr\u00f3ximos de Lula, o fracasso de Dilma na \u00e1rea econ\u00f4mica e as contradi\u00e7\u00f5es entre o discurso de campanha da presidente e a pr\u00e1tica s\u00e3o suas maiores preocupa\u00e7\u00f5es. Em conversas recentes, ele teria manifestado inc\u00f4modo com o impacto da economia nos programas sociais. A um interlocutor, expressou o temor de que o Pa\u00eds &#8220;volte atr\u00e1s dez anos&#8221; e for\u00e7as de esquerda tenham de &#8220;come\u00e7ar tudo outra vez&#8221;.<\/p>\n<p>Por isso, estaria concentrando seus esfor\u00e7os em ajudar Dilma a recompor sua base pol\u00edtica (na sociedade e no Congresso), afastar o risco do impeachment e retomar a rota de crescimento econ\u00f4mico para evitar retrocesso na \u00e1rea social. &#8220;\u00c9 a primeira vez que ele n\u00e3o sabe o que fazer&#8221;, diz um petista que o acompanha h\u00e1 mais de tr\u00eas d\u00e9cadas.<\/p>\n<p>Opera\u00e7\u00f5es. Mas a principal causa do abalo na imagem do ex-presidente, segundo an\u00e1lises internas do PT, \u00e9 a aproxima\u00e7\u00e3o de investiga\u00e7\u00f5es como Lava Jato e Zelotes a amigos e parentes do petista. Desde que o doleiro Alberto Youssef disse que Lula &#8220;tinha conhecimento&#8221; do esquema de desvios na Petrobr\u00e1s, aumentou a impress\u00e3o de que o cerco se fecha em torno do ex-presidente. Embora o juiz da Lava Jato, S\u00e9rgio Moro, e o Minist\u00e9rio P\u00fablico Federal afirmem que Lula n\u00e3o \u00e9 investigado, seu nome tem sido constantemente citado em relat\u00f3rios da Pol\u00edcia Federal e depoimentos.<\/p>\n<p>Segundo o Instituto Lula, o ex-presidente est\u00e1 tranquilo em rela\u00e7\u00e3o ao aspecto jur\u00eddico das cita\u00e7\u00f5es, mas admite que elas t\u00eam sido usadas para desgast\u00e1-lo politicamente. &#8220;\u00c9 evidente que existe um processo de desconstru\u00e7\u00e3o da imagem do Lula&#8221;, disse o jornalista Celso Marcondes, um dos diretores do instituto. &#8220;\u00c9 evidente que existe um processo de desconstru\u00e7\u00e3o da imagem do Lula&#8221;.<\/p>\n<p><img loading=\"lazy\" decoding=\"async\" class=\"alignnone size-full wp-image-70065\" src=\"http:\/\/www.notibras.com\/site\/wp-content\/uploads\/2015\/10\/estadao.png\" alt=\"estadao\" width=\"99\" height=\"16\" \/><\/p>\n","protected":false},"excerpt":{"rendered":"<p>Ricardo Galhardo A diretoria do Instituto Lula postergou para o in\u00edcio de 2016 a reuni\u00e3o de planejamento das atividades para o ano que se inicia. Desde que o instituto foi criado, em 2011, essa reuni\u00e3o \u00e9 realizada no fim do ano anterior. Em 2015, isso n\u00e3o foi poss\u00edvel, segundo auxiliares do ex-presidente Luiz In\u00e1cio Lula [&hellip;]<\/p>\n","protected":false},"author":2,"featured_media":83062,"comment_status":"open","ping_status":"closed","sticky":false,"template":"","format":"standard","meta":{"_acf_changed":false,"footnotes":""},"categories":[16],"tags":[],"class_list":["post-83061","post","type-post","status-publish","format-standard","has-post-thumbnail","hentry","category-brasil"],"acf":[],"yoast_head":"<!-- This site is optimized with the Yoast SEO plugin v27.2 - https:\/\/yoast.com\/product\/yoast-seo-wordpress\/ -->\n<title>Desgaste de Lula amea\u00e7a a performance do PT para as pr\u00f3ximas elei\u00e7\u00f5es municipais - Notibras<\/title>\n<meta name=\"robots\" content=\"index, follow, max-snippet:-1, max-image-preview:large, max-video-preview:-1\" \/>\n<link rel=\"canonical\" href=\"https:\/\/www.notibras.com\/site\/desgaste-de-lula-ameaca-performance-do-pt-para-as-eleicoes-municipais\/\" \/>\n<meta property=\"og:locale\" content=\"pt_BR\" \/>\n<meta property=\"og:type\" content=\"article\" \/>\n<meta property=\"og:title\" content=\"Desgaste de Lula amea\u00e7a a performance do PT para as pr\u00f3ximas elei\u00e7\u00f5es municipais - Notibras\" \/>\n<meta property=\"og:description\" content=\"Ricardo Galhardo A diretoria do Instituto Lula postergou para o in\u00edcio de 2016 a reuni\u00e3o de planejamento das atividades para o ano que se inicia. Desde que o instituto foi criado, em 2011, essa reuni\u00e3o \u00e9 realizada no fim do ano anterior. Em 2015, isso n\u00e3o foi poss\u00edvel, segundo auxiliares do ex-presidente Luiz In\u00e1cio Lula [&hellip;]\" \/>\n<meta property=\"og:url\" content=\"https:\/\/www.notibras.com\/site\/desgaste-de-lula-ameaca-performance-do-pt-para-as-eleicoes-municipais\/\" \/>\n<meta property=\"og:site_name\" content=\"Notibras\" \/>\n<meta property=\"article:publisher\" content=\"https:\/\/www.facebook.com\/notibras\/\" \/>\n<meta property=\"article:published_time\" content=\"2016-01-03T12:59:10+00:00\" \/>\n<meta property=\"article:modified_time\" content=\"2016-01-03T13:01:01+00:00\" \/>\n<meta property=\"og:image\" content=\"https:\/\/www.notibras.com\/site\/wp-content\/uploads\/2016\/01\/content_IMGM6342.jpg\" \/>\n\t<meta property=\"og:image:width\" content=\"800\" \/>\n\t<meta property=\"og:image:height\" content=\"534\" \/>\n\t<meta property=\"og:image:type\" content=\"image\/jpeg\" \/>\n<meta name=\"author\" content=\"Reda\u00e7\u00e3o\" \/>\n<meta name=\"twitter:card\" content=\"summary_large_image\" \/>\n<meta name=\"twitter:creator\" content=\"@Notibras\" \/>\n<meta name=\"twitter:site\" content=\"@Notibras\" \/>\n<meta name=\"twitter:label1\" content=\"Escrito por\" \/>\n\t<meta name=\"twitter:data1\" content=\"Reda\u00e7\u00e3o\" \/>\n\t<meta name=\"twitter:label2\" content=\"Est. tempo de leitura\" \/>\n\t<meta name=\"twitter:data2\" content=\"3 minutos\" \/>\n<script type=\"application\/ld+json\" class=\"yoast-schema-graph\">{\"@context\":\"https:\/\/schema.org\",\"@graph\":[{\"@type\":\"Article\",\"@id\":\"https:\/\/www.notibras.com\/site\/desgaste-de-lula-ameaca-performance-do-pt-para-as-eleicoes-municipais\/#article\",\"isPartOf\":{\"@id\":\"https:\/\/www.notibras.com\/site\/desgaste-de-lula-ameaca-performance-do-pt-para-as-eleicoes-municipais\/\"},\"author\":{\"name\":\"Reda\u00e7\u00e3o\",\"@id\":\"https:\/\/www.notibras.com\/site\/#\/schema\/person\/36ab0979449956132d3e5b517ea76ac8\"},\"headline\":\"Desgaste de Lula amea\u00e7a a performance do PT para as pr\u00f3ximas elei\u00e7\u00f5es municipais\",\"datePublished\":\"2016-01-03T12:59:10+00:00\",\"dateModified\":\"2016-01-03T13:01:01+00:00\",\"mainEntityOfPage\":{\"@id\":\"https:\/\/www.notibras.com\/site\/desgaste-de-lula-ameaca-performance-do-pt-para-as-eleicoes-municipais\/\"},\"wordCount\":709,\"commentCount\":0,\"publisher\":{\"@id\":\"https:\/\/www.notibras.com\/site\/#organization\"},\"image\":{\"@id\":\"https:\/\/www.notibras.com\/site\/desgaste-de-lula-ameaca-performance-do-pt-para-as-eleicoes-municipais\/#primaryimage\"},\"thumbnailUrl\":\"https:\/\/www.notibras.com\/site\/wp-content\/uploads\/2016\/01\/content_IMGM6342.jpg\",\"articleSection\":[\"Brasil\"],\"inLanguage\":\"pt-BR\",\"potentialAction\":[{\"@type\":\"CommentAction\",\"name\":\"Comment\",\"target\":[\"https:\/\/www.notibras.com\/site\/desgaste-de-lula-ameaca-performance-do-pt-para-as-eleicoes-municipais\/#respond\"]}]},{\"@type\":\"WebPage\",\"@id\":\"https:\/\/www.notibras.com\/site\/desgaste-de-lula-ameaca-performance-do-pt-para-as-eleicoes-municipais\/\",\"url\":\"https:\/\/www.notibras.com\/site\/desgaste-de-lula-ameaca-performance-do-pt-para-as-eleicoes-municipais\/\",\"name\":\"Desgaste de Lula amea\u00e7a a performance do PT para as pr\u00f3ximas elei\u00e7\u00f5es municipais - Notibras\",\"isPartOf\":{\"@id\":\"https:\/\/www.notibras.com\/site\/#website\"},\"primaryImageOfPage\":{\"@id\":\"https:\/\/www.notibras.com\/site\/desgaste-de-lula-ameaca-performance-do-pt-para-as-eleicoes-municipais\/#primaryimage\"},\"image\":{\"@id\":\"https:\/\/www.notibras.com\/site\/desgaste-de-lula-ameaca-performance-do-pt-para-as-eleicoes-municipais\/#primaryimage\"},\"thumbnailUrl\":\"https:\/\/www.notibras.com\/site\/wp-content\/uploads\/2016\/01\/content_IMGM6342.jpg\",\"datePublished\":\"2016-01-03T12:59:10+00:00\",\"dateModified\":\"2016-01-03T13:01:01+00:00\",\"breadcrumb\":{\"@id\":\"https:\/\/www.notibras.com\/site\/desgaste-de-lula-ameaca-performance-do-pt-para-as-eleicoes-municipais\/#breadcrumb\"},\"inLanguage\":\"pt-BR\",\"potentialAction\":[{\"@type\":\"ReadAction\",\"target\":[\"https:\/\/www.notibras.com\/site\/desgaste-de-lula-ameaca-performance-do-pt-para-as-eleicoes-municipais\/\"]}]},{\"@type\":\"ImageObject\",\"inLanguage\":\"pt-BR\",\"@id\":\"https:\/\/www.notibras.com\/site\/desgaste-de-lula-ameaca-performance-do-pt-para-as-eleicoes-municipais\/#primaryimage\",\"url\":\"https:\/\/www.notibras.com\/site\/wp-content\/uploads\/2016\/01\/content_IMGM6342.jpg\",\"contentUrl\":\"https:\/\/www.notibras.com\/site\/wp-content\/uploads\/2016\/01\/content_IMGM6342.jpg\",\"width\":800,\"height\":534},{\"@type\":\"BreadcrumbList\",\"@id\":\"https:\/\/www.notibras.com\/site\/desgaste-de-lula-ameaca-performance-do-pt-para-as-eleicoes-municipais\/#breadcrumb\",\"itemListElement\":[{\"@type\":\"ListItem\",\"position\":1,\"name\":\"In\u00edcio\",\"item\":\"https:\/\/www.notibras.com\/site\/\"},{\"@type\":\"ListItem\",\"position\":2,\"name\":\"Desgaste de Lula amea\u00e7a a performance do PT para as pr\u00f3ximas elei\u00e7\u00f5es municipais\"}]},{\"@type\":\"WebSite\",\"@id\":\"https:\/\/www.notibras.com\/site\/#website\",\"url\":\"https:\/\/www.notibras.com\/site\/\",\"name\":\"Notibras\",\"description\":\"Not\u00edcias de Bras\u00edlia, do Brasil e do Mundo\",\"publisher\":{\"@id\":\"https:\/\/www.notibras.com\/site\/#organization\"},\"potentialAction\":[{\"@type\":\"SearchAction\",\"target\":{\"@type\":\"EntryPoint\",\"urlTemplate\":\"https:\/\/www.notibras.com\/site\/?s={search_term_string}\"},\"query-input\":{\"@type\":\"PropertyValueSpecification\",\"valueRequired\":true,\"valueName\":\"search_term_string\"}}],\"inLanguage\":\"pt-BR\"},{\"@type\":\"Organization\",\"@id\":\"https:\/\/www.notibras.com\/site\/#organization\",\"name\":\"Grupo Notibras de Comunica\u00e7\u00e3o\",\"url\":\"https:\/\/www.notibras.com\/site\/\",\"logo\":{\"@type\":\"ImageObject\",\"inLanguage\":\"pt-BR\",\"@id\":\"https:\/\/www.notibras.com\/site\/#\/schema\/logo\/image\/\",\"url\":\"https:\/\/www.notibras.com\/site\/wp-content\/uploads\/2023\/01\/notibras23.png\",\"contentUrl\":\"https:\/\/www.notibras.com\/site\/wp-content\/uploads\/2023\/01\/notibras23.png\",\"width\":350,\"height\":87,\"caption\":\"Grupo Notibras de Comunica\u00e7\u00e3o\"},\"image\":{\"@id\":\"https:\/\/www.notibras.com\/site\/#\/schema\/logo\/image\/\"},\"sameAs\":[\"https:\/\/www.facebook.com\/notibras\/\",\"https:\/\/x.com\/Notibras\",\"https:\/\/www.instagram.com\/notibras\/\"]},{\"@type\":\"Person\",\"@id\":\"https:\/\/www.notibras.com\/site\/#\/schema\/person\/36ab0979449956132d3e5b517ea76ac8\",\"name\":\"Reda\u00e7\u00e3o\",\"image\":{\"@type\":\"ImageObject\",\"inLanguage\":\"pt-BR\",\"@id\":\"https:\/\/secure.gravatar.com\/avatar\/e0a867bdedb85fd243eadf09663511f96fc81e0720a4a42581f334ad4303aa6b?s=96&d=mm&r=g\",\"url\":\"https:\/\/secure.gravatar.com\/avatar\/e0a867bdedb85fd243eadf09663511f96fc81e0720a4a42581f334ad4303aa6b?s=96&d=mm&r=g\",\"contentUrl\":\"https:\/\/secure.gravatar.com\/avatar\/e0a867bdedb85fd243eadf09663511f96fc81e0720a4a42581f334ad4303aa6b?s=96&d=mm&r=g\",\"caption\":\"Reda\u00e7\u00e3o\"}}]}<\/script>\n<!-- \/ Yoast SEO plugin. -->","yoast_head_json":{"title":"Desgaste de Lula amea\u00e7a a performance do PT para as pr\u00f3ximas elei\u00e7\u00f5es municipais - Notibras","robots":{"index":"index","follow":"follow","max-snippet":"max-snippet:-1","max-image-preview":"max-image-preview:large","max-video-preview":"max-video-preview:-1"},"canonical":"https:\/\/www.notibras.com\/site\/desgaste-de-lula-ameaca-performance-do-pt-para-as-eleicoes-municipais\/","og_locale":"pt_BR","og_type":"article","og_title":"Desgaste de Lula amea\u00e7a a performance do PT para as pr\u00f3ximas elei\u00e7\u00f5es municipais - Notibras","og_description":"Ricardo Galhardo A diretoria do Instituto Lula postergou para o in\u00edcio de 2016 a reuni\u00e3o de planejamento das atividades para o ano que se inicia. Desde que o instituto foi criado, em 2011, essa reuni\u00e3o \u00e9 realizada no fim do ano anterior. Em 2015, isso n\u00e3o foi poss\u00edvel, segundo auxiliares do ex-presidente Luiz In\u00e1cio Lula [&hellip;]","og_url":"https:\/\/www.notibras.com\/site\/desgaste-de-lula-ameaca-performance-do-pt-para-as-eleicoes-municipais\/","og_site_name":"Notibras","article_publisher":"https:\/\/www.facebook.com\/notibras\/","article_published_time":"2016-01-03T12:59:10+00:00","article_modified_time":"2016-01-03T13:01:01+00:00","og_image":[{"width":800,"height":534,"url":"https:\/\/www.notibras.com\/site\/wp-content\/uploads\/2016\/01\/content_IMGM6342.jpg","type":"image\/jpeg"}],"author":"Reda\u00e7\u00e3o","twitter_card":"summary_large_image","twitter_creator":"@Notibras","twitter_site":"@Notibras","twitter_misc":{"Escrito por":"Reda\u00e7\u00e3o","Est. tempo de leitura":"3 minutos"},"schema":{"@context":"https:\/\/schema.org","@graph":[{"@type":"Article","@id":"https:\/\/www.notibras.com\/site\/desgaste-de-lula-ameaca-performance-do-pt-para-as-eleicoes-municipais\/#article","isPartOf":{"@id":"https:\/\/www.notibras.com\/site\/desgaste-de-lula-ameaca-performance-do-pt-para-as-eleicoes-municipais\/"},"author":{"name":"Reda\u00e7\u00e3o","@id":"https:\/\/www.notibras.com\/site\/#\/schema\/person\/36ab0979449956132d3e5b517ea76ac8"},"headline":"Desgaste de Lula amea\u00e7a a performance do PT para as pr\u00f3ximas elei\u00e7\u00f5es municipais","datePublished":"2016-01-03T12:59:10+00:00","dateModified":"2016-01-03T13:01:01+00:00","mainEntityOfPage":{"@id":"https:\/\/www.notibras.com\/site\/desgaste-de-lula-ameaca-performance-do-pt-para-as-eleicoes-municipais\/"},"wordCount":709,"commentCount":0,"publisher":{"@id":"https:\/\/www.notibras.com\/site\/#organization"},"image":{"@id":"https:\/\/www.notibras.com\/site\/desgaste-de-lula-ameaca-performance-do-pt-para-as-eleicoes-municipais\/#primaryimage"},"thumbnailUrl":"https:\/\/www.notibras.com\/site\/wp-content\/uploads\/2016\/01\/content_IMGM6342.jpg","articleSection":["Brasil"],"inLanguage":"pt-BR","potentialAction":[{"@type":"CommentAction","name":"Comment","target":["https:\/\/www.notibras.com\/site\/desgaste-de-lula-ameaca-performance-do-pt-para-as-eleicoes-municipais\/#respond"]}]},{"@type":"WebPage","@id":"https:\/\/www.notibras.com\/site\/desgaste-de-lula-ameaca-performance-do-pt-para-as-eleicoes-municipais\/","url":"https:\/\/www.notibras.com\/site\/desgaste-de-lula-ameaca-performance-do-pt-para-as-eleicoes-municipais\/","name":"Desgaste de Lula amea\u00e7a a performance do PT para as pr\u00f3ximas elei\u00e7\u00f5es municipais - Notibras","isPartOf":{"@id":"https:\/\/www.notibras.com\/site\/#website"},"primaryImageOfPage":{"@id":"https:\/\/www.notibras.com\/site\/desgaste-de-lula-ameaca-performance-do-pt-para-as-eleicoes-municipais\/#primaryimage"},"image":{"@id":"https:\/\/www.notibras.com\/site\/desgaste-de-lula-ameaca-performance-do-pt-para-as-eleicoes-municipais\/#primaryimage"},"thumbnailUrl":"https:\/\/www.notibras.com\/site\/wp-content\/uploads\/2016\/01\/content_IMGM6342.jpg","datePublished":"2016-01-03T12:59:10+00:00","dateModified":"2016-01-03T13:01:01+00:00","breadcrumb":{"@id":"https:\/\/www.notibras.com\/site\/desgaste-de-lula-ameaca-performance-do-pt-para-as-eleicoes-municipais\/#breadcrumb"},"inLanguage":"pt-BR","potentialAction":[{"@type":"ReadAction","target":["https:\/\/www.notibras.com\/site\/desgaste-de-lula-ameaca-performance-do-pt-para-as-eleicoes-municipais\/"]}]},{"@type":"ImageObject","inLanguage":"pt-BR","@id":"https:\/\/www.notibras.com\/site\/desgaste-de-lula-ameaca-performance-do-pt-para-as-eleicoes-municipais\/#primaryimage","url":"https:\/\/www.notibras.com\/site\/wp-content\/uploads\/2016\/01\/content_IMGM6342.jpg","contentUrl":"https:\/\/www.notibras.com\/site\/wp-content\/uploads\/2016\/01\/content_IMGM6342.jpg","width":800,"height":534},{"@type":"BreadcrumbList","@id":"https:\/\/www.notibras.com\/site\/desgaste-de-lula-ameaca-performance-do-pt-para-as-eleicoes-municipais\/#breadcrumb","itemListElement":[{"@type":"ListItem","position":1,"name":"In\u00edcio","item":"https:\/\/www.notibras.com\/site\/"},{"@type":"ListItem","position":2,"name":"Desgaste de Lula amea\u00e7a a performance do PT para as pr\u00f3ximas elei\u00e7\u00f5es municipais"}]},{"@type":"WebSite","@id":"https:\/\/www.notibras.com\/site\/#website","url":"https:\/\/www.notibras.com\/site\/","name":"Notibras","description":"Not\u00edcias de Bras\u00edlia, do Brasil e do Mundo","publisher":{"@id":"https:\/\/www.notibras.com\/site\/#organization"},"potentialAction":[{"@type":"SearchAction","target":{"@type":"EntryPoint","urlTemplate":"https:\/\/www.notibras.com\/site\/?s={search_term_string}"},"query-input":{"@type":"PropertyValueSpecification","valueRequired":true,"valueName":"search_term_string"}}],"inLanguage":"pt-BR"},{"@type":"Organization","@id":"https:\/\/www.notibras.com\/site\/#organization","name":"Grupo Notibras de Comunica\u00e7\u00e3o","url":"https:\/\/www.notibras.com\/site\/","logo":{"@type":"ImageObject","inLanguage":"pt-BR","@id":"https:\/\/www.notibras.com\/site\/#\/schema\/logo\/image\/","url":"https:\/\/www.notibras.com\/site\/wp-content\/uploads\/2023\/01\/notibras23.png","contentUrl":"https:\/\/www.notibras.com\/site\/wp-content\/uploads\/2023\/01\/notibras23.png","width":350,"height":87,"caption":"Grupo Notibras de Comunica\u00e7\u00e3o"},"image":{"@id":"https:\/\/www.notibras.com\/site\/#\/schema\/logo\/image\/"},"sameAs":["https:\/\/www.facebook.com\/notibras\/","https:\/\/x.com\/Notibras","https:\/\/www.instagram.com\/notibras\/"]},{"@type":"Person","@id":"https:\/\/www.notibras.com\/site\/#\/schema\/person\/36ab0979449956132d3e5b517ea76ac8","name":"Reda\u00e7\u00e3o","image":{"@type":"ImageObject","inLanguage":"pt-BR","@id":"https:\/\/secure.gravatar.com\/avatar\/e0a867bdedb85fd243eadf09663511f96fc81e0720a4a42581f334ad4303aa6b?s=96&d=mm&r=g","url":"https:\/\/secure.gravatar.com\/avatar\/e0a867bdedb85fd243eadf09663511f96fc81e0720a4a42581f334ad4303aa6b?s=96&d=mm&r=g","contentUrl":"https:\/\/secure.gravatar.com\/avatar\/e0a867bdedb85fd243eadf09663511f96fc81e0720a4a42581f334ad4303aa6b?s=96&d=mm&r=g","caption":"Reda\u00e7\u00e3o"}}]}},"amp_enabled":true,"_links":{"self":[{"href":"https:\/\/www.notibras.com\/site\/wp-json\/wp\/v2\/posts\/83061","targetHints":{"allow":["GET"]}}],"collection":[{"href":"https:\/\/www.notibras.com\/site\/wp-json\/wp\/v2\/posts"}],"about":[{"href":"https:\/\/www.notibras.com\/site\/wp-json\/wp\/v2\/types\/post"}],"author":[{"embeddable":true,"href":"https:\/\/www.notibras.com\/site\/wp-json\/wp\/v2\/users\/2"}],"replies":[{"embeddable":true,"href":"https:\/\/www.notibras.com\/site\/wp-json\/wp\/v2\/comments?post=83061"}],"version-history":[{"count":4,"href":"https:\/\/www.notibras.com\/site\/wp-json\/wp\/v2\/posts\/83061\/revisions"}],"predecessor-version":[{"id":83066,"href":"https:\/\/www.notibras.com\/site\/wp-json\/wp\/v2\/posts\/83061\/revisions\/83066"}],"wp:featuredmedia":[{"embeddable":true,"href":"https:\/\/www.notibras.com\/site\/wp-json\/wp\/v2\/media\/83062"}],"wp:attachment":[{"href":"https:\/\/www.notibras.com\/site\/wp-json\/wp\/v2\/media?parent=83061"}],"wp:term":[{"taxonomy":"category","embeddable":true,"href":"https:\/\/www.notibras.com\/site\/wp-json\/wp\/v2\/categories?post=83061"},{"taxonomy":"post_tag","embeddable":true,"href":"https:\/\/www.notibras.com\/site\/wp-json\/wp\/v2\/tags?post=83061"}],"curies":[{"name":"wp","href":"https:\/\/api.w.org\/{rel}","templated":true}]}}