{"id":83081,"date":"2016-01-03T10:31:41","date_gmt":"2016-01-03T12:31:41","guid":{"rendered":"http:\/\/www.notibras.com\/site\/?p=83081"},"modified":"2016-01-03T20:23:40","modified_gmt":"2016-01-03T22:23:40","slug":"chuvas-torrenciais-no-litoral-fazem-paulistano-voltar-mais-cedo-para-casa-no-feriadao","status":"publish","type":"post","link":"https:\/\/www.notibras.com\/site\/chuvas-torrenciais-no-litoral-fazem-paulistano-voltar-mais-cedo-para-casa-no-feriadao\/","title":{"rendered":"Chuvas torrenciais no litoral fazem paulistano voltar mais cedo para casa no feriad\u00e3o"},"content":{"rendered":"<p><strong>Victor Aguiar, Luiz Alexandre Souza Ventura e Reginaldo Pupo<\/strong><\/p>\n<p>O primeiro fim de semana de 2016 come\u00e7ou chuvoso na Baixada Santista, o que fez os paulistanos anteciparem a volta para S\u00e3o Paulo. At\u00e9 a noite de s\u00e1bado, quase 70% dos 548 mil carros que desceram para o litoral pelo Sistema Anchieta-Imigrantes j\u00e1 haviam retornado, segundo a concession\u00e1ria Ecovias.<\/p>\n<p>\u00c0s 18 horas de ontem, as pistas da Imigrantes no sentido da capital tinham 18 quil\u00f4metros de lentid\u00e3o por causa do excesso de ve\u00edculos. Mas a rodovia mais congestionada do Estado foi a Padre Manoel da N\u00f3brega, que, no final da tarde, registrava 44 quil\u00f4metros de filas. A Mogi-Bertioga chegou a ter 34 quil\u00f4metros congestionados.<\/p>\n<p>Quem ficou para aproveitar o resto do feriado prolongado na Baixada enfrentou transtornos por causa da superlota\u00e7\u00e3o. As nove cidades da regi\u00e3o receberam 3 milh\u00f5es de visitantes desde o dia 28. Na Praia da Casa Branca, em Peru\u00edbe, vagas para estacionar na rua s\u00e3o raras, e a padaria local est\u00e1 sempre cheia. &#8220;A fila na padaria \u00e9 enorme. Costuma faltar p\u00e3o e precisamos aguardar a pr\u00f3xima fornada&#8221;, diz a aposentada Jane Mary de Souza, de 58 anos.<\/p>\n<p>O cen\u00e1rio nas praias de Santos tamb\u00e9m mudou por causa da chuva. Havia poucas pessoas com guarda-sol, e a maioria caminhava perto do mar. Shoppings e restaurantes come\u00e7aram a ficar cheios mais cedo, com filas na porta.<\/p>\n<p><b>Ilhabela &#8211;<\/b>\u00a0A superlota\u00e7\u00e3o tamb\u00e9m incomodou no litoral norte, onde turistas reclamaram de problemas de conex\u00e3o com a internet. A principal queixa era dificuldade para usar servi\u00e7os instant\u00e2neos de mensagens e fazer liga\u00e7\u00e3o por telefone.<\/p>\n<p>&nbsp;<\/p>\n","protected":false},"excerpt":{"rendered":"<p>Victor Aguiar, Luiz Alexandre Souza Ventura e Reginaldo Pupo O primeiro fim de semana de 2016 come\u00e7ou chuvoso na Baixada Santista, o que fez os paulistanos anteciparem a volta para S\u00e3o Paulo. At\u00e9 a noite de s\u00e1bado, quase 70% dos 548 mil carros que desceram para o litoral pelo Sistema Anchieta-Imigrantes j\u00e1 haviam retornado, segundo [&hellip;]<\/p>\n","protected":false},"author":2,"featured_media":83082,"comment_status":"open","ping_status":"closed","sticky":false,"template":"","format":"standard","meta":{"_acf_changed":false,"footnotes":""},"categories":[16],"tags":[],"class_list":["post-83081","post","type-post","status-publish","format-standard","has-post-thumbnail","hentry","category-brasil"],"acf":[],"yoast_head":"<!-- This site is optimized with the Yoast SEO plugin v27.2 - https:\/\/yoast.com\/product\/yoast-seo-wordpress\/ -->\n<title>Chuvas torrenciais no litoral fazem paulistano voltar mais cedo para casa no feriad\u00e3o - Notibras<\/title>\n<meta name=\"robots\" content=\"index, follow, max-snippet:-1, max-image-preview:large, max-video-preview:-1\" \/>\n<link rel=\"canonical\" href=\"https:\/\/www.notibras.com\/site\/chuvas-torrenciais-no-litoral-fazem-paulistano-voltar-mais-cedo-para-casa-no-feriadao\/\" \/>\n<meta property=\"og:locale\" content=\"pt_BR\" \/>\n<meta property=\"og:type\" content=\"article\" \/>\n<meta property=\"og:title\" content=\"Chuvas torrenciais no litoral fazem paulistano voltar mais cedo para casa no feriad\u00e3o - Notibras\" \/>\n<meta property=\"og:description\" content=\"Victor Aguiar, Luiz Alexandre Souza Ventura e Reginaldo Pupo O primeiro fim de semana de 2016 come\u00e7ou chuvoso na Baixada Santista, o que fez os paulistanos anteciparem a volta para S\u00e3o Paulo. At\u00e9 a noite de s\u00e1bado, quase 70% dos 548 mil carros que desceram para o litoral pelo Sistema Anchieta-Imigrantes j\u00e1 haviam retornado, segundo [&hellip;]\" \/>\n<meta property=\"og:url\" content=\"https:\/\/www.notibras.com\/site\/chuvas-torrenciais-no-litoral-fazem-paulistano-voltar-mais-cedo-para-casa-no-feriadao\/\" \/>\n<meta property=\"og:site_name\" content=\"Notibras\" \/>\n<meta property=\"article:publisher\" content=\"https:\/\/www.facebook.com\/notibras\/\" \/>\n<meta property=\"article:published_time\" content=\"2016-01-03T12:31:41+00:00\" \/>\n<meta property=\"article:modified_time\" content=\"2016-01-03T22:23:40+00:00\" \/>\n<meta property=\"og:image\" content=\"https:\/\/www.notibras.com\/site\/wp-content\/uploads\/2016\/01\/dutra_2.jpg\" \/>\n\t<meta property=\"og:image:width\" content=\"620\" \/>\n\t<meta property=\"og:image:height\" content=\"465\" \/>\n\t<meta property=\"og:image:type\" content=\"image\/jpeg\" \/>\n<meta name=\"author\" content=\"Reda\u00e7\u00e3o\" \/>\n<meta name=\"twitter:card\" content=\"summary_large_image\" \/>\n<meta name=\"twitter:creator\" content=\"@Notibras\" \/>\n<meta name=\"twitter:site\" content=\"@Notibras\" \/>\n<meta name=\"twitter:label1\" content=\"Escrito por\" \/>\n\t<meta name=\"twitter:data1\" content=\"Reda\u00e7\u00e3o\" \/>\n\t<meta name=\"twitter:label2\" content=\"Est. tempo de leitura\" \/>\n\t<meta name=\"twitter:data2\" content=\"1 minuto\" \/>\n<script type=\"application\/ld+json\" class=\"yoast-schema-graph\">{\"@context\":\"https:\/\/schema.org\",\"@graph\":[{\"@type\":\"Article\",\"@id\":\"https:\/\/www.notibras.com\/site\/chuvas-torrenciais-no-litoral-fazem-paulistano-voltar-mais-cedo-para-casa-no-feriadao\/#article\",\"isPartOf\":{\"@id\":\"https:\/\/www.notibras.com\/site\/chuvas-torrenciais-no-litoral-fazem-paulistano-voltar-mais-cedo-para-casa-no-feriadao\/\"},\"author\":{\"name\":\"Reda\u00e7\u00e3o\",\"@id\":\"https:\/\/www.notibras.com\/site\/#\/schema\/person\/36ab0979449956132d3e5b517ea76ac8\"},\"headline\":\"Chuvas torrenciais no litoral fazem paulistano voltar mais cedo para casa no feriad\u00e3o\",\"datePublished\":\"2016-01-03T12:31:41+00:00\",\"dateModified\":\"2016-01-03T22:23:40+00:00\",\"mainEntityOfPage\":{\"@id\":\"https:\/\/www.notibras.com\/site\/chuvas-torrenciais-no-litoral-fazem-paulistano-voltar-mais-cedo-para-casa-no-feriadao\/\"},\"wordCount\":292,\"commentCount\":0,\"publisher\":{\"@id\":\"https:\/\/www.notibras.com\/site\/#organization\"},\"image\":{\"@id\":\"https:\/\/www.notibras.com\/site\/chuvas-torrenciais-no-litoral-fazem-paulistano-voltar-mais-cedo-para-casa-no-feriadao\/#primaryimage\"},\"thumbnailUrl\":\"https:\/\/www.notibras.com\/site\/wp-content\/uploads\/2016\/01\/dutra_2.jpg\",\"articleSection\":[\"Brasil\"],\"inLanguage\":\"pt-BR\",\"potentialAction\":[{\"@type\":\"CommentAction\",\"name\":\"Comment\",\"target\":[\"https:\/\/www.notibras.com\/site\/chuvas-torrenciais-no-litoral-fazem-paulistano-voltar-mais-cedo-para-casa-no-feriadao\/#respond\"]}]},{\"@type\":\"WebPage\",\"@id\":\"https:\/\/www.notibras.com\/site\/chuvas-torrenciais-no-litoral-fazem-paulistano-voltar-mais-cedo-para-casa-no-feriadao\/\",\"url\":\"https:\/\/www.notibras.com\/site\/chuvas-torrenciais-no-litoral-fazem-paulistano-voltar-mais-cedo-para-casa-no-feriadao\/\",\"name\":\"Chuvas torrenciais no litoral fazem paulistano voltar mais cedo para casa no feriad\u00e3o - Notibras\",\"isPartOf\":{\"@id\":\"https:\/\/www.notibras.com\/site\/#website\"},\"primaryImageOfPage\":{\"@id\":\"https:\/\/www.notibras.com\/site\/chuvas-torrenciais-no-litoral-fazem-paulistano-voltar-mais-cedo-para-casa-no-feriadao\/#primaryimage\"},\"image\":{\"@id\":\"https:\/\/www.notibras.com\/site\/chuvas-torrenciais-no-litoral-fazem-paulistano-voltar-mais-cedo-para-casa-no-feriadao\/#primaryimage\"},\"thumbnailUrl\":\"https:\/\/www.notibras.com\/site\/wp-content\/uploads\/2016\/01\/dutra_2.jpg\",\"datePublished\":\"2016-01-03T12:31:41+00:00\",\"dateModified\":\"2016-01-03T22:23:40+00:00\",\"breadcrumb\":{\"@id\":\"https:\/\/www.notibras.com\/site\/chuvas-torrenciais-no-litoral-fazem-paulistano-voltar-mais-cedo-para-casa-no-feriadao\/#breadcrumb\"},\"inLanguage\":\"pt-BR\",\"potentialAction\":[{\"@type\":\"ReadAction\",\"target\":[\"https:\/\/www.notibras.com\/site\/chuvas-torrenciais-no-litoral-fazem-paulistano-voltar-mais-cedo-para-casa-no-feriadao\/\"]}]},{\"@type\":\"ImageObject\",\"inLanguage\":\"pt-BR\",\"@id\":\"https:\/\/www.notibras.com\/site\/chuvas-torrenciais-no-litoral-fazem-paulistano-voltar-mais-cedo-para-casa-no-feriadao\/#primaryimage\",\"url\":\"https:\/\/www.notibras.com\/site\/wp-content\/uploads\/2016\/01\/dutra_2.jpg\",\"contentUrl\":\"https:\/\/www.notibras.com\/site\/wp-content\/uploads\/2016\/01\/dutra_2.jpg\",\"width\":620,\"height\":465},{\"@type\":\"BreadcrumbList\",\"@id\":\"https:\/\/www.notibras.com\/site\/chuvas-torrenciais-no-litoral-fazem-paulistano-voltar-mais-cedo-para-casa-no-feriadao\/#breadcrumb\",\"itemListElement\":[{\"@type\":\"ListItem\",\"position\":1,\"name\":\"In\u00edcio\",\"item\":\"https:\/\/www.notibras.com\/site\/\"},{\"@type\":\"ListItem\",\"position\":2,\"name\":\"Chuvas torrenciais no litoral fazem paulistano voltar mais cedo para casa no feriad\u00e3o\"}]},{\"@type\":\"WebSite\",\"@id\":\"https:\/\/www.notibras.com\/site\/#website\",\"url\":\"https:\/\/www.notibras.com\/site\/\",\"name\":\"Notibras\",\"description\":\"Not\u00edcias de Bras\u00edlia, do Brasil e do Mundo\",\"publisher\":{\"@id\":\"https:\/\/www.notibras.com\/site\/#organization\"},\"potentialAction\":[{\"@type\":\"SearchAction\",\"target\":{\"@type\":\"EntryPoint\",\"urlTemplate\":\"https:\/\/www.notibras.com\/site\/?s={search_term_string}\"},\"query-input\":{\"@type\":\"PropertyValueSpecification\",\"valueRequired\":true,\"valueName\":\"search_term_string\"}}],\"inLanguage\":\"pt-BR\"},{\"@type\":\"Organization\",\"@id\":\"https:\/\/www.notibras.com\/site\/#organization\",\"name\":\"Grupo Notibras de Comunica\u00e7\u00e3o\",\"url\":\"https:\/\/www.notibras.com\/site\/\",\"logo\":{\"@type\":\"ImageObject\",\"inLanguage\":\"pt-BR\",\"@id\":\"https:\/\/www.notibras.com\/site\/#\/schema\/logo\/image\/\",\"url\":\"https:\/\/www.notibras.com\/site\/wp-content\/uploads\/2023\/01\/notibras23.png\",\"contentUrl\":\"https:\/\/www.notibras.com\/site\/wp-content\/uploads\/2023\/01\/notibras23.png\",\"width\":350,\"height\":87,\"caption\":\"Grupo Notibras de Comunica\u00e7\u00e3o\"},\"image\":{\"@id\":\"https:\/\/www.notibras.com\/site\/#\/schema\/logo\/image\/\"},\"sameAs\":[\"https:\/\/www.facebook.com\/notibras\/\",\"https:\/\/x.com\/Notibras\",\"https:\/\/www.instagram.com\/notibras\/\"]},{\"@type\":\"Person\",\"@id\":\"https:\/\/www.notibras.com\/site\/#\/schema\/person\/36ab0979449956132d3e5b517ea76ac8\",\"name\":\"Reda\u00e7\u00e3o\",\"image\":{\"@type\":\"ImageObject\",\"inLanguage\":\"pt-BR\",\"@id\":\"https:\/\/secure.gravatar.com\/avatar\/e0a867bdedb85fd243eadf09663511f96fc81e0720a4a42581f334ad4303aa6b?s=96&d=mm&r=g\",\"url\":\"https:\/\/secure.gravatar.com\/avatar\/e0a867bdedb85fd243eadf09663511f96fc81e0720a4a42581f334ad4303aa6b?s=96&d=mm&r=g\",\"contentUrl\":\"https:\/\/secure.gravatar.com\/avatar\/e0a867bdedb85fd243eadf09663511f96fc81e0720a4a42581f334ad4303aa6b?s=96&d=mm&r=g\",\"caption\":\"Reda\u00e7\u00e3o\"}}]}<\/script>\n<!-- \/ Yoast SEO plugin. -->","yoast_head_json":{"title":"Chuvas torrenciais no litoral fazem paulistano voltar mais cedo para casa no feriad\u00e3o - Notibras","robots":{"index":"index","follow":"follow","max-snippet":"max-snippet:-1","max-image-preview":"max-image-preview:large","max-video-preview":"max-video-preview:-1"},"canonical":"https:\/\/www.notibras.com\/site\/chuvas-torrenciais-no-litoral-fazem-paulistano-voltar-mais-cedo-para-casa-no-feriadao\/","og_locale":"pt_BR","og_type":"article","og_title":"Chuvas torrenciais no litoral fazem paulistano voltar mais cedo para casa no feriad\u00e3o - Notibras","og_description":"Victor Aguiar, Luiz Alexandre Souza Ventura e Reginaldo Pupo O primeiro fim de semana de 2016 come\u00e7ou chuvoso na Baixada Santista, o que fez os paulistanos anteciparem a volta para S\u00e3o Paulo. At\u00e9 a noite de s\u00e1bado, quase 70% dos 548 mil carros que desceram para o litoral pelo Sistema Anchieta-Imigrantes j\u00e1 haviam retornado, segundo [&hellip;]","og_url":"https:\/\/www.notibras.com\/site\/chuvas-torrenciais-no-litoral-fazem-paulistano-voltar-mais-cedo-para-casa-no-feriadao\/","og_site_name":"Notibras","article_publisher":"https:\/\/www.facebook.com\/notibras\/","article_published_time":"2016-01-03T12:31:41+00:00","article_modified_time":"2016-01-03T22:23:40+00:00","og_image":[{"width":620,"height":465,"url":"https:\/\/www.notibras.com\/site\/wp-content\/uploads\/2016\/01\/dutra_2.jpg","type":"image\/jpeg"}],"author":"Reda\u00e7\u00e3o","twitter_card":"summary_large_image","twitter_creator":"@Notibras","twitter_site":"@Notibras","twitter_misc":{"Escrito por":"Reda\u00e7\u00e3o","Est. tempo de leitura":"1 minuto"},"schema":{"@context":"https:\/\/schema.org","@graph":[{"@type":"Article","@id":"https:\/\/www.notibras.com\/site\/chuvas-torrenciais-no-litoral-fazem-paulistano-voltar-mais-cedo-para-casa-no-feriadao\/#article","isPartOf":{"@id":"https:\/\/www.notibras.com\/site\/chuvas-torrenciais-no-litoral-fazem-paulistano-voltar-mais-cedo-para-casa-no-feriadao\/"},"author":{"name":"Reda\u00e7\u00e3o","@id":"https:\/\/www.notibras.com\/site\/#\/schema\/person\/36ab0979449956132d3e5b517ea76ac8"},"headline":"Chuvas torrenciais no litoral fazem paulistano voltar mais cedo para casa no feriad\u00e3o","datePublished":"2016-01-03T12:31:41+00:00","dateModified":"2016-01-03T22:23:40+00:00","mainEntityOfPage":{"@id":"https:\/\/www.notibras.com\/site\/chuvas-torrenciais-no-litoral-fazem-paulistano-voltar-mais-cedo-para-casa-no-feriadao\/"},"wordCount":292,"commentCount":0,"publisher":{"@id":"https:\/\/www.notibras.com\/site\/#organization"},"image":{"@id":"https:\/\/www.notibras.com\/site\/chuvas-torrenciais-no-litoral-fazem-paulistano-voltar-mais-cedo-para-casa-no-feriadao\/#primaryimage"},"thumbnailUrl":"https:\/\/www.notibras.com\/site\/wp-content\/uploads\/2016\/01\/dutra_2.jpg","articleSection":["Brasil"],"inLanguage":"pt-BR","potentialAction":[{"@type":"CommentAction","name":"Comment","target":["https:\/\/www.notibras.com\/site\/chuvas-torrenciais-no-litoral-fazem-paulistano-voltar-mais-cedo-para-casa-no-feriadao\/#respond"]}]},{"@type":"WebPage","@id":"https:\/\/www.notibras.com\/site\/chuvas-torrenciais-no-litoral-fazem-paulistano-voltar-mais-cedo-para-casa-no-feriadao\/","url":"https:\/\/www.notibras.com\/site\/chuvas-torrenciais-no-litoral-fazem-paulistano-voltar-mais-cedo-para-casa-no-feriadao\/","name":"Chuvas torrenciais no litoral fazem paulistano voltar mais cedo para casa no feriad\u00e3o - Notibras","isPartOf":{"@id":"https:\/\/www.notibras.com\/site\/#website"},"primaryImageOfPage":{"@id":"https:\/\/www.notibras.com\/site\/chuvas-torrenciais-no-litoral-fazem-paulistano-voltar-mais-cedo-para-casa-no-feriadao\/#primaryimage"},"image":{"@id":"https:\/\/www.notibras.com\/site\/chuvas-torrenciais-no-litoral-fazem-paulistano-voltar-mais-cedo-para-casa-no-feriadao\/#primaryimage"},"thumbnailUrl":"https:\/\/www.notibras.com\/site\/wp-content\/uploads\/2016\/01\/dutra_2.jpg","datePublished":"2016-01-03T12:31:41+00:00","dateModified":"2016-01-03T22:23:40+00:00","breadcrumb":{"@id":"https:\/\/www.notibras.com\/site\/chuvas-torrenciais-no-litoral-fazem-paulistano-voltar-mais-cedo-para-casa-no-feriadao\/#breadcrumb"},"inLanguage":"pt-BR","potentialAction":[{"@type":"ReadAction","target":["https:\/\/www.notibras.com\/site\/chuvas-torrenciais-no-litoral-fazem-paulistano-voltar-mais-cedo-para-casa-no-feriadao\/"]}]},{"@type":"ImageObject","inLanguage":"pt-BR","@id":"https:\/\/www.notibras.com\/site\/chuvas-torrenciais-no-litoral-fazem-paulistano-voltar-mais-cedo-para-casa-no-feriadao\/#primaryimage","url":"https:\/\/www.notibras.com\/site\/wp-content\/uploads\/2016\/01\/dutra_2.jpg","contentUrl":"https:\/\/www.notibras.com\/site\/wp-content\/uploads\/2016\/01\/dutra_2.jpg","width":620,"height":465},{"@type":"BreadcrumbList","@id":"https:\/\/www.notibras.com\/site\/chuvas-torrenciais-no-litoral-fazem-paulistano-voltar-mais-cedo-para-casa-no-feriadao\/#breadcrumb","itemListElement":[{"@type":"ListItem","position":1,"name":"In\u00edcio","item":"https:\/\/www.notibras.com\/site\/"},{"@type":"ListItem","position":2,"name":"Chuvas torrenciais no litoral fazem paulistano voltar mais cedo para casa no feriad\u00e3o"}]},{"@type":"WebSite","@id":"https:\/\/www.notibras.com\/site\/#website","url":"https:\/\/www.notibras.com\/site\/","name":"Notibras","description":"Not\u00edcias de Bras\u00edlia, do Brasil e do Mundo","publisher":{"@id":"https:\/\/www.notibras.com\/site\/#organization"},"potentialAction":[{"@type":"SearchAction","target":{"@type":"EntryPoint","urlTemplate":"https:\/\/www.notibras.com\/site\/?s={search_term_string}"},"query-input":{"@type":"PropertyValueSpecification","valueRequired":true,"valueName":"search_term_string"}}],"inLanguage":"pt-BR"},{"@type":"Organization","@id":"https:\/\/www.notibras.com\/site\/#organization","name":"Grupo Notibras de Comunica\u00e7\u00e3o","url":"https:\/\/www.notibras.com\/site\/","logo":{"@type":"ImageObject","inLanguage":"pt-BR","@id":"https:\/\/www.notibras.com\/site\/#\/schema\/logo\/image\/","url":"https:\/\/www.notibras.com\/site\/wp-content\/uploads\/2023\/01\/notibras23.png","contentUrl":"https:\/\/www.notibras.com\/site\/wp-content\/uploads\/2023\/01\/notibras23.png","width":350,"height":87,"caption":"Grupo Notibras de Comunica\u00e7\u00e3o"},"image":{"@id":"https:\/\/www.notibras.com\/site\/#\/schema\/logo\/image\/"},"sameAs":["https:\/\/www.facebook.com\/notibras\/","https:\/\/x.com\/Notibras","https:\/\/www.instagram.com\/notibras\/"]},{"@type":"Person","@id":"https:\/\/www.notibras.com\/site\/#\/schema\/person\/36ab0979449956132d3e5b517ea76ac8","name":"Reda\u00e7\u00e3o","image":{"@type":"ImageObject","inLanguage":"pt-BR","@id":"https:\/\/secure.gravatar.com\/avatar\/e0a867bdedb85fd243eadf09663511f96fc81e0720a4a42581f334ad4303aa6b?s=96&d=mm&r=g","url":"https:\/\/secure.gravatar.com\/avatar\/e0a867bdedb85fd243eadf09663511f96fc81e0720a4a42581f334ad4303aa6b?s=96&d=mm&r=g","contentUrl":"https:\/\/secure.gravatar.com\/avatar\/e0a867bdedb85fd243eadf09663511f96fc81e0720a4a42581f334ad4303aa6b?s=96&d=mm&r=g","caption":"Reda\u00e7\u00e3o"}}]}},"amp_enabled":true,"_links":{"self":[{"href":"https:\/\/www.notibras.com\/site\/wp-json\/wp\/v2\/posts\/83081","targetHints":{"allow":["GET"]}}],"collection":[{"href":"https:\/\/www.notibras.com\/site\/wp-json\/wp\/v2\/posts"}],"about":[{"href":"https:\/\/www.notibras.com\/site\/wp-json\/wp\/v2\/types\/post"}],"author":[{"embeddable":true,"href":"https:\/\/www.notibras.com\/site\/wp-json\/wp\/v2\/users\/2"}],"replies":[{"embeddable":true,"href":"https:\/\/www.notibras.com\/site\/wp-json\/wp\/v2\/comments?post=83081"}],"version-history":[{"count":1,"href":"https:\/\/www.notibras.com\/site\/wp-json\/wp\/v2\/posts\/83081\/revisions"}],"predecessor-version":[{"id":83083,"href":"https:\/\/www.notibras.com\/site\/wp-json\/wp\/v2\/posts\/83081\/revisions\/83083"}],"wp:featuredmedia":[{"embeddable":true,"href":"https:\/\/www.notibras.com\/site\/wp-json\/wp\/v2\/media\/83082"}],"wp:attachment":[{"href":"https:\/\/www.notibras.com\/site\/wp-json\/wp\/v2\/media?parent=83081"}],"wp:term":[{"taxonomy":"category","embeddable":true,"href":"https:\/\/www.notibras.com\/site\/wp-json\/wp\/v2\/categories?post=83081"},{"taxonomy":"post_tag","embeddable":true,"href":"https:\/\/www.notibras.com\/site\/wp-json\/wp\/v2\/tags?post=83081"}],"curies":[{"name":"wp","href":"https:\/\/api.w.org\/{rel}","templated":true}]}}