{"id":83148,"date":"2016-01-04T01:44:29","date_gmt":"2016-01-04T03:44:29","guid":{"rendered":"http:\/\/www.notibras.com\/site\/?p=83148"},"modified":"2016-01-04T01:45:21","modified_gmt":"2016-01-04T03:45:21","slug":"simulacao-de-direcao-passa-a-ser-obrigatoria-para-tirar-a-carteira-de-habilitacao","status":"publish","type":"post","link":"https:\/\/www.notibras.com\/site\/simulacao-de-direcao-passa-a-ser-obrigatoria-para-tirar-a-carteira-de-habilitacao\/","title":{"rendered":"Simula\u00e7\u00e3o de dire\u00e7\u00e3o passa a ser obrigat\u00f3ria para tirar a carteira de habilita\u00e7\u00e3o &#8220;B&#8221;"},"content":{"rendered":"<p><strong>Yara Aquino<\/strong><\/p>\n<p>A partir deste ano \u00e9 obrigat\u00f3rio o uso do simulador de dire\u00e7\u00e3o veicular nas autoescolas para quem vai tirar carteira de motorista e dirigir carros de passeio, na Categoria B. Resolu\u00e7\u00e3o do Conselho Nacional de Tr\u00e2nsito (Contran), publicada em julho do ano passado, deu prazo at\u00e9 o dia 31 de dezembro de 2015 para que a exig\u00eancia fosse implantada. Os motoristas que v\u00e3o adicionar \u00e0 habilita\u00e7\u00e3o a Categoria B tamb\u00e9m devem ter aulas no simulador.<\/p>\n<p>O candidato que for tirar a primeira habilita\u00e7\u00e3o ter\u00e1 que fazer, no m\u00ednimo, 25 horas de aula pr\u00e1tica. Do total, 20 horas em ve\u00edculo de aprendizagem, sendo quatro horas no per\u00edodo noturno. As demais cinco horas ser\u00e3o feitas no simulador de dire\u00e7\u00e3o, sendo uma hora com conte\u00fado noturno. Quem j\u00e1 tem carteira de motorista e vai adicionar a Categoria B faz 20 horas de aula, sendo cinco horas no simulador.<\/p>\n<p>No simulador, os alunos t\u00eam reproduzidas situa\u00e7\u00f5es como ultrapassagem, mudan\u00e7a de faixa, dire\u00e7\u00e3o com chuva e manobra em marcha \u00e0 r\u00e9. De acordo com o Contran, numa segunda etapa ser\u00e1 obrigat\u00f3rio o uso do simulador para quem dirigir ve\u00edculos comerciais, caminh\u00e3o, \u00f4nibus e motos.<\/p>\n<p>A obrigatoriedade de aulas no simulador de dire\u00e7\u00e3o veicular foi prevista, inicialmente, pelo Contran, e depois suspensa. Em fevereiro de 2014, donos de autoescolas protestaram nas proximidades do Congresso Nacional contra o uso de simuladores. Eles alegavam que o equipamento custava caro, entre R$ 30 mil e R$ 40 mil, e n\u00e3o traria grandes benef\u00edcios aos alunos. Por meio da Resolu\u00e7\u00e3o 543, de 15 de julho de 2015, a obrigatoriedade foi retomada. \u00c0 \u00e9poca, o Contran informou que o pedido para a volta da obrigatoriedade partiu dos Detrans de todo o pa\u00eds.<\/p>\n<p><strong>Ag\u00eancia Brasil<\/strong><\/p>\n","protected":false},"excerpt":{"rendered":"<p>Yara Aquino A partir deste ano \u00e9 obrigat\u00f3rio o uso do simulador de dire\u00e7\u00e3o veicular nas autoescolas para quem vai tirar carteira de motorista e dirigir carros de passeio, na Categoria B. Resolu\u00e7\u00e3o do Conselho Nacional de Tr\u00e2nsito (Contran), publicada em julho do ano passado, deu prazo at\u00e9 o dia 31 de dezembro de 2015 [&hellip;]<\/p>\n","protected":false},"author":2,"featured_media":83149,"comment_status":"open","ping_status":"closed","sticky":false,"template":"","format":"standard","meta":{"_acf_changed":false,"footnotes":""},"categories":[16],"tags":[],"class_list":["post-83148","post","type-post","status-publish","format-standard","has-post-thumbnail","hentry","category-brasil"],"acf":[],"yoast_head":"<!-- This site is optimized with the Yoast SEO plugin v27.2 - https:\/\/yoast.com\/product\/yoast-seo-wordpress\/ -->\n<title>Simula\u00e7\u00e3o de dire\u00e7\u00e3o passa a ser obrigat\u00f3ria para tirar a carteira de habilita\u00e7\u00e3o &quot;B&quot; - Notibras<\/title>\n<meta name=\"robots\" content=\"index, follow, max-snippet:-1, max-image-preview:large, max-video-preview:-1\" \/>\n<link rel=\"canonical\" href=\"https:\/\/www.notibras.com\/site\/simulacao-de-direcao-passa-a-ser-obrigatoria-para-tirar-a-carteira-de-habilitacao\/\" \/>\n<meta property=\"og:locale\" content=\"pt_BR\" \/>\n<meta property=\"og:type\" content=\"article\" \/>\n<meta property=\"og:title\" content=\"Simula\u00e7\u00e3o de dire\u00e7\u00e3o passa a ser obrigat\u00f3ria para tirar a carteira de habilita\u00e7\u00e3o &quot;B&quot; - Notibras\" \/>\n<meta property=\"og:description\" content=\"Yara Aquino A partir deste ano \u00e9 obrigat\u00f3rio o uso do simulador de dire\u00e7\u00e3o veicular nas autoescolas para quem vai tirar carteira de motorista e dirigir carros de passeio, na Categoria B. Resolu\u00e7\u00e3o do Conselho Nacional de Tr\u00e2nsito (Contran), publicada em julho do ano passado, deu prazo at\u00e9 o dia 31 de dezembro de 2015 [&hellip;]\" \/>\n<meta property=\"og:url\" content=\"https:\/\/www.notibras.com\/site\/simulacao-de-direcao-passa-a-ser-obrigatoria-para-tirar-a-carteira-de-habilitacao\/\" \/>\n<meta property=\"og:site_name\" content=\"Notibras\" \/>\n<meta property=\"article:publisher\" content=\"https:\/\/www.facebook.com\/notibras\/\" \/>\n<meta property=\"article:published_time\" content=\"2016-01-04T03:44:29+00:00\" \/>\n<meta property=\"article:modified_time\" content=\"2016-01-04T03:45:21+00:00\" \/>\n<meta property=\"og:image\" content=\"https:\/\/www.notibras.com\/site\/wp-content\/uploads\/2016\/01\/Simulador.jpg\" \/>\n\t<meta property=\"og:image:width\" content=\"800\" \/>\n\t<meta property=\"og:image:height\" content=\"535\" \/>\n\t<meta property=\"og:image:type\" content=\"image\/jpeg\" \/>\n<meta name=\"author\" content=\"Reda\u00e7\u00e3o\" \/>\n<meta name=\"twitter:card\" content=\"summary_large_image\" \/>\n<meta name=\"twitter:creator\" content=\"@Notibras\" \/>\n<meta name=\"twitter:site\" content=\"@Notibras\" \/>\n<meta name=\"twitter:label1\" content=\"Escrito por\" \/>\n\t<meta name=\"twitter:data1\" content=\"Reda\u00e7\u00e3o\" \/>\n\t<meta name=\"twitter:label2\" content=\"Est. tempo de leitura\" \/>\n\t<meta name=\"twitter:data2\" content=\"1 minuto\" \/>\n<script type=\"application\/ld+json\" class=\"yoast-schema-graph\">{\"@context\":\"https:\/\/schema.org\",\"@graph\":[{\"@type\":\"Article\",\"@id\":\"https:\/\/www.notibras.com\/site\/simulacao-de-direcao-passa-a-ser-obrigatoria-para-tirar-a-carteira-de-habilitacao\/#article\",\"isPartOf\":{\"@id\":\"https:\/\/www.notibras.com\/site\/simulacao-de-direcao-passa-a-ser-obrigatoria-para-tirar-a-carteira-de-habilitacao\/\"},\"author\":{\"name\":\"Reda\u00e7\u00e3o\",\"@id\":\"https:\/\/www.notibras.com\/site\/#\/schema\/person\/36ab0979449956132d3e5b517ea76ac8\"},\"headline\":\"Simula\u00e7\u00e3o de dire\u00e7\u00e3o passa a ser obrigat\u00f3ria para tirar a carteira de habilita\u00e7\u00e3o &#8220;B&#8221;\",\"datePublished\":\"2016-01-04T03:44:29+00:00\",\"dateModified\":\"2016-01-04T03:45:21+00:00\",\"mainEntityOfPage\":{\"@id\":\"https:\/\/www.notibras.com\/site\/simulacao-de-direcao-passa-a-ser-obrigatoria-para-tirar-a-carteira-de-habilitacao\/\"},\"wordCount\":317,\"commentCount\":0,\"publisher\":{\"@id\":\"https:\/\/www.notibras.com\/site\/#organization\"},\"image\":{\"@id\":\"https:\/\/www.notibras.com\/site\/simulacao-de-direcao-passa-a-ser-obrigatoria-para-tirar-a-carteira-de-habilitacao\/#primaryimage\"},\"thumbnailUrl\":\"https:\/\/www.notibras.com\/site\/wp-content\/uploads\/2016\/01\/Simulador.jpg\",\"articleSection\":[\"Brasil\"],\"inLanguage\":\"pt-BR\",\"potentialAction\":[{\"@type\":\"CommentAction\",\"name\":\"Comment\",\"target\":[\"https:\/\/www.notibras.com\/site\/simulacao-de-direcao-passa-a-ser-obrigatoria-para-tirar-a-carteira-de-habilitacao\/#respond\"]}]},{\"@type\":\"WebPage\",\"@id\":\"https:\/\/www.notibras.com\/site\/simulacao-de-direcao-passa-a-ser-obrigatoria-para-tirar-a-carteira-de-habilitacao\/\",\"url\":\"https:\/\/www.notibras.com\/site\/simulacao-de-direcao-passa-a-ser-obrigatoria-para-tirar-a-carteira-de-habilitacao\/\",\"name\":\"Simula\u00e7\u00e3o de dire\u00e7\u00e3o passa a ser obrigat\u00f3ria para tirar a carteira de habilita\u00e7\u00e3o \\\"B\\\" - Notibras\",\"isPartOf\":{\"@id\":\"https:\/\/www.notibras.com\/site\/#website\"},\"primaryImageOfPage\":{\"@id\":\"https:\/\/www.notibras.com\/site\/simulacao-de-direcao-passa-a-ser-obrigatoria-para-tirar-a-carteira-de-habilitacao\/#primaryimage\"},\"image\":{\"@id\":\"https:\/\/www.notibras.com\/site\/simulacao-de-direcao-passa-a-ser-obrigatoria-para-tirar-a-carteira-de-habilitacao\/#primaryimage\"},\"thumbnailUrl\":\"https:\/\/www.notibras.com\/site\/wp-content\/uploads\/2016\/01\/Simulador.jpg\",\"datePublished\":\"2016-01-04T03:44:29+00:00\",\"dateModified\":\"2016-01-04T03:45:21+00:00\",\"breadcrumb\":{\"@id\":\"https:\/\/www.notibras.com\/site\/simulacao-de-direcao-passa-a-ser-obrigatoria-para-tirar-a-carteira-de-habilitacao\/#breadcrumb\"},\"inLanguage\":\"pt-BR\",\"potentialAction\":[{\"@type\":\"ReadAction\",\"target\":[\"https:\/\/www.notibras.com\/site\/simulacao-de-direcao-passa-a-ser-obrigatoria-para-tirar-a-carteira-de-habilitacao\/\"]}]},{\"@type\":\"ImageObject\",\"inLanguage\":\"pt-BR\",\"@id\":\"https:\/\/www.notibras.com\/site\/simulacao-de-direcao-passa-a-ser-obrigatoria-para-tirar-a-carteira-de-habilitacao\/#primaryimage\",\"url\":\"https:\/\/www.notibras.com\/site\/wp-content\/uploads\/2016\/01\/Simulador.jpg\",\"contentUrl\":\"https:\/\/www.notibras.com\/site\/wp-content\/uploads\/2016\/01\/Simulador.jpg\",\"width\":800,\"height\":535},{\"@type\":\"BreadcrumbList\",\"@id\":\"https:\/\/www.notibras.com\/site\/simulacao-de-direcao-passa-a-ser-obrigatoria-para-tirar-a-carteira-de-habilitacao\/#breadcrumb\",\"itemListElement\":[{\"@type\":\"ListItem\",\"position\":1,\"name\":\"In\u00edcio\",\"item\":\"https:\/\/www.notibras.com\/site\/\"},{\"@type\":\"ListItem\",\"position\":2,\"name\":\"Simula\u00e7\u00e3o de dire\u00e7\u00e3o passa a ser obrigat\u00f3ria para tirar a carteira de habilita\u00e7\u00e3o &#8220;B&#8221;\"}]},{\"@type\":\"WebSite\",\"@id\":\"https:\/\/www.notibras.com\/site\/#website\",\"url\":\"https:\/\/www.notibras.com\/site\/\",\"name\":\"Notibras\",\"description\":\"Not\u00edcias de Bras\u00edlia, do Brasil e do Mundo\",\"publisher\":{\"@id\":\"https:\/\/www.notibras.com\/site\/#organization\"},\"potentialAction\":[{\"@type\":\"SearchAction\",\"target\":{\"@type\":\"EntryPoint\",\"urlTemplate\":\"https:\/\/www.notibras.com\/site\/?s={search_term_string}\"},\"query-input\":{\"@type\":\"PropertyValueSpecification\",\"valueRequired\":true,\"valueName\":\"search_term_string\"}}],\"inLanguage\":\"pt-BR\"},{\"@type\":\"Organization\",\"@id\":\"https:\/\/www.notibras.com\/site\/#organization\",\"name\":\"Grupo Notibras de Comunica\u00e7\u00e3o\",\"url\":\"https:\/\/www.notibras.com\/site\/\",\"logo\":{\"@type\":\"ImageObject\",\"inLanguage\":\"pt-BR\",\"@id\":\"https:\/\/www.notibras.com\/site\/#\/schema\/logo\/image\/\",\"url\":\"https:\/\/www.notibras.com\/site\/wp-content\/uploads\/2023\/01\/notibras23.png\",\"contentUrl\":\"https:\/\/www.notibras.com\/site\/wp-content\/uploads\/2023\/01\/notibras23.png\",\"width\":350,\"height\":87,\"caption\":\"Grupo Notibras de Comunica\u00e7\u00e3o\"},\"image\":{\"@id\":\"https:\/\/www.notibras.com\/site\/#\/schema\/logo\/image\/\"},\"sameAs\":[\"https:\/\/www.facebook.com\/notibras\/\",\"https:\/\/x.com\/Notibras\",\"https:\/\/www.instagram.com\/notibras\/\"]},{\"@type\":\"Person\",\"@id\":\"https:\/\/www.notibras.com\/site\/#\/schema\/person\/36ab0979449956132d3e5b517ea76ac8\",\"name\":\"Reda\u00e7\u00e3o\",\"image\":{\"@type\":\"ImageObject\",\"inLanguage\":\"pt-BR\",\"@id\":\"https:\/\/secure.gravatar.com\/avatar\/e0a867bdedb85fd243eadf09663511f96fc81e0720a4a42581f334ad4303aa6b?s=96&d=mm&r=g\",\"url\":\"https:\/\/secure.gravatar.com\/avatar\/e0a867bdedb85fd243eadf09663511f96fc81e0720a4a42581f334ad4303aa6b?s=96&d=mm&r=g\",\"contentUrl\":\"https:\/\/secure.gravatar.com\/avatar\/e0a867bdedb85fd243eadf09663511f96fc81e0720a4a42581f334ad4303aa6b?s=96&d=mm&r=g\",\"caption\":\"Reda\u00e7\u00e3o\"}}]}<\/script>\n<!-- \/ Yoast SEO plugin. -->","yoast_head_json":{"title":"Simula\u00e7\u00e3o de dire\u00e7\u00e3o passa a ser obrigat\u00f3ria para tirar a carteira de habilita\u00e7\u00e3o \"B\" - Notibras","robots":{"index":"index","follow":"follow","max-snippet":"max-snippet:-1","max-image-preview":"max-image-preview:large","max-video-preview":"max-video-preview:-1"},"canonical":"https:\/\/www.notibras.com\/site\/simulacao-de-direcao-passa-a-ser-obrigatoria-para-tirar-a-carteira-de-habilitacao\/","og_locale":"pt_BR","og_type":"article","og_title":"Simula\u00e7\u00e3o de dire\u00e7\u00e3o passa a ser obrigat\u00f3ria para tirar a carteira de habilita\u00e7\u00e3o \"B\" - Notibras","og_description":"Yara Aquino A partir deste ano \u00e9 obrigat\u00f3rio o uso do simulador de dire\u00e7\u00e3o veicular nas autoescolas para quem vai tirar carteira de motorista e dirigir carros de passeio, na Categoria B. Resolu\u00e7\u00e3o do Conselho Nacional de Tr\u00e2nsito (Contran), publicada em julho do ano passado, deu prazo at\u00e9 o dia 31 de dezembro de 2015 [&hellip;]","og_url":"https:\/\/www.notibras.com\/site\/simulacao-de-direcao-passa-a-ser-obrigatoria-para-tirar-a-carteira-de-habilitacao\/","og_site_name":"Notibras","article_publisher":"https:\/\/www.facebook.com\/notibras\/","article_published_time":"2016-01-04T03:44:29+00:00","article_modified_time":"2016-01-04T03:45:21+00:00","og_image":[{"width":800,"height":535,"url":"https:\/\/www.notibras.com\/site\/wp-content\/uploads\/2016\/01\/Simulador.jpg","type":"image\/jpeg"}],"author":"Reda\u00e7\u00e3o","twitter_card":"summary_large_image","twitter_creator":"@Notibras","twitter_site":"@Notibras","twitter_misc":{"Escrito por":"Reda\u00e7\u00e3o","Est. tempo de leitura":"1 minuto"},"schema":{"@context":"https:\/\/schema.org","@graph":[{"@type":"Article","@id":"https:\/\/www.notibras.com\/site\/simulacao-de-direcao-passa-a-ser-obrigatoria-para-tirar-a-carteira-de-habilitacao\/#article","isPartOf":{"@id":"https:\/\/www.notibras.com\/site\/simulacao-de-direcao-passa-a-ser-obrigatoria-para-tirar-a-carteira-de-habilitacao\/"},"author":{"name":"Reda\u00e7\u00e3o","@id":"https:\/\/www.notibras.com\/site\/#\/schema\/person\/36ab0979449956132d3e5b517ea76ac8"},"headline":"Simula\u00e7\u00e3o de dire\u00e7\u00e3o passa a ser obrigat\u00f3ria para tirar a carteira de habilita\u00e7\u00e3o &#8220;B&#8221;","datePublished":"2016-01-04T03:44:29+00:00","dateModified":"2016-01-04T03:45:21+00:00","mainEntityOfPage":{"@id":"https:\/\/www.notibras.com\/site\/simulacao-de-direcao-passa-a-ser-obrigatoria-para-tirar-a-carteira-de-habilitacao\/"},"wordCount":317,"commentCount":0,"publisher":{"@id":"https:\/\/www.notibras.com\/site\/#organization"},"image":{"@id":"https:\/\/www.notibras.com\/site\/simulacao-de-direcao-passa-a-ser-obrigatoria-para-tirar-a-carteira-de-habilitacao\/#primaryimage"},"thumbnailUrl":"https:\/\/www.notibras.com\/site\/wp-content\/uploads\/2016\/01\/Simulador.jpg","articleSection":["Brasil"],"inLanguage":"pt-BR","potentialAction":[{"@type":"CommentAction","name":"Comment","target":["https:\/\/www.notibras.com\/site\/simulacao-de-direcao-passa-a-ser-obrigatoria-para-tirar-a-carteira-de-habilitacao\/#respond"]}]},{"@type":"WebPage","@id":"https:\/\/www.notibras.com\/site\/simulacao-de-direcao-passa-a-ser-obrigatoria-para-tirar-a-carteira-de-habilitacao\/","url":"https:\/\/www.notibras.com\/site\/simulacao-de-direcao-passa-a-ser-obrigatoria-para-tirar-a-carteira-de-habilitacao\/","name":"Simula\u00e7\u00e3o de dire\u00e7\u00e3o passa a ser obrigat\u00f3ria para tirar a carteira de habilita\u00e7\u00e3o \"B\" - Notibras","isPartOf":{"@id":"https:\/\/www.notibras.com\/site\/#website"},"primaryImageOfPage":{"@id":"https:\/\/www.notibras.com\/site\/simulacao-de-direcao-passa-a-ser-obrigatoria-para-tirar-a-carteira-de-habilitacao\/#primaryimage"},"image":{"@id":"https:\/\/www.notibras.com\/site\/simulacao-de-direcao-passa-a-ser-obrigatoria-para-tirar-a-carteira-de-habilitacao\/#primaryimage"},"thumbnailUrl":"https:\/\/www.notibras.com\/site\/wp-content\/uploads\/2016\/01\/Simulador.jpg","datePublished":"2016-01-04T03:44:29+00:00","dateModified":"2016-01-04T03:45:21+00:00","breadcrumb":{"@id":"https:\/\/www.notibras.com\/site\/simulacao-de-direcao-passa-a-ser-obrigatoria-para-tirar-a-carteira-de-habilitacao\/#breadcrumb"},"inLanguage":"pt-BR","potentialAction":[{"@type":"ReadAction","target":["https:\/\/www.notibras.com\/site\/simulacao-de-direcao-passa-a-ser-obrigatoria-para-tirar-a-carteira-de-habilitacao\/"]}]},{"@type":"ImageObject","inLanguage":"pt-BR","@id":"https:\/\/www.notibras.com\/site\/simulacao-de-direcao-passa-a-ser-obrigatoria-para-tirar-a-carteira-de-habilitacao\/#primaryimage","url":"https:\/\/www.notibras.com\/site\/wp-content\/uploads\/2016\/01\/Simulador.jpg","contentUrl":"https:\/\/www.notibras.com\/site\/wp-content\/uploads\/2016\/01\/Simulador.jpg","width":800,"height":535},{"@type":"BreadcrumbList","@id":"https:\/\/www.notibras.com\/site\/simulacao-de-direcao-passa-a-ser-obrigatoria-para-tirar-a-carteira-de-habilitacao\/#breadcrumb","itemListElement":[{"@type":"ListItem","position":1,"name":"In\u00edcio","item":"https:\/\/www.notibras.com\/site\/"},{"@type":"ListItem","position":2,"name":"Simula\u00e7\u00e3o de dire\u00e7\u00e3o passa a ser obrigat\u00f3ria para tirar a carteira de habilita\u00e7\u00e3o &#8220;B&#8221;"}]},{"@type":"WebSite","@id":"https:\/\/www.notibras.com\/site\/#website","url":"https:\/\/www.notibras.com\/site\/","name":"Notibras","description":"Not\u00edcias de Bras\u00edlia, do Brasil e do Mundo","publisher":{"@id":"https:\/\/www.notibras.com\/site\/#organization"},"potentialAction":[{"@type":"SearchAction","target":{"@type":"EntryPoint","urlTemplate":"https:\/\/www.notibras.com\/site\/?s={search_term_string}"},"query-input":{"@type":"PropertyValueSpecification","valueRequired":true,"valueName":"search_term_string"}}],"inLanguage":"pt-BR"},{"@type":"Organization","@id":"https:\/\/www.notibras.com\/site\/#organization","name":"Grupo Notibras de Comunica\u00e7\u00e3o","url":"https:\/\/www.notibras.com\/site\/","logo":{"@type":"ImageObject","inLanguage":"pt-BR","@id":"https:\/\/www.notibras.com\/site\/#\/schema\/logo\/image\/","url":"https:\/\/www.notibras.com\/site\/wp-content\/uploads\/2023\/01\/notibras23.png","contentUrl":"https:\/\/www.notibras.com\/site\/wp-content\/uploads\/2023\/01\/notibras23.png","width":350,"height":87,"caption":"Grupo Notibras de Comunica\u00e7\u00e3o"},"image":{"@id":"https:\/\/www.notibras.com\/site\/#\/schema\/logo\/image\/"},"sameAs":["https:\/\/www.facebook.com\/notibras\/","https:\/\/x.com\/Notibras","https:\/\/www.instagram.com\/notibras\/"]},{"@type":"Person","@id":"https:\/\/www.notibras.com\/site\/#\/schema\/person\/36ab0979449956132d3e5b517ea76ac8","name":"Reda\u00e7\u00e3o","image":{"@type":"ImageObject","inLanguage":"pt-BR","@id":"https:\/\/secure.gravatar.com\/avatar\/e0a867bdedb85fd243eadf09663511f96fc81e0720a4a42581f334ad4303aa6b?s=96&d=mm&r=g","url":"https:\/\/secure.gravatar.com\/avatar\/e0a867bdedb85fd243eadf09663511f96fc81e0720a4a42581f334ad4303aa6b?s=96&d=mm&r=g","contentUrl":"https:\/\/secure.gravatar.com\/avatar\/e0a867bdedb85fd243eadf09663511f96fc81e0720a4a42581f334ad4303aa6b?s=96&d=mm&r=g","caption":"Reda\u00e7\u00e3o"}}]}},"amp_enabled":true,"_links":{"self":[{"href":"https:\/\/www.notibras.com\/site\/wp-json\/wp\/v2\/posts\/83148","targetHints":{"allow":["GET"]}}],"collection":[{"href":"https:\/\/www.notibras.com\/site\/wp-json\/wp\/v2\/posts"}],"about":[{"href":"https:\/\/www.notibras.com\/site\/wp-json\/wp\/v2\/types\/post"}],"author":[{"embeddable":true,"href":"https:\/\/www.notibras.com\/site\/wp-json\/wp\/v2\/users\/2"}],"replies":[{"embeddable":true,"href":"https:\/\/www.notibras.com\/site\/wp-json\/wp\/v2\/comments?post=83148"}],"version-history":[{"count":2,"href":"https:\/\/www.notibras.com\/site\/wp-json\/wp\/v2\/posts\/83148\/revisions"}],"predecessor-version":[{"id":83151,"href":"https:\/\/www.notibras.com\/site\/wp-json\/wp\/v2\/posts\/83148\/revisions\/83151"}],"wp:featuredmedia":[{"embeddable":true,"href":"https:\/\/www.notibras.com\/site\/wp-json\/wp\/v2\/media\/83149"}],"wp:attachment":[{"href":"https:\/\/www.notibras.com\/site\/wp-json\/wp\/v2\/media?parent=83148"}],"wp:term":[{"taxonomy":"category","embeddable":true,"href":"https:\/\/www.notibras.com\/site\/wp-json\/wp\/v2\/categories?post=83148"},{"taxonomy":"post_tag","embeddable":true,"href":"https:\/\/www.notibras.com\/site\/wp-json\/wp\/v2\/tags?post=83148"}],"curies":[{"name":"wp","href":"https:\/\/api.w.org\/{rel}","templated":true}]}}