{"id":83233,"date":"2016-01-04T21:38:53","date_gmt":"2016-01-04T23:38:53","guid":{"rendered":"http:\/\/www.notibras.com\/site\/?p=83233"},"modified":"2016-01-07T11:24:56","modified_gmt":"2016-01-07T13:24:56","slug":"embarquem-no-douglas-dc-3-porque-e-hora-de-conhecer-brasilia","status":"publish","type":"post","link":"https:\/\/www.notibras.com\/site\/embarquem-no-douglas-dc-3-porque-e-hora-de-conhecer-brasilia\/","title":{"rendered":"Embarquem no DC-3, porque \u00e9 hora de ver Bras\u00edlia antes da cidade abrir as portas"},"content":{"rendered":"<p><strong>Jos\u00e9 Escarlate<\/strong><\/p>\n<p>Funcion\u00e1rio de carreira do Banco do Brasil, Enos Sadock de S\u00e1 Motta era o presidente do IAPB. Filho de um almirante, freq\u00fcentava a minha casa junto com a mulher, Iracema, amiga de minha m\u00e3e.<\/p>\n<p>Uma quinta-feira \u00e0 noite ele nos convidou para uma esticada a Bras\u00edlia para ver as obras. Fretou um avi\u00e3o da Real Aerovias, um Douglas DC-3, com lugar para todo mundo. Lembrou as dificuldades que ir\u00edamos enfrentar, como falta de conforto na hospedagem, a poeirada infernal da cidade e a longa dura\u00e7\u00e3o do v\u00f4o.<\/p>\n<p>Sadock ligava l\u00e1 de casa \u201cconvidando\u201d membros do seu staff no IAPB. Nessa convoca\u00e7\u00e3o dizia com voz grave: \u201cMeu filho, trata-se de um convite irrecus\u00e1vel, sob pena de demiss\u00e3o\u201d \u2013 enfatizava rindo.<\/p>\n<p>Em uma hora de liga\u00e7\u00f5es, o avi\u00e3o estava lotado. Havia curiosidade em conhecer o est\u00e1gio do mirabolante plano do presidente JK de dar ao Brasil uma nova capital, no meio do nada, e com data marcada para inaugura\u00e7\u00e3o.<\/p>\n<p>E l\u00e1 fui eu conhecer Bras\u00edlia, sem ao menos desconfiar do quanto ela seria importante na minha vida e no meu futuro. Solteiro, para mim era uma verdadeira aventura. Via o centro-oeste uma regi\u00e3o esquecida, pouco desbravada. Por isso, fascinante. Eu j\u00e1 havia estado em An\u00e1polis, em 1954, junto com o rep\u00f3rter Vin\u00edcius Lima, enviados pelo jornal O Popular para cobrir o assassinato de dois prefeitos da cidade. Mataram o titular e, logo ap\u00f3s a posse, o sucessor. Os crimes tinham conota\u00e7\u00e3o pol\u00edtica.<\/p>\n<p>Pelo esquema tra\u00e7ado, ao Instituto dos Banc\u00e1rios caberia a constru\u00e7\u00e3o de 22 blocos de apartamentos, sendo 11 na 108 Sul, e possivelmente 11 na 308 Sul. Cada Super Quadra de Bras\u00edlia foi concebida pelo urbanista L\u00facio Costa com 11 blocos de apartamentos, mas em algumas, essa exig\u00eancia n\u00e3o obedeceu ao figurino estabelecido.<\/p>\n<p>Na SQS 105 ficou faltando erguer um bloco de apartamentos, justamente o bloco A, que foi resgatado do esquecimento anos mais tarde, na gest\u00e3o do ent\u00e3o presidente da Codebr\u00e1s \u2013 Coordena\u00e7\u00e3o do Desenvolvimento de Bras\u00edlia -, meu grande amigo Amantino da Silva Marreco.<\/p>\n<p>Tamb\u00e9m as Super Quadras 207 e 307 foram erguidas nos anos 70, na totalidade dos seus 22 blocos. Talvez falta de dinheiro ou, quem sabe, puro esquecimento&#8230;<\/p>\n<p>Ao IPASE, que era tido como o rei dos institutos de previd\u00eancia, por englobar todo o funcionalismo federal, a carga era mais pesada, cabendo a ele a constru\u00e7\u00e3o de 11 blocos de apartamentos em cada uma das tr\u00eas Super-Quadras da Asa Sul: na 206, 207 e 208.<\/p>\n<p>As SuperQuadras Sul 107 e 307 seriam de responsabilidade do IAPETEC, o Instituto de Aposentadoria e Pens\u00f5es dos Empregados em Transportes e Cargas, cabendo ao IAPC, o Instituto de Aposentadoria e Pens\u00f5es dos Comerci\u00e1rios a constru\u00e7\u00e3o dos blocos das SuperQuadras 106 e 306 Sul.<\/p>\n<p>Finalmente, as SuperQuadras 105 e 305 Sul seriam constru\u00eddas pelo IAPI, o Instituto de Aposentadoria e Pens\u00f5es dos Industri\u00e1rios, cabendo ao IAPM, o Instituto de Aposentadoria e Pens\u00f5es dos Mar\u00edtimos a constru\u00e7\u00e3o da SuperQuadra Sul 205.<\/p>\n<p>Era 1957, os institutos de previd\u00eancia e as construtoras montavam seus acampamentos, como os do IPASE e do IAPB, os mais adiantados.<\/p>\n<p>Os pr\u00e9dios eram todos residenciais, com o mesmo gabarito, de seis andares, e disposi\u00e7\u00f5es variadas de dois, tr\u00eas, quatro e at\u00e9 cinco quartos. Os edif\u00edcios eram dotados de pilotis \u2013 que barateava a obra &#8211; e elevadores.<\/p>\n<p>O Instituto dos Industri\u00e1rios recebeu tamb\u00e9m a incumb\u00eancia de construir, na SuperQuadra 409 Sul, apartamentos mais econ\u00f4micos, destinados a servidores p\u00fablicos de n\u00edvel mais humilde. Os pr\u00e9dios de apartamentos eram de tr\u00eas andares, sem pilotis e sem elevador. Tudo precisava ser aprovado pelo escrit\u00f3rio de Oscar Niemeyer.<\/p>\n<p><img loading=\"lazy\" decoding=\"async\" class=\"alignnone size-full wp-image-83053\" src=\"http:\/\/www.notibras.com\/site\/wp-content\/uploads\/2016\/01\/PV.png\" alt=\"PV\" width=\"122\" height=\"26\" \/><\/p>\n","protected":false},"excerpt":{"rendered":"<p>Jos\u00e9 Escarlate Funcion\u00e1rio de carreira do Banco do Brasil, Enos Sadock de S\u00e1 Motta era o presidente do IAPB. Filho de um almirante, freq\u00fcentava a minha casa junto com a mulher, Iracema, amiga de minha m\u00e3e. Uma quinta-feira \u00e0 noite ele nos convidou para uma esticada a Bras\u00edlia para ver as obras. Fretou um avi\u00e3o [&hellip;]<\/p>\n","protected":false},"author":2,"featured_media":83234,"comment_status":"open","ping_status":"closed","sticky":false,"template":"","format":"standard","meta":{"_acf_changed":false,"footnotes":""},"categories":[63],"tags":[],"class_list":["post-83233","post","type-post","status-publish","format-standard","has-post-thumbnail","hentry","category-paginas-viradas"],"acf":[],"yoast_head":"<!-- This site is optimized with the Yoast SEO plugin v27.2 - https:\/\/yoast.com\/product\/yoast-seo-wordpress\/ -->\n<title>Embarquem no DC-3, porque \u00e9 hora de ver Bras\u00edlia antes da cidade abrir as portas - Notibras<\/title>\n<meta name=\"robots\" content=\"index, follow, max-snippet:-1, max-image-preview:large, max-video-preview:-1\" \/>\n<link rel=\"canonical\" href=\"https:\/\/www.notibras.com\/site\/embarquem-no-douglas-dc-3-porque-e-hora-de-conhecer-brasilia\/\" \/>\n<meta property=\"og:locale\" content=\"pt_BR\" \/>\n<meta property=\"og:type\" content=\"article\" \/>\n<meta property=\"og:title\" content=\"Embarquem no DC-3, porque \u00e9 hora de ver Bras\u00edlia antes da cidade abrir as portas - Notibras\" \/>\n<meta property=\"og:description\" content=\"Jos\u00e9 Escarlate Funcion\u00e1rio de carreira do Banco do Brasil, Enos Sadock de S\u00e1 Motta era o presidente do IAPB. Filho de um almirante, freq\u00fcentava a minha casa junto com a mulher, Iracema, amiga de minha m\u00e3e. Uma quinta-feira \u00e0 noite ele nos convidou para uma esticada a Bras\u00edlia para ver as obras. Fretou um avi\u00e3o [&hellip;]\" \/>\n<meta property=\"og:url\" content=\"https:\/\/www.notibras.com\/site\/embarquem-no-douglas-dc-3-porque-e-hora-de-conhecer-brasilia\/\" \/>\n<meta property=\"og:site_name\" content=\"Notibras\" \/>\n<meta property=\"article:publisher\" content=\"https:\/\/www.facebook.com\/notibras\/\" \/>\n<meta property=\"article:published_time\" content=\"2016-01-04T23:38:53+00:00\" \/>\n<meta property=\"article:modified_time\" content=\"2016-01-07T13:24:56+00:00\" \/>\n<meta property=\"og:image\" content=\"https:\/\/www.notibras.com\/site\/wp-content\/uploads\/2016\/01\/im_bermuda-triangle-07.jpg\" \/>\n\t<meta property=\"og:image:width\" content=\"400\" \/>\n\t<meta property=\"og:image:height\" content=\"322\" \/>\n\t<meta property=\"og:image:type\" content=\"image\/jpeg\" \/>\n<meta name=\"author\" content=\"Reda\u00e7\u00e3o\" \/>\n<meta name=\"twitter:card\" content=\"summary_large_image\" \/>\n<meta name=\"twitter:creator\" content=\"@Notibras\" \/>\n<meta name=\"twitter:site\" content=\"@Notibras\" \/>\n<meta name=\"twitter:label1\" content=\"Escrito por\" \/>\n\t<meta name=\"twitter:data1\" content=\"Reda\u00e7\u00e3o\" \/>\n\t<meta name=\"twitter:label2\" content=\"Est. tempo de leitura\" \/>\n\t<meta name=\"twitter:data2\" content=\"3 minutos\" \/>\n<script type=\"application\/ld+json\" class=\"yoast-schema-graph\">{\"@context\":\"https:\/\/schema.org\",\"@graph\":[{\"@type\":\"Article\",\"@id\":\"https:\/\/www.notibras.com\/site\/embarquem-no-douglas-dc-3-porque-e-hora-de-conhecer-brasilia\/#article\",\"isPartOf\":{\"@id\":\"https:\/\/www.notibras.com\/site\/embarquem-no-douglas-dc-3-porque-e-hora-de-conhecer-brasilia\/\"},\"author\":{\"name\":\"Reda\u00e7\u00e3o\",\"@id\":\"https:\/\/www.notibras.com\/site\/#\/schema\/person\/36ab0979449956132d3e5b517ea76ac8\"},\"headline\":\"Embarquem no DC-3, porque \u00e9 hora de ver Bras\u00edlia antes da cidade abrir as portas\",\"datePublished\":\"2016-01-04T23:38:53+00:00\",\"dateModified\":\"2016-01-07T13:24:56+00:00\",\"mainEntityOfPage\":{\"@id\":\"https:\/\/www.notibras.com\/site\/embarquem-no-douglas-dc-3-porque-e-hora-de-conhecer-brasilia\/\"},\"wordCount\":646,\"commentCount\":0,\"publisher\":{\"@id\":\"https:\/\/www.notibras.com\/site\/#organization\"},\"image\":{\"@id\":\"https:\/\/www.notibras.com\/site\/embarquem-no-douglas-dc-3-porque-e-hora-de-conhecer-brasilia\/#primaryimage\"},\"thumbnailUrl\":\"https:\/\/www.notibras.com\/site\/wp-content\/uploads\/2016\/01\/im_bermuda-triangle-07.jpg\",\"articleSection\":[\"P\u00e1ginas Viradas\"],\"inLanguage\":\"pt-BR\",\"potentialAction\":[{\"@type\":\"CommentAction\",\"name\":\"Comment\",\"target\":[\"https:\/\/www.notibras.com\/site\/embarquem-no-douglas-dc-3-porque-e-hora-de-conhecer-brasilia\/#respond\"]}]},{\"@type\":\"WebPage\",\"@id\":\"https:\/\/www.notibras.com\/site\/embarquem-no-douglas-dc-3-porque-e-hora-de-conhecer-brasilia\/\",\"url\":\"https:\/\/www.notibras.com\/site\/embarquem-no-douglas-dc-3-porque-e-hora-de-conhecer-brasilia\/\",\"name\":\"Embarquem no DC-3, porque \u00e9 hora de ver Bras\u00edlia antes da cidade abrir as portas - Notibras\",\"isPartOf\":{\"@id\":\"https:\/\/www.notibras.com\/site\/#website\"},\"primaryImageOfPage\":{\"@id\":\"https:\/\/www.notibras.com\/site\/embarquem-no-douglas-dc-3-porque-e-hora-de-conhecer-brasilia\/#primaryimage\"},\"image\":{\"@id\":\"https:\/\/www.notibras.com\/site\/embarquem-no-douglas-dc-3-porque-e-hora-de-conhecer-brasilia\/#primaryimage\"},\"thumbnailUrl\":\"https:\/\/www.notibras.com\/site\/wp-content\/uploads\/2016\/01\/im_bermuda-triangle-07.jpg\",\"datePublished\":\"2016-01-04T23:38:53+00:00\",\"dateModified\":\"2016-01-07T13:24:56+00:00\",\"breadcrumb\":{\"@id\":\"https:\/\/www.notibras.com\/site\/embarquem-no-douglas-dc-3-porque-e-hora-de-conhecer-brasilia\/#breadcrumb\"},\"inLanguage\":\"pt-BR\",\"potentialAction\":[{\"@type\":\"ReadAction\",\"target\":[\"https:\/\/www.notibras.com\/site\/embarquem-no-douglas-dc-3-porque-e-hora-de-conhecer-brasilia\/\"]}]},{\"@type\":\"ImageObject\",\"inLanguage\":\"pt-BR\",\"@id\":\"https:\/\/www.notibras.com\/site\/embarquem-no-douglas-dc-3-porque-e-hora-de-conhecer-brasilia\/#primaryimage\",\"url\":\"https:\/\/www.notibras.com\/site\/wp-content\/uploads\/2016\/01\/im_bermuda-triangle-07.jpg\",\"contentUrl\":\"https:\/\/www.notibras.com\/site\/wp-content\/uploads\/2016\/01\/im_bermuda-triangle-07.jpg\",\"width\":400,\"height\":322},{\"@type\":\"BreadcrumbList\",\"@id\":\"https:\/\/www.notibras.com\/site\/embarquem-no-douglas-dc-3-porque-e-hora-de-conhecer-brasilia\/#breadcrumb\",\"itemListElement\":[{\"@type\":\"ListItem\",\"position\":1,\"name\":\"In\u00edcio\",\"item\":\"https:\/\/www.notibras.com\/site\/\"},{\"@type\":\"ListItem\",\"position\":2,\"name\":\"Embarquem no DC-3, porque \u00e9 hora de ver Bras\u00edlia antes da cidade abrir as portas\"}]},{\"@type\":\"WebSite\",\"@id\":\"https:\/\/www.notibras.com\/site\/#website\",\"url\":\"https:\/\/www.notibras.com\/site\/\",\"name\":\"Notibras\",\"description\":\"Not\u00edcias de Bras\u00edlia, do Brasil e do Mundo\",\"publisher\":{\"@id\":\"https:\/\/www.notibras.com\/site\/#organization\"},\"potentialAction\":[{\"@type\":\"SearchAction\",\"target\":{\"@type\":\"EntryPoint\",\"urlTemplate\":\"https:\/\/www.notibras.com\/site\/?s={search_term_string}\"},\"query-input\":{\"@type\":\"PropertyValueSpecification\",\"valueRequired\":true,\"valueName\":\"search_term_string\"}}],\"inLanguage\":\"pt-BR\"},{\"@type\":\"Organization\",\"@id\":\"https:\/\/www.notibras.com\/site\/#organization\",\"name\":\"Grupo Notibras de Comunica\u00e7\u00e3o\",\"url\":\"https:\/\/www.notibras.com\/site\/\",\"logo\":{\"@type\":\"ImageObject\",\"inLanguage\":\"pt-BR\",\"@id\":\"https:\/\/www.notibras.com\/site\/#\/schema\/logo\/image\/\",\"url\":\"https:\/\/www.notibras.com\/site\/wp-content\/uploads\/2023\/01\/notibras23.png\",\"contentUrl\":\"https:\/\/www.notibras.com\/site\/wp-content\/uploads\/2023\/01\/notibras23.png\",\"width\":350,\"height\":87,\"caption\":\"Grupo Notibras de Comunica\u00e7\u00e3o\"},\"image\":{\"@id\":\"https:\/\/www.notibras.com\/site\/#\/schema\/logo\/image\/\"},\"sameAs\":[\"https:\/\/www.facebook.com\/notibras\/\",\"https:\/\/x.com\/Notibras\",\"https:\/\/www.instagram.com\/notibras\/\"]},{\"@type\":\"Person\",\"@id\":\"https:\/\/www.notibras.com\/site\/#\/schema\/person\/36ab0979449956132d3e5b517ea76ac8\",\"name\":\"Reda\u00e7\u00e3o\",\"image\":{\"@type\":\"ImageObject\",\"inLanguage\":\"pt-BR\",\"@id\":\"https:\/\/secure.gravatar.com\/avatar\/e0a867bdedb85fd243eadf09663511f96fc81e0720a4a42581f334ad4303aa6b?s=96&d=mm&r=g\",\"url\":\"https:\/\/secure.gravatar.com\/avatar\/e0a867bdedb85fd243eadf09663511f96fc81e0720a4a42581f334ad4303aa6b?s=96&d=mm&r=g\",\"contentUrl\":\"https:\/\/secure.gravatar.com\/avatar\/e0a867bdedb85fd243eadf09663511f96fc81e0720a4a42581f334ad4303aa6b?s=96&d=mm&r=g\",\"caption\":\"Reda\u00e7\u00e3o\"}}]}<\/script>\n<!-- \/ Yoast SEO plugin. -->","yoast_head_json":{"title":"Embarquem no DC-3, porque \u00e9 hora de ver Bras\u00edlia antes da cidade abrir as portas - Notibras","robots":{"index":"index","follow":"follow","max-snippet":"max-snippet:-1","max-image-preview":"max-image-preview:large","max-video-preview":"max-video-preview:-1"},"canonical":"https:\/\/www.notibras.com\/site\/embarquem-no-douglas-dc-3-porque-e-hora-de-conhecer-brasilia\/","og_locale":"pt_BR","og_type":"article","og_title":"Embarquem no DC-3, porque \u00e9 hora de ver Bras\u00edlia antes da cidade abrir as portas - Notibras","og_description":"Jos\u00e9 Escarlate Funcion\u00e1rio de carreira do Banco do Brasil, Enos Sadock de S\u00e1 Motta era o presidente do IAPB. Filho de um almirante, freq\u00fcentava a minha casa junto com a mulher, Iracema, amiga de minha m\u00e3e. Uma quinta-feira \u00e0 noite ele nos convidou para uma esticada a Bras\u00edlia para ver as obras. Fretou um avi\u00e3o [&hellip;]","og_url":"https:\/\/www.notibras.com\/site\/embarquem-no-douglas-dc-3-porque-e-hora-de-conhecer-brasilia\/","og_site_name":"Notibras","article_publisher":"https:\/\/www.facebook.com\/notibras\/","article_published_time":"2016-01-04T23:38:53+00:00","article_modified_time":"2016-01-07T13:24:56+00:00","og_image":[{"width":400,"height":322,"url":"https:\/\/www.notibras.com\/site\/wp-content\/uploads\/2016\/01\/im_bermuda-triangle-07.jpg","type":"image\/jpeg"}],"author":"Reda\u00e7\u00e3o","twitter_card":"summary_large_image","twitter_creator":"@Notibras","twitter_site":"@Notibras","twitter_misc":{"Escrito por":"Reda\u00e7\u00e3o","Est. tempo de leitura":"3 minutos"},"schema":{"@context":"https:\/\/schema.org","@graph":[{"@type":"Article","@id":"https:\/\/www.notibras.com\/site\/embarquem-no-douglas-dc-3-porque-e-hora-de-conhecer-brasilia\/#article","isPartOf":{"@id":"https:\/\/www.notibras.com\/site\/embarquem-no-douglas-dc-3-porque-e-hora-de-conhecer-brasilia\/"},"author":{"name":"Reda\u00e7\u00e3o","@id":"https:\/\/www.notibras.com\/site\/#\/schema\/person\/36ab0979449956132d3e5b517ea76ac8"},"headline":"Embarquem no DC-3, porque \u00e9 hora de ver Bras\u00edlia antes da cidade abrir as portas","datePublished":"2016-01-04T23:38:53+00:00","dateModified":"2016-01-07T13:24:56+00:00","mainEntityOfPage":{"@id":"https:\/\/www.notibras.com\/site\/embarquem-no-douglas-dc-3-porque-e-hora-de-conhecer-brasilia\/"},"wordCount":646,"commentCount":0,"publisher":{"@id":"https:\/\/www.notibras.com\/site\/#organization"},"image":{"@id":"https:\/\/www.notibras.com\/site\/embarquem-no-douglas-dc-3-porque-e-hora-de-conhecer-brasilia\/#primaryimage"},"thumbnailUrl":"https:\/\/www.notibras.com\/site\/wp-content\/uploads\/2016\/01\/im_bermuda-triangle-07.jpg","articleSection":["P\u00e1ginas Viradas"],"inLanguage":"pt-BR","potentialAction":[{"@type":"CommentAction","name":"Comment","target":["https:\/\/www.notibras.com\/site\/embarquem-no-douglas-dc-3-porque-e-hora-de-conhecer-brasilia\/#respond"]}]},{"@type":"WebPage","@id":"https:\/\/www.notibras.com\/site\/embarquem-no-douglas-dc-3-porque-e-hora-de-conhecer-brasilia\/","url":"https:\/\/www.notibras.com\/site\/embarquem-no-douglas-dc-3-porque-e-hora-de-conhecer-brasilia\/","name":"Embarquem no DC-3, porque \u00e9 hora de ver Bras\u00edlia antes da cidade abrir as portas - Notibras","isPartOf":{"@id":"https:\/\/www.notibras.com\/site\/#website"},"primaryImageOfPage":{"@id":"https:\/\/www.notibras.com\/site\/embarquem-no-douglas-dc-3-porque-e-hora-de-conhecer-brasilia\/#primaryimage"},"image":{"@id":"https:\/\/www.notibras.com\/site\/embarquem-no-douglas-dc-3-porque-e-hora-de-conhecer-brasilia\/#primaryimage"},"thumbnailUrl":"https:\/\/www.notibras.com\/site\/wp-content\/uploads\/2016\/01\/im_bermuda-triangle-07.jpg","datePublished":"2016-01-04T23:38:53+00:00","dateModified":"2016-01-07T13:24:56+00:00","breadcrumb":{"@id":"https:\/\/www.notibras.com\/site\/embarquem-no-douglas-dc-3-porque-e-hora-de-conhecer-brasilia\/#breadcrumb"},"inLanguage":"pt-BR","potentialAction":[{"@type":"ReadAction","target":["https:\/\/www.notibras.com\/site\/embarquem-no-douglas-dc-3-porque-e-hora-de-conhecer-brasilia\/"]}]},{"@type":"ImageObject","inLanguage":"pt-BR","@id":"https:\/\/www.notibras.com\/site\/embarquem-no-douglas-dc-3-porque-e-hora-de-conhecer-brasilia\/#primaryimage","url":"https:\/\/www.notibras.com\/site\/wp-content\/uploads\/2016\/01\/im_bermuda-triangle-07.jpg","contentUrl":"https:\/\/www.notibras.com\/site\/wp-content\/uploads\/2016\/01\/im_bermuda-triangle-07.jpg","width":400,"height":322},{"@type":"BreadcrumbList","@id":"https:\/\/www.notibras.com\/site\/embarquem-no-douglas-dc-3-porque-e-hora-de-conhecer-brasilia\/#breadcrumb","itemListElement":[{"@type":"ListItem","position":1,"name":"In\u00edcio","item":"https:\/\/www.notibras.com\/site\/"},{"@type":"ListItem","position":2,"name":"Embarquem no DC-3, porque \u00e9 hora de ver Bras\u00edlia antes da cidade abrir as portas"}]},{"@type":"WebSite","@id":"https:\/\/www.notibras.com\/site\/#website","url":"https:\/\/www.notibras.com\/site\/","name":"Notibras","description":"Not\u00edcias de Bras\u00edlia, do Brasil e do Mundo","publisher":{"@id":"https:\/\/www.notibras.com\/site\/#organization"},"potentialAction":[{"@type":"SearchAction","target":{"@type":"EntryPoint","urlTemplate":"https:\/\/www.notibras.com\/site\/?s={search_term_string}"},"query-input":{"@type":"PropertyValueSpecification","valueRequired":true,"valueName":"search_term_string"}}],"inLanguage":"pt-BR"},{"@type":"Organization","@id":"https:\/\/www.notibras.com\/site\/#organization","name":"Grupo Notibras de Comunica\u00e7\u00e3o","url":"https:\/\/www.notibras.com\/site\/","logo":{"@type":"ImageObject","inLanguage":"pt-BR","@id":"https:\/\/www.notibras.com\/site\/#\/schema\/logo\/image\/","url":"https:\/\/www.notibras.com\/site\/wp-content\/uploads\/2023\/01\/notibras23.png","contentUrl":"https:\/\/www.notibras.com\/site\/wp-content\/uploads\/2023\/01\/notibras23.png","width":350,"height":87,"caption":"Grupo Notibras de Comunica\u00e7\u00e3o"},"image":{"@id":"https:\/\/www.notibras.com\/site\/#\/schema\/logo\/image\/"},"sameAs":["https:\/\/www.facebook.com\/notibras\/","https:\/\/x.com\/Notibras","https:\/\/www.instagram.com\/notibras\/"]},{"@type":"Person","@id":"https:\/\/www.notibras.com\/site\/#\/schema\/person\/36ab0979449956132d3e5b517ea76ac8","name":"Reda\u00e7\u00e3o","image":{"@type":"ImageObject","inLanguage":"pt-BR","@id":"https:\/\/secure.gravatar.com\/avatar\/e0a867bdedb85fd243eadf09663511f96fc81e0720a4a42581f334ad4303aa6b?s=96&d=mm&r=g","url":"https:\/\/secure.gravatar.com\/avatar\/e0a867bdedb85fd243eadf09663511f96fc81e0720a4a42581f334ad4303aa6b?s=96&d=mm&r=g","contentUrl":"https:\/\/secure.gravatar.com\/avatar\/e0a867bdedb85fd243eadf09663511f96fc81e0720a4a42581f334ad4303aa6b?s=96&d=mm&r=g","caption":"Reda\u00e7\u00e3o"}}]}},"amp_enabled":true,"_links":{"self":[{"href":"https:\/\/www.notibras.com\/site\/wp-json\/wp\/v2\/posts\/83233","targetHints":{"allow":["GET"]}}],"collection":[{"href":"https:\/\/www.notibras.com\/site\/wp-json\/wp\/v2\/posts"}],"about":[{"href":"https:\/\/www.notibras.com\/site\/wp-json\/wp\/v2\/types\/post"}],"author":[{"embeddable":true,"href":"https:\/\/www.notibras.com\/site\/wp-json\/wp\/v2\/users\/2"}],"replies":[{"embeddable":true,"href":"https:\/\/www.notibras.com\/site\/wp-json\/wp\/v2\/comments?post=83233"}],"version-history":[{"count":4,"href":"https:\/\/www.notibras.com\/site\/wp-json\/wp\/v2\/posts\/83233\/revisions"}],"predecessor-version":[{"id":83589,"href":"https:\/\/www.notibras.com\/site\/wp-json\/wp\/v2\/posts\/83233\/revisions\/83589"}],"wp:featuredmedia":[{"embeddable":true,"href":"https:\/\/www.notibras.com\/site\/wp-json\/wp\/v2\/media\/83234"}],"wp:attachment":[{"href":"https:\/\/www.notibras.com\/site\/wp-json\/wp\/v2\/media?parent=83233"}],"wp:term":[{"taxonomy":"category","embeddable":true,"href":"https:\/\/www.notibras.com\/site\/wp-json\/wp\/v2\/categories?post=83233"},{"taxonomy":"post_tag","embeddable":true,"href":"https:\/\/www.notibras.com\/site\/wp-json\/wp\/v2\/tags?post=83233"}],"curies":[{"name":"wp","href":"https:\/\/api.w.org\/{rel}","templated":true}]}}