{"id":83423,"date":"2016-01-06T00:24:47","date_gmt":"2016-01-06T02:24:47","guid":{"rendered":"http:\/\/www.notibras.com\/site\/?p=83423"},"modified":"2016-01-06T00:26:49","modified_gmt":"2016-01-06T02:26:49","slug":"brasil-precisa-avancar-em-politicas-para-se-precaver-do-clima","status":"publish","type":"post","link":"https:\/\/www.notibras.com\/site\/brasil-precisa-avancar-em-politicas-para-se-precaver-do-clima\/","title":{"rendered":"Brasil precisa avan\u00e7ar em pol\u00edticas de mudan\u00e7as do clima"},"content":{"rendered":"<p><strong>M\u00e1rio Francisco Leal de Quadro<\/strong><\/p>\n<p>Primeiramente, gostaria de esclarecer que falar sobre mudan\u00e7as clim\u00e1ticas no Brasil atualmente \u00e9 como tentar discutir sobre pol\u00edtica, futebol ou religi\u00e3o. \u00c9 um assunto complexo, que envolve uma s\u00e9rie de quest\u00f5es que extrapolam apenas a discuss\u00e3o de como o clima do planeta vem se comportando e o que se espera para os pr\u00f3ximos anos. Mas, como meteorologista de gradua\u00e7\u00e3o e h\u00e1 vinte anos trabalhando na \u00e1rea, vou me ater neste espa\u00e7o apenas \u00e0 quest\u00e3o meteorol\u00f3gica, sem defender pontos de vista com rela\u00e7\u00e3o a esse tema.<\/p>\n<p>Ressalto apenas que, como \u00fanica opini\u00e3o pessoal, o ser humano tem uma necessidade inerente de sempre encontrar &#8220;culpados&#8221; para o que inicialmente n\u00e3o possui explica\u00e7\u00e3o cient\u00edfica e, posteriormente, a pr\u00f3pria ci\u00eancia se encarrega de juntar o quebra-cabe\u00e7a desses grandes fen\u00f4menos clim\u00e1ticos que vieram a p\u00fablico nas \u00faltimas d\u00e9cadas.<\/p>\n<p>Como exemplo disso, posso citar na d\u00e9cada de 1980 o &#8220;El Ni\u00f1o&#8221; e, nos anos de 1990, o &#8220;buraco na camada de Oz\u00f4nio&#8221;. Todos esses fen\u00f4menos, assim como as mudan\u00e7as clim\u00e1ticas t\u00eam sido atualmente, tiveram uma superexposi\u00e7\u00e3o na m\u00eddia, tornando mais dif\u00edcil explorar e, consequentemente, divulgar as rela\u00e7\u00f5es de causa e consequ\u00eancia deles \u00e0 popula\u00e7\u00e3o.<\/p>\n<p>Das aulas de geografia, sabemos que o Brasil \u00e9 um pa\u00eds de grande extens\u00e3o territorial e, por isso, sofre influ\u00eancia de distintas massas de ar que determinam o &#8220;clima&#8221; do Brasil e pa\u00edses vizinhos durante as quatro esta\u00e7\u00f5es do ano. Em fun\u00e7\u00e3o desses extremos clim\u00e1ticos que caracterizam o Brasil, pode-se afirmar que qualquer altera\u00e7\u00e3o neste padr\u00e3o, independente se for natural ou antropog\u00eanica, afeta diretamente o regime de temperatura e chuvas de uma determinada regi\u00e3o brasileira.<\/p>\n<p>Aqui, cabe um esclarecimento entre escalas temporais, pois pretendo citar exemplos de eventos meteorol\u00f3gicos extremos que acontecem em uma escala temporal de horas, ou at\u00e9 dias, que obviamente n\u00e3o caracterizam o clima de uma regi\u00e3o. Nesse ponto, gostaria de fazer uma primeira reflex\u00e3o sobre esse aumento de eventos extremos que foram registrados.<\/p>\n<p><strong>Eventos extremos<\/strong>\u00a0&#8211;\u00a0\u00c9 ineg\u00e1vel que nos \u00faltimos 15 anos o Brasil vem sendo assolado por in\u00fameros eventos meteorol\u00f3gicos extremos nas escalas de tempo e clima. Esses fen\u00f4menos diversos englobam estiagens prolongadas no Sul, Sudeste e seca no Nordeste do Brasil. Destacam-se aqui as estiagens prolongadas na Amaz\u00f4nia nos anos de 2005 e 2010 e as chuvas irregulares nos \u00faltimos tr\u00eas anos, que t\u00eam agravado a situa\u00e7\u00e3o de seca na Regi\u00e3o Nordeste.<\/p>\n<p>Tamb\u00e9m foi registrado um aumento significativo no registro de outros fen\u00f4menos meteorol\u00f3gicos, como tempestades com incid\u00eancia de raios, granizo, vendavais, chuvas torrenciais e cont\u00ednuas provocando alagamentos e enchentes. Fa\u00e7o um destaque especial tamb\u00e9m para a incid\u00eancia de tornados no centro-sul do Brasil, sendo mais impactantes os que ocorreram em Indaiatuba (SP) em 2005, em Guaraciaba (SC), no ano de 2009, Taquarituba (SP), em 2013, S\u00e3o Gabriel, (RS) em 2014. Mais recentemente, em Marechal C\u00e2ndido Rondon (PR), Treze T\u00edlias (SC) e em Xanxer\u00ea (SC), em 2015. Em julho de 2013, tivemos um registro de neve hist\u00f3rica generalizada nos tr\u00eas Estados do sul do Brasil.<\/p>\n<p>Al\u00e9m disso, entre os meses de janeiro e fevereiro de 2014, registrou-se uma onda de calor intensa que durou 18 dias consecutivos, com temperaturas bastante elevadas e aus\u00eancia de chuvas no per\u00edodo. Nesse mesmo per\u00edodo, o Sudeste do Brasil sofreu e ainda sofre com a &#8220;crise h\u00eddrica&#8221;, reflexo de dois fatores combinados, que s\u00e3o: a redu\u00e7\u00e3o significativa das chuvas, principalmente nos meses considerados mais chuvosos, associada \u00e0 falta de gerenciamento na quest\u00e3o do armazenamento de \u00e1gua em fun\u00e7\u00e3o do aumento do consumo.<\/p>\n<p>Atualmente, o Brasil tamb\u00e9m est\u00e1 sob a influ\u00eancia de um forte El Ni\u00f1o, amplamente divulgado na imprensa nacional. Este fen\u00f4meno faz com que passemos por momentos cr\u00edticos do ponto de vista clim\u00e1tico, em que, novamente, a atua\u00e7\u00e3o da meteorologia \u00e9 de fundamental import\u00e2ncia. O nordeste do Brasil, que h\u00e1 tr\u00eas anos sofre com a seca, deve ampliar os preju\u00edzos sociais e econ\u00f4micos. J\u00e1 o sul do Brasil vem sofrendo nessa primavera com chuvas intensas respons\u00e1veis por desastres naturais, que t\u00eam provocado perdas tanto para os setores produtivos como para as pessoas.<\/p>\n<p>No entanto, grande parte dos fen\u00f4menos citados tem sua origem por causas naturais, ou seja, s\u00e3o parte dos efeitos do clima em determinado local. Al\u00e9m disso, fen\u00f4menos como o El Ni\u00f1o Oscila\u00e7\u00e3o Sul (ENOS) ocorrem, em geral, a cada tr\u00eas anos, e durante sua atua\u00e7\u00e3o podem se sobrepor a fen\u00f4menos locais, intensificando ou inibindo os mesmos.<\/p>\n<p>Mas ainda fica a pergunta. O que tudo isso tem a ver com o aquecimento global? Essa \u00e9 uma quest\u00e3o importante, mas talvez n\u00e3o a essencial neste momento. Nos \u00faltimos anos, a ci\u00eancia da meteorologia e a consequente sub \u00e1rea climatologia t\u00eam evolu\u00eddo significativamente, principalmente atrav\u00e9s do avan\u00e7o tecnol\u00f3gico e computacional.<\/p>\n<p>Mas ainda precisamos avan\u00e7ar principalmente na compreens\u00e3o dos aspectos f\u00edsicos da atua\u00e7\u00e3o dos fen\u00f4menos meteorol\u00f3gicos na atmosfera. Um exemplo cl\u00e1ssico foi o Furac\u00e3o Catarina, que se formou em mar\u00e7o de 2004, atingiu o litoral sul de Santa Catarina e foi o primeiro furac\u00e3o registrado no Atl\u00e2ntico Sul.<\/p>\n<p>Em outras palavras, precisamos avan\u00e7ar em outras quest\u00f5es b\u00e1sicas da meteorologia, como uma organiza\u00e7\u00e3o de uma rede de monitoramento meteorol\u00f3gica, padronizando e organizando dados ambientais coletados na superf\u00edcie terrestre e em altitude. Carecemos de uma pol\u00edtica nacional que delegue responsabilidades nessa \u00e1rea t\u00e3o importante e que est\u00e1 diretamente relacionada com a comprova\u00e7\u00e3o dos impactos do aquecimento global no Brasil.<\/p>\n<p>Por outro lado, in\u00fameros esfor\u00e7os de pesquisadores nacionais e internacionais t\u00eam sido feitos, principalmente relacionados a estudos dos efeitos das mudan\u00e7as clim\u00e1ticas no Brasil. Isso vem sendo realizado atrav\u00e9s dos diversos relat\u00f3rios do Painel Intergovernamental de Mudan\u00e7as Clim\u00e1ticas (IPCC).<\/p>\n<p>Recentemente, tivemos a reuni\u00e3o da COP 21 em Paris, em que foi assinado o &#8220;acordo de Paris&#8221;, que valer\u00e1 a partir de 2020, no qual os pa\u00edses participantes ratificaram o documento de se comprometer em longo prazo em manter o aquecimento global &#8220;muito abaixo de 2\u00baC&#8221;. Este acordo \u00e9 um sinal de que, independente da porcentagem de contribui\u00e7\u00e3o de cada pa\u00eds para o aumento da concentra\u00e7\u00e3o de gases poluentes, todos v\u00e3o sofrer com isso.<\/p>\n<p>E eu diria mais: independente das previs\u00f5es que os diversos cen\u00e1rios que os modelos do IPCC est\u00e3o prevendo para os pr\u00f3ximos 50 a 100 anos, nosso papel \u00e9 da conscientiza\u00e7\u00e3o com rela\u00e7\u00e3o ao nosso papel como cidad\u00e3os. Talvez o maior legado dessa discuss\u00e3o sobre as mudan\u00e7as clim\u00e1ticas \u00e9 o fato de estarmos rompendo as fronteiras dos pa\u00edses e continentes. Devemos nos unir para pensar e deixar um planeta melhor para nossos filhos e netos.<\/p>\n","protected":false},"excerpt":{"rendered":"<p>M\u00e1rio Francisco Leal de Quadro Primeiramente, gostaria de esclarecer que falar sobre mudan\u00e7as clim\u00e1ticas no Brasil atualmente \u00e9 como tentar discutir sobre pol\u00edtica, futebol ou religi\u00e3o. \u00c9 um assunto complexo, que envolve uma s\u00e9rie de quest\u00f5es que extrapolam apenas a discuss\u00e3o de como o clima do planeta vem se comportando e o que se espera [&hellip;]<\/p>\n","protected":false},"author":2,"featured_media":83424,"comment_status":"open","ping_status":"closed","sticky":false,"template":"","format":"standard","meta":{"_acf_changed":false,"footnotes":""},"categories":[25],"tags":[],"class_list":["post-83423","post","type-post","status-publish","format-standard","has-post-thumbnail","hentry","category-opina-ai"],"acf":[],"yoast_head":"<!-- This site is optimized with the Yoast SEO plugin v27.2 - https:\/\/yoast.com\/product\/yoast-seo-wordpress\/ -->\n<title>Brasil precisa avan\u00e7ar em pol\u00edticas de mudan\u00e7as do clima - Notibras<\/title>\n<meta name=\"robots\" content=\"index, follow, max-snippet:-1, max-image-preview:large, max-video-preview:-1\" \/>\n<link rel=\"canonical\" href=\"https:\/\/www.notibras.com\/site\/brasil-precisa-avancar-em-politicas-para-se-precaver-do-clima\/\" \/>\n<meta property=\"og:locale\" content=\"pt_BR\" \/>\n<meta property=\"og:type\" content=\"article\" \/>\n<meta property=\"og:title\" content=\"Brasil precisa avan\u00e7ar em pol\u00edticas de mudan\u00e7as do clima - Notibras\" \/>\n<meta property=\"og:description\" content=\"M\u00e1rio Francisco Leal de Quadro Primeiramente, gostaria de esclarecer que falar sobre mudan\u00e7as clim\u00e1ticas no Brasil atualmente \u00e9 como tentar discutir sobre pol\u00edtica, futebol ou religi\u00e3o. \u00c9 um assunto complexo, que envolve uma s\u00e9rie de quest\u00f5es que extrapolam apenas a discuss\u00e3o de como o clima do planeta vem se comportando e o que se espera [&hellip;]\" \/>\n<meta property=\"og:url\" content=\"https:\/\/www.notibras.com\/site\/brasil-precisa-avancar-em-politicas-para-se-precaver-do-clima\/\" \/>\n<meta property=\"og:site_name\" content=\"Notibras\" \/>\n<meta property=\"article:publisher\" content=\"https:\/\/www.facebook.com\/notibras\/\" \/>\n<meta property=\"article:published_time\" content=\"2016-01-06T02:24:47+00:00\" \/>\n<meta property=\"article:modified_time\" content=\"2016-01-06T02:26:49+00:00\" \/>\n<meta property=\"og:image\" content=\"https:\/\/www.notibras.com\/site\/wp-content\/uploads\/2016\/01\/mudancasclimaticas.jpg\" \/>\n\t<meta property=\"og:image:width\" content=\"450\" \/>\n\t<meta property=\"og:image:height\" content=\"314\" \/>\n\t<meta property=\"og:image:type\" content=\"image\/jpeg\" \/>\n<meta name=\"author\" content=\"Reda\u00e7\u00e3o\" \/>\n<meta name=\"twitter:card\" content=\"summary_large_image\" \/>\n<meta name=\"twitter:creator\" content=\"@Notibras\" \/>\n<meta name=\"twitter:site\" content=\"@Notibras\" \/>\n<meta name=\"twitter:label1\" content=\"Escrito por\" \/>\n\t<meta name=\"twitter:data1\" content=\"Reda\u00e7\u00e3o\" \/>\n\t<meta name=\"twitter:label2\" content=\"Est. tempo de leitura\" \/>\n\t<meta name=\"twitter:data2\" content=\"6 minutos\" \/>\n<script type=\"application\/ld+json\" class=\"yoast-schema-graph\">{\"@context\":\"https:\/\/schema.org\",\"@graph\":[{\"@type\":\"Article\",\"@id\":\"https:\/\/www.notibras.com\/site\/brasil-precisa-avancar-em-politicas-para-se-precaver-do-clima\/#article\",\"isPartOf\":{\"@id\":\"https:\/\/www.notibras.com\/site\/brasil-precisa-avancar-em-politicas-para-se-precaver-do-clima\/\"},\"author\":{\"name\":\"Reda\u00e7\u00e3o\",\"@id\":\"https:\/\/www.notibras.com\/site\/#\/schema\/person\/36ab0979449956132d3e5b517ea76ac8\"},\"headline\":\"Brasil precisa avan\u00e7ar em pol\u00edticas de mudan\u00e7as do clima\",\"datePublished\":\"2016-01-06T02:24:47+00:00\",\"dateModified\":\"2016-01-06T02:26:49+00:00\",\"mainEntityOfPage\":{\"@id\":\"https:\/\/www.notibras.com\/site\/brasil-precisa-avancar-em-politicas-para-se-precaver-do-clima\/\"},\"wordCount\":1210,\"commentCount\":0,\"publisher\":{\"@id\":\"https:\/\/www.notibras.com\/site\/#organization\"},\"image\":{\"@id\":\"https:\/\/www.notibras.com\/site\/brasil-precisa-avancar-em-politicas-para-se-precaver-do-clima\/#primaryimage\"},\"thumbnailUrl\":\"https:\/\/www.notibras.com\/site\/wp-content\/uploads\/2016\/01\/mudancasclimaticas.jpg\",\"articleSection\":[\"Opina a\u00ed\"],\"inLanguage\":\"pt-BR\",\"potentialAction\":[{\"@type\":\"CommentAction\",\"name\":\"Comment\",\"target\":[\"https:\/\/www.notibras.com\/site\/brasil-precisa-avancar-em-politicas-para-se-precaver-do-clima\/#respond\"]}]},{\"@type\":\"WebPage\",\"@id\":\"https:\/\/www.notibras.com\/site\/brasil-precisa-avancar-em-politicas-para-se-precaver-do-clima\/\",\"url\":\"https:\/\/www.notibras.com\/site\/brasil-precisa-avancar-em-politicas-para-se-precaver-do-clima\/\",\"name\":\"Brasil precisa avan\u00e7ar em pol\u00edticas de mudan\u00e7as do clima - Notibras\",\"isPartOf\":{\"@id\":\"https:\/\/www.notibras.com\/site\/#website\"},\"primaryImageOfPage\":{\"@id\":\"https:\/\/www.notibras.com\/site\/brasil-precisa-avancar-em-politicas-para-se-precaver-do-clima\/#primaryimage\"},\"image\":{\"@id\":\"https:\/\/www.notibras.com\/site\/brasil-precisa-avancar-em-politicas-para-se-precaver-do-clima\/#primaryimage\"},\"thumbnailUrl\":\"https:\/\/www.notibras.com\/site\/wp-content\/uploads\/2016\/01\/mudancasclimaticas.jpg\",\"datePublished\":\"2016-01-06T02:24:47+00:00\",\"dateModified\":\"2016-01-06T02:26:49+00:00\",\"breadcrumb\":{\"@id\":\"https:\/\/www.notibras.com\/site\/brasil-precisa-avancar-em-politicas-para-se-precaver-do-clima\/#breadcrumb\"},\"inLanguage\":\"pt-BR\",\"potentialAction\":[{\"@type\":\"ReadAction\",\"target\":[\"https:\/\/www.notibras.com\/site\/brasil-precisa-avancar-em-politicas-para-se-precaver-do-clima\/\"]}]},{\"@type\":\"ImageObject\",\"inLanguage\":\"pt-BR\",\"@id\":\"https:\/\/www.notibras.com\/site\/brasil-precisa-avancar-em-politicas-para-se-precaver-do-clima\/#primaryimage\",\"url\":\"https:\/\/www.notibras.com\/site\/wp-content\/uploads\/2016\/01\/mudancasclimaticas.jpg\",\"contentUrl\":\"https:\/\/www.notibras.com\/site\/wp-content\/uploads\/2016\/01\/mudancasclimaticas.jpg\",\"width\":450,\"height\":314},{\"@type\":\"BreadcrumbList\",\"@id\":\"https:\/\/www.notibras.com\/site\/brasil-precisa-avancar-em-politicas-para-se-precaver-do-clima\/#breadcrumb\",\"itemListElement\":[{\"@type\":\"ListItem\",\"position\":1,\"name\":\"In\u00edcio\",\"item\":\"https:\/\/www.notibras.com\/site\/\"},{\"@type\":\"ListItem\",\"position\":2,\"name\":\"Brasil precisa avan\u00e7ar em pol\u00edticas de mudan\u00e7as do clima\"}]},{\"@type\":\"WebSite\",\"@id\":\"https:\/\/www.notibras.com\/site\/#website\",\"url\":\"https:\/\/www.notibras.com\/site\/\",\"name\":\"Notibras\",\"description\":\"Not\u00edcias de Bras\u00edlia, do Brasil e do Mundo\",\"publisher\":{\"@id\":\"https:\/\/www.notibras.com\/site\/#organization\"},\"potentialAction\":[{\"@type\":\"SearchAction\",\"target\":{\"@type\":\"EntryPoint\",\"urlTemplate\":\"https:\/\/www.notibras.com\/site\/?s={search_term_string}\"},\"query-input\":{\"@type\":\"PropertyValueSpecification\",\"valueRequired\":true,\"valueName\":\"search_term_string\"}}],\"inLanguage\":\"pt-BR\"},{\"@type\":\"Organization\",\"@id\":\"https:\/\/www.notibras.com\/site\/#organization\",\"name\":\"Grupo Notibras de Comunica\u00e7\u00e3o\",\"url\":\"https:\/\/www.notibras.com\/site\/\",\"logo\":{\"@type\":\"ImageObject\",\"inLanguage\":\"pt-BR\",\"@id\":\"https:\/\/www.notibras.com\/site\/#\/schema\/logo\/image\/\",\"url\":\"https:\/\/www.notibras.com\/site\/wp-content\/uploads\/2023\/01\/notibras23.png\",\"contentUrl\":\"https:\/\/www.notibras.com\/site\/wp-content\/uploads\/2023\/01\/notibras23.png\",\"width\":350,\"height\":87,\"caption\":\"Grupo Notibras de Comunica\u00e7\u00e3o\"},\"image\":{\"@id\":\"https:\/\/www.notibras.com\/site\/#\/schema\/logo\/image\/\"},\"sameAs\":[\"https:\/\/www.facebook.com\/notibras\/\",\"https:\/\/x.com\/Notibras\",\"https:\/\/www.instagram.com\/notibras\/\"]},{\"@type\":\"Person\",\"@id\":\"https:\/\/www.notibras.com\/site\/#\/schema\/person\/36ab0979449956132d3e5b517ea76ac8\",\"name\":\"Reda\u00e7\u00e3o\",\"image\":{\"@type\":\"ImageObject\",\"inLanguage\":\"pt-BR\",\"@id\":\"https:\/\/secure.gravatar.com\/avatar\/e0a867bdedb85fd243eadf09663511f96fc81e0720a4a42581f334ad4303aa6b?s=96&d=mm&r=g\",\"url\":\"https:\/\/secure.gravatar.com\/avatar\/e0a867bdedb85fd243eadf09663511f96fc81e0720a4a42581f334ad4303aa6b?s=96&d=mm&r=g\",\"contentUrl\":\"https:\/\/secure.gravatar.com\/avatar\/e0a867bdedb85fd243eadf09663511f96fc81e0720a4a42581f334ad4303aa6b?s=96&d=mm&r=g\",\"caption\":\"Reda\u00e7\u00e3o\"}}]}<\/script>\n<!-- \/ Yoast SEO plugin. -->","yoast_head_json":{"title":"Brasil precisa avan\u00e7ar em pol\u00edticas de mudan\u00e7as do clima - Notibras","robots":{"index":"index","follow":"follow","max-snippet":"max-snippet:-1","max-image-preview":"max-image-preview:large","max-video-preview":"max-video-preview:-1"},"canonical":"https:\/\/www.notibras.com\/site\/brasil-precisa-avancar-em-politicas-para-se-precaver-do-clima\/","og_locale":"pt_BR","og_type":"article","og_title":"Brasil precisa avan\u00e7ar em pol\u00edticas de mudan\u00e7as do clima - Notibras","og_description":"M\u00e1rio Francisco Leal de Quadro Primeiramente, gostaria de esclarecer que falar sobre mudan\u00e7as clim\u00e1ticas no Brasil atualmente \u00e9 como tentar discutir sobre pol\u00edtica, futebol ou religi\u00e3o. \u00c9 um assunto complexo, que envolve uma s\u00e9rie de quest\u00f5es que extrapolam apenas a discuss\u00e3o de como o clima do planeta vem se comportando e o que se espera [&hellip;]","og_url":"https:\/\/www.notibras.com\/site\/brasil-precisa-avancar-em-politicas-para-se-precaver-do-clima\/","og_site_name":"Notibras","article_publisher":"https:\/\/www.facebook.com\/notibras\/","article_published_time":"2016-01-06T02:24:47+00:00","article_modified_time":"2016-01-06T02:26:49+00:00","og_image":[{"width":450,"height":314,"url":"https:\/\/www.notibras.com\/site\/wp-content\/uploads\/2016\/01\/mudancasclimaticas.jpg","type":"image\/jpeg"}],"author":"Reda\u00e7\u00e3o","twitter_card":"summary_large_image","twitter_creator":"@Notibras","twitter_site":"@Notibras","twitter_misc":{"Escrito por":"Reda\u00e7\u00e3o","Est. tempo de leitura":"6 minutos"},"schema":{"@context":"https:\/\/schema.org","@graph":[{"@type":"Article","@id":"https:\/\/www.notibras.com\/site\/brasil-precisa-avancar-em-politicas-para-se-precaver-do-clima\/#article","isPartOf":{"@id":"https:\/\/www.notibras.com\/site\/brasil-precisa-avancar-em-politicas-para-se-precaver-do-clima\/"},"author":{"name":"Reda\u00e7\u00e3o","@id":"https:\/\/www.notibras.com\/site\/#\/schema\/person\/36ab0979449956132d3e5b517ea76ac8"},"headline":"Brasil precisa avan\u00e7ar em pol\u00edticas de mudan\u00e7as do clima","datePublished":"2016-01-06T02:24:47+00:00","dateModified":"2016-01-06T02:26:49+00:00","mainEntityOfPage":{"@id":"https:\/\/www.notibras.com\/site\/brasil-precisa-avancar-em-politicas-para-se-precaver-do-clima\/"},"wordCount":1210,"commentCount":0,"publisher":{"@id":"https:\/\/www.notibras.com\/site\/#organization"},"image":{"@id":"https:\/\/www.notibras.com\/site\/brasil-precisa-avancar-em-politicas-para-se-precaver-do-clima\/#primaryimage"},"thumbnailUrl":"https:\/\/www.notibras.com\/site\/wp-content\/uploads\/2016\/01\/mudancasclimaticas.jpg","articleSection":["Opina a\u00ed"],"inLanguage":"pt-BR","potentialAction":[{"@type":"CommentAction","name":"Comment","target":["https:\/\/www.notibras.com\/site\/brasil-precisa-avancar-em-politicas-para-se-precaver-do-clima\/#respond"]}]},{"@type":"WebPage","@id":"https:\/\/www.notibras.com\/site\/brasil-precisa-avancar-em-politicas-para-se-precaver-do-clima\/","url":"https:\/\/www.notibras.com\/site\/brasil-precisa-avancar-em-politicas-para-se-precaver-do-clima\/","name":"Brasil precisa avan\u00e7ar em pol\u00edticas de mudan\u00e7as do clima - Notibras","isPartOf":{"@id":"https:\/\/www.notibras.com\/site\/#website"},"primaryImageOfPage":{"@id":"https:\/\/www.notibras.com\/site\/brasil-precisa-avancar-em-politicas-para-se-precaver-do-clima\/#primaryimage"},"image":{"@id":"https:\/\/www.notibras.com\/site\/brasil-precisa-avancar-em-politicas-para-se-precaver-do-clima\/#primaryimage"},"thumbnailUrl":"https:\/\/www.notibras.com\/site\/wp-content\/uploads\/2016\/01\/mudancasclimaticas.jpg","datePublished":"2016-01-06T02:24:47+00:00","dateModified":"2016-01-06T02:26:49+00:00","breadcrumb":{"@id":"https:\/\/www.notibras.com\/site\/brasil-precisa-avancar-em-politicas-para-se-precaver-do-clima\/#breadcrumb"},"inLanguage":"pt-BR","potentialAction":[{"@type":"ReadAction","target":["https:\/\/www.notibras.com\/site\/brasil-precisa-avancar-em-politicas-para-se-precaver-do-clima\/"]}]},{"@type":"ImageObject","inLanguage":"pt-BR","@id":"https:\/\/www.notibras.com\/site\/brasil-precisa-avancar-em-politicas-para-se-precaver-do-clima\/#primaryimage","url":"https:\/\/www.notibras.com\/site\/wp-content\/uploads\/2016\/01\/mudancasclimaticas.jpg","contentUrl":"https:\/\/www.notibras.com\/site\/wp-content\/uploads\/2016\/01\/mudancasclimaticas.jpg","width":450,"height":314},{"@type":"BreadcrumbList","@id":"https:\/\/www.notibras.com\/site\/brasil-precisa-avancar-em-politicas-para-se-precaver-do-clima\/#breadcrumb","itemListElement":[{"@type":"ListItem","position":1,"name":"In\u00edcio","item":"https:\/\/www.notibras.com\/site\/"},{"@type":"ListItem","position":2,"name":"Brasil precisa avan\u00e7ar em pol\u00edticas de mudan\u00e7as do clima"}]},{"@type":"WebSite","@id":"https:\/\/www.notibras.com\/site\/#website","url":"https:\/\/www.notibras.com\/site\/","name":"Notibras","description":"Not\u00edcias de Bras\u00edlia, do Brasil e do Mundo","publisher":{"@id":"https:\/\/www.notibras.com\/site\/#organization"},"potentialAction":[{"@type":"SearchAction","target":{"@type":"EntryPoint","urlTemplate":"https:\/\/www.notibras.com\/site\/?s={search_term_string}"},"query-input":{"@type":"PropertyValueSpecification","valueRequired":true,"valueName":"search_term_string"}}],"inLanguage":"pt-BR"},{"@type":"Organization","@id":"https:\/\/www.notibras.com\/site\/#organization","name":"Grupo Notibras de Comunica\u00e7\u00e3o","url":"https:\/\/www.notibras.com\/site\/","logo":{"@type":"ImageObject","inLanguage":"pt-BR","@id":"https:\/\/www.notibras.com\/site\/#\/schema\/logo\/image\/","url":"https:\/\/www.notibras.com\/site\/wp-content\/uploads\/2023\/01\/notibras23.png","contentUrl":"https:\/\/www.notibras.com\/site\/wp-content\/uploads\/2023\/01\/notibras23.png","width":350,"height":87,"caption":"Grupo Notibras de Comunica\u00e7\u00e3o"},"image":{"@id":"https:\/\/www.notibras.com\/site\/#\/schema\/logo\/image\/"},"sameAs":["https:\/\/www.facebook.com\/notibras\/","https:\/\/x.com\/Notibras","https:\/\/www.instagram.com\/notibras\/"]},{"@type":"Person","@id":"https:\/\/www.notibras.com\/site\/#\/schema\/person\/36ab0979449956132d3e5b517ea76ac8","name":"Reda\u00e7\u00e3o","image":{"@type":"ImageObject","inLanguage":"pt-BR","@id":"https:\/\/secure.gravatar.com\/avatar\/e0a867bdedb85fd243eadf09663511f96fc81e0720a4a42581f334ad4303aa6b?s=96&d=mm&r=g","url":"https:\/\/secure.gravatar.com\/avatar\/e0a867bdedb85fd243eadf09663511f96fc81e0720a4a42581f334ad4303aa6b?s=96&d=mm&r=g","contentUrl":"https:\/\/secure.gravatar.com\/avatar\/e0a867bdedb85fd243eadf09663511f96fc81e0720a4a42581f334ad4303aa6b?s=96&d=mm&r=g","caption":"Reda\u00e7\u00e3o"}}]}},"amp_enabled":true,"_links":{"self":[{"href":"https:\/\/www.notibras.com\/site\/wp-json\/wp\/v2\/posts\/83423","targetHints":{"allow":["GET"]}}],"collection":[{"href":"https:\/\/www.notibras.com\/site\/wp-json\/wp\/v2\/posts"}],"about":[{"href":"https:\/\/www.notibras.com\/site\/wp-json\/wp\/v2\/types\/post"}],"author":[{"embeddable":true,"href":"https:\/\/www.notibras.com\/site\/wp-json\/wp\/v2\/users\/2"}],"replies":[{"embeddable":true,"href":"https:\/\/www.notibras.com\/site\/wp-json\/wp\/v2\/comments?post=83423"}],"version-history":[{"count":2,"href":"https:\/\/www.notibras.com\/site\/wp-json\/wp\/v2\/posts\/83423\/revisions"}],"predecessor-version":[{"id":83426,"href":"https:\/\/www.notibras.com\/site\/wp-json\/wp\/v2\/posts\/83423\/revisions\/83426"}],"wp:featuredmedia":[{"embeddable":true,"href":"https:\/\/www.notibras.com\/site\/wp-json\/wp\/v2\/media\/83424"}],"wp:attachment":[{"href":"https:\/\/www.notibras.com\/site\/wp-json\/wp\/v2\/media?parent=83423"}],"wp:term":[{"taxonomy":"category","embeddable":true,"href":"https:\/\/www.notibras.com\/site\/wp-json\/wp\/v2\/categories?post=83423"},{"taxonomy":"post_tag","embeddable":true,"href":"https:\/\/www.notibras.com\/site\/wp-json\/wp\/v2\/tags?post=83423"}],"curies":[{"name":"wp","href":"https:\/\/api.w.org\/{rel}","templated":true}]}}