{"id":83437,"date":"2016-01-06T12:33:22","date_gmt":"2016-01-06T14:33:22","guid":{"rendered":"http:\/\/www.notibras.com\/site\/?p=83437"},"modified":"2016-01-06T12:33:22","modified_gmt":"2016-01-06T14:33:22","slug":"venda-de-veiculos-novos-registra-queda-de-26-maior-indice-dos-ultimos-18-anos","status":"publish","type":"post","link":"https:\/\/www.notibras.com\/site\/venda-de-veiculos-novos-registra-queda-de-26-maior-indice-dos-ultimos-18-anos\/","title":{"rendered":"Venda de ve\u00edculos novos registra queda de 26%, maior \u00edndice dos \u00faltimos 18 anos"},"content":{"rendered":"<h6 class=\"Assina\"><strong>Andr\u00e9 \u00cdtalo Rocha<\/strong><\/h6>\n<p>O mercado brasileiro de ve\u00edculos novos confirmou as expectativas do setor e terminou 2015 com a maior queda nas vendas desde 1987. Foram 2,569 milh\u00f5es de unidades vendidas no ano passado, recuo de 26,5% em rela\u00e7\u00e3o ao volume de 2014 (3,497 milh\u00f5es), informou nesta quarta-feira, 6, a Federa\u00e7\u00e3o Nacional de Distribui\u00e7\u00e3o de Ve\u00edculos Automotores (Fenabrave). Com isso, o volume de vendas atingiu o menor n\u00edvel desde 2008, ano marcado pela crise na economia norte-americana.<\/p>\n<p>Por segmento, os emplacamentos de autom\u00f3veis e comerciais leves somaram 2,476 milh\u00f5es de unidades no ano passado, baixa de 25,5% sobre 2014. Entre caminh\u00f5es, a queda foi de 47,6%, para 71,7 mil unidades. No caso dos \u00f4nibus, houve tombo de 36,5%. As baixas nas vendas ocorrem em um cen\u00e1rio de aumento do desemprego, restri\u00e7\u00e3o ao cr\u00e9dito e queda na confian\u00e7a do consumidor.<\/p>\n<p>Este \u00e9 o terceiro ano seguido de queda nas vendas, considerando todos os segmentos analisados. Em 2014, houve recuo de 7,15% em rela\u00e7\u00e3o ao ano anterior. Em 2013, a queda havia sido de 0,9%, a primeira baixa em dez anos.<\/p>\n<p>O setor automotivo teve seu auge em 2012, quando vendeu 3,8 milh\u00f5es de unidades. \u00c0 \u00e9poca, o mercado ainda contava com a redu\u00e7\u00e3o do Imposto sobre Produtos Industrializados (IPI), medida que tornou os ve\u00edculos mais baratos e estimulou o consumo.<\/p>\n<p>Apesar da forte retra\u00e7\u00e3o ao longo do ano, o setor esbo\u00e7ou rea\u00e7\u00e3o nos \u00faltimos meses de 2015. Em dezembro, as vendas subiram pela segunda vez seguida, na compara\u00e7\u00e3o com o m\u00eas anterior. A comercializa\u00e7\u00e3o de ve\u00edculos novos alcan\u00e7ou 227.789 unidades em dezembro de 2015, crescimento de 16,7% em rela\u00e7\u00e3o a novembro. J\u00e1 em compara\u00e7\u00e3o com igual m\u00eas de 2014, houve retra\u00e7\u00e3o de 38,4%. Os autom\u00f3veis e comerciais leves, juntos, atingiram 220.656 unidades, alta de 16,6% ante novembro e queda de 37,5% sobre dezembro de 2014.<\/p>\n<p>Os emplacamentos de caminh\u00f5es somaram 5.577 unidades, avan\u00e7o de 17,7% sobre novembro e baixa de 59,2% em rela\u00e7\u00e3o a igual m\u00eas do ano anterior. Quanto aos \u00f4nibus, as vendas foram de 1.556 unidades em dezembro de 2015, alta de 39% ante novembro e recuo de 43,2% em compara\u00e7\u00e3o com dezembro do ano anterior.<\/p>\n<p><b>Proje\u00e7\u00f5es &#8211;\u00a0<\/b>A Fenabrave tamb\u00e9m revelou as previs\u00f5es inicias para 2016. As vendas de autom\u00f3veis e comerciais leves devem cair 5,9% em rela\u00e7\u00e3o a 2015, para 2,33 milh\u00f5es de unidades. Os caminh\u00f5es devem registrar baixa de 2,7%, para 69,8 mil unidades, e os \u00f4nibus devem ter recuo de 3,2%, para 19,6 mil unidades.<\/p>\n<p>Com isso, considerando todos os segmentos, as vendas devem ter queda de 5,8%, para um total de 2,42 milh\u00f5es de unidades.<\/p>\n<p><img loading=\"lazy\" decoding=\"async\" class=\"alignnone size-full wp-image-70065\" src=\"http:\/\/www.notibras.com\/site\/wp-content\/uploads\/2015\/10\/estadao.png\" alt=\"estadao\" width=\"99\" height=\"16\" \/><\/p>\n","protected":false},"excerpt":{"rendered":"<p>Andr\u00e9 \u00cdtalo Rocha O mercado brasileiro de ve\u00edculos novos confirmou as expectativas do setor e terminou 2015 com a maior queda nas vendas desde 1987. Foram 2,569 milh\u00f5es de unidades vendidas no ano passado, recuo de 26,5% em rela\u00e7\u00e3o ao volume de 2014 (3,497 milh\u00f5es), informou nesta quarta-feira, 6, a Federa\u00e7\u00e3o Nacional de Distribui\u00e7\u00e3o de [&hellip;]<\/p>\n","protected":false},"author":2,"featured_media":83438,"comment_status":"open","ping_status":"closed","sticky":false,"template":"","format":"standard","meta":{"_acf_changed":false,"footnotes":""},"categories":[16],"tags":[],"class_list":["post-83437","post","type-post","status-publish","format-standard","has-post-thumbnail","hentry","category-brasil"],"acf":[],"yoast_head":"<!-- This site is optimized with the Yoast SEO plugin v27.2 - https:\/\/yoast.com\/product\/yoast-seo-wordpress\/ -->\n<title>Venda de ve\u00edculos novos registra queda de 26%, maior \u00edndice dos \u00faltimos 18 anos - Notibras<\/title>\n<meta name=\"robots\" content=\"index, follow, max-snippet:-1, max-image-preview:large, max-video-preview:-1\" \/>\n<link rel=\"canonical\" href=\"https:\/\/www.notibras.com\/site\/venda-de-veiculos-novos-registra-queda-de-26-maior-indice-dos-ultimos-18-anos\/\" \/>\n<meta property=\"og:locale\" content=\"pt_BR\" \/>\n<meta property=\"og:type\" content=\"article\" \/>\n<meta property=\"og:title\" content=\"Venda de ve\u00edculos novos registra queda de 26%, maior \u00edndice dos \u00faltimos 18 anos - Notibras\" \/>\n<meta property=\"og:description\" content=\"Andr\u00e9 \u00cdtalo Rocha O mercado brasileiro de ve\u00edculos novos confirmou as expectativas do setor e terminou 2015 com a maior queda nas vendas desde 1987. Foram 2,569 milh\u00f5es de unidades vendidas no ano passado, recuo de 26,5% em rela\u00e7\u00e3o ao volume de 2014 (3,497 milh\u00f5es), informou nesta quarta-feira, 6, a Federa\u00e7\u00e3o Nacional de Distribui\u00e7\u00e3o de [&hellip;]\" \/>\n<meta property=\"og:url\" content=\"https:\/\/www.notibras.com\/site\/venda-de-veiculos-novos-registra-queda-de-26-maior-indice-dos-ultimos-18-anos\/\" \/>\n<meta property=\"og:site_name\" content=\"Notibras\" \/>\n<meta property=\"article:publisher\" content=\"https:\/\/www.facebook.com\/notibras\/\" \/>\n<meta property=\"article:published_time\" content=\"2016-01-06T14:33:22+00:00\" \/>\n<meta property=\"og:image\" content=\"https:\/\/www.notibras.com\/site\/wp-content\/uploads\/2016\/01\/096a00a1-956b-4020-8699-26d2f845e946.jpg\" \/>\n\t<meta property=\"og:image:width\" content=\"730\" \/>\n\t<meta property=\"og:image:height\" content=\"410\" \/>\n\t<meta property=\"og:image:type\" content=\"image\/jpeg\" \/>\n<meta name=\"author\" content=\"Reda\u00e7\u00e3o\" \/>\n<meta name=\"twitter:card\" content=\"summary_large_image\" \/>\n<meta name=\"twitter:creator\" content=\"@Notibras\" \/>\n<meta name=\"twitter:site\" content=\"@Notibras\" \/>\n<meta name=\"twitter:label1\" content=\"Escrito por\" \/>\n\t<meta name=\"twitter:data1\" content=\"Reda\u00e7\u00e3o\" \/>\n\t<meta name=\"twitter:label2\" content=\"Est. tempo de leitura\" \/>\n\t<meta name=\"twitter:data2\" content=\"2 minutos\" \/>\n<script type=\"application\/ld+json\" class=\"yoast-schema-graph\">{\"@context\":\"https:\/\/schema.org\",\"@graph\":[{\"@type\":\"Article\",\"@id\":\"https:\/\/www.notibras.com\/site\/venda-de-veiculos-novos-registra-queda-de-26-maior-indice-dos-ultimos-18-anos\/#article\",\"isPartOf\":{\"@id\":\"https:\/\/www.notibras.com\/site\/venda-de-veiculos-novos-registra-queda-de-26-maior-indice-dos-ultimos-18-anos\/\"},\"author\":{\"name\":\"Reda\u00e7\u00e3o\",\"@id\":\"https:\/\/www.notibras.com\/site\/#\/schema\/person\/36ab0979449956132d3e5b517ea76ac8\"},\"headline\":\"Venda de ve\u00edculos novos registra queda de 26%, maior \u00edndice dos \u00faltimos 18 anos\",\"datePublished\":\"2016-01-06T14:33:22+00:00\",\"mainEntityOfPage\":{\"@id\":\"https:\/\/www.notibras.com\/site\/venda-de-veiculos-novos-registra-queda-de-26-maior-indice-dos-ultimos-18-anos\/\"},\"wordCount\":440,\"commentCount\":0,\"publisher\":{\"@id\":\"https:\/\/www.notibras.com\/site\/#organization\"},\"image\":{\"@id\":\"https:\/\/www.notibras.com\/site\/venda-de-veiculos-novos-registra-queda-de-26-maior-indice-dos-ultimos-18-anos\/#primaryimage\"},\"thumbnailUrl\":\"https:\/\/www.notibras.com\/site\/wp-content\/uploads\/2016\/01\/096a00a1-956b-4020-8699-26d2f845e946.jpg\",\"articleSection\":[\"Brasil\"],\"inLanguage\":\"pt-BR\",\"potentialAction\":[{\"@type\":\"CommentAction\",\"name\":\"Comment\",\"target\":[\"https:\/\/www.notibras.com\/site\/venda-de-veiculos-novos-registra-queda-de-26-maior-indice-dos-ultimos-18-anos\/#respond\"]}]},{\"@type\":\"WebPage\",\"@id\":\"https:\/\/www.notibras.com\/site\/venda-de-veiculos-novos-registra-queda-de-26-maior-indice-dos-ultimos-18-anos\/\",\"url\":\"https:\/\/www.notibras.com\/site\/venda-de-veiculos-novos-registra-queda-de-26-maior-indice-dos-ultimos-18-anos\/\",\"name\":\"Venda de ve\u00edculos novos registra queda de 26%, maior \u00edndice dos \u00faltimos 18 anos - Notibras\",\"isPartOf\":{\"@id\":\"https:\/\/www.notibras.com\/site\/#website\"},\"primaryImageOfPage\":{\"@id\":\"https:\/\/www.notibras.com\/site\/venda-de-veiculos-novos-registra-queda-de-26-maior-indice-dos-ultimos-18-anos\/#primaryimage\"},\"image\":{\"@id\":\"https:\/\/www.notibras.com\/site\/venda-de-veiculos-novos-registra-queda-de-26-maior-indice-dos-ultimos-18-anos\/#primaryimage\"},\"thumbnailUrl\":\"https:\/\/www.notibras.com\/site\/wp-content\/uploads\/2016\/01\/096a00a1-956b-4020-8699-26d2f845e946.jpg\",\"datePublished\":\"2016-01-06T14:33:22+00:00\",\"breadcrumb\":{\"@id\":\"https:\/\/www.notibras.com\/site\/venda-de-veiculos-novos-registra-queda-de-26-maior-indice-dos-ultimos-18-anos\/#breadcrumb\"},\"inLanguage\":\"pt-BR\",\"potentialAction\":[{\"@type\":\"ReadAction\",\"target\":[\"https:\/\/www.notibras.com\/site\/venda-de-veiculos-novos-registra-queda-de-26-maior-indice-dos-ultimos-18-anos\/\"]}]},{\"@type\":\"ImageObject\",\"inLanguage\":\"pt-BR\",\"@id\":\"https:\/\/www.notibras.com\/site\/venda-de-veiculos-novos-registra-queda-de-26-maior-indice-dos-ultimos-18-anos\/#primaryimage\",\"url\":\"https:\/\/www.notibras.com\/site\/wp-content\/uploads\/2016\/01\/096a00a1-956b-4020-8699-26d2f845e946.jpg\",\"contentUrl\":\"https:\/\/www.notibras.com\/site\/wp-content\/uploads\/2016\/01\/096a00a1-956b-4020-8699-26d2f845e946.jpg\",\"width\":730,\"height\":410},{\"@type\":\"BreadcrumbList\",\"@id\":\"https:\/\/www.notibras.com\/site\/venda-de-veiculos-novos-registra-queda-de-26-maior-indice-dos-ultimos-18-anos\/#breadcrumb\",\"itemListElement\":[{\"@type\":\"ListItem\",\"position\":1,\"name\":\"In\u00edcio\",\"item\":\"https:\/\/www.notibras.com\/site\/\"},{\"@type\":\"ListItem\",\"position\":2,\"name\":\"Venda de ve\u00edculos novos registra queda de 26%, maior \u00edndice dos \u00faltimos 18 anos\"}]},{\"@type\":\"WebSite\",\"@id\":\"https:\/\/www.notibras.com\/site\/#website\",\"url\":\"https:\/\/www.notibras.com\/site\/\",\"name\":\"Notibras\",\"description\":\"Not\u00edcias de Bras\u00edlia, do Brasil e do Mundo\",\"publisher\":{\"@id\":\"https:\/\/www.notibras.com\/site\/#organization\"},\"potentialAction\":[{\"@type\":\"SearchAction\",\"target\":{\"@type\":\"EntryPoint\",\"urlTemplate\":\"https:\/\/www.notibras.com\/site\/?s={search_term_string}\"},\"query-input\":{\"@type\":\"PropertyValueSpecification\",\"valueRequired\":true,\"valueName\":\"search_term_string\"}}],\"inLanguage\":\"pt-BR\"},{\"@type\":\"Organization\",\"@id\":\"https:\/\/www.notibras.com\/site\/#organization\",\"name\":\"Grupo Notibras de Comunica\u00e7\u00e3o\",\"url\":\"https:\/\/www.notibras.com\/site\/\",\"logo\":{\"@type\":\"ImageObject\",\"inLanguage\":\"pt-BR\",\"@id\":\"https:\/\/www.notibras.com\/site\/#\/schema\/logo\/image\/\",\"url\":\"https:\/\/www.notibras.com\/site\/wp-content\/uploads\/2023\/01\/notibras23.png\",\"contentUrl\":\"https:\/\/www.notibras.com\/site\/wp-content\/uploads\/2023\/01\/notibras23.png\",\"width\":350,\"height\":87,\"caption\":\"Grupo Notibras de Comunica\u00e7\u00e3o\"},\"image\":{\"@id\":\"https:\/\/www.notibras.com\/site\/#\/schema\/logo\/image\/\"},\"sameAs\":[\"https:\/\/www.facebook.com\/notibras\/\",\"https:\/\/x.com\/Notibras\",\"https:\/\/www.instagram.com\/notibras\/\"]},{\"@type\":\"Person\",\"@id\":\"https:\/\/www.notibras.com\/site\/#\/schema\/person\/36ab0979449956132d3e5b517ea76ac8\",\"name\":\"Reda\u00e7\u00e3o\",\"image\":{\"@type\":\"ImageObject\",\"inLanguage\":\"pt-BR\",\"@id\":\"https:\/\/secure.gravatar.com\/avatar\/e0a867bdedb85fd243eadf09663511f96fc81e0720a4a42581f334ad4303aa6b?s=96&d=mm&r=g\",\"url\":\"https:\/\/secure.gravatar.com\/avatar\/e0a867bdedb85fd243eadf09663511f96fc81e0720a4a42581f334ad4303aa6b?s=96&d=mm&r=g\",\"contentUrl\":\"https:\/\/secure.gravatar.com\/avatar\/e0a867bdedb85fd243eadf09663511f96fc81e0720a4a42581f334ad4303aa6b?s=96&d=mm&r=g\",\"caption\":\"Reda\u00e7\u00e3o\"}}]}<\/script>\n<!-- \/ Yoast SEO plugin. -->","yoast_head_json":{"title":"Venda de ve\u00edculos novos registra queda de 26%, maior \u00edndice dos \u00faltimos 18 anos - Notibras","robots":{"index":"index","follow":"follow","max-snippet":"max-snippet:-1","max-image-preview":"max-image-preview:large","max-video-preview":"max-video-preview:-1"},"canonical":"https:\/\/www.notibras.com\/site\/venda-de-veiculos-novos-registra-queda-de-26-maior-indice-dos-ultimos-18-anos\/","og_locale":"pt_BR","og_type":"article","og_title":"Venda de ve\u00edculos novos registra queda de 26%, maior \u00edndice dos \u00faltimos 18 anos - Notibras","og_description":"Andr\u00e9 \u00cdtalo Rocha O mercado brasileiro de ve\u00edculos novos confirmou as expectativas do setor e terminou 2015 com a maior queda nas vendas desde 1987. Foram 2,569 milh\u00f5es de unidades vendidas no ano passado, recuo de 26,5% em rela\u00e7\u00e3o ao volume de 2014 (3,497 milh\u00f5es), informou nesta quarta-feira, 6, a Federa\u00e7\u00e3o Nacional de Distribui\u00e7\u00e3o de [&hellip;]","og_url":"https:\/\/www.notibras.com\/site\/venda-de-veiculos-novos-registra-queda-de-26-maior-indice-dos-ultimos-18-anos\/","og_site_name":"Notibras","article_publisher":"https:\/\/www.facebook.com\/notibras\/","article_published_time":"2016-01-06T14:33:22+00:00","og_image":[{"width":730,"height":410,"url":"https:\/\/www.notibras.com\/site\/wp-content\/uploads\/2016\/01\/096a00a1-956b-4020-8699-26d2f845e946.jpg","type":"image\/jpeg"}],"author":"Reda\u00e7\u00e3o","twitter_card":"summary_large_image","twitter_creator":"@Notibras","twitter_site":"@Notibras","twitter_misc":{"Escrito por":"Reda\u00e7\u00e3o","Est. tempo de leitura":"2 minutos"},"schema":{"@context":"https:\/\/schema.org","@graph":[{"@type":"Article","@id":"https:\/\/www.notibras.com\/site\/venda-de-veiculos-novos-registra-queda-de-26-maior-indice-dos-ultimos-18-anos\/#article","isPartOf":{"@id":"https:\/\/www.notibras.com\/site\/venda-de-veiculos-novos-registra-queda-de-26-maior-indice-dos-ultimos-18-anos\/"},"author":{"name":"Reda\u00e7\u00e3o","@id":"https:\/\/www.notibras.com\/site\/#\/schema\/person\/36ab0979449956132d3e5b517ea76ac8"},"headline":"Venda de ve\u00edculos novos registra queda de 26%, maior \u00edndice dos \u00faltimos 18 anos","datePublished":"2016-01-06T14:33:22+00:00","mainEntityOfPage":{"@id":"https:\/\/www.notibras.com\/site\/venda-de-veiculos-novos-registra-queda-de-26-maior-indice-dos-ultimos-18-anos\/"},"wordCount":440,"commentCount":0,"publisher":{"@id":"https:\/\/www.notibras.com\/site\/#organization"},"image":{"@id":"https:\/\/www.notibras.com\/site\/venda-de-veiculos-novos-registra-queda-de-26-maior-indice-dos-ultimos-18-anos\/#primaryimage"},"thumbnailUrl":"https:\/\/www.notibras.com\/site\/wp-content\/uploads\/2016\/01\/096a00a1-956b-4020-8699-26d2f845e946.jpg","articleSection":["Brasil"],"inLanguage":"pt-BR","potentialAction":[{"@type":"CommentAction","name":"Comment","target":["https:\/\/www.notibras.com\/site\/venda-de-veiculos-novos-registra-queda-de-26-maior-indice-dos-ultimos-18-anos\/#respond"]}]},{"@type":"WebPage","@id":"https:\/\/www.notibras.com\/site\/venda-de-veiculos-novos-registra-queda-de-26-maior-indice-dos-ultimos-18-anos\/","url":"https:\/\/www.notibras.com\/site\/venda-de-veiculos-novos-registra-queda-de-26-maior-indice-dos-ultimos-18-anos\/","name":"Venda de ve\u00edculos novos registra queda de 26%, maior \u00edndice dos \u00faltimos 18 anos - Notibras","isPartOf":{"@id":"https:\/\/www.notibras.com\/site\/#website"},"primaryImageOfPage":{"@id":"https:\/\/www.notibras.com\/site\/venda-de-veiculos-novos-registra-queda-de-26-maior-indice-dos-ultimos-18-anos\/#primaryimage"},"image":{"@id":"https:\/\/www.notibras.com\/site\/venda-de-veiculos-novos-registra-queda-de-26-maior-indice-dos-ultimos-18-anos\/#primaryimage"},"thumbnailUrl":"https:\/\/www.notibras.com\/site\/wp-content\/uploads\/2016\/01\/096a00a1-956b-4020-8699-26d2f845e946.jpg","datePublished":"2016-01-06T14:33:22+00:00","breadcrumb":{"@id":"https:\/\/www.notibras.com\/site\/venda-de-veiculos-novos-registra-queda-de-26-maior-indice-dos-ultimos-18-anos\/#breadcrumb"},"inLanguage":"pt-BR","potentialAction":[{"@type":"ReadAction","target":["https:\/\/www.notibras.com\/site\/venda-de-veiculos-novos-registra-queda-de-26-maior-indice-dos-ultimos-18-anos\/"]}]},{"@type":"ImageObject","inLanguage":"pt-BR","@id":"https:\/\/www.notibras.com\/site\/venda-de-veiculos-novos-registra-queda-de-26-maior-indice-dos-ultimos-18-anos\/#primaryimage","url":"https:\/\/www.notibras.com\/site\/wp-content\/uploads\/2016\/01\/096a00a1-956b-4020-8699-26d2f845e946.jpg","contentUrl":"https:\/\/www.notibras.com\/site\/wp-content\/uploads\/2016\/01\/096a00a1-956b-4020-8699-26d2f845e946.jpg","width":730,"height":410},{"@type":"BreadcrumbList","@id":"https:\/\/www.notibras.com\/site\/venda-de-veiculos-novos-registra-queda-de-26-maior-indice-dos-ultimos-18-anos\/#breadcrumb","itemListElement":[{"@type":"ListItem","position":1,"name":"In\u00edcio","item":"https:\/\/www.notibras.com\/site\/"},{"@type":"ListItem","position":2,"name":"Venda de ve\u00edculos novos registra queda de 26%, maior \u00edndice dos \u00faltimos 18 anos"}]},{"@type":"WebSite","@id":"https:\/\/www.notibras.com\/site\/#website","url":"https:\/\/www.notibras.com\/site\/","name":"Notibras","description":"Not\u00edcias de Bras\u00edlia, do Brasil e do Mundo","publisher":{"@id":"https:\/\/www.notibras.com\/site\/#organization"},"potentialAction":[{"@type":"SearchAction","target":{"@type":"EntryPoint","urlTemplate":"https:\/\/www.notibras.com\/site\/?s={search_term_string}"},"query-input":{"@type":"PropertyValueSpecification","valueRequired":true,"valueName":"search_term_string"}}],"inLanguage":"pt-BR"},{"@type":"Organization","@id":"https:\/\/www.notibras.com\/site\/#organization","name":"Grupo Notibras de Comunica\u00e7\u00e3o","url":"https:\/\/www.notibras.com\/site\/","logo":{"@type":"ImageObject","inLanguage":"pt-BR","@id":"https:\/\/www.notibras.com\/site\/#\/schema\/logo\/image\/","url":"https:\/\/www.notibras.com\/site\/wp-content\/uploads\/2023\/01\/notibras23.png","contentUrl":"https:\/\/www.notibras.com\/site\/wp-content\/uploads\/2023\/01\/notibras23.png","width":350,"height":87,"caption":"Grupo Notibras de Comunica\u00e7\u00e3o"},"image":{"@id":"https:\/\/www.notibras.com\/site\/#\/schema\/logo\/image\/"},"sameAs":["https:\/\/www.facebook.com\/notibras\/","https:\/\/x.com\/Notibras","https:\/\/www.instagram.com\/notibras\/"]},{"@type":"Person","@id":"https:\/\/www.notibras.com\/site\/#\/schema\/person\/36ab0979449956132d3e5b517ea76ac8","name":"Reda\u00e7\u00e3o","image":{"@type":"ImageObject","inLanguage":"pt-BR","@id":"https:\/\/secure.gravatar.com\/avatar\/e0a867bdedb85fd243eadf09663511f96fc81e0720a4a42581f334ad4303aa6b?s=96&d=mm&r=g","url":"https:\/\/secure.gravatar.com\/avatar\/e0a867bdedb85fd243eadf09663511f96fc81e0720a4a42581f334ad4303aa6b?s=96&d=mm&r=g","contentUrl":"https:\/\/secure.gravatar.com\/avatar\/e0a867bdedb85fd243eadf09663511f96fc81e0720a4a42581f334ad4303aa6b?s=96&d=mm&r=g","caption":"Reda\u00e7\u00e3o"}}]}},"amp_enabled":true,"_links":{"self":[{"href":"https:\/\/www.notibras.com\/site\/wp-json\/wp\/v2\/posts\/83437","targetHints":{"allow":["GET"]}}],"collection":[{"href":"https:\/\/www.notibras.com\/site\/wp-json\/wp\/v2\/posts"}],"about":[{"href":"https:\/\/www.notibras.com\/site\/wp-json\/wp\/v2\/types\/post"}],"author":[{"embeddable":true,"href":"https:\/\/www.notibras.com\/site\/wp-json\/wp\/v2\/users\/2"}],"replies":[{"embeddable":true,"href":"https:\/\/www.notibras.com\/site\/wp-json\/wp\/v2\/comments?post=83437"}],"version-history":[{"count":1,"href":"https:\/\/www.notibras.com\/site\/wp-json\/wp\/v2\/posts\/83437\/revisions"}],"predecessor-version":[{"id":83439,"href":"https:\/\/www.notibras.com\/site\/wp-json\/wp\/v2\/posts\/83437\/revisions\/83439"}],"wp:featuredmedia":[{"embeddable":true,"href":"https:\/\/www.notibras.com\/site\/wp-json\/wp\/v2\/media\/83438"}],"wp:attachment":[{"href":"https:\/\/www.notibras.com\/site\/wp-json\/wp\/v2\/media?parent=83437"}],"wp:term":[{"taxonomy":"category","embeddable":true,"href":"https:\/\/www.notibras.com\/site\/wp-json\/wp\/v2\/categories?post=83437"},{"taxonomy":"post_tag","embeddable":true,"href":"https:\/\/www.notibras.com\/site\/wp-json\/wp\/v2\/tags?post=83437"}],"curies":[{"name":"wp","href":"https:\/\/api.w.org\/{rel}","templated":true}]}}