{"id":83440,"date":"2016-01-06T12:37:19","date_gmt":"2016-01-06T14:37:19","guid":{"rendered":"http:\/\/www.notibras.com\/site\/?p=83440"},"modified":"2016-01-06T12:37:19","modified_gmt":"2016-01-06T14:37:19","slug":"edinho-silva-defende-dialogo-nacional-como-unica-saida-para-evitar-que-pais-afunde","status":"publish","type":"post","link":"https:\/\/www.notibras.com\/site\/edinho-silva-defende-dialogo-nacional-como-unica-saida-para-evitar-que-pais-afunde\/","title":{"rendered":"Edinho Silva defende di\u00e1logo nacional como \u00fanica sa\u00edda para evitar que Pa\u00eds afunde"},"content":{"rendered":"<h6 class=\"Assina\"><strong>Carla Ara\u00fajo<\/strong><\/h6>\n<p>O ministro da Secretaria de Comunica\u00e7\u00e3o Social da Presid\u00eancia da Rep\u00fablica, Edinho Silva, defendeu nesta quarta-feira, 6, que o di\u00e1logo deve superar as disputas pol\u00edticas e partid\u00e1rias e disse que o &#8220;Brasil precisa se defender de um poss\u00edvel agravamento da crise internacional&#8221;.<\/p>\n<p>&#8220;Se o di\u00e1logo vencer as mesquinhas disputas pol\u00edtico-partid\u00e1rias, se medidas de fortalecimento da economia forem aprovadas &#8211; repito, sempre de forma respons\u00e1vel -, o Brasil tem todas as condi\u00e7\u00f5es de, em breve, retomar o crescimento, a gera\u00e7\u00e3o de emprego e renda, voltando a ser exemplo de supera\u00e7\u00e3o da longa crise econ\u00f4mica mundial&#8221;, afirmou Edinho em artigo publicado em seu blog.<\/p>\n<p>Para o ministro, al\u00e9m de iniciativas que levem \u00e0 retomada do crescimento, \u00e9 fundamental que o governo construa &#8220;uma agenda de consenso para que possa tomar as medidas necess\u00e1rias na busca de maior efici\u00eancia e competitividade internacional&#8221;.<\/p>\n<p>A presidente Dilma Rousseff est\u00e1 preocupada com os problemas enfrentados na economia chinesa, que est\u00e1 afetando os mercados em todo o mundo, inclusive nos Estados Unidos e no Brasil. A preocupa\u00e7\u00e3o do Planalto \u00e9 grande porque a China \u00e9 um grande comprador de commodities do Brasil e a economia americana est\u00e1 fortemente atrelada \u00e0 chinesa, Qualquer problema que afete estes dois mercados atinge em cheio o Brasil.<\/p>\n<p>Para o ministro, a instabilidade econ\u00f4mica internacional e a dificuldade de retomada do crescimento econ\u00f4mico globalmente mostram que a presidente est\u00e1 agindo corretamente tentando construir propostas que dinamizem a economia interna.<\/p>\n<p>&#8220;O Brasil precisa se defender de um poss\u00edvel agravamento da crise econ\u00f4mica internacional. \u00c9 necess\u00e1rio criar, de maneira respons\u00e1vel, mecanismos que possibilitem ao pa\u00eds superar este per\u00edodo de turbul\u00eancias, com a for\u00e7a da nossa economia interna&#8221;, escreveu.<\/p>\n<p><img loading=\"lazy\" decoding=\"async\" class=\"alignnone size-full wp-image-70065\" src=\"http:\/\/www.notibras.com\/site\/wp-content\/uploads\/2015\/10\/estadao.png\" alt=\"estadao\" width=\"99\" height=\"16\" \/><\/p>\n","protected":false},"excerpt":{"rendered":"<p>Carla Ara\u00fajo O ministro da Secretaria de Comunica\u00e7\u00e3o Social da Presid\u00eancia da Rep\u00fablica, Edinho Silva, defendeu nesta quarta-feira, 6, que o di\u00e1logo deve superar as disputas pol\u00edticas e partid\u00e1rias e disse que o &#8220;Brasil precisa se defender de um poss\u00edvel agravamento da crise internacional&#8221;. &#8220;Se o di\u00e1logo vencer as mesquinhas disputas pol\u00edtico-partid\u00e1rias, se medidas de [&hellip;]<\/p>\n","protected":false},"author":2,"featured_media":83441,"comment_status":"open","ping_status":"closed","sticky":false,"template":"","format":"standard","meta":{"_acf_changed":false,"footnotes":""},"categories":[16],"tags":[],"class_list":["post-83440","post","type-post","status-publish","format-standard","has-post-thumbnail","hentry","category-brasil"],"acf":[],"yoast_head":"<!-- This site is optimized with the Yoast SEO plugin v27.2 - https:\/\/yoast.com\/product\/yoast-seo-wordpress\/ -->\n<title>Edinho Silva defende di\u00e1logo nacional como \u00fanica sa\u00edda para evitar que Pa\u00eds afunde - Notibras<\/title>\n<meta name=\"robots\" content=\"index, follow, max-snippet:-1, max-image-preview:large, max-video-preview:-1\" \/>\n<link rel=\"canonical\" href=\"https:\/\/www.notibras.com\/site\/edinho-silva-defende-dialogo-nacional-como-unica-saida-para-evitar-que-pais-afunde\/\" \/>\n<meta property=\"og:locale\" content=\"pt_BR\" \/>\n<meta property=\"og:type\" content=\"article\" \/>\n<meta property=\"og:title\" content=\"Edinho Silva defende di\u00e1logo nacional como \u00fanica sa\u00edda para evitar que Pa\u00eds afunde - Notibras\" \/>\n<meta property=\"og:description\" content=\"Carla Ara\u00fajo O ministro da Secretaria de Comunica\u00e7\u00e3o Social da Presid\u00eancia da Rep\u00fablica, Edinho Silva, defendeu nesta quarta-feira, 6, que o di\u00e1logo deve superar as disputas pol\u00edticas e partid\u00e1rias e disse que o &#8220;Brasil precisa se defender de um poss\u00edvel agravamento da crise internacional&#8221;. &#8220;Se o di\u00e1logo vencer as mesquinhas disputas pol\u00edtico-partid\u00e1rias, se medidas de [&hellip;]\" \/>\n<meta property=\"og:url\" content=\"https:\/\/www.notibras.com\/site\/edinho-silva-defende-dialogo-nacional-como-unica-saida-para-evitar-que-pais-afunde\/\" \/>\n<meta property=\"og:site_name\" content=\"Notibras\" \/>\n<meta property=\"article:publisher\" content=\"https:\/\/www.facebook.com\/notibras\/\" \/>\n<meta property=\"article:published_time\" content=\"2016-01-06T14:37:19+00:00\" \/>\n<meta property=\"og:image\" content=\"https:\/\/www.notibras.com\/site\/wp-content\/uploads\/2016\/01\/ComSaude13mar12Roba.jpg\" \/>\n\t<meta property=\"og:image:width\" content=\"1200\" \/>\n\t<meta property=\"og:image:height\" content=\"815\" \/>\n\t<meta property=\"og:image:type\" content=\"image\/jpeg\" \/>\n<meta name=\"author\" content=\"Reda\u00e7\u00e3o\" \/>\n<meta name=\"twitter:card\" content=\"summary_large_image\" \/>\n<meta name=\"twitter:creator\" content=\"@Notibras\" \/>\n<meta name=\"twitter:site\" content=\"@Notibras\" \/>\n<meta name=\"twitter:label1\" content=\"Escrito por\" \/>\n\t<meta name=\"twitter:data1\" content=\"Reda\u00e7\u00e3o\" \/>\n\t<meta name=\"twitter:label2\" content=\"Est. tempo de leitura\" \/>\n\t<meta name=\"twitter:data2\" content=\"1 minuto\" \/>\n<script type=\"application\/ld+json\" class=\"yoast-schema-graph\">{\"@context\":\"https:\/\/schema.org\",\"@graph\":[{\"@type\":\"Article\",\"@id\":\"https:\/\/www.notibras.com\/site\/edinho-silva-defende-dialogo-nacional-como-unica-saida-para-evitar-que-pais-afunde\/#article\",\"isPartOf\":{\"@id\":\"https:\/\/www.notibras.com\/site\/edinho-silva-defende-dialogo-nacional-como-unica-saida-para-evitar-que-pais-afunde\/\"},\"author\":{\"name\":\"Reda\u00e7\u00e3o\",\"@id\":\"https:\/\/www.notibras.com\/site\/#\/schema\/person\/36ab0979449956132d3e5b517ea76ac8\"},\"headline\":\"Edinho Silva defende di\u00e1logo nacional como \u00fanica sa\u00edda para evitar que Pa\u00eds afunde\",\"datePublished\":\"2016-01-06T14:37:19+00:00\",\"mainEntityOfPage\":{\"@id\":\"https:\/\/www.notibras.com\/site\/edinho-silva-defende-dialogo-nacional-como-unica-saida-para-evitar-que-pais-afunde\/\"},\"wordCount\":315,\"commentCount\":0,\"publisher\":{\"@id\":\"https:\/\/www.notibras.com\/site\/#organization\"},\"image\":{\"@id\":\"https:\/\/www.notibras.com\/site\/edinho-silva-defende-dialogo-nacional-como-unica-saida-para-evitar-que-pais-afunde\/#primaryimage\"},\"thumbnailUrl\":\"https:\/\/www.notibras.com\/site\/wp-content\/uploads\/2016\/01\/ComSaude13mar12Roba.jpg\",\"articleSection\":[\"Brasil\"],\"inLanguage\":\"pt-BR\",\"potentialAction\":[{\"@type\":\"CommentAction\",\"name\":\"Comment\",\"target\":[\"https:\/\/www.notibras.com\/site\/edinho-silva-defende-dialogo-nacional-como-unica-saida-para-evitar-que-pais-afunde\/#respond\"]}]},{\"@type\":\"WebPage\",\"@id\":\"https:\/\/www.notibras.com\/site\/edinho-silva-defende-dialogo-nacional-como-unica-saida-para-evitar-que-pais-afunde\/\",\"url\":\"https:\/\/www.notibras.com\/site\/edinho-silva-defende-dialogo-nacional-como-unica-saida-para-evitar-que-pais-afunde\/\",\"name\":\"Edinho Silva defende di\u00e1logo nacional como \u00fanica sa\u00edda para evitar que Pa\u00eds afunde - Notibras\",\"isPartOf\":{\"@id\":\"https:\/\/www.notibras.com\/site\/#website\"},\"primaryImageOfPage\":{\"@id\":\"https:\/\/www.notibras.com\/site\/edinho-silva-defende-dialogo-nacional-como-unica-saida-para-evitar-que-pais-afunde\/#primaryimage\"},\"image\":{\"@id\":\"https:\/\/www.notibras.com\/site\/edinho-silva-defende-dialogo-nacional-como-unica-saida-para-evitar-que-pais-afunde\/#primaryimage\"},\"thumbnailUrl\":\"https:\/\/www.notibras.com\/site\/wp-content\/uploads\/2016\/01\/ComSaude13mar12Roba.jpg\",\"datePublished\":\"2016-01-06T14:37:19+00:00\",\"breadcrumb\":{\"@id\":\"https:\/\/www.notibras.com\/site\/edinho-silva-defende-dialogo-nacional-como-unica-saida-para-evitar-que-pais-afunde\/#breadcrumb\"},\"inLanguage\":\"pt-BR\",\"potentialAction\":[{\"@type\":\"ReadAction\",\"target\":[\"https:\/\/www.notibras.com\/site\/edinho-silva-defende-dialogo-nacional-como-unica-saida-para-evitar-que-pais-afunde\/\"]}]},{\"@type\":\"ImageObject\",\"inLanguage\":\"pt-BR\",\"@id\":\"https:\/\/www.notibras.com\/site\/edinho-silva-defende-dialogo-nacional-como-unica-saida-para-evitar-que-pais-afunde\/#primaryimage\",\"url\":\"https:\/\/www.notibras.com\/site\/wp-content\/uploads\/2016\/01\/ComSaude13mar12Roba.jpg\",\"contentUrl\":\"https:\/\/www.notibras.com\/site\/wp-content\/uploads\/2016\/01\/ComSaude13mar12Roba.jpg\",\"width\":1200,\"height\":815},{\"@type\":\"BreadcrumbList\",\"@id\":\"https:\/\/www.notibras.com\/site\/edinho-silva-defende-dialogo-nacional-como-unica-saida-para-evitar-que-pais-afunde\/#breadcrumb\",\"itemListElement\":[{\"@type\":\"ListItem\",\"position\":1,\"name\":\"In\u00edcio\",\"item\":\"https:\/\/www.notibras.com\/site\/\"},{\"@type\":\"ListItem\",\"position\":2,\"name\":\"Edinho Silva defende di\u00e1logo nacional como \u00fanica sa\u00edda para evitar que Pa\u00eds afunde\"}]},{\"@type\":\"WebSite\",\"@id\":\"https:\/\/www.notibras.com\/site\/#website\",\"url\":\"https:\/\/www.notibras.com\/site\/\",\"name\":\"Notibras\",\"description\":\"Not\u00edcias de Bras\u00edlia, do Brasil e do Mundo\",\"publisher\":{\"@id\":\"https:\/\/www.notibras.com\/site\/#organization\"},\"potentialAction\":[{\"@type\":\"SearchAction\",\"target\":{\"@type\":\"EntryPoint\",\"urlTemplate\":\"https:\/\/www.notibras.com\/site\/?s={search_term_string}\"},\"query-input\":{\"@type\":\"PropertyValueSpecification\",\"valueRequired\":true,\"valueName\":\"search_term_string\"}}],\"inLanguage\":\"pt-BR\"},{\"@type\":\"Organization\",\"@id\":\"https:\/\/www.notibras.com\/site\/#organization\",\"name\":\"Grupo Notibras de Comunica\u00e7\u00e3o\",\"url\":\"https:\/\/www.notibras.com\/site\/\",\"logo\":{\"@type\":\"ImageObject\",\"inLanguage\":\"pt-BR\",\"@id\":\"https:\/\/www.notibras.com\/site\/#\/schema\/logo\/image\/\",\"url\":\"https:\/\/www.notibras.com\/site\/wp-content\/uploads\/2023\/01\/notibras23.png\",\"contentUrl\":\"https:\/\/www.notibras.com\/site\/wp-content\/uploads\/2023\/01\/notibras23.png\",\"width\":350,\"height\":87,\"caption\":\"Grupo Notibras de Comunica\u00e7\u00e3o\"},\"image\":{\"@id\":\"https:\/\/www.notibras.com\/site\/#\/schema\/logo\/image\/\"},\"sameAs\":[\"https:\/\/www.facebook.com\/notibras\/\",\"https:\/\/x.com\/Notibras\",\"https:\/\/www.instagram.com\/notibras\/\"]},{\"@type\":\"Person\",\"@id\":\"https:\/\/www.notibras.com\/site\/#\/schema\/person\/36ab0979449956132d3e5b517ea76ac8\",\"name\":\"Reda\u00e7\u00e3o\",\"image\":{\"@type\":\"ImageObject\",\"inLanguage\":\"pt-BR\",\"@id\":\"https:\/\/secure.gravatar.com\/avatar\/e0a867bdedb85fd243eadf09663511f96fc81e0720a4a42581f334ad4303aa6b?s=96&d=mm&r=g\",\"url\":\"https:\/\/secure.gravatar.com\/avatar\/e0a867bdedb85fd243eadf09663511f96fc81e0720a4a42581f334ad4303aa6b?s=96&d=mm&r=g\",\"contentUrl\":\"https:\/\/secure.gravatar.com\/avatar\/e0a867bdedb85fd243eadf09663511f96fc81e0720a4a42581f334ad4303aa6b?s=96&d=mm&r=g\",\"caption\":\"Reda\u00e7\u00e3o\"}}]}<\/script>\n<!-- \/ Yoast SEO plugin. -->","yoast_head_json":{"title":"Edinho Silva defende di\u00e1logo nacional como \u00fanica sa\u00edda para evitar que Pa\u00eds afunde - Notibras","robots":{"index":"index","follow":"follow","max-snippet":"max-snippet:-1","max-image-preview":"max-image-preview:large","max-video-preview":"max-video-preview:-1"},"canonical":"https:\/\/www.notibras.com\/site\/edinho-silva-defende-dialogo-nacional-como-unica-saida-para-evitar-que-pais-afunde\/","og_locale":"pt_BR","og_type":"article","og_title":"Edinho Silva defende di\u00e1logo nacional como \u00fanica sa\u00edda para evitar que Pa\u00eds afunde - Notibras","og_description":"Carla Ara\u00fajo O ministro da Secretaria de Comunica\u00e7\u00e3o Social da Presid\u00eancia da Rep\u00fablica, Edinho Silva, defendeu nesta quarta-feira, 6, que o di\u00e1logo deve superar as disputas pol\u00edticas e partid\u00e1rias e disse que o &#8220;Brasil precisa se defender de um poss\u00edvel agravamento da crise internacional&#8221;. &#8220;Se o di\u00e1logo vencer as mesquinhas disputas pol\u00edtico-partid\u00e1rias, se medidas de [&hellip;]","og_url":"https:\/\/www.notibras.com\/site\/edinho-silva-defende-dialogo-nacional-como-unica-saida-para-evitar-que-pais-afunde\/","og_site_name":"Notibras","article_publisher":"https:\/\/www.facebook.com\/notibras\/","article_published_time":"2016-01-06T14:37:19+00:00","og_image":[{"width":1200,"height":815,"url":"https:\/\/www.notibras.com\/site\/wp-content\/uploads\/2016\/01\/ComSaude13mar12Roba.jpg","type":"image\/jpeg"}],"author":"Reda\u00e7\u00e3o","twitter_card":"summary_large_image","twitter_creator":"@Notibras","twitter_site":"@Notibras","twitter_misc":{"Escrito por":"Reda\u00e7\u00e3o","Est. tempo de leitura":"1 minuto"},"schema":{"@context":"https:\/\/schema.org","@graph":[{"@type":"Article","@id":"https:\/\/www.notibras.com\/site\/edinho-silva-defende-dialogo-nacional-como-unica-saida-para-evitar-que-pais-afunde\/#article","isPartOf":{"@id":"https:\/\/www.notibras.com\/site\/edinho-silva-defende-dialogo-nacional-como-unica-saida-para-evitar-que-pais-afunde\/"},"author":{"name":"Reda\u00e7\u00e3o","@id":"https:\/\/www.notibras.com\/site\/#\/schema\/person\/36ab0979449956132d3e5b517ea76ac8"},"headline":"Edinho Silva defende di\u00e1logo nacional como \u00fanica sa\u00edda para evitar que Pa\u00eds afunde","datePublished":"2016-01-06T14:37:19+00:00","mainEntityOfPage":{"@id":"https:\/\/www.notibras.com\/site\/edinho-silva-defende-dialogo-nacional-como-unica-saida-para-evitar-que-pais-afunde\/"},"wordCount":315,"commentCount":0,"publisher":{"@id":"https:\/\/www.notibras.com\/site\/#organization"},"image":{"@id":"https:\/\/www.notibras.com\/site\/edinho-silva-defende-dialogo-nacional-como-unica-saida-para-evitar-que-pais-afunde\/#primaryimage"},"thumbnailUrl":"https:\/\/www.notibras.com\/site\/wp-content\/uploads\/2016\/01\/ComSaude13mar12Roba.jpg","articleSection":["Brasil"],"inLanguage":"pt-BR","potentialAction":[{"@type":"CommentAction","name":"Comment","target":["https:\/\/www.notibras.com\/site\/edinho-silva-defende-dialogo-nacional-como-unica-saida-para-evitar-que-pais-afunde\/#respond"]}]},{"@type":"WebPage","@id":"https:\/\/www.notibras.com\/site\/edinho-silva-defende-dialogo-nacional-como-unica-saida-para-evitar-que-pais-afunde\/","url":"https:\/\/www.notibras.com\/site\/edinho-silva-defende-dialogo-nacional-como-unica-saida-para-evitar-que-pais-afunde\/","name":"Edinho Silva defende di\u00e1logo nacional como \u00fanica sa\u00edda para evitar que Pa\u00eds afunde - Notibras","isPartOf":{"@id":"https:\/\/www.notibras.com\/site\/#website"},"primaryImageOfPage":{"@id":"https:\/\/www.notibras.com\/site\/edinho-silva-defende-dialogo-nacional-como-unica-saida-para-evitar-que-pais-afunde\/#primaryimage"},"image":{"@id":"https:\/\/www.notibras.com\/site\/edinho-silva-defende-dialogo-nacional-como-unica-saida-para-evitar-que-pais-afunde\/#primaryimage"},"thumbnailUrl":"https:\/\/www.notibras.com\/site\/wp-content\/uploads\/2016\/01\/ComSaude13mar12Roba.jpg","datePublished":"2016-01-06T14:37:19+00:00","breadcrumb":{"@id":"https:\/\/www.notibras.com\/site\/edinho-silva-defende-dialogo-nacional-como-unica-saida-para-evitar-que-pais-afunde\/#breadcrumb"},"inLanguage":"pt-BR","potentialAction":[{"@type":"ReadAction","target":["https:\/\/www.notibras.com\/site\/edinho-silva-defende-dialogo-nacional-como-unica-saida-para-evitar-que-pais-afunde\/"]}]},{"@type":"ImageObject","inLanguage":"pt-BR","@id":"https:\/\/www.notibras.com\/site\/edinho-silva-defende-dialogo-nacional-como-unica-saida-para-evitar-que-pais-afunde\/#primaryimage","url":"https:\/\/www.notibras.com\/site\/wp-content\/uploads\/2016\/01\/ComSaude13mar12Roba.jpg","contentUrl":"https:\/\/www.notibras.com\/site\/wp-content\/uploads\/2016\/01\/ComSaude13mar12Roba.jpg","width":1200,"height":815},{"@type":"BreadcrumbList","@id":"https:\/\/www.notibras.com\/site\/edinho-silva-defende-dialogo-nacional-como-unica-saida-para-evitar-que-pais-afunde\/#breadcrumb","itemListElement":[{"@type":"ListItem","position":1,"name":"In\u00edcio","item":"https:\/\/www.notibras.com\/site\/"},{"@type":"ListItem","position":2,"name":"Edinho Silva defende di\u00e1logo nacional como \u00fanica sa\u00edda para evitar que Pa\u00eds afunde"}]},{"@type":"WebSite","@id":"https:\/\/www.notibras.com\/site\/#website","url":"https:\/\/www.notibras.com\/site\/","name":"Notibras","description":"Not\u00edcias de Bras\u00edlia, do Brasil e do Mundo","publisher":{"@id":"https:\/\/www.notibras.com\/site\/#organization"},"potentialAction":[{"@type":"SearchAction","target":{"@type":"EntryPoint","urlTemplate":"https:\/\/www.notibras.com\/site\/?s={search_term_string}"},"query-input":{"@type":"PropertyValueSpecification","valueRequired":true,"valueName":"search_term_string"}}],"inLanguage":"pt-BR"},{"@type":"Organization","@id":"https:\/\/www.notibras.com\/site\/#organization","name":"Grupo Notibras de Comunica\u00e7\u00e3o","url":"https:\/\/www.notibras.com\/site\/","logo":{"@type":"ImageObject","inLanguage":"pt-BR","@id":"https:\/\/www.notibras.com\/site\/#\/schema\/logo\/image\/","url":"https:\/\/www.notibras.com\/site\/wp-content\/uploads\/2023\/01\/notibras23.png","contentUrl":"https:\/\/www.notibras.com\/site\/wp-content\/uploads\/2023\/01\/notibras23.png","width":350,"height":87,"caption":"Grupo Notibras de Comunica\u00e7\u00e3o"},"image":{"@id":"https:\/\/www.notibras.com\/site\/#\/schema\/logo\/image\/"},"sameAs":["https:\/\/www.facebook.com\/notibras\/","https:\/\/x.com\/Notibras","https:\/\/www.instagram.com\/notibras\/"]},{"@type":"Person","@id":"https:\/\/www.notibras.com\/site\/#\/schema\/person\/36ab0979449956132d3e5b517ea76ac8","name":"Reda\u00e7\u00e3o","image":{"@type":"ImageObject","inLanguage":"pt-BR","@id":"https:\/\/secure.gravatar.com\/avatar\/e0a867bdedb85fd243eadf09663511f96fc81e0720a4a42581f334ad4303aa6b?s=96&d=mm&r=g","url":"https:\/\/secure.gravatar.com\/avatar\/e0a867bdedb85fd243eadf09663511f96fc81e0720a4a42581f334ad4303aa6b?s=96&d=mm&r=g","contentUrl":"https:\/\/secure.gravatar.com\/avatar\/e0a867bdedb85fd243eadf09663511f96fc81e0720a4a42581f334ad4303aa6b?s=96&d=mm&r=g","caption":"Reda\u00e7\u00e3o"}}]}},"amp_enabled":true,"_links":{"self":[{"href":"https:\/\/www.notibras.com\/site\/wp-json\/wp\/v2\/posts\/83440","targetHints":{"allow":["GET"]}}],"collection":[{"href":"https:\/\/www.notibras.com\/site\/wp-json\/wp\/v2\/posts"}],"about":[{"href":"https:\/\/www.notibras.com\/site\/wp-json\/wp\/v2\/types\/post"}],"author":[{"embeddable":true,"href":"https:\/\/www.notibras.com\/site\/wp-json\/wp\/v2\/users\/2"}],"replies":[{"embeddable":true,"href":"https:\/\/www.notibras.com\/site\/wp-json\/wp\/v2\/comments?post=83440"}],"version-history":[{"count":1,"href":"https:\/\/www.notibras.com\/site\/wp-json\/wp\/v2\/posts\/83440\/revisions"}],"predecessor-version":[{"id":83442,"href":"https:\/\/www.notibras.com\/site\/wp-json\/wp\/v2\/posts\/83440\/revisions\/83442"}],"wp:featuredmedia":[{"embeddable":true,"href":"https:\/\/www.notibras.com\/site\/wp-json\/wp\/v2\/media\/83441"}],"wp:attachment":[{"href":"https:\/\/www.notibras.com\/site\/wp-json\/wp\/v2\/media?parent=83440"}],"wp:term":[{"taxonomy":"category","embeddable":true,"href":"https:\/\/www.notibras.com\/site\/wp-json\/wp\/v2\/categories?post=83440"},{"taxonomy":"post_tag","embeddable":true,"href":"https:\/\/www.notibras.com\/site\/wp-json\/wp\/v2\/tags?post=83440"}],"curies":[{"name":"wp","href":"https:\/\/api.w.org\/{rel}","templated":true}]}}