{"id":83485,"date":"2016-01-06T19:15:46","date_gmt":"2016-01-06T21:15:46","guid":{"rendered":"http:\/\/www.notibras.com\/site\/?p=83485"},"modified":"2016-01-06T21:37:03","modified_gmt":"2016-01-06T23:37:03","slug":"sus-chama-para-consulta-uma-paciente-que-morreu-ha-11anos-na-fila-de-espera","status":"publish","type":"post","link":"https:\/\/www.notibras.com\/site\/sus-chama-para-consulta-uma-paciente-que-morreu-ha-11anos-na-fila-de-espera\/","title":{"rendered":"SUS chama para consulta uma paciente que morreu h\u00e1 11 anos na fila de espera"},"content":{"rendered":"<h6 class=\"Assina\"><strong>Chico Guevara<\/strong><\/h6>\n<p>Um comunicado para consulta m\u00e9dica chegou \u00e0 casa de uma idosa, no Rio Grande do Sul, 11 anos ap\u00f3s sua morte. A aposentada Zil\u00e1 Bueno da Silva havia marcado uma consulta com um reumatologista pelo Sistema \u00danico de Sa\u00fade em 2000, mas nunca teve retorno.<\/p>\n<p>O caso ocorreu na cidade de Alvorada, regi\u00e3o metropolitana de Porto Alegre. No dia 16 do m\u00eas passado, a fam\u00edlia de Zil\u00e1, que morreu em 2004, aos 67 anos, por causa de uma pancreatite, recebeu em casa o aviso da Secretaria de Sa\u00fade da cidade, com a resposta para o encaminhamento solicitado 15 anos antes.<\/p>\n<p>Na ocasi\u00e3o, pela demora no retorno, a fam\u00edlia desembolsou um tratamento com um m\u00e9dico particular.<\/p>\n<p>Ao receberem a carta, os familiares da aposentada ficaram consternados. &#8220;\u00c9 um sentimento de indigna\u00e7\u00e3o. Bem pr\u00f3ximo ao Natal, bateu a saudade&#8221;, comenta o neto de Zil\u00e1, Jeferson Almeida, de 26 anos.<\/p>\n<p>Segundo a Secretaria de Sa\u00fade de Alvorada, o epis\u00f3dio foi decorrente de um erro na troca do sistema de cadastro de pacientes da cidade. Antes, as fichas eram feitas \u00e0 m\u00e3o. No momento de passar para um sistema computadorizado, alguns cadastros se perderam. Trinta mil pessoas devem ter ficado fora do cadastro, de acordo com a prefeitura.<\/p>\n<p>Em nota, a Secretaria informou que est\u00e1 realizando contatos por telefone e carta para reagendamento dos pacientes mais antigos. &#8220;Em alguns casos podem ocorrer desist\u00eancias, pessoas j\u00e1 terem feito suas consultas, n\u00e3o serem encontradas no endere\u00e7o ou telefone ou at\u00e9 falecido no per\u00edodo&#8221;.<\/p>\n<p>&#8220;Foi um descaso. Pegaram a ficha dela e jogaram em um arquivo morto. Minha av\u00f3 fez o pedido de consulta em 2000, quando ela sentiu dor e n\u00e3o p\u00f4de caminhar. E nunca saiu uma consulta. \u00c9 um verdadeiro deboche&#8221;, avalia Almeida.<\/p>\n<p><img loading=\"lazy\" decoding=\"async\" class=\"alignnone size-full wp-image-70065\" src=\"http:\/\/www.notibras.com\/site\/wp-content\/uploads\/2015\/10\/estadao.png\" alt=\"estadao\" width=\"99\" height=\"16\" \/><\/p>\n","protected":false},"excerpt":{"rendered":"<p>Chico Guevara Um comunicado para consulta m\u00e9dica chegou \u00e0 casa de uma idosa, no Rio Grande do Sul, 11 anos ap\u00f3s sua morte. A aposentada Zil\u00e1 Bueno da Silva havia marcado uma consulta com um reumatologista pelo Sistema \u00danico de Sa\u00fade em 2000, mas nunca teve retorno. O caso ocorreu na cidade de Alvorada, regi\u00e3o [&hellip;]<\/p>\n","protected":false},"author":2,"featured_media":83486,"comment_status":"open","ping_status":"closed","sticky":false,"template":"","format":"standard","meta":{"_acf_changed":false,"footnotes":""},"categories":[16],"tags":[],"class_list":["post-83485","post","type-post","status-publish","format-standard","has-post-thumbnail","hentry","category-brasil"],"acf":[],"yoast_head":"<!-- This site is optimized with the Yoast SEO plugin v27.2 - https:\/\/yoast.com\/product\/yoast-seo-wordpress\/ -->\n<title>SUS chama para consulta uma paciente que morreu h\u00e1 11 anos na fila de espera - Notibras<\/title>\n<meta name=\"robots\" content=\"index, follow, max-snippet:-1, max-image-preview:large, max-video-preview:-1\" \/>\n<link rel=\"canonical\" href=\"https:\/\/www.notibras.com\/site\/sus-chama-para-consulta-uma-paciente-que-morreu-ha-11anos-na-fila-de-espera\/\" \/>\n<meta property=\"og:locale\" content=\"pt_BR\" \/>\n<meta property=\"og:type\" content=\"article\" \/>\n<meta property=\"og:title\" content=\"SUS chama para consulta uma paciente que morreu h\u00e1 11 anos na fila de espera - Notibras\" \/>\n<meta property=\"og:description\" content=\"Chico Guevara Um comunicado para consulta m\u00e9dica chegou \u00e0 casa de uma idosa, no Rio Grande do Sul, 11 anos ap\u00f3s sua morte. A aposentada Zil\u00e1 Bueno da Silva havia marcado uma consulta com um reumatologista pelo Sistema \u00danico de Sa\u00fade em 2000, mas nunca teve retorno. O caso ocorreu na cidade de Alvorada, regi\u00e3o [&hellip;]\" \/>\n<meta property=\"og:url\" content=\"https:\/\/www.notibras.com\/site\/sus-chama-para-consulta-uma-paciente-que-morreu-ha-11anos-na-fila-de-espera\/\" \/>\n<meta property=\"og:site_name\" content=\"Notibras\" \/>\n<meta property=\"article:publisher\" content=\"https:\/\/www.facebook.com\/notibras\/\" \/>\n<meta property=\"article:published_time\" content=\"2016-01-06T21:15:46+00:00\" \/>\n<meta property=\"article:modified_time\" content=\"2016-01-06T23:37:03+00:00\" \/>\n<meta property=\"og:image\" content=\"https:\/\/www.notibras.com\/site\/wp-content\/uploads\/2016\/01\/Cirurgia-pelo-SUS-Fila.jpg\" \/>\n\t<meta property=\"og:image:width\" content=\"1936\" \/>\n\t<meta property=\"og:image:height\" content=\"1296\" \/>\n\t<meta property=\"og:image:type\" content=\"image\/jpeg\" \/>\n<meta name=\"author\" content=\"Reda\u00e7\u00e3o\" \/>\n<meta name=\"twitter:card\" content=\"summary_large_image\" \/>\n<meta name=\"twitter:creator\" content=\"@Notibras\" \/>\n<meta name=\"twitter:site\" content=\"@Notibras\" \/>\n<meta name=\"twitter:label1\" content=\"Escrito por\" \/>\n\t<meta name=\"twitter:data1\" content=\"Reda\u00e7\u00e3o\" \/>\n\t<meta name=\"twitter:label2\" content=\"Est. tempo de leitura\" \/>\n\t<meta name=\"twitter:data2\" content=\"1 minuto\" \/>\n<script type=\"application\/ld+json\" class=\"yoast-schema-graph\">{\"@context\":\"https:\/\/schema.org\",\"@graph\":[{\"@type\":\"Article\",\"@id\":\"https:\/\/www.notibras.com\/site\/sus-chama-para-consulta-uma-paciente-que-morreu-ha-11anos-na-fila-de-espera\/#article\",\"isPartOf\":{\"@id\":\"https:\/\/www.notibras.com\/site\/sus-chama-para-consulta-uma-paciente-que-morreu-ha-11anos-na-fila-de-espera\/\"},\"author\":{\"name\":\"Reda\u00e7\u00e3o\",\"@id\":\"https:\/\/www.notibras.com\/site\/#\/schema\/person\/36ab0979449956132d3e5b517ea76ac8\"},\"headline\":\"SUS chama para consulta uma paciente que morreu h\u00e1 11 anos na fila de espera\",\"datePublished\":\"2016-01-06T21:15:46+00:00\",\"dateModified\":\"2016-01-06T23:37:03+00:00\",\"mainEntityOfPage\":{\"@id\":\"https:\/\/www.notibras.com\/site\/sus-chama-para-consulta-uma-paciente-que-morreu-ha-11anos-na-fila-de-espera\/\"},\"wordCount\":313,\"commentCount\":0,\"publisher\":{\"@id\":\"https:\/\/www.notibras.com\/site\/#organization\"},\"image\":{\"@id\":\"https:\/\/www.notibras.com\/site\/sus-chama-para-consulta-uma-paciente-que-morreu-ha-11anos-na-fila-de-espera\/#primaryimage\"},\"thumbnailUrl\":\"https:\/\/www.notibras.com\/site\/wp-content\/uploads\/2016\/01\/Cirurgia-pelo-SUS-Fila.jpg\",\"articleSection\":[\"Brasil\"],\"inLanguage\":\"pt-BR\",\"potentialAction\":[{\"@type\":\"CommentAction\",\"name\":\"Comment\",\"target\":[\"https:\/\/www.notibras.com\/site\/sus-chama-para-consulta-uma-paciente-que-morreu-ha-11anos-na-fila-de-espera\/#respond\"]}]},{\"@type\":\"WebPage\",\"@id\":\"https:\/\/www.notibras.com\/site\/sus-chama-para-consulta-uma-paciente-que-morreu-ha-11anos-na-fila-de-espera\/\",\"url\":\"https:\/\/www.notibras.com\/site\/sus-chama-para-consulta-uma-paciente-que-morreu-ha-11anos-na-fila-de-espera\/\",\"name\":\"SUS chama para consulta uma paciente que morreu h\u00e1 11 anos na fila de espera - Notibras\",\"isPartOf\":{\"@id\":\"https:\/\/www.notibras.com\/site\/#website\"},\"primaryImageOfPage\":{\"@id\":\"https:\/\/www.notibras.com\/site\/sus-chama-para-consulta-uma-paciente-que-morreu-ha-11anos-na-fila-de-espera\/#primaryimage\"},\"image\":{\"@id\":\"https:\/\/www.notibras.com\/site\/sus-chama-para-consulta-uma-paciente-que-morreu-ha-11anos-na-fila-de-espera\/#primaryimage\"},\"thumbnailUrl\":\"https:\/\/www.notibras.com\/site\/wp-content\/uploads\/2016\/01\/Cirurgia-pelo-SUS-Fila.jpg\",\"datePublished\":\"2016-01-06T21:15:46+00:00\",\"dateModified\":\"2016-01-06T23:37:03+00:00\",\"breadcrumb\":{\"@id\":\"https:\/\/www.notibras.com\/site\/sus-chama-para-consulta-uma-paciente-que-morreu-ha-11anos-na-fila-de-espera\/#breadcrumb\"},\"inLanguage\":\"pt-BR\",\"potentialAction\":[{\"@type\":\"ReadAction\",\"target\":[\"https:\/\/www.notibras.com\/site\/sus-chama-para-consulta-uma-paciente-que-morreu-ha-11anos-na-fila-de-espera\/\"]}]},{\"@type\":\"ImageObject\",\"inLanguage\":\"pt-BR\",\"@id\":\"https:\/\/www.notibras.com\/site\/sus-chama-para-consulta-uma-paciente-que-morreu-ha-11anos-na-fila-de-espera\/#primaryimage\",\"url\":\"https:\/\/www.notibras.com\/site\/wp-content\/uploads\/2016\/01\/Cirurgia-pelo-SUS-Fila.jpg\",\"contentUrl\":\"https:\/\/www.notibras.com\/site\/wp-content\/uploads\/2016\/01\/Cirurgia-pelo-SUS-Fila.jpg\",\"width\":1936,\"height\":1296},{\"@type\":\"BreadcrumbList\",\"@id\":\"https:\/\/www.notibras.com\/site\/sus-chama-para-consulta-uma-paciente-que-morreu-ha-11anos-na-fila-de-espera\/#breadcrumb\",\"itemListElement\":[{\"@type\":\"ListItem\",\"position\":1,\"name\":\"In\u00edcio\",\"item\":\"https:\/\/www.notibras.com\/site\/\"},{\"@type\":\"ListItem\",\"position\":2,\"name\":\"SUS chama para consulta uma paciente que morreu h\u00e1 11 anos na fila de espera\"}]},{\"@type\":\"WebSite\",\"@id\":\"https:\/\/www.notibras.com\/site\/#website\",\"url\":\"https:\/\/www.notibras.com\/site\/\",\"name\":\"Notibras\",\"description\":\"Not\u00edcias de Bras\u00edlia, do Brasil e do Mundo\",\"publisher\":{\"@id\":\"https:\/\/www.notibras.com\/site\/#organization\"},\"potentialAction\":[{\"@type\":\"SearchAction\",\"target\":{\"@type\":\"EntryPoint\",\"urlTemplate\":\"https:\/\/www.notibras.com\/site\/?s={search_term_string}\"},\"query-input\":{\"@type\":\"PropertyValueSpecification\",\"valueRequired\":true,\"valueName\":\"search_term_string\"}}],\"inLanguage\":\"pt-BR\"},{\"@type\":\"Organization\",\"@id\":\"https:\/\/www.notibras.com\/site\/#organization\",\"name\":\"Grupo Notibras de Comunica\u00e7\u00e3o\",\"url\":\"https:\/\/www.notibras.com\/site\/\",\"logo\":{\"@type\":\"ImageObject\",\"inLanguage\":\"pt-BR\",\"@id\":\"https:\/\/www.notibras.com\/site\/#\/schema\/logo\/image\/\",\"url\":\"https:\/\/www.notibras.com\/site\/wp-content\/uploads\/2023\/01\/notibras23.png\",\"contentUrl\":\"https:\/\/www.notibras.com\/site\/wp-content\/uploads\/2023\/01\/notibras23.png\",\"width\":350,\"height\":87,\"caption\":\"Grupo Notibras de Comunica\u00e7\u00e3o\"},\"image\":{\"@id\":\"https:\/\/www.notibras.com\/site\/#\/schema\/logo\/image\/\"},\"sameAs\":[\"https:\/\/www.facebook.com\/notibras\/\",\"https:\/\/x.com\/Notibras\",\"https:\/\/www.instagram.com\/notibras\/\"]},{\"@type\":\"Person\",\"@id\":\"https:\/\/www.notibras.com\/site\/#\/schema\/person\/36ab0979449956132d3e5b517ea76ac8\",\"name\":\"Reda\u00e7\u00e3o\",\"image\":{\"@type\":\"ImageObject\",\"inLanguage\":\"pt-BR\",\"@id\":\"https:\/\/secure.gravatar.com\/avatar\/e0a867bdedb85fd243eadf09663511f96fc81e0720a4a42581f334ad4303aa6b?s=96&d=mm&r=g\",\"url\":\"https:\/\/secure.gravatar.com\/avatar\/e0a867bdedb85fd243eadf09663511f96fc81e0720a4a42581f334ad4303aa6b?s=96&d=mm&r=g\",\"contentUrl\":\"https:\/\/secure.gravatar.com\/avatar\/e0a867bdedb85fd243eadf09663511f96fc81e0720a4a42581f334ad4303aa6b?s=96&d=mm&r=g\",\"caption\":\"Reda\u00e7\u00e3o\"}}]}<\/script>\n<!-- \/ Yoast SEO plugin. -->","yoast_head_json":{"title":"SUS chama para consulta uma paciente que morreu h\u00e1 11 anos na fila de espera - Notibras","robots":{"index":"index","follow":"follow","max-snippet":"max-snippet:-1","max-image-preview":"max-image-preview:large","max-video-preview":"max-video-preview:-1"},"canonical":"https:\/\/www.notibras.com\/site\/sus-chama-para-consulta-uma-paciente-que-morreu-ha-11anos-na-fila-de-espera\/","og_locale":"pt_BR","og_type":"article","og_title":"SUS chama para consulta uma paciente que morreu h\u00e1 11 anos na fila de espera - Notibras","og_description":"Chico Guevara Um comunicado para consulta m\u00e9dica chegou \u00e0 casa de uma idosa, no Rio Grande do Sul, 11 anos ap\u00f3s sua morte. A aposentada Zil\u00e1 Bueno da Silva havia marcado uma consulta com um reumatologista pelo Sistema \u00danico de Sa\u00fade em 2000, mas nunca teve retorno. O caso ocorreu na cidade de Alvorada, regi\u00e3o [&hellip;]","og_url":"https:\/\/www.notibras.com\/site\/sus-chama-para-consulta-uma-paciente-que-morreu-ha-11anos-na-fila-de-espera\/","og_site_name":"Notibras","article_publisher":"https:\/\/www.facebook.com\/notibras\/","article_published_time":"2016-01-06T21:15:46+00:00","article_modified_time":"2016-01-06T23:37:03+00:00","og_image":[{"width":1936,"height":1296,"url":"https:\/\/www.notibras.com\/site\/wp-content\/uploads\/2016\/01\/Cirurgia-pelo-SUS-Fila.jpg","type":"image\/jpeg"}],"author":"Reda\u00e7\u00e3o","twitter_card":"summary_large_image","twitter_creator":"@Notibras","twitter_site":"@Notibras","twitter_misc":{"Escrito por":"Reda\u00e7\u00e3o","Est. tempo de leitura":"1 minuto"},"schema":{"@context":"https:\/\/schema.org","@graph":[{"@type":"Article","@id":"https:\/\/www.notibras.com\/site\/sus-chama-para-consulta-uma-paciente-que-morreu-ha-11anos-na-fila-de-espera\/#article","isPartOf":{"@id":"https:\/\/www.notibras.com\/site\/sus-chama-para-consulta-uma-paciente-que-morreu-ha-11anos-na-fila-de-espera\/"},"author":{"name":"Reda\u00e7\u00e3o","@id":"https:\/\/www.notibras.com\/site\/#\/schema\/person\/36ab0979449956132d3e5b517ea76ac8"},"headline":"SUS chama para consulta uma paciente que morreu h\u00e1 11 anos na fila de espera","datePublished":"2016-01-06T21:15:46+00:00","dateModified":"2016-01-06T23:37:03+00:00","mainEntityOfPage":{"@id":"https:\/\/www.notibras.com\/site\/sus-chama-para-consulta-uma-paciente-que-morreu-ha-11anos-na-fila-de-espera\/"},"wordCount":313,"commentCount":0,"publisher":{"@id":"https:\/\/www.notibras.com\/site\/#organization"},"image":{"@id":"https:\/\/www.notibras.com\/site\/sus-chama-para-consulta-uma-paciente-que-morreu-ha-11anos-na-fila-de-espera\/#primaryimage"},"thumbnailUrl":"https:\/\/www.notibras.com\/site\/wp-content\/uploads\/2016\/01\/Cirurgia-pelo-SUS-Fila.jpg","articleSection":["Brasil"],"inLanguage":"pt-BR","potentialAction":[{"@type":"CommentAction","name":"Comment","target":["https:\/\/www.notibras.com\/site\/sus-chama-para-consulta-uma-paciente-que-morreu-ha-11anos-na-fila-de-espera\/#respond"]}]},{"@type":"WebPage","@id":"https:\/\/www.notibras.com\/site\/sus-chama-para-consulta-uma-paciente-que-morreu-ha-11anos-na-fila-de-espera\/","url":"https:\/\/www.notibras.com\/site\/sus-chama-para-consulta-uma-paciente-que-morreu-ha-11anos-na-fila-de-espera\/","name":"SUS chama para consulta uma paciente que morreu h\u00e1 11 anos na fila de espera - Notibras","isPartOf":{"@id":"https:\/\/www.notibras.com\/site\/#website"},"primaryImageOfPage":{"@id":"https:\/\/www.notibras.com\/site\/sus-chama-para-consulta-uma-paciente-que-morreu-ha-11anos-na-fila-de-espera\/#primaryimage"},"image":{"@id":"https:\/\/www.notibras.com\/site\/sus-chama-para-consulta-uma-paciente-que-morreu-ha-11anos-na-fila-de-espera\/#primaryimage"},"thumbnailUrl":"https:\/\/www.notibras.com\/site\/wp-content\/uploads\/2016\/01\/Cirurgia-pelo-SUS-Fila.jpg","datePublished":"2016-01-06T21:15:46+00:00","dateModified":"2016-01-06T23:37:03+00:00","breadcrumb":{"@id":"https:\/\/www.notibras.com\/site\/sus-chama-para-consulta-uma-paciente-que-morreu-ha-11anos-na-fila-de-espera\/#breadcrumb"},"inLanguage":"pt-BR","potentialAction":[{"@type":"ReadAction","target":["https:\/\/www.notibras.com\/site\/sus-chama-para-consulta-uma-paciente-que-morreu-ha-11anos-na-fila-de-espera\/"]}]},{"@type":"ImageObject","inLanguage":"pt-BR","@id":"https:\/\/www.notibras.com\/site\/sus-chama-para-consulta-uma-paciente-que-morreu-ha-11anos-na-fila-de-espera\/#primaryimage","url":"https:\/\/www.notibras.com\/site\/wp-content\/uploads\/2016\/01\/Cirurgia-pelo-SUS-Fila.jpg","contentUrl":"https:\/\/www.notibras.com\/site\/wp-content\/uploads\/2016\/01\/Cirurgia-pelo-SUS-Fila.jpg","width":1936,"height":1296},{"@type":"BreadcrumbList","@id":"https:\/\/www.notibras.com\/site\/sus-chama-para-consulta-uma-paciente-que-morreu-ha-11anos-na-fila-de-espera\/#breadcrumb","itemListElement":[{"@type":"ListItem","position":1,"name":"In\u00edcio","item":"https:\/\/www.notibras.com\/site\/"},{"@type":"ListItem","position":2,"name":"SUS chama para consulta uma paciente que morreu h\u00e1 11 anos na fila de espera"}]},{"@type":"WebSite","@id":"https:\/\/www.notibras.com\/site\/#website","url":"https:\/\/www.notibras.com\/site\/","name":"Notibras","description":"Not\u00edcias de Bras\u00edlia, do Brasil e do Mundo","publisher":{"@id":"https:\/\/www.notibras.com\/site\/#organization"},"potentialAction":[{"@type":"SearchAction","target":{"@type":"EntryPoint","urlTemplate":"https:\/\/www.notibras.com\/site\/?s={search_term_string}"},"query-input":{"@type":"PropertyValueSpecification","valueRequired":true,"valueName":"search_term_string"}}],"inLanguage":"pt-BR"},{"@type":"Organization","@id":"https:\/\/www.notibras.com\/site\/#organization","name":"Grupo Notibras de Comunica\u00e7\u00e3o","url":"https:\/\/www.notibras.com\/site\/","logo":{"@type":"ImageObject","inLanguage":"pt-BR","@id":"https:\/\/www.notibras.com\/site\/#\/schema\/logo\/image\/","url":"https:\/\/www.notibras.com\/site\/wp-content\/uploads\/2023\/01\/notibras23.png","contentUrl":"https:\/\/www.notibras.com\/site\/wp-content\/uploads\/2023\/01\/notibras23.png","width":350,"height":87,"caption":"Grupo Notibras de Comunica\u00e7\u00e3o"},"image":{"@id":"https:\/\/www.notibras.com\/site\/#\/schema\/logo\/image\/"},"sameAs":["https:\/\/www.facebook.com\/notibras\/","https:\/\/x.com\/Notibras","https:\/\/www.instagram.com\/notibras\/"]},{"@type":"Person","@id":"https:\/\/www.notibras.com\/site\/#\/schema\/person\/36ab0979449956132d3e5b517ea76ac8","name":"Reda\u00e7\u00e3o","image":{"@type":"ImageObject","inLanguage":"pt-BR","@id":"https:\/\/secure.gravatar.com\/avatar\/e0a867bdedb85fd243eadf09663511f96fc81e0720a4a42581f334ad4303aa6b?s=96&d=mm&r=g","url":"https:\/\/secure.gravatar.com\/avatar\/e0a867bdedb85fd243eadf09663511f96fc81e0720a4a42581f334ad4303aa6b?s=96&d=mm&r=g","contentUrl":"https:\/\/secure.gravatar.com\/avatar\/e0a867bdedb85fd243eadf09663511f96fc81e0720a4a42581f334ad4303aa6b?s=96&d=mm&r=g","caption":"Reda\u00e7\u00e3o"}}]}},"amp_enabled":true,"_links":{"self":[{"href":"https:\/\/www.notibras.com\/site\/wp-json\/wp\/v2\/posts\/83485","targetHints":{"allow":["GET"]}}],"collection":[{"href":"https:\/\/www.notibras.com\/site\/wp-json\/wp\/v2\/posts"}],"about":[{"href":"https:\/\/www.notibras.com\/site\/wp-json\/wp\/v2\/types\/post"}],"author":[{"embeddable":true,"href":"https:\/\/www.notibras.com\/site\/wp-json\/wp\/v2\/users\/2"}],"replies":[{"embeddable":true,"href":"https:\/\/www.notibras.com\/site\/wp-json\/wp\/v2\/comments?post=83485"}],"version-history":[{"count":2,"href":"https:\/\/www.notibras.com\/site\/wp-json\/wp\/v2\/posts\/83485\/revisions"}],"predecessor-version":[{"id":83496,"href":"https:\/\/www.notibras.com\/site\/wp-json\/wp\/v2\/posts\/83485\/revisions\/83496"}],"wp:featuredmedia":[{"embeddable":true,"href":"https:\/\/www.notibras.com\/site\/wp-json\/wp\/v2\/media\/83486"}],"wp:attachment":[{"href":"https:\/\/www.notibras.com\/site\/wp-json\/wp\/v2\/media?parent=83485"}],"wp:term":[{"taxonomy":"category","embeddable":true,"href":"https:\/\/www.notibras.com\/site\/wp-json\/wp\/v2\/categories?post=83485"},{"taxonomy":"post_tag","embeddable":true,"href":"https:\/\/www.notibras.com\/site\/wp-json\/wp\/v2\/tags?post=83485"}],"curies":[{"name":"wp","href":"https:\/\/api.w.org\/{rel}","templated":true}]}}