{"id":83521,"date":"2016-01-06T22:24:13","date_gmt":"2016-01-07T00:24:13","guid":{"rendered":"http:\/\/www.notibras.com\/site\/?p=83521"},"modified":"2016-01-06T22:24:50","modified_gmt":"2016-01-07T00:24:50","slug":"faetec-oferece-30-mil-vagas-gratuitas-em-cursos-profissionalizantes-no-rio","status":"publish","type":"post","link":"https:\/\/www.notibras.com\/site\/faetec-oferece-30-mil-vagas-gratuitas-em-cursos-profissionalizantes-no-rio\/","title":{"rendered":"No Rio, Faetec oferece 30 mil vagas gratuitas em cursos profissionalizantes"},"content":{"rendered":"<p>O Governo do Estado, por meio da Funda\u00e7\u00e3o de Apoio \u00e0 Escola T\u00e9cnica (Faetec), oferece 31.891 vagas em cursos profissionalizantes gratuitos na Regi\u00e3o Metropolitana. S\u00e3o mais de cem op\u00e7\u00f5es de cursos como cabeleireiro, maquiador, assistente de recursos humanos, camareira em meios de hospedagem, montador e reparador de computadores e auxiliar de cozinha.<\/p>\n<p>Para se candidatar \u00e9 preciso ter o Ensino Fundamental completo e, dependendo do curso, a idade m\u00ednima que varia de 14 a 18 anos. Os cursos t\u00eam dura\u00e7\u00e3o de 10 a 20 semanas, exceto o de NR-10 Seguran\u00e7a em Instala\u00e7\u00f5es e Servi\u00e7os com Eletricidade, com dura\u00e7\u00e3o de um m\u00eas.<\/p>\n<p>As inscri\u00e7\u00f5es devem ser feitas somente pelo <a href=\"http:\/\/www.faetec.rj.gov.br\/\" target=\"_blank\">site da Faetec<\/a>, no link <strong><em>Inscri\u00e7\u00f5es para os cursos FIC de Qualifica\u00e7\u00e3o Profissional<\/em><\/strong>. Os interessados poder\u00e3o escolher at\u00e9 dois cursos diferentes por CPF, assim como atividades art\u00edstico-culturais e f\u00edsico-esportivas.<\/p>\n<p>\u201c\u00c9 muito importante ofertarmos boas oportunidades no in\u00edcio do ano para que a popula\u00e7\u00e3o possa se preparar de forma qualitativa para as necessidades do mundo do trabalho. A economia do Rio s\u00f3 tende a crescer quando a m\u00e3o de obra \u00e9 comprometida e dedicada a exercer um bom desempenho profissional\u201d, disse o presidente da Funda\u00e7\u00e3o, Wagner Victer.<\/p>\n<p>O sorteio das vagas ser\u00e1 em 26 de janeiro, a partir das 10h, e a listagem completa ser\u00e1 publicada em seguida no site da institui\u00e7\u00e3o. Ap\u00f3s a publica\u00e7\u00e3o, os candidatos sorteados ter\u00e3o entre os dias 27 e 30 de janeiro para efetivar a matr\u00edcula. As aulas come\u00e7am dia 15 de fevereiro.<\/p>\n<p><strong>Datas<\/strong><br \/>\nInscri\u00e7\u00f5es: de 8 a 24 de janeiro<br \/>\nSorteio: 26 de janeiro<br \/>\nResultado do sorteio: 27 de janeiro<br \/>\nMatr\u00edcula: 27 a 30 de janeiro<br \/>\nMatr\u00edcula para vagas ociosas: 15 a 20 e 22 de fevereiro<br \/>\nIn\u00edcio das aulas: 15 de fevereiro<\/p>\n<p><strong>Vagas<\/strong><br \/>\nEstas s\u00e3o as unidades da Faetec com inscri\u00e7\u00f5es abertas na Regi\u00e3o Metropolitana:<br \/>\nAdolpho Bloch (40 vagas)<br \/>\nAlem\u00e3o &#8211; Unidade Ita\u00f3ca (350 vagas)<br \/>\nAlem\u00e3o &#8211; Unidade Paranhos (1.930 vagas)<br \/>\nAlem\u00e3o &#8211; Unidade Polo Avan\u00e7ado (270 vagas)<br \/>\nBangu (595 vagas)<br \/>\nBatan (370 vagas)<br \/>\nBelford Roxo &#8211; Unidade Heli\u00f3polis (754 vagas)<br \/>\nBelford Roxo &#8211; Unidade Parque S\u00e3o Jos\u00e9 (280 vagas)<br \/>\nBelford Roxo &#8211; Unidade Sargento Roncalli (335 vagas)<br \/>\nCampinho (375 vagas)<br \/>\nCatumbi (541 vagas)<br \/>\nCentral do Brasil (455 vagas)<br \/>\nChap\u00e9u Mangueira (262 vagas)<br \/>\nCidade de Deus (1.185 vagas)<br \/>\nCorreios (825 vagas)<br \/>\nDuque de Caxias &#8211; Unidade Imbari\u00ea (500 vagas)<br \/>\nDuque de Caxias &#8211; Unidade Itatiaia (400 vagas)<br \/>\nDuque de Caxias &#8211; Unidade Olavo Bilac (350 vagas)<br \/>\nDuque de Caxias &#8211; Unidade Parque Muisa (610 vagas)<br \/>\nDuque de Caxias &#8211; Unidade Santa Cruz da Serra (590 vagas)<br \/>\nDuque de Caxias &#8211; Unidade Saracuruna (425 vagas)<br \/>\nDuque de Caxias &#8211; Unidade Vila Ros\u00e1rio Pantanal (425 vagas)<br \/>\nDuque de Caxias &#8211; Unidade Xer\u00e9m (572 vagas)<br \/>\nEngenheiro Silva Freire (415 vagas)<br \/>\nEngenho Novo (500 vagas)<br \/>\nGuapimirim (245 vagas)<br \/>\nIpanema (450 vagas)<br \/>\nJacar\u00e9 (440 vagas)<br \/>\nJaperi (170 vagas)<br \/>\nMag\u00e9 &#8211; Unidade Centro (590 vagas)<br \/>\nMag\u00e9 &#8211; Unidade Piabet\u00e1 (472 vagas)<br \/>\nMangueira &#8211; Unidade Luiz Carlos Ripper (680 vagas)<br \/>\nMangueira I (1.145 vagas)<br \/>\nMangueira II (250 vagas)<br \/>\nMarechal Hermes (1.720 vagas)<br \/>\nMaria Mercedes Mendes Teixeira (190 vagas)<br \/>\nNil\u00f3polis &#8211; Unidade Nova Cidade (890 vagas)<br \/>\nNil\u00f3polis &#8211; Unidade Paiol de P\u00f3lvora (614 vagas)<br \/>\nNova Igua\u00e7u &#8211; Unidade Austin (865 vagas)<br \/>\nNova Igua\u00e7u &#8211; Unidade Centro (100 vagas)<br \/>\nNova Igua\u00e7u &#8211; Unidade Paulo Falc\u00e3o (440 vagas)<br \/>\nParacambi (270 vagas)<br \/>\nPortela (120 vagas)<br \/>\nPra\u00e7a da Bandeira (448 vagas)<br \/>\nQueimados &#8211; Unidade Centro (450 vagas)<br \/>\nQueimados &#8211; Unidade S\u00e3o Roque (348 vagas)<br \/>\nQuintino (3.562 vagas)<br \/>\nQuintino &#8211; Unidade de Sa\u00fade Herbert Jos\u00e9 de Souza (65 vagas)<br \/>\nQuitungo (665 vagas)<br \/>\nSanta Cruz (1.454 vagas)<br \/>\nSanta Marta (215 vagas)<br \/>\nS\u00e3o Jo\u00e3o de Meriti &#8211; Unidade Parque Araruama (329 vagas)<br \/>\nS\u00e3o Jo\u00e3o de Meriti &#8211; Unidade Vilar dos Teles (540 vagas)<br \/>\nSerop\u00e9dica (165 vagas)<br \/>\nTijuca (145 vagas)<br \/>\nVaz Lobo (209 vagas)<br \/>\nVila Isabel (261 vagas)<\/p>\n","protected":false},"excerpt":{"rendered":"<p>O Governo do Estado, por meio da Funda\u00e7\u00e3o de Apoio \u00e0 Escola T\u00e9cnica (Faetec), oferece 31.891 vagas em cursos profissionalizantes gratuitos na Regi\u00e3o Metropolitana. S\u00e3o mais de cem op\u00e7\u00f5es de cursos como cabeleireiro, maquiador, assistente de recursos humanos, camareira em meios de hospedagem, montador e reparador de computadores e auxiliar de cozinha. Para se candidatar [&hellip;]<\/p>\n","protected":false},"author":2,"featured_media":83522,"comment_status":"open","ping_status":"closed","sticky":false,"template":"","format":"standard","meta":{"_acf_changed":false,"footnotes":""},"categories":[21],"tags":[],"class_list":["post-83521","post","type-post","status-publish","format-standard","has-post-thumbnail","hentry","category-rio-de-janeiro"],"acf":[],"yoast_head":"<!-- This site is optimized with the Yoast SEO plugin v27.2 - https:\/\/yoast.com\/product\/yoast-seo-wordpress\/ -->\n<title>No Rio, Faetec oferece 30 mil vagas gratuitas em cursos profissionalizantes - Notibras<\/title>\n<meta name=\"robots\" content=\"index, follow, max-snippet:-1, max-image-preview:large, max-video-preview:-1\" \/>\n<link rel=\"canonical\" href=\"https:\/\/www.notibras.com\/site\/faetec-oferece-30-mil-vagas-gratuitas-em-cursos-profissionalizantes-no-rio\/\" \/>\n<meta property=\"og:locale\" content=\"pt_BR\" \/>\n<meta property=\"og:type\" content=\"article\" \/>\n<meta property=\"og:title\" content=\"No Rio, Faetec oferece 30 mil vagas gratuitas em cursos profissionalizantes - Notibras\" \/>\n<meta property=\"og:description\" content=\"O Governo do Estado, por meio da Funda\u00e7\u00e3o de Apoio \u00e0 Escola T\u00e9cnica (Faetec), oferece 31.891 vagas em cursos profissionalizantes gratuitos na Regi\u00e3o Metropolitana. S\u00e3o mais de cem op\u00e7\u00f5es de cursos como cabeleireiro, maquiador, assistente de recursos humanos, camareira em meios de hospedagem, montador e reparador de computadores e auxiliar de cozinha. Para se candidatar [&hellip;]\" \/>\n<meta property=\"og:url\" content=\"https:\/\/www.notibras.com\/site\/faetec-oferece-30-mil-vagas-gratuitas-em-cursos-profissionalizantes-no-rio\/\" \/>\n<meta property=\"og:site_name\" content=\"Notibras\" \/>\n<meta property=\"article:publisher\" content=\"https:\/\/www.facebook.com\/notibras\/\" \/>\n<meta property=\"article:published_time\" content=\"2016-01-07T00:24:13+00:00\" \/>\n<meta property=\"article:modified_time\" content=\"2016-01-07T00:24:50+00:00\" \/>\n<meta property=\"og:image\" content=\"https:\/\/www.notibras.com\/site\/wp-content\/uploads\/2016\/01\/cursoFaetecRio.jpg\" \/>\n\t<meta property=\"og:image:width\" content=\"591\" \/>\n\t<meta property=\"og:image:height\" content=\"394\" \/>\n\t<meta property=\"og:image:type\" content=\"image\/jpeg\" \/>\n<meta name=\"author\" content=\"Reda\u00e7\u00e3o\" \/>\n<meta name=\"twitter:card\" content=\"summary_large_image\" \/>\n<meta name=\"twitter:creator\" content=\"@Notibras\" \/>\n<meta name=\"twitter:site\" content=\"@Notibras\" \/>\n<meta name=\"twitter:label1\" content=\"Escrito por\" \/>\n\t<meta name=\"twitter:data1\" content=\"Reda\u00e7\u00e3o\" \/>\n\t<meta name=\"twitter:label2\" content=\"Est. tempo de leitura\" \/>\n\t<meta name=\"twitter:data2\" content=\"3 minutos\" \/>\n<script type=\"application\/ld+json\" class=\"yoast-schema-graph\">{\"@context\":\"https:\/\/schema.org\",\"@graph\":[{\"@type\":\"Article\",\"@id\":\"https:\/\/www.notibras.com\/site\/faetec-oferece-30-mil-vagas-gratuitas-em-cursos-profissionalizantes-no-rio\/#article\",\"isPartOf\":{\"@id\":\"https:\/\/www.notibras.com\/site\/faetec-oferece-30-mil-vagas-gratuitas-em-cursos-profissionalizantes-no-rio\/\"},\"author\":{\"name\":\"Reda\u00e7\u00e3o\",\"@id\":\"https:\/\/www.notibras.com\/site\/#\/schema\/person\/36ab0979449956132d3e5b517ea76ac8\"},\"headline\":\"No Rio, Faetec oferece 30 mil vagas gratuitas em cursos profissionalizantes\",\"datePublished\":\"2016-01-07T00:24:13+00:00\",\"dateModified\":\"2016-01-07T00:24:50+00:00\",\"mainEntityOfPage\":{\"@id\":\"https:\/\/www.notibras.com\/site\/faetec-oferece-30-mil-vagas-gratuitas-em-cursos-profissionalizantes-no-rio\/\"},\"wordCount\":617,\"commentCount\":0,\"publisher\":{\"@id\":\"https:\/\/www.notibras.com\/site\/#organization\"},\"image\":{\"@id\":\"https:\/\/www.notibras.com\/site\/faetec-oferece-30-mil-vagas-gratuitas-em-cursos-profissionalizantes-no-rio\/#primaryimage\"},\"thumbnailUrl\":\"https:\/\/www.notibras.com\/site\/wp-content\/uploads\/2016\/01\/cursoFaetecRio.jpg\",\"articleSection\":[\"Rio\"],\"inLanguage\":\"pt-BR\",\"potentialAction\":[{\"@type\":\"CommentAction\",\"name\":\"Comment\",\"target\":[\"https:\/\/www.notibras.com\/site\/faetec-oferece-30-mil-vagas-gratuitas-em-cursos-profissionalizantes-no-rio\/#respond\"]}]},{\"@type\":\"WebPage\",\"@id\":\"https:\/\/www.notibras.com\/site\/faetec-oferece-30-mil-vagas-gratuitas-em-cursos-profissionalizantes-no-rio\/\",\"url\":\"https:\/\/www.notibras.com\/site\/faetec-oferece-30-mil-vagas-gratuitas-em-cursos-profissionalizantes-no-rio\/\",\"name\":\"No Rio, Faetec oferece 30 mil vagas gratuitas em cursos profissionalizantes - Notibras\",\"isPartOf\":{\"@id\":\"https:\/\/www.notibras.com\/site\/#website\"},\"primaryImageOfPage\":{\"@id\":\"https:\/\/www.notibras.com\/site\/faetec-oferece-30-mil-vagas-gratuitas-em-cursos-profissionalizantes-no-rio\/#primaryimage\"},\"image\":{\"@id\":\"https:\/\/www.notibras.com\/site\/faetec-oferece-30-mil-vagas-gratuitas-em-cursos-profissionalizantes-no-rio\/#primaryimage\"},\"thumbnailUrl\":\"https:\/\/www.notibras.com\/site\/wp-content\/uploads\/2016\/01\/cursoFaetecRio.jpg\",\"datePublished\":\"2016-01-07T00:24:13+00:00\",\"dateModified\":\"2016-01-07T00:24:50+00:00\",\"breadcrumb\":{\"@id\":\"https:\/\/www.notibras.com\/site\/faetec-oferece-30-mil-vagas-gratuitas-em-cursos-profissionalizantes-no-rio\/#breadcrumb\"},\"inLanguage\":\"pt-BR\",\"potentialAction\":[{\"@type\":\"ReadAction\",\"target\":[\"https:\/\/www.notibras.com\/site\/faetec-oferece-30-mil-vagas-gratuitas-em-cursos-profissionalizantes-no-rio\/\"]}]},{\"@type\":\"ImageObject\",\"inLanguage\":\"pt-BR\",\"@id\":\"https:\/\/www.notibras.com\/site\/faetec-oferece-30-mil-vagas-gratuitas-em-cursos-profissionalizantes-no-rio\/#primaryimage\",\"url\":\"https:\/\/www.notibras.com\/site\/wp-content\/uploads\/2016\/01\/cursoFaetecRio.jpg\",\"contentUrl\":\"https:\/\/www.notibras.com\/site\/wp-content\/uploads\/2016\/01\/cursoFaetecRio.jpg\",\"width\":591,\"height\":394},{\"@type\":\"BreadcrumbList\",\"@id\":\"https:\/\/www.notibras.com\/site\/faetec-oferece-30-mil-vagas-gratuitas-em-cursos-profissionalizantes-no-rio\/#breadcrumb\",\"itemListElement\":[{\"@type\":\"ListItem\",\"position\":1,\"name\":\"In\u00edcio\",\"item\":\"https:\/\/www.notibras.com\/site\/\"},{\"@type\":\"ListItem\",\"position\":2,\"name\":\"No Rio, Faetec oferece 30 mil vagas gratuitas em cursos profissionalizantes\"}]},{\"@type\":\"WebSite\",\"@id\":\"https:\/\/www.notibras.com\/site\/#website\",\"url\":\"https:\/\/www.notibras.com\/site\/\",\"name\":\"Notibras\",\"description\":\"Not\u00edcias de Bras\u00edlia, do Brasil e do Mundo\",\"publisher\":{\"@id\":\"https:\/\/www.notibras.com\/site\/#organization\"},\"potentialAction\":[{\"@type\":\"SearchAction\",\"target\":{\"@type\":\"EntryPoint\",\"urlTemplate\":\"https:\/\/www.notibras.com\/site\/?s={search_term_string}\"},\"query-input\":{\"@type\":\"PropertyValueSpecification\",\"valueRequired\":true,\"valueName\":\"search_term_string\"}}],\"inLanguage\":\"pt-BR\"},{\"@type\":\"Organization\",\"@id\":\"https:\/\/www.notibras.com\/site\/#organization\",\"name\":\"Grupo Notibras de Comunica\u00e7\u00e3o\",\"url\":\"https:\/\/www.notibras.com\/site\/\",\"logo\":{\"@type\":\"ImageObject\",\"inLanguage\":\"pt-BR\",\"@id\":\"https:\/\/www.notibras.com\/site\/#\/schema\/logo\/image\/\",\"url\":\"https:\/\/www.notibras.com\/site\/wp-content\/uploads\/2023\/01\/notibras23.png\",\"contentUrl\":\"https:\/\/www.notibras.com\/site\/wp-content\/uploads\/2023\/01\/notibras23.png\",\"width\":350,\"height\":87,\"caption\":\"Grupo Notibras de Comunica\u00e7\u00e3o\"},\"image\":{\"@id\":\"https:\/\/www.notibras.com\/site\/#\/schema\/logo\/image\/\"},\"sameAs\":[\"https:\/\/www.facebook.com\/notibras\/\",\"https:\/\/x.com\/Notibras\",\"https:\/\/www.instagram.com\/notibras\/\"]},{\"@type\":\"Person\",\"@id\":\"https:\/\/www.notibras.com\/site\/#\/schema\/person\/36ab0979449956132d3e5b517ea76ac8\",\"name\":\"Reda\u00e7\u00e3o\",\"image\":{\"@type\":\"ImageObject\",\"inLanguage\":\"pt-BR\",\"@id\":\"https:\/\/secure.gravatar.com\/avatar\/e0a867bdedb85fd243eadf09663511f96fc81e0720a4a42581f334ad4303aa6b?s=96&d=mm&r=g\",\"url\":\"https:\/\/secure.gravatar.com\/avatar\/e0a867bdedb85fd243eadf09663511f96fc81e0720a4a42581f334ad4303aa6b?s=96&d=mm&r=g\",\"contentUrl\":\"https:\/\/secure.gravatar.com\/avatar\/e0a867bdedb85fd243eadf09663511f96fc81e0720a4a42581f334ad4303aa6b?s=96&d=mm&r=g\",\"caption\":\"Reda\u00e7\u00e3o\"}}]}<\/script>\n<!-- \/ Yoast SEO plugin. -->","yoast_head_json":{"title":"No Rio, Faetec oferece 30 mil vagas gratuitas em cursos profissionalizantes - Notibras","robots":{"index":"index","follow":"follow","max-snippet":"max-snippet:-1","max-image-preview":"max-image-preview:large","max-video-preview":"max-video-preview:-1"},"canonical":"https:\/\/www.notibras.com\/site\/faetec-oferece-30-mil-vagas-gratuitas-em-cursos-profissionalizantes-no-rio\/","og_locale":"pt_BR","og_type":"article","og_title":"No Rio, Faetec oferece 30 mil vagas gratuitas em cursos profissionalizantes - Notibras","og_description":"O Governo do Estado, por meio da Funda\u00e7\u00e3o de Apoio \u00e0 Escola T\u00e9cnica (Faetec), oferece 31.891 vagas em cursos profissionalizantes gratuitos na Regi\u00e3o Metropolitana. S\u00e3o mais de cem op\u00e7\u00f5es de cursos como cabeleireiro, maquiador, assistente de recursos humanos, camareira em meios de hospedagem, montador e reparador de computadores e auxiliar de cozinha. Para se candidatar [&hellip;]","og_url":"https:\/\/www.notibras.com\/site\/faetec-oferece-30-mil-vagas-gratuitas-em-cursos-profissionalizantes-no-rio\/","og_site_name":"Notibras","article_publisher":"https:\/\/www.facebook.com\/notibras\/","article_published_time":"2016-01-07T00:24:13+00:00","article_modified_time":"2016-01-07T00:24:50+00:00","og_image":[{"width":591,"height":394,"url":"https:\/\/www.notibras.com\/site\/wp-content\/uploads\/2016\/01\/cursoFaetecRio.jpg","type":"image\/jpeg"}],"author":"Reda\u00e7\u00e3o","twitter_card":"summary_large_image","twitter_creator":"@Notibras","twitter_site":"@Notibras","twitter_misc":{"Escrito por":"Reda\u00e7\u00e3o","Est. tempo de leitura":"3 minutos"},"schema":{"@context":"https:\/\/schema.org","@graph":[{"@type":"Article","@id":"https:\/\/www.notibras.com\/site\/faetec-oferece-30-mil-vagas-gratuitas-em-cursos-profissionalizantes-no-rio\/#article","isPartOf":{"@id":"https:\/\/www.notibras.com\/site\/faetec-oferece-30-mil-vagas-gratuitas-em-cursos-profissionalizantes-no-rio\/"},"author":{"name":"Reda\u00e7\u00e3o","@id":"https:\/\/www.notibras.com\/site\/#\/schema\/person\/36ab0979449956132d3e5b517ea76ac8"},"headline":"No Rio, Faetec oferece 30 mil vagas gratuitas em cursos profissionalizantes","datePublished":"2016-01-07T00:24:13+00:00","dateModified":"2016-01-07T00:24:50+00:00","mainEntityOfPage":{"@id":"https:\/\/www.notibras.com\/site\/faetec-oferece-30-mil-vagas-gratuitas-em-cursos-profissionalizantes-no-rio\/"},"wordCount":617,"commentCount":0,"publisher":{"@id":"https:\/\/www.notibras.com\/site\/#organization"},"image":{"@id":"https:\/\/www.notibras.com\/site\/faetec-oferece-30-mil-vagas-gratuitas-em-cursos-profissionalizantes-no-rio\/#primaryimage"},"thumbnailUrl":"https:\/\/www.notibras.com\/site\/wp-content\/uploads\/2016\/01\/cursoFaetecRio.jpg","articleSection":["Rio"],"inLanguage":"pt-BR","potentialAction":[{"@type":"CommentAction","name":"Comment","target":["https:\/\/www.notibras.com\/site\/faetec-oferece-30-mil-vagas-gratuitas-em-cursos-profissionalizantes-no-rio\/#respond"]}]},{"@type":"WebPage","@id":"https:\/\/www.notibras.com\/site\/faetec-oferece-30-mil-vagas-gratuitas-em-cursos-profissionalizantes-no-rio\/","url":"https:\/\/www.notibras.com\/site\/faetec-oferece-30-mil-vagas-gratuitas-em-cursos-profissionalizantes-no-rio\/","name":"No Rio, Faetec oferece 30 mil vagas gratuitas em cursos profissionalizantes - Notibras","isPartOf":{"@id":"https:\/\/www.notibras.com\/site\/#website"},"primaryImageOfPage":{"@id":"https:\/\/www.notibras.com\/site\/faetec-oferece-30-mil-vagas-gratuitas-em-cursos-profissionalizantes-no-rio\/#primaryimage"},"image":{"@id":"https:\/\/www.notibras.com\/site\/faetec-oferece-30-mil-vagas-gratuitas-em-cursos-profissionalizantes-no-rio\/#primaryimage"},"thumbnailUrl":"https:\/\/www.notibras.com\/site\/wp-content\/uploads\/2016\/01\/cursoFaetecRio.jpg","datePublished":"2016-01-07T00:24:13+00:00","dateModified":"2016-01-07T00:24:50+00:00","breadcrumb":{"@id":"https:\/\/www.notibras.com\/site\/faetec-oferece-30-mil-vagas-gratuitas-em-cursos-profissionalizantes-no-rio\/#breadcrumb"},"inLanguage":"pt-BR","potentialAction":[{"@type":"ReadAction","target":["https:\/\/www.notibras.com\/site\/faetec-oferece-30-mil-vagas-gratuitas-em-cursos-profissionalizantes-no-rio\/"]}]},{"@type":"ImageObject","inLanguage":"pt-BR","@id":"https:\/\/www.notibras.com\/site\/faetec-oferece-30-mil-vagas-gratuitas-em-cursos-profissionalizantes-no-rio\/#primaryimage","url":"https:\/\/www.notibras.com\/site\/wp-content\/uploads\/2016\/01\/cursoFaetecRio.jpg","contentUrl":"https:\/\/www.notibras.com\/site\/wp-content\/uploads\/2016\/01\/cursoFaetecRio.jpg","width":591,"height":394},{"@type":"BreadcrumbList","@id":"https:\/\/www.notibras.com\/site\/faetec-oferece-30-mil-vagas-gratuitas-em-cursos-profissionalizantes-no-rio\/#breadcrumb","itemListElement":[{"@type":"ListItem","position":1,"name":"In\u00edcio","item":"https:\/\/www.notibras.com\/site\/"},{"@type":"ListItem","position":2,"name":"No Rio, Faetec oferece 30 mil vagas gratuitas em cursos profissionalizantes"}]},{"@type":"WebSite","@id":"https:\/\/www.notibras.com\/site\/#website","url":"https:\/\/www.notibras.com\/site\/","name":"Notibras","description":"Not\u00edcias de Bras\u00edlia, do Brasil e do Mundo","publisher":{"@id":"https:\/\/www.notibras.com\/site\/#organization"},"potentialAction":[{"@type":"SearchAction","target":{"@type":"EntryPoint","urlTemplate":"https:\/\/www.notibras.com\/site\/?s={search_term_string}"},"query-input":{"@type":"PropertyValueSpecification","valueRequired":true,"valueName":"search_term_string"}}],"inLanguage":"pt-BR"},{"@type":"Organization","@id":"https:\/\/www.notibras.com\/site\/#organization","name":"Grupo Notibras de Comunica\u00e7\u00e3o","url":"https:\/\/www.notibras.com\/site\/","logo":{"@type":"ImageObject","inLanguage":"pt-BR","@id":"https:\/\/www.notibras.com\/site\/#\/schema\/logo\/image\/","url":"https:\/\/www.notibras.com\/site\/wp-content\/uploads\/2023\/01\/notibras23.png","contentUrl":"https:\/\/www.notibras.com\/site\/wp-content\/uploads\/2023\/01\/notibras23.png","width":350,"height":87,"caption":"Grupo Notibras de Comunica\u00e7\u00e3o"},"image":{"@id":"https:\/\/www.notibras.com\/site\/#\/schema\/logo\/image\/"},"sameAs":["https:\/\/www.facebook.com\/notibras\/","https:\/\/x.com\/Notibras","https:\/\/www.instagram.com\/notibras\/"]},{"@type":"Person","@id":"https:\/\/www.notibras.com\/site\/#\/schema\/person\/36ab0979449956132d3e5b517ea76ac8","name":"Reda\u00e7\u00e3o","image":{"@type":"ImageObject","inLanguage":"pt-BR","@id":"https:\/\/secure.gravatar.com\/avatar\/e0a867bdedb85fd243eadf09663511f96fc81e0720a4a42581f334ad4303aa6b?s=96&d=mm&r=g","url":"https:\/\/secure.gravatar.com\/avatar\/e0a867bdedb85fd243eadf09663511f96fc81e0720a4a42581f334ad4303aa6b?s=96&d=mm&r=g","contentUrl":"https:\/\/secure.gravatar.com\/avatar\/e0a867bdedb85fd243eadf09663511f96fc81e0720a4a42581f334ad4303aa6b?s=96&d=mm&r=g","caption":"Reda\u00e7\u00e3o"}}]}},"amp_enabled":true,"_links":{"self":[{"href":"https:\/\/www.notibras.com\/site\/wp-json\/wp\/v2\/posts\/83521","targetHints":{"allow":["GET"]}}],"collection":[{"href":"https:\/\/www.notibras.com\/site\/wp-json\/wp\/v2\/posts"}],"about":[{"href":"https:\/\/www.notibras.com\/site\/wp-json\/wp\/v2\/types\/post"}],"author":[{"embeddable":true,"href":"https:\/\/www.notibras.com\/site\/wp-json\/wp\/v2\/users\/2"}],"replies":[{"embeddable":true,"href":"https:\/\/www.notibras.com\/site\/wp-json\/wp\/v2\/comments?post=83521"}],"version-history":[{"count":2,"href":"https:\/\/www.notibras.com\/site\/wp-json\/wp\/v2\/posts\/83521\/revisions"}],"predecessor-version":[{"id":83524,"href":"https:\/\/www.notibras.com\/site\/wp-json\/wp\/v2\/posts\/83521\/revisions\/83524"}],"wp:featuredmedia":[{"embeddable":true,"href":"https:\/\/www.notibras.com\/site\/wp-json\/wp\/v2\/media\/83522"}],"wp:attachment":[{"href":"https:\/\/www.notibras.com\/site\/wp-json\/wp\/v2\/media?parent=83521"}],"wp:term":[{"taxonomy":"category","embeddable":true,"href":"https:\/\/www.notibras.com\/site\/wp-json\/wp\/v2\/categories?post=83521"},{"taxonomy":"post_tag","embeddable":true,"href":"https:\/\/www.notibras.com\/site\/wp-json\/wp\/v2\/tags?post=83521"}],"curies":[{"name":"wp","href":"https:\/\/api.w.org\/{rel}","templated":true}]}}