{"id":83525,"date":"2016-01-06T21:35:32","date_gmt":"2016-01-06T23:35:32","guid":{"rendered":"http:\/\/www.notibras.com\/site\/?p=83525"},"modified":"2016-01-06T22:41:41","modified_gmt":"2016-01-07T00:41:41","slug":"lula-depoe-por-cinco-horas-na-policia-federal-sobre-venda-de-medidas-provisorias","status":"publish","type":"post","link":"https:\/\/www.notibras.com\/site\/lula-depoe-por-cinco-horas-na-policia-federal-sobre-venda-de-medidas-provisorias\/","title":{"rendered":"Lula dep\u00f5e por cinco horas na Pol\u00edcia Federal sobre suposta venda de Medidas Provis\u00f3rias"},"content":{"rendered":"<div id=\"Corpo\">\n<h6 class=\"Assina\"><strong>Carla Ara\u00fajo e Beatriz Bulla<\/strong><\/h6>\n<p>O ex-presidente Luiz In\u00e1cio Lula da Silva prestou depoimento \u00e0 Pol\u00edcia Federal nesta quarta-feira, 6, em Bras\u00edlia, sobre suposto esquema de &#8220;venda&#8221; de medidas provis\u00f3rias em seu governo. O pedido foi feito pela defesa do petista e aceito por investigadores da Opera\u00e7\u00e3o Zelotes.<\/p>\n<p>Segundo a assessoria de imprensa do ex-presidente, ele prestou informa\u00e7\u00f5es ao delegado Marlon Cajado &#8220;colaborando, como sempre faz, para esclarecer a verdade&#8221;. Lula foi apenas prestar informa\u00e7\u00f5es \u00e0 PF, sem que o depoimento fosse colhido como testemunha ou como investigado.<\/p>\n<p>O lobista Alexandre Paes dos Santos, no entanto, preso e denunciado no esquema, arrolou Lula para depor como sua testemunha de defesa. A intima\u00e7\u00e3o do petista e de mais 11 pessoas no caso foi autorizada nesta semana pelo juiz da 10\u00aa Vara Federal de Bras\u00edlia, que conduz a a\u00e7\u00e3o penal sobre o caso. As oitivas devem acontecer no final de janeiro.<\/p>\n<p>De acordo com nota emitida pelo Instituto Lula, a data e o hor\u00e1rio do depoimento foram definidos pelo delegado Cajado com os advogados do ex-presidente em dezembro passado. Inicialmente, o depoimento estava marcado para o dia 17 de dezembro.<\/p>\n<p>Lula foi intimado a dar explica\u00e7\u00f5es sobre &#8220;fatos relacionados ao lobby realizado para a obten\u00e7\u00e3o de benef\u00edcios fiscais&#8221;, por meio de Medidas Provis\u00f3rias (MPs) que favoreceram montadoras de ve\u00edculos. O caso foi revelado pelo jornal O Estado de S.Paulo em s\u00e9rie de reportagens publicada em outubro.<\/p>\n<p>A assessoria do ex-presidente afirmou que as MPs 471\/2009 e 512\/2010, editadas em seu governo, tiveram como objetivo promover o desenvolvimento das regi\u00f5es Norte, Nordeste e Centro-Oeste, &#8220;sem favorecimento a qualquer setor&#8221;.<\/p>\n<p>&#8220;A MP 471\/2009 prorrogou, de 2010 at\u00e9 2015, incentivos fiscais concedidos desde 1997 e 1999 a ind\u00fastrias automotivas e de autope\u00e7as instaladas nas regi\u00f5es Norte, Nordeste e Centro-Oeste do Pa\u00eds e foi aprovada por unanimidade no Congresso. A MP 512\/2010 estendeu os incentivos a novos projetos destas ind\u00fastrias, com exig\u00eancia de novos investimentos em tecnologia e inova\u00e7\u00e3o&#8221;, diz a nota.<\/p>\n<p>Lula argumentou, nas cerca de 5 horas em que esteve na PF, que as duas MPs geraram milhares de empregos e que elas foram resultado de &#8220;reivindica\u00e7\u00f5es e di\u00e1logo com lideran\u00e7as pol\u00edticas, governadores, sindicalistas e empres\u00e1rios&#8221;.<\/p>\n<p>A assessoria do ex-presidente destacou que quando o Congresso acrescentou emenda parlamentar \u00e0 MP 627 relativa \u00e0 tributa\u00e7\u00e3o de empresas no exterior, em 2013, Lula j\u00e1 n\u00e3o era mais presidente da Rep\u00fablica.<\/p>\n<p>Lu\u00eds Cl\u00e1udio Lula da Silva, filho ca\u00e7ula do ex-presidente, \u00e9 investigado na Zelotes por suspeita de receber R$ 2,5 milh\u00f5es de um dos lobistas investigados pela compra das MPs. Outro alvo da opera\u00e7\u00e3o \u00e9 o ex-ministro Gilberto Carvalho. Os dois negam ter participado de irregularidades.<\/p>\n<p><img loading=\"lazy\" decoding=\"async\" class=\"alignnone size-full wp-image-70065\" src=\"http:\/\/www.notibras.com\/site\/wp-content\/uploads\/2015\/10\/estadao.png\" alt=\"estadao\" width=\"99\" height=\"16\" \/><\/p>\n<\/div>\n","protected":false},"excerpt":{"rendered":"<p>Carla Ara\u00fajo e Beatriz Bulla O ex-presidente Luiz In\u00e1cio Lula da Silva prestou depoimento \u00e0 Pol\u00edcia Federal nesta quarta-feira, 6, em Bras\u00edlia, sobre suposto esquema de &#8220;venda&#8221; de medidas provis\u00f3rias em seu governo. O pedido foi feito pela defesa do petista e aceito por investigadores da Opera\u00e7\u00e3o Zelotes. Segundo a assessoria de imprensa do ex-presidente, [&hellip;]<\/p>\n","protected":false},"author":2,"featured_media":83526,"comment_status":"open","ping_status":"closed","sticky":false,"template":"","format":"standard","meta":{"_acf_changed":false,"footnotes":""},"categories":[16],"tags":[],"class_list":["post-83525","post","type-post","status-publish","format-standard","has-post-thumbnail","hentry","category-brasil"],"acf":[],"yoast_head":"<!-- This site is optimized with the Yoast SEO plugin v27.2 - https:\/\/yoast.com\/product\/yoast-seo-wordpress\/ -->\n<title>Lula dep\u00f5e por cinco horas na Pol\u00edcia Federal sobre suposta venda de Medidas Provis\u00f3rias - Notibras<\/title>\n<meta name=\"robots\" content=\"index, follow, max-snippet:-1, max-image-preview:large, max-video-preview:-1\" \/>\n<link rel=\"canonical\" href=\"https:\/\/www.notibras.com\/site\/lula-depoe-por-cinco-horas-na-policia-federal-sobre-venda-de-medidas-provisorias\/\" \/>\n<meta property=\"og:locale\" content=\"pt_BR\" \/>\n<meta property=\"og:type\" content=\"article\" \/>\n<meta property=\"og:title\" content=\"Lula dep\u00f5e por cinco horas na Pol\u00edcia Federal sobre suposta venda de Medidas Provis\u00f3rias - Notibras\" \/>\n<meta property=\"og:description\" content=\"Carla Ara\u00fajo e Beatriz Bulla O ex-presidente Luiz In\u00e1cio Lula da Silva prestou depoimento \u00e0 Pol\u00edcia Federal nesta quarta-feira, 6, em Bras\u00edlia, sobre suposto esquema de &#8220;venda&#8221; de medidas provis\u00f3rias em seu governo. O pedido foi feito pela defesa do petista e aceito por investigadores da Opera\u00e7\u00e3o Zelotes. Segundo a assessoria de imprensa do ex-presidente, [&hellip;]\" \/>\n<meta property=\"og:url\" content=\"https:\/\/www.notibras.com\/site\/lula-depoe-por-cinco-horas-na-policia-federal-sobre-venda-de-medidas-provisorias\/\" \/>\n<meta property=\"og:site_name\" content=\"Notibras\" \/>\n<meta property=\"article:publisher\" content=\"https:\/\/www.facebook.com\/notibras\/\" \/>\n<meta property=\"article:published_time\" content=\"2016-01-06T23:35:32+00:00\" \/>\n<meta property=\"article:modified_time\" content=\"2016-01-07T00:41:41+00:00\" \/>\n<meta property=\"og:image\" content=\"https:\/\/www.notibras.com\/site\/wp-content\/uploads\/2016\/01\/lu6.jpg\" \/>\n\t<meta property=\"og:image:width\" content=\"660\" \/>\n\t<meta property=\"og:image:height\" content=\"441\" \/>\n\t<meta property=\"og:image:type\" content=\"image\/jpeg\" \/>\n<meta name=\"author\" content=\"Reda\u00e7\u00e3o\" \/>\n<meta name=\"twitter:card\" content=\"summary_large_image\" \/>\n<meta name=\"twitter:creator\" content=\"@Notibras\" \/>\n<meta name=\"twitter:site\" content=\"@Notibras\" \/>\n<meta name=\"twitter:label1\" content=\"Escrito por\" \/>\n\t<meta name=\"twitter:data1\" content=\"Reda\u00e7\u00e3o\" \/>\n\t<meta name=\"twitter:label2\" content=\"Est. tempo de leitura\" \/>\n\t<meta name=\"twitter:data2\" content=\"2 minutos\" \/>\n<script type=\"application\/ld+json\" class=\"yoast-schema-graph\">{\"@context\":\"https:\/\/schema.org\",\"@graph\":[{\"@type\":\"Article\",\"@id\":\"https:\/\/www.notibras.com\/site\/lula-depoe-por-cinco-horas-na-policia-federal-sobre-venda-de-medidas-provisorias\/#article\",\"isPartOf\":{\"@id\":\"https:\/\/www.notibras.com\/site\/lula-depoe-por-cinco-horas-na-policia-federal-sobre-venda-de-medidas-provisorias\/\"},\"author\":{\"name\":\"Reda\u00e7\u00e3o\",\"@id\":\"https:\/\/www.notibras.com\/site\/#\/schema\/person\/36ab0979449956132d3e5b517ea76ac8\"},\"headline\":\"Lula dep\u00f5e por cinco horas na Pol\u00edcia Federal sobre suposta venda de Medidas Provis\u00f3rias\",\"datePublished\":\"2016-01-06T23:35:32+00:00\",\"dateModified\":\"2016-01-07T00:41:41+00:00\",\"mainEntityOfPage\":{\"@id\":\"https:\/\/www.notibras.com\/site\/lula-depoe-por-cinco-horas-na-policia-federal-sobre-venda-de-medidas-provisorias\/\"},\"wordCount\":474,\"commentCount\":0,\"publisher\":{\"@id\":\"https:\/\/www.notibras.com\/site\/#organization\"},\"image\":{\"@id\":\"https:\/\/www.notibras.com\/site\/lula-depoe-por-cinco-horas-na-policia-federal-sobre-venda-de-medidas-provisorias\/#primaryimage\"},\"thumbnailUrl\":\"https:\/\/www.notibras.com\/site\/wp-content\/uploads\/2016\/01\/lu6.jpg\",\"articleSection\":[\"Brasil\"],\"inLanguage\":\"pt-BR\",\"potentialAction\":[{\"@type\":\"CommentAction\",\"name\":\"Comment\",\"target\":[\"https:\/\/www.notibras.com\/site\/lula-depoe-por-cinco-horas-na-policia-federal-sobre-venda-de-medidas-provisorias\/#respond\"]}]},{\"@type\":\"WebPage\",\"@id\":\"https:\/\/www.notibras.com\/site\/lula-depoe-por-cinco-horas-na-policia-federal-sobre-venda-de-medidas-provisorias\/\",\"url\":\"https:\/\/www.notibras.com\/site\/lula-depoe-por-cinco-horas-na-policia-federal-sobre-venda-de-medidas-provisorias\/\",\"name\":\"Lula dep\u00f5e por cinco horas na Pol\u00edcia Federal sobre suposta venda de Medidas Provis\u00f3rias - Notibras\",\"isPartOf\":{\"@id\":\"https:\/\/www.notibras.com\/site\/#website\"},\"primaryImageOfPage\":{\"@id\":\"https:\/\/www.notibras.com\/site\/lula-depoe-por-cinco-horas-na-policia-federal-sobre-venda-de-medidas-provisorias\/#primaryimage\"},\"image\":{\"@id\":\"https:\/\/www.notibras.com\/site\/lula-depoe-por-cinco-horas-na-policia-federal-sobre-venda-de-medidas-provisorias\/#primaryimage\"},\"thumbnailUrl\":\"https:\/\/www.notibras.com\/site\/wp-content\/uploads\/2016\/01\/lu6.jpg\",\"datePublished\":\"2016-01-06T23:35:32+00:00\",\"dateModified\":\"2016-01-07T00:41:41+00:00\",\"breadcrumb\":{\"@id\":\"https:\/\/www.notibras.com\/site\/lula-depoe-por-cinco-horas-na-policia-federal-sobre-venda-de-medidas-provisorias\/#breadcrumb\"},\"inLanguage\":\"pt-BR\",\"potentialAction\":[{\"@type\":\"ReadAction\",\"target\":[\"https:\/\/www.notibras.com\/site\/lula-depoe-por-cinco-horas-na-policia-federal-sobre-venda-de-medidas-provisorias\/\"]}]},{\"@type\":\"ImageObject\",\"inLanguage\":\"pt-BR\",\"@id\":\"https:\/\/www.notibras.com\/site\/lula-depoe-por-cinco-horas-na-policia-federal-sobre-venda-de-medidas-provisorias\/#primaryimage\",\"url\":\"https:\/\/www.notibras.com\/site\/wp-content\/uploads\/2016\/01\/lu6.jpg\",\"contentUrl\":\"https:\/\/www.notibras.com\/site\/wp-content\/uploads\/2016\/01\/lu6.jpg\",\"width\":660,\"height\":441},{\"@type\":\"BreadcrumbList\",\"@id\":\"https:\/\/www.notibras.com\/site\/lula-depoe-por-cinco-horas-na-policia-federal-sobre-venda-de-medidas-provisorias\/#breadcrumb\",\"itemListElement\":[{\"@type\":\"ListItem\",\"position\":1,\"name\":\"In\u00edcio\",\"item\":\"https:\/\/www.notibras.com\/site\/\"},{\"@type\":\"ListItem\",\"position\":2,\"name\":\"Lula dep\u00f5e por cinco horas na Pol\u00edcia Federal sobre suposta venda de Medidas Provis\u00f3rias\"}]},{\"@type\":\"WebSite\",\"@id\":\"https:\/\/www.notibras.com\/site\/#website\",\"url\":\"https:\/\/www.notibras.com\/site\/\",\"name\":\"Notibras\",\"description\":\"Not\u00edcias de Bras\u00edlia, do Brasil e do Mundo\",\"publisher\":{\"@id\":\"https:\/\/www.notibras.com\/site\/#organization\"},\"potentialAction\":[{\"@type\":\"SearchAction\",\"target\":{\"@type\":\"EntryPoint\",\"urlTemplate\":\"https:\/\/www.notibras.com\/site\/?s={search_term_string}\"},\"query-input\":{\"@type\":\"PropertyValueSpecification\",\"valueRequired\":true,\"valueName\":\"search_term_string\"}}],\"inLanguage\":\"pt-BR\"},{\"@type\":\"Organization\",\"@id\":\"https:\/\/www.notibras.com\/site\/#organization\",\"name\":\"Grupo Notibras de Comunica\u00e7\u00e3o\",\"url\":\"https:\/\/www.notibras.com\/site\/\",\"logo\":{\"@type\":\"ImageObject\",\"inLanguage\":\"pt-BR\",\"@id\":\"https:\/\/www.notibras.com\/site\/#\/schema\/logo\/image\/\",\"url\":\"https:\/\/www.notibras.com\/site\/wp-content\/uploads\/2023\/01\/notibras23.png\",\"contentUrl\":\"https:\/\/www.notibras.com\/site\/wp-content\/uploads\/2023\/01\/notibras23.png\",\"width\":350,\"height\":87,\"caption\":\"Grupo Notibras de Comunica\u00e7\u00e3o\"},\"image\":{\"@id\":\"https:\/\/www.notibras.com\/site\/#\/schema\/logo\/image\/\"},\"sameAs\":[\"https:\/\/www.facebook.com\/notibras\/\",\"https:\/\/x.com\/Notibras\",\"https:\/\/www.instagram.com\/notibras\/\"]},{\"@type\":\"Person\",\"@id\":\"https:\/\/www.notibras.com\/site\/#\/schema\/person\/36ab0979449956132d3e5b517ea76ac8\",\"name\":\"Reda\u00e7\u00e3o\",\"image\":{\"@type\":\"ImageObject\",\"inLanguage\":\"pt-BR\",\"@id\":\"https:\/\/secure.gravatar.com\/avatar\/e0a867bdedb85fd243eadf09663511f96fc81e0720a4a42581f334ad4303aa6b?s=96&d=mm&r=g\",\"url\":\"https:\/\/secure.gravatar.com\/avatar\/e0a867bdedb85fd243eadf09663511f96fc81e0720a4a42581f334ad4303aa6b?s=96&d=mm&r=g\",\"contentUrl\":\"https:\/\/secure.gravatar.com\/avatar\/e0a867bdedb85fd243eadf09663511f96fc81e0720a4a42581f334ad4303aa6b?s=96&d=mm&r=g\",\"caption\":\"Reda\u00e7\u00e3o\"}}]}<\/script>\n<!-- \/ Yoast SEO plugin. -->","yoast_head_json":{"title":"Lula dep\u00f5e por cinco horas na Pol\u00edcia Federal sobre suposta venda de Medidas Provis\u00f3rias - Notibras","robots":{"index":"index","follow":"follow","max-snippet":"max-snippet:-1","max-image-preview":"max-image-preview:large","max-video-preview":"max-video-preview:-1"},"canonical":"https:\/\/www.notibras.com\/site\/lula-depoe-por-cinco-horas-na-policia-federal-sobre-venda-de-medidas-provisorias\/","og_locale":"pt_BR","og_type":"article","og_title":"Lula dep\u00f5e por cinco horas na Pol\u00edcia Federal sobre suposta venda de Medidas Provis\u00f3rias - Notibras","og_description":"Carla Ara\u00fajo e Beatriz Bulla O ex-presidente Luiz In\u00e1cio Lula da Silva prestou depoimento \u00e0 Pol\u00edcia Federal nesta quarta-feira, 6, em Bras\u00edlia, sobre suposto esquema de &#8220;venda&#8221; de medidas provis\u00f3rias em seu governo. O pedido foi feito pela defesa do petista e aceito por investigadores da Opera\u00e7\u00e3o Zelotes. Segundo a assessoria de imprensa do ex-presidente, [&hellip;]","og_url":"https:\/\/www.notibras.com\/site\/lula-depoe-por-cinco-horas-na-policia-federal-sobre-venda-de-medidas-provisorias\/","og_site_name":"Notibras","article_publisher":"https:\/\/www.facebook.com\/notibras\/","article_published_time":"2016-01-06T23:35:32+00:00","article_modified_time":"2016-01-07T00:41:41+00:00","og_image":[{"width":660,"height":441,"url":"https:\/\/www.notibras.com\/site\/wp-content\/uploads\/2016\/01\/lu6.jpg","type":"image\/jpeg"}],"author":"Reda\u00e7\u00e3o","twitter_card":"summary_large_image","twitter_creator":"@Notibras","twitter_site":"@Notibras","twitter_misc":{"Escrito por":"Reda\u00e7\u00e3o","Est. tempo de leitura":"2 minutos"},"schema":{"@context":"https:\/\/schema.org","@graph":[{"@type":"Article","@id":"https:\/\/www.notibras.com\/site\/lula-depoe-por-cinco-horas-na-policia-federal-sobre-venda-de-medidas-provisorias\/#article","isPartOf":{"@id":"https:\/\/www.notibras.com\/site\/lula-depoe-por-cinco-horas-na-policia-federal-sobre-venda-de-medidas-provisorias\/"},"author":{"name":"Reda\u00e7\u00e3o","@id":"https:\/\/www.notibras.com\/site\/#\/schema\/person\/36ab0979449956132d3e5b517ea76ac8"},"headline":"Lula dep\u00f5e por cinco horas na Pol\u00edcia Federal sobre suposta venda de Medidas Provis\u00f3rias","datePublished":"2016-01-06T23:35:32+00:00","dateModified":"2016-01-07T00:41:41+00:00","mainEntityOfPage":{"@id":"https:\/\/www.notibras.com\/site\/lula-depoe-por-cinco-horas-na-policia-federal-sobre-venda-de-medidas-provisorias\/"},"wordCount":474,"commentCount":0,"publisher":{"@id":"https:\/\/www.notibras.com\/site\/#organization"},"image":{"@id":"https:\/\/www.notibras.com\/site\/lula-depoe-por-cinco-horas-na-policia-federal-sobre-venda-de-medidas-provisorias\/#primaryimage"},"thumbnailUrl":"https:\/\/www.notibras.com\/site\/wp-content\/uploads\/2016\/01\/lu6.jpg","articleSection":["Brasil"],"inLanguage":"pt-BR","potentialAction":[{"@type":"CommentAction","name":"Comment","target":["https:\/\/www.notibras.com\/site\/lula-depoe-por-cinco-horas-na-policia-federal-sobre-venda-de-medidas-provisorias\/#respond"]}]},{"@type":"WebPage","@id":"https:\/\/www.notibras.com\/site\/lula-depoe-por-cinco-horas-na-policia-federal-sobre-venda-de-medidas-provisorias\/","url":"https:\/\/www.notibras.com\/site\/lula-depoe-por-cinco-horas-na-policia-federal-sobre-venda-de-medidas-provisorias\/","name":"Lula dep\u00f5e por cinco horas na Pol\u00edcia Federal sobre suposta venda de Medidas Provis\u00f3rias - Notibras","isPartOf":{"@id":"https:\/\/www.notibras.com\/site\/#website"},"primaryImageOfPage":{"@id":"https:\/\/www.notibras.com\/site\/lula-depoe-por-cinco-horas-na-policia-federal-sobre-venda-de-medidas-provisorias\/#primaryimage"},"image":{"@id":"https:\/\/www.notibras.com\/site\/lula-depoe-por-cinco-horas-na-policia-federal-sobre-venda-de-medidas-provisorias\/#primaryimage"},"thumbnailUrl":"https:\/\/www.notibras.com\/site\/wp-content\/uploads\/2016\/01\/lu6.jpg","datePublished":"2016-01-06T23:35:32+00:00","dateModified":"2016-01-07T00:41:41+00:00","breadcrumb":{"@id":"https:\/\/www.notibras.com\/site\/lula-depoe-por-cinco-horas-na-policia-federal-sobre-venda-de-medidas-provisorias\/#breadcrumb"},"inLanguage":"pt-BR","potentialAction":[{"@type":"ReadAction","target":["https:\/\/www.notibras.com\/site\/lula-depoe-por-cinco-horas-na-policia-federal-sobre-venda-de-medidas-provisorias\/"]}]},{"@type":"ImageObject","inLanguage":"pt-BR","@id":"https:\/\/www.notibras.com\/site\/lula-depoe-por-cinco-horas-na-policia-federal-sobre-venda-de-medidas-provisorias\/#primaryimage","url":"https:\/\/www.notibras.com\/site\/wp-content\/uploads\/2016\/01\/lu6.jpg","contentUrl":"https:\/\/www.notibras.com\/site\/wp-content\/uploads\/2016\/01\/lu6.jpg","width":660,"height":441},{"@type":"BreadcrumbList","@id":"https:\/\/www.notibras.com\/site\/lula-depoe-por-cinco-horas-na-policia-federal-sobre-venda-de-medidas-provisorias\/#breadcrumb","itemListElement":[{"@type":"ListItem","position":1,"name":"In\u00edcio","item":"https:\/\/www.notibras.com\/site\/"},{"@type":"ListItem","position":2,"name":"Lula dep\u00f5e por cinco horas na Pol\u00edcia Federal sobre suposta venda de Medidas Provis\u00f3rias"}]},{"@type":"WebSite","@id":"https:\/\/www.notibras.com\/site\/#website","url":"https:\/\/www.notibras.com\/site\/","name":"Notibras","description":"Not\u00edcias de Bras\u00edlia, do Brasil e do Mundo","publisher":{"@id":"https:\/\/www.notibras.com\/site\/#organization"},"potentialAction":[{"@type":"SearchAction","target":{"@type":"EntryPoint","urlTemplate":"https:\/\/www.notibras.com\/site\/?s={search_term_string}"},"query-input":{"@type":"PropertyValueSpecification","valueRequired":true,"valueName":"search_term_string"}}],"inLanguage":"pt-BR"},{"@type":"Organization","@id":"https:\/\/www.notibras.com\/site\/#organization","name":"Grupo Notibras de Comunica\u00e7\u00e3o","url":"https:\/\/www.notibras.com\/site\/","logo":{"@type":"ImageObject","inLanguage":"pt-BR","@id":"https:\/\/www.notibras.com\/site\/#\/schema\/logo\/image\/","url":"https:\/\/www.notibras.com\/site\/wp-content\/uploads\/2023\/01\/notibras23.png","contentUrl":"https:\/\/www.notibras.com\/site\/wp-content\/uploads\/2023\/01\/notibras23.png","width":350,"height":87,"caption":"Grupo Notibras de Comunica\u00e7\u00e3o"},"image":{"@id":"https:\/\/www.notibras.com\/site\/#\/schema\/logo\/image\/"},"sameAs":["https:\/\/www.facebook.com\/notibras\/","https:\/\/x.com\/Notibras","https:\/\/www.instagram.com\/notibras\/"]},{"@type":"Person","@id":"https:\/\/www.notibras.com\/site\/#\/schema\/person\/36ab0979449956132d3e5b517ea76ac8","name":"Reda\u00e7\u00e3o","image":{"@type":"ImageObject","inLanguage":"pt-BR","@id":"https:\/\/secure.gravatar.com\/avatar\/e0a867bdedb85fd243eadf09663511f96fc81e0720a4a42581f334ad4303aa6b?s=96&d=mm&r=g","url":"https:\/\/secure.gravatar.com\/avatar\/e0a867bdedb85fd243eadf09663511f96fc81e0720a4a42581f334ad4303aa6b?s=96&d=mm&r=g","contentUrl":"https:\/\/secure.gravatar.com\/avatar\/e0a867bdedb85fd243eadf09663511f96fc81e0720a4a42581f334ad4303aa6b?s=96&d=mm&r=g","caption":"Reda\u00e7\u00e3o"}}]}},"amp_enabled":true,"_links":{"self":[{"href":"https:\/\/www.notibras.com\/site\/wp-json\/wp\/v2\/posts\/83525","targetHints":{"allow":["GET"]}}],"collection":[{"href":"https:\/\/www.notibras.com\/site\/wp-json\/wp\/v2\/posts"}],"about":[{"href":"https:\/\/www.notibras.com\/site\/wp-json\/wp\/v2\/types\/post"}],"author":[{"embeddable":true,"href":"https:\/\/www.notibras.com\/site\/wp-json\/wp\/v2\/users\/2"}],"replies":[{"embeddable":true,"href":"https:\/\/www.notibras.com\/site\/wp-json\/wp\/v2\/comments?post=83525"}],"version-history":[{"count":2,"href":"https:\/\/www.notibras.com\/site\/wp-json\/wp\/v2\/posts\/83525\/revisions"}],"predecessor-version":[{"id":83528,"href":"https:\/\/www.notibras.com\/site\/wp-json\/wp\/v2\/posts\/83525\/revisions\/83528"}],"wp:featuredmedia":[{"embeddable":true,"href":"https:\/\/www.notibras.com\/site\/wp-json\/wp\/v2\/media\/83526"}],"wp:attachment":[{"href":"https:\/\/www.notibras.com\/site\/wp-json\/wp\/v2\/media?parent=83525"}],"wp:term":[{"taxonomy":"category","embeddable":true,"href":"https:\/\/www.notibras.com\/site\/wp-json\/wp\/v2\/categories?post=83525"},{"taxonomy":"post_tag","embeddable":true,"href":"https:\/\/www.notibras.com\/site\/wp-json\/wp\/v2\/tags?post=83525"}],"curies":[{"name":"wp","href":"https:\/\/api.w.org\/{rel}","templated":true}]}}