{"id":83600,"date":"2016-01-07T15:25:06","date_gmt":"2016-01-07T17:25:06","guid":{"rendered":"http:\/\/www.notibras.com\/site\/?p=83600"},"modified":"2016-01-07T15:28:57","modified_gmt":"2016-01-07T17:28:57","slug":"sao-paulo-e-termometro-do-pais-e-la-a-cesta-basica-fica-bem-acima-da-inflacao","status":"publish","type":"post","link":"https:\/\/www.notibras.com\/site\/sao-paulo-e-termometro-do-pais-e-la-a-cesta-basica-fica-bem-acima-da-inflacao\/","title":{"rendered":"S\u00e3o Paulo \u00e9 term\u00f4metro do Pa\u00eds, e l\u00e1 a cesta b\u00e1sica, com 13,3%, fica acima da infla\u00e7\u00e3o"},"content":{"rendered":"<div id=\"Corpo\">\n<h6 class=\"Assina\"><strong>Maria Regina Silva<\/strong><\/h6>\n<p>A cesta b\u00e1sica na cidade de S\u00e3o Paulo ficou em m\u00e9dia 13,36% mais cara em 2015, de acordo com a Funda\u00e7\u00e3o Instituto de Pesquisas Econ\u00f4micas (Fipe). O aumento superou a infla\u00e7\u00e3o na capital paulista, que fechou o ano passado em 11,07% e \u00e9 medida pelo \u00cdndice de Pre\u00e7os ao Consumidor (IPC). Tamb\u00e9m em dezembro, a alta (de 1,89%) da cesta de produtos b\u00e1sicos, que atingiu R$ 425,51, superou a do IPC (de 0,82%).<\/p>\n<p>O levantamento da cesta b\u00e1sica da Fipe apura os pre\u00e7os de 51 produtos, n\u00famero bastante inferior ao 468 itens do IPC. Na cesta, s\u00e3o coletados os pre\u00e7os de 41 pre\u00e7os itens do grupo Alimenta\u00e7\u00e3o, sete de Higiene Pessoal e tr\u00eas de Limpeza. A institui\u00e7\u00e3o divide a cidade em seis regi\u00f5es, conforme o poder aquisitivo e localiza\u00e7\u00e3o. A zona Sul e a zona Leste, por exemplo, est\u00e3o divididas em dois grupos cada.<\/p>\n<p>A zona Sul 1, formada por bairros como Vila Mariana, Itaim Bibi e Santo Amaro, manteve a posi\u00e7\u00e3o tradicional e apresentou o maior valor para a cesta na capital paulista em dezembro, de R$ 438,50, uma eleva\u00e7\u00e3o de 2,84% ante novembro. No ano, a alta foi de 12,98%.<\/p>\n<p>O segundo valor mais significativo ficou por conta da cesta da zona Oeste (regi\u00e3o formada por Lapa, Perdizes, Butant\u00e3 e Pinheiros, entre outros bairros). No m\u00eas passado, houve varia\u00e7\u00e3o positiva de 1,79% e a cesta chegou a R$ 434,52. J\u00e1 no acumulado de 2015, o aumento foi de 14,66%.<\/p>\n<p>Na zona Norte, que considera bairros como Santana, Casa Verde, Lim\u00e3o e Freguesia do \u00d3, a eleva\u00e7\u00e3o foi de 1,43%, com o pre\u00e7o m\u00e9dio atingindo R$ 428,17 em dezembro. J\u00e1 o acumulado do ano foi de 14,07%.<\/p>\n<p>De acordo com a Fipe, na zona Leste 1 (Mooca, Bel\u00e9m, Tatuap\u00e9 e Vila Prudente, entre outros), a cesta registrou aumento de 14,33% em 2015 e de 1,27% em dezembro (R$ 430,27). Na zona Sul 2 (Jardim \u00c2ngela, Cap\u00e3o Redondo, Graja\u00fa e Socorro), o conjunto de itens b\u00e1sicos apurados teve eleva\u00e7\u00e3o de 2,43% no m\u00eas e de 12,15% no ano, com a cesta valendo R$ 418,00 em dezembro.<\/p>\n<p>O menor valor m\u00e9dio foi observado na zona Leste 2 (Itaquera, S\u00e3o Mateus, Aricanduva e S\u00e3o Miguel), que ficou em R$ 403,62, mas registrou alta de 1,56% ante novembro. No acumulado de 2015, houve aumento de 11,88% na capital paulista.<\/p>\n<p><img loading=\"lazy\" decoding=\"async\" class=\"alignnone size-full wp-image-70065\" src=\"http:\/\/www.notibras.com\/site\/wp-content\/uploads\/2015\/10\/estadao.png\" alt=\"estadao\" width=\"99\" height=\"16\" \/><\/p>\n<\/div>\n","protected":false},"excerpt":{"rendered":"<p>Maria Regina Silva A cesta b\u00e1sica na cidade de S\u00e3o Paulo ficou em m\u00e9dia 13,36% mais cara em 2015, de acordo com a Funda\u00e7\u00e3o Instituto de Pesquisas Econ\u00f4micas (Fipe). O aumento superou a infla\u00e7\u00e3o na capital paulista, que fechou o ano passado em 11,07% e \u00e9 medida pelo \u00cdndice de Pre\u00e7os ao Consumidor (IPC). Tamb\u00e9m [&hellip;]<\/p>\n","protected":false},"author":2,"featured_media":83601,"comment_status":"open","ping_status":"closed","sticky":false,"template":"","format":"standard","meta":{"_acf_changed":false,"footnotes":""},"categories":[16],"tags":[],"class_list":["post-83600","post","type-post","status-publish","format-standard","has-post-thumbnail","hentry","category-brasil"],"acf":[],"yoast_head":"<!-- This site is optimized with the Yoast SEO plugin v27.2 - https:\/\/yoast.com\/product\/yoast-seo-wordpress\/ -->\n<title>S\u00e3o Paulo \u00e9 term\u00f4metro do Pa\u00eds, e l\u00e1 a cesta b\u00e1sica, com 13,3%, fica acima da infla\u00e7\u00e3o - Notibras<\/title>\n<meta name=\"robots\" content=\"index, follow, max-snippet:-1, max-image-preview:large, max-video-preview:-1\" \/>\n<link rel=\"canonical\" href=\"https:\/\/www.notibras.com\/site\/sao-paulo-e-termometro-do-pais-e-la-a-cesta-basica-fica-bem-acima-da-inflacao\/\" \/>\n<meta property=\"og:locale\" content=\"pt_BR\" \/>\n<meta property=\"og:type\" content=\"article\" \/>\n<meta property=\"og:title\" content=\"S\u00e3o Paulo \u00e9 term\u00f4metro do Pa\u00eds, e l\u00e1 a cesta b\u00e1sica, com 13,3%, fica acima da infla\u00e7\u00e3o - Notibras\" \/>\n<meta property=\"og:description\" content=\"Maria Regina Silva A cesta b\u00e1sica na cidade de S\u00e3o Paulo ficou em m\u00e9dia 13,36% mais cara em 2015, de acordo com a Funda\u00e7\u00e3o Instituto de Pesquisas Econ\u00f4micas (Fipe). O aumento superou a infla\u00e7\u00e3o na capital paulista, que fechou o ano passado em 11,07% e \u00e9 medida pelo \u00cdndice de Pre\u00e7os ao Consumidor (IPC). Tamb\u00e9m [&hellip;]\" \/>\n<meta property=\"og:url\" content=\"https:\/\/www.notibras.com\/site\/sao-paulo-e-termometro-do-pais-e-la-a-cesta-basica-fica-bem-acima-da-inflacao\/\" \/>\n<meta property=\"og:site_name\" content=\"Notibras\" \/>\n<meta property=\"article:publisher\" content=\"https:\/\/www.facebook.com\/notibras\/\" \/>\n<meta property=\"article:published_time\" content=\"2016-01-07T17:25:06+00:00\" \/>\n<meta property=\"article:modified_time\" content=\"2016-01-07T17:28:57+00:00\" \/>\n<meta property=\"og:image\" content=\"https:\/\/www.notibras.com\/site\/wp-content\/uploads\/2016\/01\/cesta-basica.jpg\" \/>\n\t<meta property=\"og:image:width\" content=\"688\" \/>\n\t<meta property=\"og:image:height\" content=\"410\" \/>\n\t<meta property=\"og:image:type\" content=\"image\/jpeg\" \/>\n<meta name=\"author\" content=\"Reda\u00e7\u00e3o\" \/>\n<meta name=\"twitter:card\" content=\"summary_large_image\" \/>\n<meta name=\"twitter:creator\" content=\"@Notibras\" \/>\n<meta name=\"twitter:site\" content=\"@Notibras\" \/>\n<meta name=\"twitter:label1\" content=\"Escrito por\" \/>\n\t<meta name=\"twitter:data1\" content=\"Reda\u00e7\u00e3o\" \/>\n\t<meta name=\"twitter:label2\" content=\"Est. tempo de leitura\" \/>\n\t<meta name=\"twitter:data2\" content=\"2 minutos\" \/>\n<script type=\"application\/ld+json\" class=\"yoast-schema-graph\">{\"@context\":\"https:\/\/schema.org\",\"@graph\":[{\"@type\":\"Article\",\"@id\":\"https:\/\/www.notibras.com\/site\/sao-paulo-e-termometro-do-pais-e-la-a-cesta-basica-fica-bem-acima-da-inflacao\/#article\",\"isPartOf\":{\"@id\":\"https:\/\/www.notibras.com\/site\/sao-paulo-e-termometro-do-pais-e-la-a-cesta-basica-fica-bem-acima-da-inflacao\/\"},\"author\":{\"name\":\"Reda\u00e7\u00e3o\",\"@id\":\"https:\/\/www.notibras.com\/site\/#\/schema\/person\/36ab0979449956132d3e5b517ea76ac8\"},\"headline\":\"S\u00e3o Paulo \u00e9 term\u00f4metro do Pa\u00eds, e l\u00e1 a cesta b\u00e1sica, com 13,3%, fica acima da infla\u00e7\u00e3o\",\"datePublished\":\"2016-01-07T17:25:06+00:00\",\"dateModified\":\"2016-01-07T17:28:57+00:00\",\"mainEntityOfPage\":{\"@id\":\"https:\/\/www.notibras.com\/site\/sao-paulo-e-termometro-do-pais-e-la-a-cesta-basica-fica-bem-acima-da-inflacao\/\"},\"wordCount\":411,\"commentCount\":0,\"publisher\":{\"@id\":\"https:\/\/www.notibras.com\/site\/#organization\"},\"image\":{\"@id\":\"https:\/\/www.notibras.com\/site\/sao-paulo-e-termometro-do-pais-e-la-a-cesta-basica-fica-bem-acima-da-inflacao\/#primaryimage\"},\"thumbnailUrl\":\"https:\/\/www.notibras.com\/site\/wp-content\/uploads\/2016\/01\/cesta-basica.jpg\",\"articleSection\":[\"Brasil\"],\"inLanguage\":\"pt-BR\",\"potentialAction\":[{\"@type\":\"CommentAction\",\"name\":\"Comment\",\"target\":[\"https:\/\/www.notibras.com\/site\/sao-paulo-e-termometro-do-pais-e-la-a-cesta-basica-fica-bem-acima-da-inflacao\/#respond\"]}]},{\"@type\":\"WebPage\",\"@id\":\"https:\/\/www.notibras.com\/site\/sao-paulo-e-termometro-do-pais-e-la-a-cesta-basica-fica-bem-acima-da-inflacao\/\",\"url\":\"https:\/\/www.notibras.com\/site\/sao-paulo-e-termometro-do-pais-e-la-a-cesta-basica-fica-bem-acima-da-inflacao\/\",\"name\":\"S\u00e3o Paulo \u00e9 term\u00f4metro do Pa\u00eds, e l\u00e1 a cesta b\u00e1sica, com 13,3%, fica acima da infla\u00e7\u00e3o - Notibras\",\"isPartOf\":{\"@id\":\"https:\/\/www.notibras.com\/site\/#website\"},\"primaryImageOfPage\":{\"@id\":\"https:\/\/www.notibras.com\/site\/sao-paulo-e-termometro-do-pais-e-la-a-cesta-basica-fica-bem-acima-da-inflacao\/#primaryimage\"},\"image\":{\"@id\":\"https:\/\/www.notibras.com\/site\/sao-paulo-e-termometro-do-pais-e-la-a-cesta-basica-fica-bem-acima-da-inflacao\/#primaryimage\"},\"thumbnailUrl\":\"https:\/\/www.notibras.com\/site\/wp-content\/uploads\/2016\/01\/cesta-basica.jpg\",\"datePublished\":\"2016-01-07T17:25:06+00:00\",\"dateModified\":\"2016-01-07T17:28:57+00:00\",\"breadcrumb\":{\"@id\":\"https:\/\/www.notibras.com\/site\/sao-paulo-e-termometro-do-pais-e-la-a-cesta-basica-fica-bem-acima-da-inflacao\/#breadcrumb\"},\"inLanguage\":\"pt-BR\",\"potentialAction\":[{\"@type\":\"ReadAction\",\"target\":[\"https:\/\/www.notibras.com\/site\/sao-paulo-e-termometro-do-pais-e-la-a-cesta-basica-fica-bem-acima-da-inflacao\/\"]}]},{\"@type\":\"ImageObject\",\"inLanguage\":\"pt-BR\",\"@id\":\"https:\/\/www.notibras.com\/site\/sao-paulo-e-termometro-do-pais-e-la-a-cesta-basica-fica-bem-acima-da-inflacao\/#primaryimage\",\"url\":\"https:\/\/www.notibras.com\/site\/wp-content\/uploads\/2016\/01\/cesta-basica.jpg\",\"contentUrl\":\"https:\/\/www.notibras.com\/site\/wp-content\/uploads\/2016\/01\/cesta-basica.jpg\",\"width\":688,\"height\":410},{\"@type\":\"BreadcrumbList\",\"@id\":\"https:\/\/www.notibras.com\/site\/sao-paulo-e-termometro-do-pais-e-la-a-cesta-basica-fica-bem-acima-da-inflacao\/#breadcrumb\",\"itemListElement\":[{\"@type\":\"ListItem\",\"position\":1,\"name\":\"In\u00edcio\",\"item\":\"https:\/\/www.notibras.com\/site\/\"},{\"@type\":\"ListItem\",\"position\":2,\"name\":\"S\u00e3o Paulo \u00e9 term\u00f4metro do Pa\u00eds, e l\u00e1 a cesta b\u00e1sica, com 13,3%, fica acima da infla\u00e7\u00e3o\"}]},{\"@type\":\"WebSite\",\"@id\":\"https:\/\/www.notibras.com\/site\/#website\",\"url\":\"https:\/\/www.notibras.com\/site\/\",\"name\":\"Notibras\",\"description\":\"Not\u00edcias de Bras\u00edlia, do Brasil e do Mundo\",\"publisher\":{\"@id\":\"https:\/\/www.notibras.com\/site\/#organization\"},\"potentialAction\":[{\"@type\":\"SearchAction\",\"target\":{\"@type\":\"EntryPoint\",\"urlTemplate\":\"https:\/\/www.notibras.com\/site\/?s={search_term_string}\"},\"query-input\":{\"@type\":\"PropertyValueSpecification\",\"valueRequired\":true,\"valueName\":\"search_term_string\"}}],\"inLanguage\":\"pt-BR\"},{\"@type\":\"Organization\",\"@id\":\"https:\/\/www.notibras.com\/site\/#organization\",\"name\":\"Grupo Notibras de Comunica\u00e7\u00e3o\",\"url\":\"https:\/\/www.notibras.com\/site\/\",\"logo\":{\"@type\":\"ImageObject\",\"inLanguage\":\"pt-BR\",\"@id\":\"https:\/\/www.notibras.com\/site\/#\/schema\/logo\/image\/\",\"url\":\"https:\/\/www.notibras.com\/site\/wp-content\/uploads\/2023\/01\/notibras23.png\",\"contentUrl\":\"https:\/\/www.notibras.com\/site\/wp-content\/uploads\/2023\/01\/notibras23.png\",\"width\":350,\"height\":87,\"caption\":\"Grupo Notibras de Comunica\u00e7\u00e3o\"},\"image\":{\"@id\":\"https:\/\/www.notibras.com\/site\/#\/schema\/logo\/image\/\"},\"sameAs\":[\"https:\/\/www.facebook.com\/notibras\/\",\"https:\/\/x.com\/Notibras\",\"https:\/\/www.instagram.com\/notibras\/\"]},{\"@type\":\"Person\",\"@id\":\"https:\/\/www.notibras.com\/site\/#\/schema\/person\/36ab0979449956132d3e5b517ea76ac8\",\"name\":\"Reda\u00e7\u00e3o\",\"image\":{\"@type\":\"ImageObject\",\"inLanguage\":\"pt-BR\",\"@id\":\"https:\/\/secure.gravatar.com\/avatar\/e0a867bdedb85fd243eadf09663511f96fc81e0720a4a42581f334ad4303aa6b?s=96&d=mm&r=g\",\"url\":\"https:\/\/secure.gravatar.com\/avatar\/e0a867bdedb85fd243eadf09663511f96fc81e0720a4a42581f334ad4303aa6b?s=96&d=mm&r=g\",\"contentUrl\":\"https:\/\/secure.gravatar.com\/avatar\/e0a867bdedb85fd243eadf09663511f96fc81e0720a4a42581f334ad4303aa6b?s=96&d=mm&r=g\",\"caption\":\"Reda\u00e7\u00e3o\"}}]}<\/script>\n<!-- \/ Yoast SEO plugin. -->","yoast_head_json":{"title":"S\u00e3o Paulo \u00e9 term\u00f4metro do Pa\u00eds, e l\u00e1 a cesta b\u00e1sica, com 13,3%, fica acima da infla\u00e7\u00e3o - Notibras","robots":{"index":"index","follow":"follow","max-snippet":"max-snippet:-1","max-image-preview":"max-image-preview:large","max-video-preview":"max-video-preview:-1"},"canonical":"https:\/\/www.notibras.com\/site\/sao-paulo-e-termometro-do-pais-e-la-a-cesta-basica-fica-bem-acima-da-inflacao\/","og_locale":"pt_BR","og_type":"article","og_title":"S\u00e3o Paulo \u00e9 term\u00f4metro do Pa\u00eds, e l\u00e1 a cesta b\u00e1sica, com 13,3%, fica acima da infla\u00e7\u00e3o - Notibras","og_description":"Maria Regina Silva A cesta b\u00e1sica na cidade de S\u00e3o Paulo ficou em m\u00e9dia 13,36% mais cara em 2015, de acordo com a Funda\u00e7\u00e3o Instituto de Pesquisas Econ\u00f4micas (Fipe). O aumento superou a infla\u00e7\u00e3o na capital paulista, que fechou o ano passado em 11,07% e \u00e9 medida pelo \u00cdndice de Pre\u00e7os ao Consumidor (IPC). Tamb\u00e9m [&hellip;]","og_url":"https:\/\/www.notibras.com\/site\/sao-paulo-e-termometro-do-pais-e-la-a-cesta-basica-fica-bem-acima-da-inflacao\/","og_site_name":"Notibras","article_publisher":"https:\/\/www.facebook.com\/notibras\/","article_published_time":"2016-01-07T17:25:06+00:00","article_modified_time":"2016-01-07T17:28:57+00:00","og_image":[{"width":688,"height":410,"url":"https:\/\/www.notibras.com\/site\/wp-content\/uploads\/2016\/01\/cesta-basica.jpg","type":"image\/jpeg"}],"author":"Reda\u00e7\u00e3o","twitter_card":"summary_large_image","twitter_creator":"@Notibras","twitter_site":"@Notibras","twitter_misc":{"Escrito por":"Reda\u00e7\u00e3o","Est. tempo de leitura":"2 minutos"},"schema":{"@context":"https:\/\/schema.org","@graph":[{"@type":"Article","@id":"https:\/\/www.notibras.com\/site\/sao-paulo-e-termometro-do-pais-e-la-a-cesta-basica-fica-bem-acima-da-inflacao\/#article","isPartOf":{"@id":"https:\/\/www.notibras.com\/site\/sao-paulo-e-termometro-do-pais-e-la-a-cesta-basica-fica-bem-acima-da-inflacao\/"},"author":{"name":"Reda\u00e7\u00e3o","@id":"https:\/\/www.notibras.com\/site\/#\/schema\/person\/36ab0979449956132d3e5b517ea76ac8"},"headline":"S\u00e3o Paulo \u00e9 term\u00f4metro do Pa\u00eds, e l\u00e1 a cesta b\u00e1sica, com 13,3%, fica acima da infla\u00e7\u00e3o","datePublished":"2016-01-07T17:25:06+00:00","dateModified":"2016-01-07T17:28:57+00:00","mainEntityOfPage":{"@id":"https:\/\/www.notibras.com\/site\/sao-paulo-e-termometro-do-pais-e-la-a-cesta-basica-fica-bem-acima-da-inflacao\/"},"wordCount":411,"commentCount":0,"publisher":{"@id":"https:\/\/www.notibras.com\/site\/#organization"},"image":{"@id":"https:\/\/www.notibras.com\/site\/sao-paulo-e-termometro-do-pais-e-la-a-cesta-basica-fica-bem-acima-da-inflacao\/#primaryimage"},"thumbnailUrl":"https:\/\/www.notibras.com\/site\/wp-content\/uploads\/2016\/01\/cesta-basica.jpg","articleSection":["Brasil"],"inLanguage":"pt-BR","potentialAction":[{"@type":"CommentAction","name":"Comment","target":["https:\/\/www.notibras.com\/site\/sao-paulo-e-termometro-do-pais-e-la-a-cesta-basica-fica-bem-acima-da-inflacao\/#respond"]}]},{"@type":"WebPage","@id":"https:\/\/www.notibras.com\/site\/sao-paulo-e-termometro-do-pais-e-la-a-cesta-basica-fica-bem-acima-da-inflacao\/","url":"https:\/\/www.notibras.com\/site\/sao-paulo-e-termometro-do-pais-e-la-a-cesta-basica-fica-bem-acima-da-inflacao\/","name":"S\u00e3o Paulo \u00e9 term\u00f4metro do Pa\u00eds, e l\u00e1 a cesta b\u00e1sica, com 13,3%, fica acima da infla\u00e7\u00e3o - Notibras","isPartOf":{"@id":"https:\/\/www.notibras.com\/site\/#website"},"primaryImageOfPage":{"@id":"https:\/\/www.notibras.com\/site\/sao-paulo-e-termometro-do-pais-e-la-a-cesta-basica-fica-bem-acima-da-inflacao\/#primaryimage"},"image":{"@id":"https:\/\/www.notibras.com\/site\/sao-paulo-e-termometro-do-pais-e-la-a-cesta-basica-fica-bem-acima-da-inflacao\/#primaryimage"},"thumbnailUrl":"https:\/\/www.notibras.com\/site\/wp-content\/uploads\/2016\/01\/cesta-basica.jpg","datePublished":"2016-01-07T17:25:06+00:00","dateModified":"2016-01-07T17:28:57+00:00","breadcrumb":{"@id":"https:\/\/www.notibras.com\/site\/sao-paulo-e-termometro-do-pais-e-la-a-cesta-basica-fica-bem-acima-da-inflacao\/#breadcrumb"},"inLanguage":"pt-BR","potentialAction":[{"@type":"ReadAction","target":["https:\/\/www.notibras.com\/site\/sao-paulo-e-termometro-do-pais-e-la-a-cesta-basica-fica-bem-acima-da-inflacao\/"]}]},{"@type":"ImageObject","inLanguage":"pt-BR","@id":"https:\/\/www.notibras.com\/site\/sao-paulo-e-termometro-do-pais-e-la-a-cesta-basica-fica-bem-acima-da-inflacao\/#primaryimage","url":"https:\/\/www.notibras.com\/site\/wp-content\/uploads\/2016\/01\/cesta-basica.jpg","contentUrl":"https:\/\/www.notibras.com\/site\/wp-content\/uploads\/2016\/01\/cesta-basica.jpg","width":688,"height":410},{"@type":"BreadcrumbList","@id":"https:\/\/www.notibras.com\/site\/sao-paulo-e-termometro-do-pais-e-la-a-cesta-basica-fica-bem-acima-da-inflacao\/#breadcrumb","itemListElement":[{"@type":"ListItem","position":1,"name":"In\u00edcio","item":"https:\/\/www.notibras.com\/site\/"},{"@type":"ListItem","position":2,"name":"S\u00e3o Paulo \u00e9 term\u00f4metro do Pa\u00eds, e l\u00e1 a cesta b\u00e1sica, com 13,3%, fica acima da infla\u00e7\u00e3o"}]},{"@type":"WebSite","@id":"https:\/\/www.notibras.com\/site\/#website","url":"https:\/\/www.notibras.com\/site\/","name":"Notibras","description":"Not\u00edcias de Bras\u00edlia, do Brasil e do Mundo","publisher":{"@id":"https:\/\/www.notibras.com\/site\/#organization"},"potentialAction":[{"@type":"SearchAction","target":{"@type":"EntryPoint","urlTemplate":"https:\/\/www.notibras.com\/site\/?s={search_term_string}"},"query-input":{"@type":"PropertyValueSpecification","valueRequired":true,"valueName":"search_term_string"}}],"inLanguage":"pt-BR"},{"@type":"Organization","@id":"https:\/\/www.notibras.com\/site\/#organization","name":"Grupo Notibras de Comunica\u00e7\u00e3o","url":"https:\/\/www.notibras.com\/site\/","logo":{"@type":"ImageObject","inLanguage":"pt-BR","@id":"https:\/\/www.notibras.com\/site\/#\/schema\/logo\/image\/","url":"https:\/\/www.notibras.com\/site\/wp-content\/uploads\/2023\/01\/notibras23.png","contentUrl":"https:\/\/www.notibras.com\/site\/wp-content\/uploads\/2023\/01\/notibras23.png","width":350,"height":87,"caption":"Grupo Notibras de Comunica\u00e7\u00e3o"},"image":{"@id":"https:\/\/www.notibras.com\/site\/#\/schema\/logo\/image\/"},"sameAs":["https:\/\/www.facebook.com\/notibras\/","https:\/\/x.com\/Notibras","https:\/\/www.instagram.com\/notibras\/"]},{"@type":"Person","@id":"https:\/\/www.notibras.com\/site\/#\/schema\/person\/36ab0979449956132d3e5b517ea76ac8","name":"Reda\u00e7\u00e3o","image":{"@type":"ImageObject","inLanguage":"pt-BR","@id":"https:\/\/secure.gravatar.com\/avatar\/e0a867bdedb85fd243eadf09663511f96fc81e0720a4a42581f334ad4303aa6b?s=96&d=mm&r=g","url":"https:\/\/secure.gravatar.com\/avatar\/e0a867bdedb85fd243eadf09663511f96fc81e0720a4a42581f334ad4303aa6b?s=96&d=mm&r=g","contentUrl":"https:\/\/secure.gravatar.com\/avatar\/e0a867bdedb85fd243eadf09663511f96fc81e0720a4a42581f334ad4303aa6b?s=96&d=mm&r=g","caption":"Reda\u00e7\u00e3o"}}]}},"amp_enabled":true,"_links":{"self":[{"href":"https:\/\/www.notibras.com\/site\/wp-json\/wp\/v2\/posts\/83600","targetHints":{"allow":["GET"]}}],"collection":[{"href":"https:\/\/www.notibras.com\/site\/wp-json\/wp\/v2\/posts"}],"about":[{"href":"https:\/\/www.notibras.com\/site\/wp-json\/wp\/v2\/types\/post"}],"author":[{"embeddable":true,"href":"https:\/\/www.notibras.com\/site\/wp-json\/wp\/v2\/users\/2"}],"replies":[{"embeddable":true,"href":"https:\/\/www.notibras.com\/site\/wp-json\/wp\/v2\/comments?post=83600"}],"version-history":[{"count":6,"href":"https:\/\/www.notibras.com\/site\/wp-json\/wp\/v2\/posts\/83600\/revisions"}],"predecessor-version":[{"id":83607,"href":"https:\/\/www.notibras.com\/site\/wp-json\/wp\/v2\/posts\/83600\/revisions\/83607"}],"wp:featuredmedia":[{"embeddable":true,"href":"https:\/\/www.notibras.com\/site\/wp-json\/wp\/v2\/media\/83601"}],"wp:attachment":[{"href":"https:\/\/www.notibras.com\/site\/wp-json\/wp\/v2\/media?parent=83600"}],"wp:term":[{"taxonomy":"category","embeddable":true,"href":"https:\/\/www.notibras.com\/site\/wp-json\/wp\/v2\/categories?post=83600"},{"taxonomy":"post_tag","embeddable":true,"href":"https:\/\/www.notibras.com\/site\/wp-json\/wp\/v2\/tags?post=83600"}],"curies":[{"name":"wp","href":"https:\/\/api.w.org\/{rel}","templated":true}]}}