{"id":83623,"date":"2016-01-07T17:05:10","date_gmt":"2016-01-07T19:05:10","guid":{"rendered":"http:\/\/www.notibras.com\/site\/?p=83623"},"modified":"2016-01-08T01:31:38","modified_gmt":"2016-01-08T03:31:38","slug":"brasileiro-sente-aperto-no-bolso-e-poupanca-tem-saque-recorde-em-toda-a-historia","status":"publish","type":"post","link":"https:\/\/www.notibras.com\/site\/brasileiro-sente-aperto-no-bolso-e-poupanca-tem-saque-recorde-em-toda-a-historia\/","title":{"rendered":"Brasileiro sente aperto no bolso e poupan\u00e7a tem saque recorde em toda a hist\u00f3ria"},"content":{"rendered":"<h6 class=\"Assina\"><strong>C\u00e9lia Froufe<\/strong><\/h6>\n<p>Pela primeira vez nos \u00faltimos 20 anos, o Brasil registrou uma perda de patrim\u00f4nio da caderneta de poupan\u00e7a. Mesmo contando com os rendimentos de R$ 47,430 bilh\u00f5es vistos em 2015, o saldo dessa aplica\u00e7\u00e3o ficou em R$ 656,590 bilh\u00f5es, um valor 0,93% menor do que o total de R$ 662,727 bilh\u00f5es registrados no acumulado de 2014.<\/p>\n<p>A diminui\u00e7\u00e3o foi pequena, mas \u00e9 in\u00e9dita. E se deu porque os saques superaram as aplica\u00e7\u00f5es em praticamente todos os meses do ano em 2015, com exce\u00e7\u00e3o de dezembro. O \u00faltimo m\u00eas do ano conta tradicionalmente com um &#8220;empurr\u00e3ozinho&#8221; do pagamento do 13\u00ba sal\u00e1rio, facilitando o aumento de dep\u00f3sitos.<\/p>\n<p>Durante 2015, especialistas atribu\u00edram a sangria da poupan\u00e7a \u00e0 redu\u00e7\u00e3o da renda dos trabalhadores e \u00e0 competi\u00e7\u00e3o com outros tipos de investimento, que foram mais impulsionados pela alta dos juros (Selic est\u00e1 em 14,25% ao ano) e do c\u00e2mbio (48,5% no ano passado)<\/p>\n<p>Desde 1995, quando o Banco Central come\u00e7ou a divulgar a s\u00e9rie conhecida at\u00e9 hoje, o volume de investimentos na poupan\u00e7a s\u00f3 aumentou ano a ano. Em 1995, finalizou em R$ 63,635 bilh\u00f5es e subiu para R$ 72,024 bilh\u00f5es no ano seguinte. Em 1998, bateu a marca de R$ 100 bilh\u00f5es pela primeira vez, ao encerrar em R$ 107,421 bilh\u00f5es.<\/p>\n<p>Em 2007 foi quando atingiu R$ 200 bilh\u00f5es (R$ 235,261 bilh\u00f5es). Em 2009, chegou a R$ 319,083 bilh\u00f5es e, em 2011, a R$ 420,008 bilh\u00f5es. Em 2013, quase alcan\u00e7ou R$ 600 bilh\u00f5es (R$ 597,943 bilh\u00f5es).<\/p>\n<p><img loading=\"lazy\" decoding=\"async\" class=\"alignnone size-full wp-image-70065\" src=\"http:\/\/www.notibras.com\/site\/wp-content\/uploads\/2015\/10\/estadao.png\" alt=\"estadao\" width=\"99\" height=\"16\" \/><\/p>\n","protected":false},"excerpt":{"rendered":"<p>C\u00e9lia Froufe Pela primeira vez nos \u00faltimos 20 anos, o Brasil registrou uma perda de patrim\u00f4nio da caderneta de poupan\u00e7a. Mesmo contando com os rendimentos de R$ 47,430 bilh\u00f5es vistos em 2015, o saldo dessa aplica\u00e7\u00e3o ficou em R$ 656,590 bilh\u00f5es, um valor 0,93% menor do que o total de R$ 662,727 bilh\u00f5es registrados no [&hellip;]<\/p>\n","protected":false},"author":2,"featured_media":83624,"comment_status":"open","ping_status":"closed","sticky":false,"template":"","format":"standard","meta":{"_acf_changed":false,"footnotes":""},"categories":[16],"tags":[],"class_list":["post-83623","post","type-post","status-publish","format-standard","has-post-thumbnail","hentry","category-brasil"],"acf":[],"yoast_head":"<!-- This site is optimized with the Yoast SEO plugin v27.2 - https:\/\/yoast.com\/product\/yoast-seo-wordpress\/ -->\n<title>Brasileiro sente aperto no bolso e poupan\u00e7a tem saque recorde em toda a hist\u00f3ria - Notibras<\/title>\n<meta name=\"robots\" content=\"index, follow, max-snippet:-1, max-image-preview:large, max-video-preview:-1\" \/>\n<link rel=\"canonical\" href=\"https:\/\/www.notibras.com\/site\/brasileiro-sente-aperto-no-bolso-e-poupanca-tem-saque-recorde-em-toda-a-historia\/\" \/>\n<meta property=\"og:locale\" content=\"pt_BR\" \/>\n<meta property=\"og:type\" content=\"article\" \/>\n<meta property=\"og:title\" content=\"Brasileiro sente aperto no bolso e poupan\u00e7a tem saque recorde em toda a hist\u00f3ria - Notibras\" \/>\n<meta property=\"og:description\" content=\"C\u00e9lia Froufe Pela primeira vez nos \u00faltimos 20 anos, o Brasil registrou uma perda de patrim\u00f4nio da caderneta de poupan\u00e7a. Mesmo contando com os rendimentos de R$ 47,430 bilh\u00f5es vistos em 2015, o saldo dessa aplica\u00e7\u00e3o ficou em R$ 656,590 bilh\u00f5es, um valor 0,93% menor do que o total de R$ 662,727 bilh\u00f5es registrados no [&hellip;]\" \/>\n<meta property=\"og:url\" content=\"https:\/\/www.notibras.com\/site\/brasileiro-sente-aperto-no-bolso-e-poupanca-tem-saque-recorde-em-toda-a-historia\/\" \/>\n<meta property=\"og:site_name\" content=\"Notibras\" \/>\n<meta property=\"article:publisher\" content=\"https:\/\/www.facebook.com\/notibras\/\" \/>\n<meta property=\"article:published_time\" content=\"2016-01-07T19:05:10+00:00\" \/>\n<meta property=\"article:modified_time\" content=\"2016-01-08T03:31:38+00:00\" \/>\n<meta property=\"og:image\" content=\"https:\/\/www.notibras.com\/site\/wp-content\/uploads\/2016\/01\/saque-liquido-da-poupanca-em-2-15-e-o-maior-em-2-anos.jpg\" \/>\n\t<meta property=\"og:image:width\" content=\"627\" \/>\n\t<meta property=\"og:image:height\" content=\"400\" \/>\n\t<meta property=\"og:image:type\" content=\"image\/jpeg\" \/>\n<meta name=\"author\" content=\"Reda\u00e7\u00e3o\" \/>\n<meta name=\"twitter:card\" content=\"summary_large_image\" \/>\n<meta name=\"twitter:creator\" content=\"@Notibras\" \/>\n<meta name=\"twitter:site\" content=\"@Notibras\" \/>\n<meta name=\"twitter:label1\" content=\"Escrito por\" \/>\n\t<meta name=\"twitter:data1\" content=\"Reda\u00e7\u00e3o\" \/>\n\t<meta name=\"twitter:label2\" content=\"Est. tempo de leitura\" \/>\n\t<meta name=\"twitter:data2\" content=\"1 minuto\" \/>\n<script type=\"application\/ld+json\" class=\"yoast-schema-graph\">{\"@context\":\"https:\/\/schema.org\",\"@graph\":[{\"@type\":\"Article\",\"@id\":\"https:\/\/www.notibras.com\/site\/brasileiro-sente-aperto-no-bolso-e-poupanca-tem-saque-recorde-em-toda-a-historia\/#article\",\"isPartOf\":{\"@id\":\"https:\/\/www.notibras.com\/site\/brasileiro-sente-aperto-no-bolso-e-poupanca-tem-saque-recorde-em-toda-a-historia\/\"},\"author\":{\"name\":\"Reda\u00e7\u00e3o\",\"@id\":\"https:\/\/www.notibras.com\/site\/#\/schema\/person\/36ab0979449956132d3e5b517ea76ac8\"},\"headline\":\"Brasileiro sente aperto no bolso e poupan\u00e7a tem saque recorde em toda a hist\u00f3ria\",\"datePublished\":\"2016-01-07T19:05:10+00:00\",\"dateModified\":\"2016-01-08T03:31:38+00:00\",\"mainEntityOfPage\":{\"@id\":\"https:\/\/www.notibras.com\/site\/brasileiro-sente-aperto-no-bolso-e-poupanca-tem-saque-recorde-em-toda-a-historia\/\"},\"wordCount\":262,\"commentCount\":0,\"publisher\":{\"@id\":\"https:\/\/www.notibras.com\/site\/#organization\"},\"image\":{\"@id\":\"https:\/\/www.notibras.com\/site\/brasileiro-sente-aperto-no-bolso-e-poupanca-tem-saque-recorde-em-toda-a-historia\/#primaryimage\"},\"thumbnailUrl\":\"https:\/\/www.notibras.com\/site\/wp-content\/uploads\/2016\/01\/saque-liquido-da-poupanca-em-2-15-e-o-maior-em-2-anos.jpg\",\"articleSection\":[\"Brasil\"],\"inLanguage\":\"pt-BR\",\"potentialAction\":[{\"@type\":\"CommentAction\",\"name\":\"Comment\",\"target\":[\"https:\/\/www.notibras.com\/site\/brasileiro-sente-aperto-no-bolso-e-poupanca-tem-saque-recorde-em-toda-a-historia\/#respond\"]}]},{\"@type\":\"WebPage\",\"@id\":\"https:\/\/www.notibras.com\/site\/brasileiro-sente-aperto-no-bolso-e-poupanca-tem-saque-recorde-em-toda-a-historia\/\",\"url\":\"https:\/\/www.notibras.com\/site\/brasileiro-sente-aperto-no-bolso-e-poupanca-tem-saque-recorde-em-toda-a-historia\/\",\"name\":\"Brasileiro sente aperto no bolso e poupan\u00e7a tem saque recorde em toda a hist\u00f3ria - Notibras\",\"isPartOf\":{\"@id\":\"https:\/\/www.notibras.com\/site\/#website\"},\"primaryImageOfPage\":{\"@id\":\"https:\/\/www.notibras.com\/site\/brasileiro-sente-aperto-no-bolso-e-poupanca-tem-saque-recorde-em-toda-a-historia\/#primaryimage\"},\"image\":{\"@id\":\"https:\/\/www.notibras.com\/site\/brasileiro-sente-aperto-no-bolso-e-poupanca-tem-saque-recorde-em-toda-a-historia\/#primaryimage\"},\"thumbnailUrl\":\"https:\/\/www.notibras.com\/site\/wp-content\/uploads\/2016\/01\/saque-liquido-da-poupanca-em-2-15-e-o-maior-em-2-anos.jpg\",\"datePublished\":\"2016-01-07T19:05:10+00:00\",\"dateModified\":\"2016-01-08T03:31:38+00:00\",\"breadcrumb\":{\"@id\":\"https:\/\/www.notibras.com\/site\/brasileiro-sente-aperto-no-bolso-e-poupanca-tem-saque-recorde-em-toda-a-historia\/#breadcrumb\"},\"inLanguage\":\"pt-BR\",\"potentialAction\":[{\"@type\":\"ReadAction\",\"target\":[\"https:\/\/www.notibras.com\/site\/brasileiro-sente-aperto-no-bolso-e-poupanca-tem-saque-recorde-em-toda-a-historia\/\"]}]},{\"@type\":\"ImageObject\",\"inLanguage\":\"pt-BR\",\"@id\":\"https:\/\/www.notibras.com\/site\/brasileiro-sente-aperto-no-bolso-e-poupanca-tem-saque-recorde-em-toda-a-historia\/#primaryimage\",\"url\":\"https:\/\/www.notibras.com\/site\/wp-content\/uploads\/2016\/01\/saque-liquido-da-poupanca-em-2-15-e-o-maior-em-2-anos.jpg\",\"contentUrl\":\"https:\/\/www.notibras.com\/site\/wp-content\/uploads\/2016\/01\/saque-liquido-da-poupanca-em-2-15-e-o-maior-em-2-anos.jpg\",\"width\":627,\"height\":400},{\"@type\":\"BreadcrumbList\",\"@id\":\"https:\/\/www.notibras.com\/site\/brasileiro-sente-aperto-no-bolso-e-poupanca-tem-saque-recorde-em-toda-a-historia\/#breadcrumb\",\"itemListElement\":[{\"@type\":\"ListItem\",\"position\":1,\"name\":\"In\u00edcio\",\"item\":\"https:\/\/www.notibras.com\/site\/\"},{\"@type\":\"ListItem\",\"position\":2,\"name\":\"Brasileiro sente aperto no bolso e poupan\u00e7a tem saque recorde em toda a hist\u00f3ria\"}]},{\"@type\":\"WebSite\",\"@id\":\"https:\/\/www.notibras.com\/site\/#website\",\"url\":\"https:\/\/www.notibras.com\/site\/\",\"name\":\"Notibras\",\"description\":\"Not\u00edcias de Bras\u00edlia, do Brasil e do Mundo\",\"publisher\":{\"@id\":\"https:\/\/www.notibras.com\/site\/#organization\"},\"potentialAction\":[{\"@type\":\"SearchAction\",\"target\":{\"@type\":\"EntryPoint\",\"urlTemplate\":\"https:\/\/www.notibras.com\/site\/?s={search_term_string}\"},\"query-input\":{\"@type\":\"PropertyValueSpecification\",\"valueRequired\":true,\"valueName\":\"search_term_string\"}}],\"inLanguage\":\"pt-BR\"},{\"@type\":\"Organization\",\"@id\":\"https:\/\/www.notibras.com\/site\/#organization\",\"name\":\"Grupo Notibras de Comunica\u00e7\u00e3o\",\"url\":\"https:\/\/www.notibras.com\/site\/\",\"logo\":{\"@type\":\"ImageObject\",\"inLanguage\":\"pt-BR\",\"@id\":\"https:\/\/www.notibras.com\/site\/#\/schema\/logo\/image\/\",\"url\":\"https:\/\/www.notibras.com\/site\/wp-content\/uploads\/2023\/01\/notibras23.png\",\"contentUrl\":\"https:\/\/www.notibras.com\/site\/wp-content\/uploads\/2023\/01\/notibras23.png\",\"width\":350,\"height\":87,\"caption\":\"Grupo Notibras de Comunica\u00e7\u00e3o\"},\"image\":{\"@id\":\"https:\/\/www.notibras.com\/site\/#\/schema\/logo\/image\/\"},\"sameAs\":[\"https:\/\/www.facebook.com\/notibras\/\",\"https:\/\/x.com\/Notibras\",\"https:\/\/www.instagram.com\/notibras\/\"]},{\"@type\":\"Person\",\"@id\":\"https:\/\/www.notibras.com\/site\/#\/schema\/person\/36ab0979449956132d3e5b517ea76ac8\",\"name\":\"Reda\u00e7\u00e3o\",\"image\":{\"@type\":\"ImageObject\",\"inLanguage\":\"pt-BR\",\"@id\":\"https:\/\/secure.gravatar.com\/avatar\/e0a867bdedb85fd243eadf09663511f96fc81e0720a4a42581f334ad4303aa6b?s=96&d=mm&r=g\",\"url\":\"https:\/\/secure.gravatar.com\/avatar\/e0a867bdedb85fd243eadf09663511f96fc81e0720a4a42581f334ad4303aa6b?s=96&d=mm&r=g\",\"contentUrl\":\"https:\/\/secure.gravatar.com\/avatar\/e0a867bdedb85fd243eadf09663511f96fc81e0720a4a42581f334ad4303aa6b?s=96&d=mm&r=g\",\"caption\":\"Reda\u00e7\u00e3o\"}}]}<\/script>\n<!-- \/ Yoast SEO plugin. -->","yoast_head_json":{"title":"Brasileiro sente aperto no bolso e poupan\u00e7a tem saque recorde em toda a hist\u00f3ria - Notibras","robots":{"index":"index","follow":"follow","max-snippet":"max-snippet:-1","max-image-preview":"max-image-preview:large","max-video-preview":"max-video-preview:-1"},"canonical":"https:\/\/www.notibras.com\/site\/brasileiro-sente-aperto-no-bolso-e-poupanca-tem-saque-recorde-em-toda-a-historia\/","og_locale":"pt_BR","og_type":"article","og_title":"Brasileiro sente aperto no bolso e poupan\u00e7a tem saque recorde em toda a hist\u00f3ria - Notibras","og_description":"C\u00e9lia Froufe Pela primeira vez nos \u00faltimos 20 anos, o Brasil registrou uma perda de patrim\u00f4nio da caderneta de poupan\u00e7a. Mesmo contando com os rendimentos de R$ 47,430 bilh\u00f5es vistos em 2015, o saldo dessa aplica\u00e7\u00e3o ficou em R$ 656,590 bilh\u00f5es, um valor 0,93% menor do que o total de R$ 662,727 bilh\u00f5es registrados no [&hellip;]","og_url":"https:\/\/www.notibras.com\/site\/brasileiro-sente-aperto-no-bolso-e-poupanca-tem-saque-recorde-em-toda-a-historia\/","og_site_name":"Notibras","article_publisher":"https:\/\/www.facebook.com\/notibras\/","article_published_time":"2016-01-07T19:05:10+00:00","article_modified_time":"2016-01-08T03:31:38+00:00","og_image":[{"width":627,"height":400,"url":"https:\/\/www.notibras.com\/site\/wp-content\/uploads\/2016\/01\/saque-liquido-da-poupanca-em-2-15-e-o-maior-em-2-anos.jpg","type":"image\/jpeg"}],"author":"Reda\u00e7\u00e3o","twitter_card":"summary_large_image","twitter_creator":"@Notibras","twitter_site":"@Notibras","twitter_misc":{"Escrito por":"Reda\u00e7\u00e3o","Est. tempo de leitura":"1 minuto"},"schema":{"@context":"https:\/\/schema.org","@graph":[{"@type":"Article","@id":"https:\/\/www.notibras.com\/site\/brasileiro-sente-aperto-no-bolso-e-poupanca-tem-saque-recorde-em-toda-a-historia\/#article","isPartOf":{"@id":"https:\/\/www.notibras.com\/site\/brasileiro-sente-aperto-no-bolso-e-poupanca-tem-saque-recorde-em-toda-a-historia\/"},"author":{"name":"Reda\u00e7\u00e3o","@id":"https:\/\/www.notibras.com\/site\/#\/schema\/person\/36ab0979449956132d3e5b517ea76ac8"},"headline":"Brasileiro sente aperto no bolso e poupan\u00e7a tem saque recorde em toda a hist\u00f3ria","datePublished":"2016-01-07T19:05:10+00:00","dateModified":"2016-01-08T03:31:38+00:00","mainEntityOfPage":{"@id":"https:\/\/www.notibras.com\/site\/brasileiro-sente-aperto-no-bolso-e-poupanca-tem-saque-recorde-em-toda-a-historia\/"},"wordCount":262,"commentCount":0,"publisher":{"@id":"https:\/\/www.notibras.com\/site\/#organization"},"image":{"@id":"https:\/\/www.notibras.com\/site\/brasileiro-sente-aperto-no-bolso-e-poupanca-tem-saque-recorde-em-toda-a-historia\/#primaryimage"},"thumbnailUrl":"https:\/\/www.notibras.com\/site\/wp-content\/uploads\/2016\/01\/saque-liquido-da-poupanca-em-2-15-e-o-maior-em-2-anos.jpg","articleSection":["Brasil"],"inLanguage":"pt-BR","potentialAction":[{"@type":"CommentAction","name":"Comment","target":["https:\/\/www.notibras.com\/site\/brasileiro-sente-aperto-no-bolso-e-poupanca-tem-saque-recorde-em-toda-a-historia\/#respond"]}]},{"@type":"WebPage","@id":"https:\/\/www.notibras.com\/site\/brasileiro-sente-aperto-no-bolso-e-poupanca-tem-saque-recorde-em-toda-a-historia\/","url":"https:\/\/www.notibras.com\/site\/brasileiro-sente-aperto-no-bolso-e-poupanca-tem-saque-recorde-em-toda-a-historia\/","name":"Brasileiro sente aperto no bolso e poupan\u00e7a tem saque recorde em toda a hist\u00f3ria - Notibras","isPartOf":{"@id":"https:\/\/www.notibras.com\/site\/#website"},"primaryImageOfPage":{"@id":"https:\/\/www.notibras.com\/site\/brasileiro-sente-aperto-no-bolso-e-poupanca-tem-saque-recorde-em-toda-a-historia\/#primaryimage"},"image":{"@id":"https:\/\/www.notibras.com\/site\/brasileiro-sente-aperto-no-bolso-e-poupanca-tem-saque-recorde-em-toda-a-historia\/#primaryimage"},"thumbnailUrl":"https:\/\/www.notibras.com\/site\/wp-content\/uploads\/2016\/01\/saque-liquido-da-poupanca-em-2-15-e-o-maior-em-2-anos.jpg","datePublished":"2016-01-07T19:05:10+00:00","dateModified":"2016-01-08T03:31:38+00:00","breadcrumb":{"@id":"https:\/\/www.notibras.com\/site\/brasileiro-sente-aperto-no-bolso-e-poupanca-tem-saque-recorde-em-toda-a-historia\/#breadcrumb"},"inLanguage":"pt-BR","potentialAction":[{"@type":"ReadAction","target":["https:\/\/www.notibras.com\/site\/brasileiro-sente-aperto-no-bolso-e-poupanca-tem-saque-recorde-em-toda-a-historia\/"]}]},{"@type":"ImageObject","inLanguage":"pt-BR","@id":"https:\/\/www.notibras.com\/site\/brasileiro-sente-aperto-no-bolso-e-poupanca-tem-saque-recorde-em-toda-a-historia\/#primaryimage","url":"https:\/\/www.notibras.com\/site\/wp-content\/uploads\/2016\/01\/saque-liquido-da-poupanca-em-2-15-e-o-maior-em-2-anos.jpg","contentUrl":"https:\/\/www.notibras.com\/site\/wp-content\/uploads\/2016\/01\/saque-liquido-da-poupanca-em-2-15-e-o-maior-em-2-anos.jpg","width":627,"height":400},{"@type":"BreadcrumbList","@id":"https:\/\/www.notibras.com\/site\/brasileiro-sente-aperto-no-bolso-e-poupanca-tem-saque-recorde-em-toda-a-historia\/#breadcrumb","itemListElement":[{"@type":"ListItem","position":1,"name":"In\u00edcio","item":"https:\/\/www.notibras.com\/site\/"},{"@type":"ListItem","position":2,"name":"Brasileiro sente aperto no bolso e poupan\u00e7a tem saque recorde em toda a hist\u00f3ria"}]},{"@type":"WebSite","@id":"https:\/\/www.notibras.com\/site\/#website","url":"https:\/\/www.notibras.com\/site\/","name":"Notibras","description":"Not\u00edcias de Bras\u00edlia, do Brasil e do Mundo","publisher":{"@id":"https:\/\/www.notibras.com\/site\/#organization"},"potentialAction":[{"@type":"SearchAction","target":{"@type":"EntryPoint","urlTemplate":"https:\/\/www.notibras.com\/site\/?s={search_term_string}"},"query-input":{"@type":"PropertyValueSpecification","valueRequired":true,"valueName":"search_term_string"}}],"inLanguage":"pt-BR"},{"@type":"Organization","@id":"https:\/\/www.notibras.com\/site\/#organization","name":"Grupo Notibras de Comunica\u00e7\u00e3o","url":"https:\/\/www.notibras.com\/site\/","logo":{"@type":"ImageObject","inLanguage":"pt-BR","@id":"https:\/\/www.notibras.com\/site\/#\/schema\/logo\/image\/","url":"https:\/\/www.notibras.com\/site\/wp-content\/uploads\/2023\/01\/notibras23.png","contentUrl":"https:\/\/www.notibras.com\/site\/wp-content\/uploads\/2023\/01\/notibras23.png","width":350,"height":87,"caption":"Grupo Notibras de Comunica\u00e7\u00e3o"},"image":{"@id":"https:\/\/www.notibras.com\/site\/#\/schema\/logo\/image\/"},"sameAs":["https:\/\/www.facebook.com\/notibras\/","https:\/\/x.com\/Notibras","https:\/\/www.instagram.com\/notibras\/"]},{"@type":"Person","@id":"https:\/\/www.notibras.com\/site\/#\/schema\/person\/36ab0979449956132d3e5b517ea76ac8","name":"Reda\u00e7\u00e3o","image":{"@type":"ImageObject","inLanguage":"pt-BR","@id":"https:\/\/secure.gravatar.com\/avatar\/e0a867bdedb85fd243eadf09663511f96fc81e0720a4a42581f334ad4303aa6b?s=96&d=mm&r=g","url":"https:\/\/secure.gravatar.com\/avatar\/e0a867bdedb85fd243eadf09663511f96fc81e0720a4a42581f334ad4303aa6b?s=96&d=mm&r=g","contentUrl":"https:\/\/secure.gravatar.com\/avatar\/e0a867bdedb85fd243eadf09663511f96fc81e0720a4a42581f334ad4303aa6b?s=96&d=mm&r=g","caption":"Reda\u00e7\u00e3o"}}]}},"amp_enabled":true,"_links":{"self":[{"href":"https:\/\/www.notibras.com\/site\/wp-json\/wp\/v2\/posts\/83623","targetHints":{"allow":["GET"]}}],"collection":[{"href":"https:\/\/www.notibras.com\/site\/wp-json\/wp\/v2\/posts"}],"about":[{"href":"https:\/\/www.notibras.com\/site\/wp-json\/wp\/v2\/types\/post"}],"author":[{"embeddable":true,"href":"https:\/\/www.notibras.com\/site\/wp-json\/wp\/v2\/users\/2"}],"replies":[{"embeddable":true,"href":"https:\/\/www.notibras.com\/site\/wp-json\/wp\/v2\/comments?post=83623"}],"version-history":[{"count":1,"href":"https:\/\/www.notibras.com\/site\/wp-json\/wp\/v2\/posts\/83623\/revisions"}],"predecessor-version":[{"id":83625,"href":"https:\/\/www.notibras.com\/site\/wp-json\/wp\/v2\/posts\/83623\/revisions\/83625"}],"wp:featuredmedia":[{"embeddable":true,"href":"https:\/\/www.notibras.com\/site\/wp-json\/wp\/v2\/media\/83624"}],"wp:attachment":[{"href":"https:\/\/www.notibras.com\/site\/wp-json\/wp\/v2\/media?parent=83623"}],"wp:term":[{"taxonomy":"category","embeddable":true,"href":"https:\/\/www.notibras.com\/site\/wp-json\/wp\/v2\/categories?post=83623"},{"taxonomy":"post_tag","embeddable":true,"href":"https:\/\/www.notibras.com\/site\/wp-json\/wp\/v2\/tags?post=83623"}],"curies":[{"name":"wp","href":"https:\/\/api.w.org\/{rel}","templated":true}]}}