{"id":83626,"date":"2016-01-07T16:09:25","date_gmt":"2016-01-07T18:09:25","guid":{"rendered":"http:\/\/www.notibras.com\/site\/?p=83626"},"modified":"2016-01-08T01:31:07","modified_gmt":"2016-01-08T03:31:07","slug":"piranhas-invadem-rio-no-interior-paulista-e-atacam-pes-pernas-e-maos-de-banhistas","status":"publish","type":"post","link":"https:\/\/www.notibras.com\/site\/piranhas-invadem-rio-no-interior-paulista-e-atacam-pes-pernas-e-maos-de-banhistas\/","title":{"rendered":"Piranhas invadem rio em S\u00e3o Paulo e atacam p\u00e9s, pernas e as m\u00e3os de oito banhistas"},"content":{"rendered":"<div id=\"Corpo\">\n<h6 class=\"Assina\"><strong>Jos\u00e9 Maria Tomazela<\/strong><\/h6>\n<p>Pelo menos oito pessoas ficaram feridas ap\u00f3s sofrer ataques de piranhas na Prainha Municipal de Populina, regi\u00e3o norte do Estado de S\u00e3o Paulo. Com ferimentos nos p\u00e9s, pernas e m\u00e3os, as v\u00edtimas foram atendidas na Santa Casa da cidade.<\/p>\n<p>Os casos, registrados entre o ano-novo e o \u00faltimo s\u00e1bado, 2, levaram a prefeitura a instalar placas advertindo os banhistas para o risco. A prainha fica no Rio Grande, na divisa entre os Estados de S\u00e3o Paulo e Minas Gerais.<\/p>\n<p>De acordo com a secret\u00e1ria municipal de Sa\u00fade, Rafaela Fernandes de Souza, o n\u00famero de v\u00edtimas pode ser maior. &#8220;Temos registro apenas dos casos que exigiram atendimento m\u00e9dico, em que a mordida do peixe tirou peda\u00e7o ou causou ferimento mais profundo &#8221;<\/p>\n<p>A cidade \u00e9 pequena, com 4,2 mil habitantes, mas, segundo a secret\u00e1ria, a prainha atrai turistas de toda a regi\u00e3o. A prefeitura instalou quiosques e estrutura para os visitantes. &#8220;N\u00e3o interditamos o local, pois ali moram pescadores que dependem do rio para sobreviver.&#8221;<\/p>\n<p>No ano passado, houve registro de ataques espor\u00e1dicos de piranhas em prainhas de Adolfo e Anhembi, cidades banhadas pelo Rio Tiet\u00ea.<\/p>\n<p>De acordo com o bi\u00f3logo Bruno Benhocci, especialista em peixes, o fen\u00f4meno pode estar relacionado \u00e0 estiagem dos \u00faltimos dois anos que reduziu a oferta de alimentos para a fauna aqu\u00e1tica. Banhistas que frequentam prainhas de \u00e1gua doce geralmente levam alimentos que, em muitos casos, v\u00e3o parar na \u00e1gua, atraindo os peixes.<\/p>\n<p>No ano passado, no auge da crise h\u00eddrica, ocorreram ataques de piranhas at\u00e9 a viveiros de til\u00e1pias na Represa de Jurumirim, no Rio Paranapanema. A esp\u00e9cie que est\u00e1 atacando \u00e9 conhecida como pirambeba, ou piranha-branca.<\/p>\n<p>Em anos anteriores, houve mordidas em s\u00e9rie no balne\u00e1rio municipal de Rancharia, no oeste paulista. A solu\u00e7\u00e3o encontrada pela prefeitura para amenizar o problema foi realizar campeonatos de pesca, premiando quem fisgasse o maior n\u00famero de piranhas.<\/p>\n<p><img loading=\"lazy\" decoding=\"async\" class=\"alignnone size-full wp-image-70065\" src=\"http:\/\/www.notibras.com\/site\/wp-content\/uploads\/2015\/10\/estadao.png\" alt=\"estadao\" width=\"99\" height=\"16\" \/><\/p>\n<\/div>\n","protected":false},"excerpt":{"rendered":"<p>Jos\u00e9 Maria Tomazela Pelo menos oito pessoas ficaram feridas ap\u00f3s sofrer ataques de piranhas na Prainha Municipal de Populina, regi\u00e3o norte do Estado de S\u00e3o Paulo. Com ferimentos nos p\u00e9s, pernas e m\u00e3os, as v\u00edtimas foram atendidas na Santa Casa da cidade. Os casos, registrados entre o ano-novo e o \u00faltimo s\u00e1bado, 2, levaram a [&hellip;]<\/p>\n","protected":false},"author":2,"featured_media":83627,"comment_status":"open","ping_status":"closed","sticky":false,"template":"","format":"standard","meta":{"_acf_changed":false,"footnotes":""},"categories":[16],"tags":[],"class_list":["post-83626","post","type-post","status-publish","format-standard","has-post-thumbnail","hentry","category-brasil"],"acf":[],"yoast_head":"<!-- This site is optimized with the Yoast SEO plugin v27.2 - https:\/\/yoast.com\/product\/yoast-seo-wordpress\/ -->\n<title>Piranhas invadem rio em S\u00e3o Paulo e atacam p\u00e9s, pernas e as m\u00e3os de oito banhistas - Notibras<\/title>\n<meta name=\"robots\" content=\"index, follow, max-snippet:-1, max-image-preview:large, max-video-preview:-1\" \/>\n<link rel=\"canonical\" href=\"https:\/\/www.notibras.com\/site\/piranhas-invadem-rio-no-interior-paulista-e-atacam-pes-pernas-e-maos-de-banhistas\/\" \/>\n<meta property=\"og:locale\" content=\"pt_BR\" \/>\n<meta property=\"og:type\" content=\"article\" \/>\n<meta property=\"og:title\" content=\"Piranhas invadem rio em S\u00e3o Paulo e atacam p\u00e9s, pernas e as m\u00e3os de oito banhistas - Notibras\" \/>\n<meta property=\"og:description\" content=\"Jos\u00e9 Maria Tomazela Pelo menos oito pessoas ficaram feridas ap\u00f3s sofrer ataques de piranhas na Prainha Municipal de Populina, regi\u00e3o norte do Estado de S\u00e3o Paulo. Com ferimentos nos p\u00e9s, pernas e m\u00e3os, as v\u00edtimas foram atendidas na Santa Casa da cidade. Os casos, registrados entre o ano-novo e o \u00faltimo s\u00e1bado, 2, levaram a [&hellip;]\" \/>\n<meta property=\"og:url\" content=\"https:\/\/www.notibras.com\/site\/piranhas-invadem-rio-no-interior-paulista-e-atacam-pes-pernas-e-maos-de-banhistas\/\" \/>\n<meta property=\"og:site_name\" content=\"Notibras\" \/>\n<meta property=\"article:publisher\" content=\"https:\/\/www.facebook.com\/notibras\/\" \/>\n<meta property=\"article:published_time\" content=\"2016-01-07T18:09:25+00:00\" \/>\n<meta property=\"article:modified_time\" content=\"2016-01-08T03:31:07+00:00\" \/>\n<meta property=\"og:image\" content=\"https:\/\/www.notibras.com\/site\/wp-content\/uploads\/2016\/01\/28133405144284.jpg\" \/>\n\t<meta property=\"og:image:width\" content=\"600\" \/>\n\t<meta property=\"og:image:height\" content=\"401\" \/>\n\t<meta property=\"og:image:type\" content=\"image\/jpeg\" \/>\n<meta name=\"author\" content=\"Reda\u00e7\u00e3o\" \/>\n<meta name=\"twitter:card\" content=\"summary_large_image\" \/>\n<meta name=\"twitter:creator\" content=\"@Notibras\" \/>\n<meta name=\"twitter:site\" content=\"@Notibras\" \/>\n<meta name=\"twitter:label1\" content=\"Escrito por\" \/>\n\t<meta name=\"twitter:data1\" content=\"Reda\u00e7\u00e3o\" \/>\n\t<meta name=\"twitter:label2\" content=\"Est. tempo de leitura\" \/>\n\t<meta name=\"twitter:data2\" content=\"2 minutos\" \/>\n<script type=\"application\/ld+json\" class=\"yoast-schema-graph\">{\"@context\":\"https:\/\/schema.org\",\"@graph\":[{\"@type\":\"Article\",\"@id\":\"https:\/\/www.notibras.com\/site\/piranhas-invadem-rio-no-interior-paulista-e-atacam-pes-pernas-e-maos-de-banhistas\/#article\",\"isPartOf\":{\"@id\":\"https:\/\/www.notibras.com\/site\/piranhas-invadem-rio-no-interior-paulista-e-atacam-pes-pernas-e-maos-de-banhistas\/\"},\"author\":{\"name\":\"Reda\u00e7\u00e3o\",\"@id\":\"https:\/\/www.notibras.com\/site\/#\/schema\/person\/36ab0979449956132d3e5b517ea76ac8\"},\"headline\":\"Piranhas invadem rio em S\u00e3o Paulo e atacam p\u00e9s, pernas e as m\u00e3os de oito banhistas\",\"datePublished\":\"2016-01-07T18:09:25+00:00\",\"dateModified\":\"2016-01-08T03:31:07+00:00\",\"mainEntityOfPage\":{\"@id\":\"https:\/\/www.notibras.com\/site\/piranhas-invadem-rio-no-interior-paulista-e-atacam-pes-pernas-e-maos-de-banhistas\/\"},\"wordCount\":354,\"commentCount\":0,\"publisher\":{\"@id\":\"https:\/\/www.notibras.com\/site\/#organization\"},\"image\":{\"@id\":\"https:\/\/www.notibras.com\/site\/piranhas-invadem-rio-no-interior-paulista-e-atacam-pes-pernas-e-maos-de-banhistas\/#primaryimage\"},\"thumbnailUrl\":\"https:\/\/www.notibras.com\/site\/wp-content\/uploads\/2016\/01\/28133405144284.jpg\",\"articleSection\":[\"Brasil\"],\"inLanguage\":\"pt-BR\",\"potentialAction\":[{\"@type\":\"CommentAction\",\"name\":\"Comment\",\"target\":[\"https:\/\/www.notibras.com\/site\/piranhas-invadem-rio-no-interior-paulista-e-atacam-pes-pernas-e-maos-de-banhistas\/#respond\"]}]},{\"@type\":\"WebPage\",\"@id\":\"https:\/\/www.notibras.com\/site\/piranhas-invadem-rio-no-interior-paulista-e-atacam-pes-pernas-e-maos-de-banhistas\/\",\"url\":\"https:\/\/www.notibras.com\/site\/piranhas-invadem-rio-no-interior-paulista-e-atacam-pes-pernas-e-maos-de-banhistas\/\",\"name\":\"Piranhas invadem rio em S\u00e3o Paulo e atacam p\u00e9s, pernas e as m\u00e3os de oito banhistas - Notibras\",\"isPartOf\":{\"@id\":\"https:\/\/www.notibras.com\/site\/#website\"},\"primaryImageOfPage\":{\"@id\":\"https:\/\/www.notibras.com\/site\/piranhas-invadem-rio-no-interior-paulista-e-atacam-pes-pernas-e-maos-de-banhistas\/#primaryimage\"},\"image\":{\"@id\":\"https:\/\/www.notibras.com\/site\/piranhas-invadem-rio-no-interior-paulista-e-atacam-pes-pernas-e-maos-de-banhistas\/#primaryimage\"},\"thumbnailUrl\":\"https:\/\/www.notibras.com\/site\/wp-content\/uploads\/2016\/01\/28133405144284.jpg\",\"datePublished\":\"2016-01-07T18:09:25+00:00\",\"dateModified\":\"2016-01-08T03:31:07+00:00\",\"breadcrumb\":{\"@id\":\"https:\/\/www.notibras.com\/site\/piranhas-invadem-rio-no-interior-paulista-e-atacam-pes-pernas-e-maos-de-banhistas\/#breadcrumb\"},\"inLanguage\":\"pt-BR\",\"potentialAction\":[{\"@type\":\"ReadAction\",\"target\":[\"https:\/\/www.notibras.com\/site\/piranhas-invadem-rio-no-interior-paulista-e-atacam-pes-pernas-e-maos-de-banhistas\/\"]}]},{\"@type\":\"ImageObject\",\"inLanguage\":\"pt-BR\",\"@id\":\"https:\/\/www.notibras.com\/site\/piranhas-invadem-rio-no-interior-paulista-e-atacam-pes-pernas-e-maos-de-banhistas\/#primaryimage\",\"url\":\"https:\/\/www.notibras.com\/site\/wp-content\/uploads\/2016\/01\/28133405144284.jpg\",\"contentUrl\":\"https:\/\/www.notibras.com\/site\/wp-content\/uploads\/2016\/01\/28133405144284.jpg\",\"width\":600,\"height\":401},{\"@type\":\"BreadcrumbList\",\"@id\":\"https:\/\/www.notibras.com\/site\/piranhas-invadem-rio-no-interior-paulista-e-atacam-pes-pernas-e-maos-de-banhistas\/#breadcrumb\",\"itemListElement\":[{\"@type\":\"ListItem\",\"position\":1,\"name\":\"In\u00edcio\",\"item\":\"https:\/\/www.notibras.com\/site\/\"},{\"@type\":\"ListItem\",\"position\":2,\"name\":\"Piranhas invadem rio em S\u00e3o Paulo e atacam p\u00e9s, pernas e as m\u00e3os de oito banhistas\"}]},{\"@type\":\"WebSite\",\"@id\":\"https:\/\/www.notibras.com\/site\/#website\",\"url\":\"https:\/\/www.notibras.com\/site\/\",\"name\":\"Notibras\",\"description\":\"Not\u00edcias de Bras\u00edlia, do Brasil e do Mundo\",\"publisher\":{\"@id\":\"https:\/\/www.notibras.com\/site\/#organization\"},\"potentialAction\":[{\"@type\":\"SearchAction\",\"target\":{\"@type\":\"EntryPoint\",\"urlTemplate\":\"https:\/\/www.notibras.com\/site\/?s={search_term_string}\"},\"query-input\":{\"@type\":\"PropertyValueSpecification\",\"valueRequired\":true,\"valueName\":\"search_term_string\"}}],\"inLanguage\":\"pt-BR\"},{\"@type\":\"Organization\",\"@id\":\"https:\/\/www.notibras.com\/site\/#organization\",\"name\":\"Grupo Notibras de Comunica\u00e7\u00e3o\",\"url\":\"https:\/\/www.notibras.com\/site\/\",\"logo\":{\"@type\":\"ImageObject\",\"inLanguage\":\"pt-BR\",\"@id\":\"https:\/\/www.notibras.com\/site\/#\/schema\/logo\/image\/\",\"url\":\"https:\/\/www.notibras.com\/site\/wp-content\/uploads\/2023\/01\/notibras23.png\",\"contentUrl\":\"https:\/\/www.notibras.com\/site\/wp-content\/uploads\/2023\/01\/notibras23.png\",\"width\":350,\"height\":87,\"caption\":\"Grupo Notibras de Comunica\u00e7\u00e3o\"},\"image\":{\"@id\":\"https:\/\/www.notibras.com\/site\/#\/schema\/logo\/image\/\"},\"sameAs\":[\"https:\/\/www.facebook.com\/notibras\/\",\"https:\/\/x.com\/Notibras\",\"https:\/\/www.instagram.com\/notibras\/\"]},{\"@type\":\"Person\",\"@id\":\"https:\/\/www.notibras.com\/site\/#\/schema\/person\/36ab0979449956132d3e5b517ea76ac8\",\"name\":\"Reda\u00e7\u00e3o\",\"image\":{\"@type\":\"ImageObject\",\"inLanguage\":\"pt-BR\",\"@id\":\"https:\/\/secure.gravatar.com\/avatar\/e0a867bdedb85fd243eadf09663511f96fc81e0720a4a42581f334ad4303aa6b?s=96&d=mm&r=g\",\"url\":\"https:\/\/secure.gravatar.com\/avatar\/e0a867bdedb85fd243eadf09663511f96fc81e0720a4a42581f334ad4303aa6b?s=96&d=mm&r=g\",\"contentUrl\":\"https:\/\/secure.gravatar.com\/avatar\/e0a867bdedb85fd243eadf09663511f96fc81e0720a4a42581f334ad4303aa6b?s=96&d=mm&r=g\",\"caption\":\"Reda\u00e7\u00e3o\"}}]}<\/script>\n<!-- \/ Yoast SEO plugin. -->","yoast_head_json":{"title":"Piranhas invadem rio em S\u00e3o Paulo e atacam p\u00e9s, pernas e as m\u00e3os de oito banhistas - Notibras","robots":{"index":"index","follow":"follow","max-snippet":"max-snippet:-1","max-image-preview":"max-image-preview:large","max-video-preview":"max-video-preview:-1"},"canonical":"https:\/\/www.notibras.com\/site\/piranhas-invadem-rio-no-interior-paulista-e-atacam-pes-pernas-e-maos-de-banhistas\/","og_locale":"pt_BR","og_type":"article","og_title":"Piranhas invadem rio em S\u00e3o Paulo e atacam p\u00e9s, pernas e as m\u00e3os de oito banhistas - Notibras","og_description":"Jos\u00e9 Maria Tomazela Pelo menos oito pessoas ficaram feridas ap\u00f3s sofrer ataques de piranhas na Prainha Municipal de Populina, regi\u00e3o norte do Estado de S\u00e3o Paulo. Com ferimentos nos p\u00e9s, pernas e m\u00e3os, as v\u00edtimas foram atendidas na Santa Casa da cidade. Os casos, registrados entre o ano-novo e o \u00faltimo s\u00e1bado, 2, levaram a [&hellip;]","og_url":"https:\/\/www.notibras.com\/site\/piranhas-invadem-rio-no-interior-paulista-e-atacam-pes-pernas-e-maos-de-banhistas\/","og_site_name":"Notibras","article_publisher":"https:\/\/www.facebook.com\/notibras\/","article_published_time":"2016-01-07T18:09:25+00:00","article_modified_time":"2016-01-08T03:31:07+00:00","og_image":[{"width":600,"height":401,"url":"https:\/\/www.notibras.com\/site\/wp-content\/uploads\/2016\/01\/28133405144284.jpg","type":"image\/jpeg"}],"author":"Reda\u00e7\u00e3o","twitter_card":"summary_large_image","twitter_creator":"@Notibras","twitter_site":"@Notibras","twitter_misc":{"Escrito por":"Reda\u00e7\u00e3o","Est. tempo de leitura":"2 minutos"},"schema":{"@context":"https:\/\/schema.org","@graph":[{"@type":"Article","@id":"https:\/\/www.notibras.com\/site\/piranhas-invadem-rio-no-interior-paulista-e-atacam-pes-pernas-e-maos-de-banhistas\/#article","isPartOf":{"@id":"https:\/\/www.notibras.com\/site\/piranhas-invadem-rio-no-interior-paulista-e-atacam-pes-pernas-e-maos-de-banhistas\/"},"author":{"name":"Reda\u00e7\u00e3o","@id":"https:\/\/www.notibras.com\/site\/#\/schema\/person\/36ab0979449956132d3e5b517ea76ac8"},"headline":"Piranhas invadem rio em S\u00e3o Paulo e atacam p\u00e9s, pernas e as m\u00e3os de oito banhistas","datePublished":"2016-01-07T18:09:25+00:00","dateModified":"2016-01-08T03:31:07+00:00","mainEntityOfPage":{"@id":"https:\/\/www.notibras.com\/site\/piranhas-invadem-rio-no-interior-paulista-e-atacam-pes-pernas-e-maos-de-banhistas\/"},"wordCount":354,"commentCount":0,"publisher":{"@id":"https:\/\/www.notibras.com\/site\/#organization"},"image":{"@id":"https:\/\/www.notibras.com\/site\/piranhas-invadem-rio-no-interior-paulista-e-atacam-pes-pernas-e-maos-de-banhistas\/#primaryimage"},"thumbnailUrl":"https:\/\/www.notibras.com\/site\/wp-content\/uploads\/2016\/01\/28133405144284.jpg","articleSection":["Brasil"],"inLanguage":"pt-BR","potentialAction":[{"@type":"CommentAction","name":"Comment","target":["https:\/\/www.notibras.com\/site\/piranhas-invadem-rio-no-interior-paulista-e-atacam-pes-pernas-e-maos-de-banhistas\/#respond"]}]},{"@type":"WebPage","@id":"https:\/\/www.notibras.com\/site\/piranhas-invadem-rio-no-interior-paulista-e-atacam-pes-pernas-e-maos-de-banhistas\/","url":"https:\/\/www.notibras.com\/site\/piranhas-invadem-rio-no-interior-paulista-e-atacam-pes-pernas-e-maos-de-banhistas\/","name":"Piranhas invadem rio em S\u00e3o Paulo e atacam p\u00e9s, pernas e as m\u00e3os de oito banhistas - Notibras","isPartOf":{"@id":"https:\/\/www.notibras.com\/site\/#website"},"primaryImageOfPage":{"@id":"https:\/\/www.notibras.com\/site\/piranhas-invadem-rio-no-interior-paulista-e-atacam-pes-pernas-e-maos-de-banhistas\/#primaryimage"},"image":{"@id":"https:\/\/www.notibras.com\/site\/piranhas-invadem-rio-no-interior-paulista-e-atacam-pes-pernas-e-maos-de-banhistas\/#primaryimage"},"thumbnailUrl":"https:\/\/www.notibras.com\/site\/wp-content\/uploads\/2016\/01\/28133405144284.jpg","datePublished":"2016-01-07T18:09:25+00:00","dateModified":"2016-01-08T03:31:07+00:00","breadcrumb":{"@id":"https:\/\/www.notibras.com\/site\/piranhas-invadem-rio-no-interior-paulista-e-atacam-pes-pernas-e-maos-de-banhistas\/#breadcrumb"},"inLanguage":"pt-BR","potentialAction":[{"@type":"ReadAction","target":["https:\/\/www.notibras.com\/site\/piranhas-invadem-rio-no-interior-paulista-e-atacam-pes-pernas-e-maos-de-banhistas\/"]}]},{"@type":"ImageObject","inLanguage":"pt-BR","@id":"https:\/\/www.notibras.com\/site\/piranhas-invadem-rio-no-interior-paulista-e-atacam-pes-pernas-e-maos-de-banhistas\/#primaryimage","url":"https:\/\/www.notibras.com\/site\/wp-content\/uploads\/2016\/01\/28133405144284.jpg","contentUrl":"https:\/\/www.notibras.com\/site\/wp-content\/uploads\/2016\/01\/28133405144284.jpg","width":600,"height":401},{"@type":"BreadcrumbList","@id":"https:\/\/www.notibras.com\/site\/piranhas-invadem-rio-no-interior-paulista-e-atacam-pes-pernas-e-maos-de-banhistas\/#breadcrumb","itemListElement":[{"@type":"ListItem","position":1,"name":"In\u00edcio","item":"https:\/\/www.notibras.com\/site\/"},{"@type":"ListItem","position":2,"name":"Piranhas invadem rio em S\u00e3o Paulo e atacam p\u00e9s, pernas e as m\u00e3os de oito banhistas"}]},{"@type":"WebSite","@id":"https:\/\/www.notibras.com\/site\/#website","url":"https:\/\/www.notibras.com\/site\/","name":"Notibras","description":"Not\u00edcias de Bras\u00edlia, do Brasil e do Mundo","publisher":{"@id":"https:\/\/www.notibras.com\/site\/#organization"},"potentialAction":[{"@type":"SearchAction","target":{"@type":"EntryPoint","urlTemplate":"https:\/\/www.notibras.com\/site\/?s={search_term_string}"},"query-input":{"@type":"PropertyValueSpecification","valueRequired":true,"valueName":"search_term_string"}}],"inLanguage":"pt-BR"},{"@type":"Organization","@id":"https:\/\/www.notibras.com\/site\/#organization","name":"Grupo Notibras de Comunica\u00e7\u00e3o","url":"https:\/\/www.notibras.com\/site\/","logo":{"@type":"ImageObject","inLanguage":"pt-BR","@id":"https:\/\/www.notibras.com\/site\/#\/schema\/logo\/image\/","url":"https:\/\/www.notibras.com\/site\/wp-content\/uploads\/2023\/01\/notibras23.png","contentUrl":"https:\/\/www.notibras.com\/site\/wp-content\/uploads\/2023\/01\/notibras23.png","width":350,"height":87,"caption":"Grupo Notibras de Comunica\u00e7\u00e3o"},"image":{"@id":"https:\/\/www.notibras.com\/site\/#\/schema\/logo\/image\/"},"sameAs":["https:\/\/www.facebook.com\/notibras\/","https:\/\/x.com\/Notibras","https:\/\/www.instagram.com\/notibras\/"]},{"@type":"Person","@id":"https:\/\/www.notibras.com\/site\/#\/schema\/person\/36ab0979449956132d3e5b517ea76ac8","name":"Reda\u00e7\u00e3o","image":{"@type":"ImageObject","inLanguage":"pt-BR","@id":"https:\/\/secure.gravatar.com\/avatar\/e0a867bdedb85fd243eadf09663511f96fc81e0720a4a42581f334ad4303aa6b?s=96&d=mm&r=g","url":"https:\/\/secure.gravatar.com\/avatar\/e0a867bdedb85fd243eadf09663511f96fc81e0720a4a42581f334ad4303aa6b?s=96&d=mm&r=g","contentUrl":"https:\/\/secure.gravatar.com\/avatar\/e0a867bdedb85fd243eadf09663511f96fc81e0720a4a42581f334ad4303aa6b?s=96&d=mm&r=g","caption":"Reda\u00e7\u00e3o"}}]}},"amp_enabled":true,"_links":{"self":[{"href":"https:\/\/www.notibras.com\/site\/wp-json\/wp\/v2\/posts\/83626","targetHints":{"allow":["GET"]}}],"collection":[{"href":"https:\/\/www.notibras.com\/site\/wp-json\/wp\/v2\/posts"}],"about":[{"href":"https:\/\/www.notibras.com\/site\/wp-json\/wp\/v2\/types\/post"}],"author":[{"embeddable":true,"href":"https:\/\/www.notibras.com\/site\/wp-json\/wp\/v2\/users\/2"}],"replies":[{"embeddable":true,"href":"https:\/\/www.notibras.com\/site\/wp-json\/wp\/v2\/comments?post=83626"}],"version-history":[{"count":4,"href":"https:\/\/www.notibras.com\/site\/wp-json\/wp\/v2\/posts\/83626\/revisions"}],"predecessor-version":[{"id":83631,"href":"https:\/\/www.notibras.com\/site\/wp-json\/wp\/v2\/posts\/83626\/revisions\/83631"}],"wp:featuredmedia":[{"embeddable":true,"href":"https:\/\/www.notibras.com\/site\/wp-json\/wp\/v2\/media\/83627"}],"wp:attachment":[{"href":"https:\/\/www.notibras.com\/site\/wp-json\/wp\/v2\/media?parent=83626"}],"wp:term":[{"taxonomy":"category","embeddable":true,"href":"https:\/\/www.notibras.com\/site\/wp-json\/wp\/v2\/categories?post=83626"},{"taxonomy":"post_tag","embeddable":true,"href":"https:\/\/www.notibras.com\/site\/wp-json\/wp\/v2\/tags?post=83626"}],"curies":[{"name":"wp","href":"https:\/\/api.w.org\/{rel}","templated":true}]}}