{"id":83730,"date":"2016-01-08T10:56:38","date_gmt":"2016-01-08T12:56:38","guid":{"rendered":"http:\/\/www.notibras.com\/site\/?p=83730"},"modified":"2016-01-08T11:25:47","modified_gmt":"2016-01-08T13:25:47","slug":"bc-decreta-liquidacao-do-azteca-e-descarta-contaminacao-do-mercado","status":"publish","type":"post","link":"https:\/\/www.notibras.com\/site\/bc-decreta-liquidacao-do-azteca-e-descarta-contaminacao-do-mercado\/","title":{"rendered":"BC decreta liquida\u00e7\u00e3o do Azteca e nega risco de crise para contaminar o mercado"},"content":{"rendered":"<h6 class=\"Assina\"><strong>C\u00e9lia Froufe<\/strong><\/h6>\n<p>O Banco Central decretou nesta sexta-feira, 8, por meio do ato do presidente 1.319, a liquida\u00e7\u00e3o extrajudicial do Banco Azteca. A medida, de acordo com o documento, considerou o comprometimento da situa\u00e7\u00e3o econ\u00f4mico-financeira, a exist\u00eancia de graves viola\u00e7\u00f5es \u00e0s normas legais e regulamentares que disciplinam a atividade da institui\u00e7\u00e3o e a ocorr\u00eancia de preju\u00edzos, sujeitando os credores quirograf\u00e1rios a &#8220;risco anormal&#8221;.<\/p>\n<p>O ato do presidente tamb\u00e9m nomeou Jos\u00e9 Augusto Monteiro Neto como liquidante do caso e a data da medida em 9 de novembro de 2015. Em nota, o BC explicou que o banco, que tem sede em Recife, \u00e9 uma institui\u00e7\u00e3o de pequeno porte autorizada a operar carteiras comercial e de cr\u00e9dito, financiamento e investimento.<\/p>\n<p>De acordo com informa\u00e7\u00f5es do regulador, a institui\u00e7\u00e3o possui apenas uma ag\u00eancia e det\u00e9m 0,0005% dos ativos do Sistema Financeiro Nacional (SFN) e 0,0009% dos dep\u00f3sitos.<\/p>\n<p>Ao apresentar esses dados, o BC sinaliza que o risco de contamina\u00e7\u00e3o ao SFN \u00e9 baixo. A institui\u00e7\u00e3o informou tamb\u00e9m que cerca de 68% do total dos dep\u00f3sitos do Banco Azteca do Brasil contam com garantia do Fundo Garantidor de Cr\u00e9ditos (FGC).<\/p>\n<p>&#8220;O Banco Central est\u00e1 tomando todas as medidas cab\u00edveis para apurar as responsabilidades, nos termos de suas compet\u00eancias legais de supervis\u00e3o do sistema financeiro&#8221;, trouxe o documento.<\/p>\n<p><img loading=\"lazy\" decoding=\"async\" class=\"alignnone size-full wp-image-70065\" src=\"http:\/\/www.notibras.com\/site\/wp-content\/uploads\/2015\/10\/estadao.png\" alt=\"estadao\" width=\"99\" height=\"16\" \/><\/p>\n","protected":false},"excerpt":{"rendered":"<p>C\u00e9lia Froufe O Banco Central decretou nesta sexta-feira, 8, por meio do ato do presidente 1.319, a liquida\u00e7\u00e3o extrajudicial do Banco Azteca. A medida, de acordo com o documento, considerou o comprometimento da situa\u00e7\u00e3o econ\u00f4mico-financeira, a exist\u00eancia de graves viola\u00e7\u00f5es \u00e0s normas legais e regulamentares que disciplinam a atividade da institui\u00e7\u00e3o e a ocorr\u00eancia de [&hellip;]<\/p>\n","protected":false},"author":2,"featured_media":83731,"comment_status":"open","ping_status":"closed","sticky":false,"template":"","format":"standard","meta":{"_acf_changed":false,"footnotes":""},"categories":[16],"tags":[],"class_list":["post-83730","post","type-post","status-publish","format-standard","has-post-thumbnail","hentry","category-brasil"],"acf":[],"yoast_head":"<!-- This site is optimized with the Yoast SEO plugin v27.2 - https:\/\/yoast.com\/product\/yoast-seo-wordpress\/ -->\n<title>BC decreta liquida\u00e7\u00e3o do Azteca e nega risco de crise para contaminar o mercado - Notibras<\/title>\n<meta name=\"robots\" content=\"index, follow, max-snippet:-1, max-image-preview:large, max-video-preview:-1\" \/>\n<link rel=\"canonical\" href=\"https:\/\/www.notibras.com\/site\/bc-decreta-liquidacao-do-azteca-e-descarta-contaminacao-do-mercado\/\" \/>\n<meta property=\"og:locale\" content=\"pt_BR\" \/>\n<meta property=\"og:type\" content=\"article\" \/>\n<meta property=\"og:title\" content=\"BC decreta liquida\u00e7\u00e3o do Azteca e nega risco de crise para contaminar o mercado - Notibras\" \/>\n<meta property=\"og:description\" content=\"C\u00e9lia Froufe O Banco Central decretou nesta sexta-feira, 8, por meio do ato do presidente 1.319, a liquida\u00e7\u00e3o extrajudicial do Banco Azteca. A medida, de acordo com o documento, considerou o comprometimento da situa\u00e7\u00e3o econ\u00f4mico-financeira, a exist\u00eancia de graves viola\u00e7\u00f5es \u00e0s normas legais e regulamentares que disciplinam a atividade da institui\u00e7\u00e3o e a ocorr\u00eancia de [&hellip;]\" \/>\n<meta property=\"og:url\" content=\"https:\/\/www.notibras.com\/site\/bc-decreta-liquidacao-do-azteca-e-descarta-contaminacao-do-mercado\/\" \/>\n<meta property=\"og:site_name\" content=\"Notibras\" \/>\n<meta property=\"article:publisher\" content=\"https:\/\/www.facebook.com\/notibras\/\" \/>\n<meta property=\"article:published_time\" content=\"2016-01-08T12:56:38+00:00\" \/>\n<meta property=\"article:modified_time\" content=\"2016-01-08T13:25:47+00:00\" \/>\n<meta property=\"og:image\" content=\"https:\/\/www.notibras.com\/site\/wp-content\/uploads\/2016\/01\/az..jpeg\" \/>\n\t<meta property=\"og:image:width\" content=\"600\" \/>\n\t<meta property=\"og:image:height\" content=\"400\" \/>\n\t<meta property=\"og:image:type\" content=\"image\/jpeg\" \/>\n<meta name=\"author\" content=\"Reda\u00e7\u00e3o\" \/>\n<meta name=\"twitter:card\" content=\"summary_large_image\" \/>\n<meta name=\"twitter:creator\" content=\"@Notibras\" \/>\n<meta name=\"twitter:site\" content=\"@Notibras\" \/>\n<meta name=\"twitter:label1\" content=\"Escrito por\" \/>\n\t<meta name=\"twitter:data1\" content=\"Reda\u00e7\u00e3o\" \/>\n\t<meta name=\"twitter:label2\" content=\"Est. tempo de leitura\" \/>\n\t<meta name=\"twitter:data2\" content=\"1 minuto\" \/>\n<script type=\"application\/ld+json\" class=\"yoast-schema-graph\">{\"@context\":\"https:\/\/schema.org\",\"@graph\":[{\"@type\":\"Article\",\"@id\":\"https:\/\/www.notibras.com\/site\/bc-decreta-liquidacao-do-azteca-e-descarta-contaminacao-do-mercado\/#article\",\"isPartOf\":{\"@id\":\"https:\/\/www.notibras.com\/site\/bc-decreta-liquidacao-do-azteca-e-descarta-contaminacao-do-mercado\/\"},\"author\":{\"name\":\"Reda\u00e7\u00e3o\",\"@id\":\"https:\/\/www.notibras.com\/site\/#\/schema\/person\/36ab0979449956132d3e5b517ea76ac8\"},\"headline\":\"BC decreta liquida\u00e7\u00e3o do Azteca e nega risco de crise para contaminar o mercado\",\"datePublished\":\"2016-01-08T12:56:38+00:00\",\"dateModified\":\"2016-01-08T13:25:47+00:00\",\"mainEntityOfPage\":{\"@id\":\"https:\/\/www.notibras.com\/site\/bc-decreta-liquidacao-do-azteca-e-descarta-contaminacao-do-mercado\/\"},\"wordCount\":245,\"commentCount\":0,\"publisher\":{\"@id\":\"https:\/\/www.notibras.com\/site\/#organization\"},\"image\":{\"@id\":\"https:\/\/www.notibras.com\/site\/bc-decreta-liquidacao-do-azteca-e-descarta-contaminacao-do-mercado\/#primaryimage\"},\"thumbnailUrl\":\"https:\/\/www.notibras.com\/site\/wp-content\/uploads\/2016\/01\/az..jpeg\",\"articleSection\":[\"Brasil\"],\"inLanguage\":\"pt-BR\",\"potentialAction\":[{\"@type\":\"CommentAction\",\"name\":\"Comment\",\"target\":[\"https:\/\/www.notibras.com\/site\/bc-decreta-liquidacao-do-azteca-e-descarta-contaminacao-do-mercado\/#respond\"]}]},{\"@type\":\"WebPage\",\"@id\":\"https:\/\/www.notibras.com\/site\/bc-decreta-liquidacao-do-azteca-e-descarta-contaminacao-do-mercado\/\",\"url\":\"https:\/\/www.notibras.com\/site\/bc-decreta-liquidacao-do-azteca-e-descarta-contaminacao-do-mercado\/\",\"name\":\"BC decreta liquida\u00e7\u00e3o do Azteca e nega risco de crise para contaminar o mercado - Notibras\",\"isPartOf\":{\"@id\":\"https:\/\/www.notibras.com\/site\/#website\"},\"primaryImageOfPage\":{\"@id\":\"https:\/\/www.notibras.com\/site\/bc-decreta-liquidacao-do-azteca-e-descarta-contaminacao-do-mercado\/#primaryimage\"},\"image\":{\"@id\":\"https:\/\/www.notibras.com\/site\/bc-decreta-liquidacao-do-azteca-e-descarta-contaminacao-do-mercado\/#primaryimage\"},\"thumbnailUrl\":\"https:\/\/www.notibras.com\/site\/wp-content\/uploads\/2016\/01\/az..jpeg\",\"datePublished\":\"2016-01-08T12:56:38+00:00\",\"dateModified\":\"2016-01-08T13:25:47+00:00\",\"breadcrumb\":{\"@id\":\"https:\/\/www.notibras.com\/site\/bc-decreta-liquidacao-do-azteca-e-descarta-contaminacao-do-mercado\/#breadcrumb\"},\"inLanguage\":\"pt-BR\",\"potentialAction\":[{\"@type\":\"ReadAction\",\"target\":[\"https:\/\/www.notibras.com\/site\/bc-decreta-liquidacao-do-azteca-e-descarta-contaminacao-do-mercado\/\"]}]},{\"@type\":\"ImageObject\",\"inLanguage\":\"pt-BR\",\"@id\":\"https:\/\/www.notibras.com\/site\/bc-decreta-liquidacao-do-azteca-e-descarta-contaminacao-do-mercado\/#primaryimage\",\"url\":\"https:\/\/www.notibras.com\/site\/wp-content\/uploads\/2016\/01\/az..jpeg\",\"contentUrl\":\"https:\/\/www.notibras.com\/site\/wp-content\/uploads\/2016\/01\/az..jpeg\",\"width\":600,\"height\":400},{\"@type\":\"BreadcrumbList\",\"@id\":\"https:\/\/www.notibras.com\/site\/bc-decreta-liquidacao-do-azteca-e-descarta-contaminacao-do-mercado\/#breadcrumb\",\"itemListElement\":[{\"@type\":\"ListItem\",\"position\":1,\"name\":\"In\u00edcio\",\"item\":\"https:\/\/www.notibras.com\/site\/\"},{\"@type\":\"ListItem\",\"position\":2,\"name\":\"BC decreta liquida\u00e7\u00e3o do Azteca e nega risco de crise para contaminar o mercado\"}]},{\"@type\":\"WebSite\",\"@id\":\"https:\/\/www.notibras.com\/site\/#website\",\"url\":\"https:\/\/www.notibras.com\/site\/\",\"name\":\"Notibras\",\"description\":\"Not\u00edcias de Bras\u00edlia, do Brasil e do Mundo\",\"publisher\":{\"@id\":\"https:\/\/www.notibras.com\/site\/#organization\"},\"potentialAction\":[{\"@type\":\"SearchAction\",\"target\":{\"@type\":\"EntryPoint\",\"urlTemplate\":\"https:\/\/www.notibras.com\/site\/?s={search_term_string}\"},\"query-input\":{\"@type\":\"PropertyValueSpecification\",\"valueRequired\":true,\"valueName\":\"search_term_string\"}}],\"inLanguage\":\"pt-BR\"},{\"@type\":\"Organization\",\"@id\":\"https:\/\/www.notibras.com\/site\/#organization\",\"name\":\"Grupo Notibras de Comunica\u00e7\u00e3o\",\"url\":\"https:\/\/www.notibras.com\/site\/\",\"logo\":{\"@type\":\"ImageObject\",\"inLanguage\":\"pt-BR\",\"@id\":\"https:\/\/www.notibras.com\/site\/#\/schema\/logo\/image\/\",\"url\":\"https:\/\/www.notibras.com\/site\/wp-content\/uploads\/2023\/01\/notibras23.png\",\"contentUrl\":\"https:\/\/www.notibras.com\/site\/wp-content\/uploads\/2023\/01\/notibras23.png\",\"width\":350,\"height\":87,\"caption\":\"Grupo Notibras de Comunica\u00e7\u00e3o\"},\"image\":{\"@id\":\"https:\/\/www.notibras.com\/site\/#\/schema\/logo\/image\/\"},\"sameAs\":[\"https:\/\/www.facebook.com\/notibras\/\",\"https:\/\/x.com\/Notibras\",\"https:\/\/www.instagram.com\/notibras\/\"]},{\"@type\":\"Person\",\"@id\":\"https:\/\/www.notibras.com\/site\/#\/schema\/person\/36ab0979449956132d3e5b517ea76ac8\",\"name\":\"Reda\u00e7\u00e3o\",\"image\":{\"@type\":\"ImageObject\",\"inLanguage\":\"pt-BR\",\"@id\":\"https:\/\/secure.gravatar.com\/avatar\/e0a867bdedb85fd243eadf09663511f96fc81e0720a4a42581f334ad4303aa6b?s=96&d=mm&r=g\",\"url\":\"https:\/\/secure.gravatar.com\/avatar\/e0a867bdedb85fd243eadf09663511f96fc81e0720a4a42581f334ad4303aa6b?s=96&d=mm&r=g\",\"contentUrl\":\"https:\/\/secure.gravatar.com\/avatar\/e0a867bdedb85fd243eadf09663511f96fc81e0720a4a42581f334ad4303aa6b?s=96&d=mm&r=g\",\"caption\":\"Reda\u00e7\u00e3o\"}}]}<\/script>\n<!-- \/ Yoast SEO plugin. -->","yoast_head_json":{"title":"BC decreta liquida\u00e7\u00e3o do Azteca e nega risco de crise para contaminar o mercado - Notibras","robots":{"index":"index","follow":"follow","max-snippet":"max-snippet:-1","max-image-preview":"max-image-preview:large","max-video-preview":"max-video-preview:-1"},"canonical":"https:\/\/www.notibras.com\/site\/bc-decreta-liquidacao-do-azteca-e-descarta-contaminacao-do-mercado\/","og_locale":"pt_BR","og_type":"article","og_title":"BC decreta liquida\u00e7\u00e3o do Azteca e nega risco de crise para contaminar o mercado - Notibras","og_description":"C\u00e9lia Froufe O Banco Central decretou nesta sexta-feira, 8, por meio do ato do presidente 1.319, a liquida\u00e7\u00e3o extrajudicial do Banco Azteca. A medida, de acordo com o documento, considerou o comprometimento da situa\u00e7\u00e3o econ\u00f4mico-financeira, a exist\u00eancia de graves viola\u00e7\u00f5es \u00e0s normas legais e regulamentares que disciplinam a atividade da institui\u00e7\u00e3o e a ocorr\u00eancia de [&hellip;]","og_url":"https:\/\/www.notibras.com\/site\/bc-decreta-liquidacao-do-azteca-e-descarta-contaminacao-do-mercado\/","og_site_name":"Notibras","article_publisher":"https:\/\/www.facebook.com\/notibras\/","article_published_time":"2016-01-08T12:56:38+00:00","article_modified_time":"2016-01-08T13:25:47+00:00","og_image":[{"width":600,"height":400,"url":"https:\/\/www.notibras.com\/site\/wp-content\/uploads\/2016\/01\/az..jpeg","type":"image\/jpeg"}],"author":"Reda\u00e7\u00e3o","twitter_card":"summary_large_image","twitter_creator":"@Notibras","twitter_site":"@Notibras","twitter_misc":{"Escrito por":"Reda\u00e7\u00e3o","Est. tempo de leitura":"1 minuto"},"schema":{"@context":"https:\/\/schema.org","@graph":[{"@type":"Article","@id":"https:\/\/www.notibras.com\/site\/bc-decreta-liquidacao-do-azteca-e-descarta-contaminacao-do-mercado\/#article","isPartOf":{"@id":"https:\/\/www.notibras.com\/site\/bc-decreta-liquidacao-do-azteca-e-descarta-contaminacao-do-mercado\/"},"author":{"name":"Reda\u00e7\u00e3o","@id":"https:\/\/www.notibras.com\/site\/#\/schema\/person\/36ab0979449956132d3e5b517ea76ac8"},"headline":"BC decreta liquida\u00e7\u00e3o do Azteca e nega risco de crise para contaminar o mercado","datePublished":"2016-01-08T12:56:38+00:00","dateModified":"2016-01-08T13:25:47+00:00","mainEntityOfPage":{"@id":"https:\/\/www.notibras.com\/site\/bc-decreta-liquidacao-do-azteca-e-descarta-contaminacao-do-mercado\/"},"wordCount":245,"commentCount":0,"publisher":{"@id":"https:\/\/www.notibras.com\/site\/#organization"},"image":{"@id":"https:\/\/www.notibras.com\/site\/bc-decreta-liquidacao-do-azteca-e-descarta-contaminacao-do-mercado\/#primaryimage"},"thumbnailUrl":"https:\/\/www.notibras.com\/site\/wp-content\/uploads\/2016\/01\/az..jpeg","articleSection":["Brasil"],"inLanguage":"pt-BR","potentialAction":[{"@type":"CommentAction","name":"Comment","target":["https:\/\/www.notibras.com\/site\/bc-decreta-liquidacao-do-azteca-e-descarta-contaminacao-do-mercado\/#respond"]}]},{"@type":"WebPage","@id":"https:\/\/www.notibras.com\/site\/bc-decreta-liquidacao-do-azteca-e-descarta-contaminacao-do-mercado\/","url":"https:\/\/www.notibras.com\/site\/bc-decreta-liquidacao-do-azteca-e-descarta-contaminacao-do-mercado\/","name":"BC decreta liquida\u00e7\u00e3o do Azteca e nega risco de crise para contaminar o mercado - Notibras","isPartOf":{"@id":"https:\/\/www.notibras.com\/site\/#website"},"primaryImageOfPage":{"@id":"https:\/\/www.notibras.com\/site\/bc-decreta-liquidacao-do-azteca-e-descarta-contaminacao-do-mercado\/#primaryimage"},"image":{"@id":"https:\/\/www.notibras.com\/site\/bc-decreta-liquidacao-do-azteca-e-descarta-contaminacao-do-mercado\/#primaryimage"},"thumbnailUrl":"https:\/\/www.notibras.com\/site\/wp-content\/uploads\/2016\/01\/az..jpeg","datePublished":"2016-01-08T12:56:38+00:00","dateModified":"2016-01-08T13:25:47+00:00","breadcrumb":{"@id":"https:\/\/www.notibras.com\/site\/bc-decreta-liquidacao-do-azteca-e-descarta-contaminacao-do-mercado\/#breadcrumb"},"inLanguage":"pt-BR","potentialAction":[{"@type":"ReadAction","target":["https:\/\/www.notibras.com\/site\/bc-decreta-liquidacao-do-azteca-e-descarta-contaminacao-do-mercado\/"]}]},{"@type":"ImageObject","inLanguage":"pt-BR","@id":"https:\/\/www.notibras.com\/site\/bc-decreta-liquidacao-do-azteca-e-descarta-contaminacao-do-mercado\/#primaryimage","url":"https:\/\/www.notibras.com\/site\/wp-content\/uploads\/2016\/01\/az..jpeg","contentUrl":"https:\/\/www.notibras.com\/site\/wp-content\/uploads\/2016\/01\/az..jpeg","width":600,"height":400},{"@type":"BreadcrumbList","@id":"https:\/\/www.notibras.com\/site\/bc-decreta-liquidacao-do-azteca-e-descarta-contaminacao-do-mercado\/#breadcrumb","itemListElement":[{"@type":"ListItem","position":1,"name":"In\u00edcio","item":"https:\/\/www.notibras.com\/site\/"},{"@type":"ListItem","position":2,"name":"BC decreta liquida\u00e7\u00e3o do Azteca e nega risco de crise para contaminar o mercado"}]},{"@type":"WebSite","@id":"https:\/\/www.notibras.com\/site\/#website","url":"https:\/\/www.notibras.com\/site\/","name":"Notibras","description":"Not\u00edcias de Bras\u00edlia, do Brasil e do Mundo","publisher":{"@id":"https:\/\/www.notibras.com\/site\/#organization"},"potentialAction":[{"@type":"SearchAction","target":{"@type":"EntryPoint","urlTemplate":"https:\/\/www.notibras.com\/site\/?s={search_term_string}"},"query-input":{"@type":"PropertyValueSpecification","valueRequired":true,"valueName":"search_term_string"}}],"inLanguage":"pt-BR"},{"@type":"Organization","@id":"https:\/\/www.notibras.com\/site\/#organization","name":"Grupo Notibras de Comunica\u00e7\u00e3o","url":"https:\/\/www.notibras.com\/site\/","logo":{"@type":"ImageObject","inLanguage":"pt-BR","@id":"https:\/\/www.notibras.com\/site\/#\/schema\/logo\/image\/","url":"https:\/\/www.notibras.com\/site\/wp-content\/uploads\/2023\/01\/notibras23.png","contentUrl":"https:\/\/www.notibras.com\/site\/wp-content\/uploads\/2023\/01\/notibras23.png","width":350,"height":87,"caption":"Grupo Notibras de Comunica\u00e7\u00e3o"},"image":{"@id":"https:\/\/www.notibras.com\/site\/#\/schema\/logo\/image\/"},"sameAs":["https:\/\/www.facebook.com\/notibras\/","https:\/\/x.com\/Notibras","https:\/\/www.instagram.com\/notibras\/"]},{"@type":"Person","@id":"https:\/\/www.notibras.com\/site\/#\/schema\/person\/36ab0979449956132d3e5b517ea76ac8","name":"Reda\u00e7\u00e3o","image":{"@type":"ImageObject","inLanguage":"pt-BR","@id":"https:\/\/secure.gravatar.com\/avatar\/e0a867bdedb85fd243eadf09663511f96fc81e0720a4a42581f334ad4303aa6b?s=96&d=mm&r=g","url":"https:\/\/secure.gravatar.com\/avatar\/e0a867bdedb85fd243eadf09663511f96fc81e0720a4a42581f334ad4303aa6b?s=96&d=mm&r=g","contentUrl":"https:\/\/secure.gravatar.com\/avatar\/e0a867bdedb85fd243eadf09663511f96fc81e0720a4a42581f334ad4303aa6b?s=96&d=mm&r=g","caption":"Reda\u00e7\u00e3o"}}]}},"amp_enabled":true,"_links":{"self":[{"href":"https:\/\/www.notibras.com\/site\/wp-json\/wp\/v2\/posts\/83730","targetHints":{"allow":["GET"]}}],"collection":[{"href":"https:\/\/www.notibras.com\/site\/wp-json\/wp\/v2\/posts"}],"about":[{"href":"https:\/\/www.notibras.com\/site\/wp-json\/wp\/v2\/types\/post"}],"author":[{"embeddable":true,"href":"https:\/\/www.notibras.com\/site\/wp-json\/wp\/v2\/users\/2"}],"replies":[{"embeddable":true,"href":"https:\/\/www.notibras.com\/site\/wp-json\/wp\/v2\/comments?post=83730"}],"version-history":[{"count":4,"href":"https:\/\/www.notibras.com\/site\/wp-json\/wp\/v2\/posts\/83730\/revisions"}],"predecessor-version":[{"id":83747,"href":"https:\/\/www.notibras.com\/site\/wp-json\/wp\/v2\/posts\/83730\/revisions\/83747"}],"wp:featuredmedia":[{"embeddable":true,"href":"https:\/\/www.notibras.com\/site\/wp-json\/wp\/v2\/media\/83731"}],"wp:attachment":[{"href":"https:\/\/www.notibras.com\/site\/wp-json\/wp\/v2\/media?parent=83730"}],"wp:term":[{"taxonomy":"category","embeddable":true,"href":"https:\/\/www.notibras.com\/site\/wp-json\/wp\/v2\/categories?post=83730"},{"taxonomy":"post_tag","embeddable":true,"href":"https:\/\/www.notibras.com\/site\/wp-json\/wp\/v2\/tags?post=83730"}],"curies":[{"name":"wp","href":"https:\/\/api.w.org\/{rel}","templated":true}]}}