{"id":84151,"date":"2016-01-11T17:07:01","date_gmt":"2016-01-11T19:07:01","guid":{"rendered":"http:\/\/www.notibras.com\/site\/?p=84151"},"modified":"2016-01-11T17:07:01","modified_gmt":"2016-01-11T19:07:01","slug":"selecao-da-fifa-com-os-melhores-do-mundo-tem-neymar-e-mais-tres-brasileiros","status":"publish","type":"post","link":"https:\/\/www.notibras.com\/site\/selecao-da-fifa-com-os-melhores-do-mundo-tem-neymar-e-mais-tres-brasileiros\/","title":{"rendered":"Sele\u00e7\u00e3o da Fifa com os melhores do mundo tem Neymar e mais tr\u00eas brasileiros"},"content":{"rendered":"<p>Em sua festa de gala realizada nesta segunda-feira, em Zurique, a Fifa anunciou a sele\u00e7\u00e3o do ano de 2015. Como era de se esperar, a equipe ideal tinha Neymar e os outros dois finalistas do pr\u00eamio Bola de Ouro, Cristiano Ronaldo e Messi. Mas outros tr\u00eas brasileiros figuraram na parte defensiva: o zagueiro Thiago Silva e os laterais Daniel Alves e Marcelo.<\/p>\n<p>O Pa\u00eds dominou a equipe ideal, apesar do momento ruim vivido pela sele\u00e7\u00e3o brasileira em 2015, com a queda precoce na Copa Am\u00e9rica. S\u00e3o quatro atletas do Brasil, contra dois espanh\u00f3is, um argentino, um portugu\u00eas, um franc\u00eas e um croata.<\/p>\n<p>Um destes nomes, Neymar viveu seu melhor ano na Europa at\u00e9 o momento, estabelecido como um dos grandes jogadores do futebol mundial. Mas foi Thiago Silva quem se manteve como membro brasileiro mais regular desta sele\u00e7\u00e3o, j\u00e1 que foi confirmado na equipe ideal da Fifa pela terceira vez consecutiva.<\/p>\n<p>A nomea\u00e7\u00e3o de Marcelo e Daniel Alves apenas confirmou a hegemonia de seus clubes, Real Madrid e Barcelona, respectivamente. Oito dos 11 indicados da sele\u00e7\u00e3o da Fifa s\u00e3o dos rivais espanh\u00f3is. Pelo Real, Marcelo, Sergio Ramos, Modric e Cristiano Ronaldo. Pelo Bar\u00e7a, Daniel Alves, Iniesta, Neymar e Messi.<\/p>\n<p>Considerado um dos melhores times do mundo, dividindo o posto talvez justamente com Barcelona e Real, o Bayern de Munique foi representado apenas por um nome, o goleiro Neuer, considerado um dos grandes de sua posi\u00e7\u00e3o nos \u00faltimos anos. Thiago Silva, do Paris Saint-Germain, e Paul Pogba, da Juventus, completam a equipe.<\/p>\n","protected":false},"excerpt":{"rendered":"<p>Em sua festa de gala realizada nesta segunda-feira, em Zurique, a Fifa anunciou a sele\u00e7\u00e3o do ano de 2015. Como era de se esperar, a equipe ideal tinha Neymar e os outros dois finalistas do pr\u00eamio Bola de Ouro, Cristiano Ronaldo e Messi. Mas outros tr\u00eas brasileiros figuraram na parte defensiva: o zagueiro Thiago Silva [&hellip;]<\/p>\n","protected":false},"author":2,"featured_media":84152,"comment_status":"open","ping_status":"closed","sticky":false,"template":"","format":"standard","meta":{"_acf_changed":false,"footnotes":""},"categories":[19],"tags":[],"class_list":["post-84151","post","type-post","status-publish","format-standard","has-post-thumbnail","hentry","category-esportes"],"acf":[],"yoast_head":"<!-- This site is optimized with the Yoast SEO plugin v27.2 - https:\/\/yoast.com\/product\/yoast-seo-wordpress\/ -->\n<title>Sele\u00e7\u00e3o da Fifa com os melhores do mundo tem Neymar e mais tr\u00eas brasileiros - Notibras<\/title>\n<meta name=\"robots\" content=\"index, follow, max-snippet:-1, max-image-preview:large, max-video-preview:-1\" \/>\n<link rel=\"canonical\" href=\"https:\/\/www.notibras.com\/site\/selecao-da-fifa-com-os-melhores-do-mundo-tem-neymar-e-mais-tres-brasileiros\/\" \/>\n<meta property=\"og:locale\" content=\"pt_BR\" \/>\n<meta property=\"og:type\" content=\"article\" \/>\n<meta property=\"og:title\" content=\"Sele\u00e7\u00e3o da Fifa com os melhores do mundo tem Neymar e mais tr\u00eas brasileiros - Notibras\" \/>\n<meta property=\"og:description\" content=\"Em sua festa de gala realizada nesta segunda-feira, em Zurique, a Fifa anunciou a sele\u00e7\u00e3o do ano de 2015. Como era de se esperar, a equipe ideal tinha Neymar e os outros dois finalistas do pr\u00eamio Bola de Ouro, Cristiano Ronaldo e Messi. Mas outros tr\u00eas brasileiros figuraram na parte defensiva: o zagueiro Thiago Silva [&hellip;]\" \/>\n<meta property=\"og:url\" content=\"https:\/\/www.notibras.com\/site\/selecao-da-fifa-com-os-melhores-do-mundo-tem-neymar-e-mais-tres-brasileiros\/\" \/>\n<meta property=\"og:site_name\" content=\"Notibras\" \/>\n<meta property=\"article:publisher\" content=\"https:\/\/www.facebook.com\/notibras\/\" \/>\n<meta property=\"article:published_time\" content=\"2016-01-11T19:07:01+00:00\" \/>\n<meta property=\"og:image\" content=\"https:\/\/www.notibras.com\/site\/wp-content\/uploads\/2016\/01\/neymar-sevilla-barcelona-la-liga-03102015_e08qzjyn8kx110utzcdrkwe0b.jpg\" \/>\n\t<meta property=\"og:image:width\" content=\"620\" \/>\n\t<meta property=\"og:image:height\" content=\"430\" \/>\n\t<meta property=\"og:image:type\" content=\"image\/jpeg\" \/>\n<meta name=\"author\" content=\"Reda\u00e7\u00e3o\" \/>\n<meta name=\"twitter:card\" content=\"summary_large_image\" \/>\n<meta name=\"twitter:creator\" content=\"@Notibras\" \/>\n<meta name=\"twitter:site\" content=\"@Notibras\" \/>\n<meta name=\"twitter:label1\" content=\"Escrito por\" \/>\n\t<meta name=\"twitter:data1\" content=\"Reda\u00e7\u00e3o\" \/>\n\t<meta name=\"twitter:label2\" content=\"Est. tempo de leitura\" \/>\n\t<meta name=\"twitter:data2\" content=\"1 minuto\" \/>\n<script type=\"application\/ld+json\" class=\"yoast-schema-graph\">{\"@context\":\"https:\/\/schema.org\",\"@graph\":[{\"@type\":\"Article\",\"@id\":\"https:\/\/www.notibras.com\/site\/selecao-da-fifa-com-os-melhores-do-mundo-tem-neymar-e-mais-tres-brasileiros\/#article\",\"isPartOf\":{\"@id\":\"https:\/\/www.notibras.com\/site\/selecao-da-fifa-com-os-melhores-do-mundo-tem-neymar-e-mais-tres-brasileiros\/\"},\"author\":{\"name\":\"Reda\u00e7\u00e3o\",\"@id\":\"https:\/\/www.notibras.com\/site\/#\/schema\/person\/36ab0979449956132d3e5b517ea76ac8\"},\"headline\":\"Sele\u00e7\u00e3o da Fifa com os melhores do mundo tem Neymar e mais tr\u00eas brasileiros\",\"datePublished\":\"2016-01-11T19:07:01+00:00\",\"mainEntityOfPage\":{\"@id\":\"https:\/\/www.notibras.com\/site\/selecao-da-fifa-com-os-melhores-do-mundo-tem-neymar-e-mais-tres-brasileiros\/\"},\"wordCount\":281,\"commentCount\":0,\"publisher\":{\"@id\":\"https:\/\/www.notibras.com\/site\/#organization\"},\"image\":{\"@id\":\"https:\/\/www.notibras.com\/site\/selecao-da-fifa-com-os-melhores-do-mundo-tem-neymar-e-mais-tres-brasileiros\/#primaryimage\"},\"thumbnailUrl\":\"https:\/\/www.notibras.com\/site\/wp-content\/uploads\/2016\/01\/neymar-sevilla-barcelona-la-liga-03102015_e08qzjyn8kx110utzcdrkwe0b.jpg\",\"articleSection\":[\"Esportes\"],\"inLanguage\":\"pt-BR\",\"potentialAction\":[{\"@type\":\"CommentAction\",\"name\":\"Comment\",\"target\":[\"https:\/\/www.notibras.com\/site\/selecao-da-fifa-com-os-melhores-do-mundo-tem-neymar-e-mais-tres-brasileiros\/#respond\"]}]},{\"@type\":\"WebPage\",\"@id\":\"https:\/\/www.notibras.com\/site\/selecao-da-fifa-com-os-melhores-do-mundo-tem-neymar-e-mais-tres-brasileiros\/\",\"url\":\"https:\/\/www.notibras.com\/site\/selecao-da-fifa-com-os-melhores-do-mundo-tem-neymar-e-mais-tres-brasileiros\/\",\"name\":\"Sele\u00e7\u00e3o da Fifa com os melhores do mundo tem Neymar e mais tr\u00eas brasileiros - Notibras\",\"isPartOf\":{\"@id\":\"https:\/\/www.notibras.com\/site\/#website\"},\"primaryImageOfPage\":{\"@id\":\"https:\/\/www.notibras.com\/site\/selecao-da-fifa-com-os-melhores-do-mundo-tem-neymar-e-mais-tres-brasileiros\/#primaryimage\"},\"image\":{\"@id\":\"https:\/\/www.notibras.com\/site\/selecao-da-fifa-com-os-melhores-do-mundo-tem-neymar-e-mais-tres-brasileiros\/#primaryimage\"},\"thumbnailUrl\":\"https:\/\/www.notibras.com\/site\/wp-content\/uploads\/2016\/01\/neymar-sevilla-barcelona-la-liga-03102015_e08qzjyn8kx110utzcdrkwe0b.jpg\",\"datePublished\":\"2016-01-11T19:07:01+00:00\",\"breadcrumb\":{\"@id\":\"https:\/\/www.notibras.com\/site\/selecao-da-fifa-com-os-melhores-do-mundo-tem-neymar-e-mais-tres-brasileiros\/#breadcrumb\"},\"inLanguage\":\"pt-BR\",\"potentialAction\":[{\"@type\":\"ReadAction\",\"target\":[\"https:\/\/www.notibras.com\/site\/selecao-da-fifa-com-os-melhores-do-mundo-tem-neymar-e-mais-tres-brasileiros\/\"]}]},{\"@type\":\"ImageObject\",\"inLanguage\":\"pt-BR\",\"@id\":\"https:\/\/www.notibras.com\/site\/selecao-da-fifa-com-os-melhores-do-mundo-tem-neymar-e-mais-tres-brasileiros\/#primaryimage\",\"url\":\"https:\/\/www.notibras.com\/site\/wp-content\/uploads\/2016\/01\/neymar-sevilla-barcelona-la-liga-03102015_e08qzjyn8kx110utzcdrkwe0b.jpg\",\"contentUrl\":\"https:\/\/www.notibras.com\/site\/wp-content\/uploads\/2016\/01\/neymar-sevilla-barcelona-la-liga-03102015_e08qzjyn8kx110utzcdrkwe0b.jpg\",\"width\":620,\"height\":430},{\"@type\":\"BreadcrumbList\",\"@id\":\"https:\/\/www.notibras.com\/site\/selecao-da-fifa-com-os-melhores-do-mundo-tem-neymar-e-mais-tres-brasileiros\/#breadcrumb\",\"itemListElement\":[{\"@type\":\"ListItem\",\"position\":1,\"name\":\"In\u00edcio\",\"item\":\"https:\/\/www.notibras.com\/site\/\"},{\"@type\":\"ListItem\",\"position\":2,\"name\":\"Sele\u00e7\u00e3o da Fifa com os melhores do mundo tem Neymar e mais tr\u00eas brasileiros\"}]},{\"@type\":\"WebSite\",\"@id\":\"https:\/\/www.notibras.com\/site\/#website\",\"url\":\"https:\/\/www.notibras.com\/site\/\",\"name\":\"Notibras\",\"description\":\"Not\u00edcias de Bras\u00edlia, do Brasil e do Mundo\",\"publisher\":{\"@id\":\"https:\/\/www.notibras.com\/site\/#organization\"},\"potentialAction\":[{\"@type\":\"SearchAction\",\"target\":{\"@type\":\"EntryPoint\",\"urlTemplate\":\"https:\/\/www.notibras.com\/site\/?s={search_term_string}\"},\"query-input\":{\"@type\":\"PropertyValueSpecification\",\"valueRequired\":true,\"valueName\":\"search_term_string\"}}],\"inLanguage\":\"pt-BR\"},{\"@type\":\"Organization\",\"@id\":\"https:\/\/www.notibras.com\/site\/#organization\",\"name\":\"Grupo Notibras de Comunica\u00e7\u00e3o\",\"url\":\"https:\/\/www.notibras.com\/site\/\",\"logo\":{\"@type\":\"ImageObject\",\"inLanguage\":\"pt-BR\",\"@id\":\"https:\/\/www.notibras.com\/site\/#\/schema\/logo\/image\/\",\"url\":\"https:\/\/www.notibras.com\/site\/wp-content\/uploads\/2023\/01\/notibras23.png\",\"contentUrl\":\"https:\/\/www.notibras.com\/site\/wp-content\/uploads\/2023\/01\/notibras23.png\",\"width\":350,\"height\":87,\"caption\":\"Grupo Notibras de Comunica\u00e7\u00e3o\"},\"image\":{\"@id\":\"https:\/\/www.notibras.com\/site\/#\/schema\/logo\/image\/\"},\"sameAs\":[\"https:\/\/www.facebook.com\/notibras\/\",\"https:\/\/x.com\/Notibras\",\"https:\/\/www.instagram.com\/notibras\/\"]},{\"@type\":\"Person\",\"@id\":\"https:\/\/www.notibras.com\/site\/#\/schema\/person\/36ab0979449956132d3e5b517ea76ac8\",\"name\":\"Reda\u00e7\u00e3o\",\"image\":{\"@type\":\"ImageObject\",\"inLanguage\":\"pt-BR\",\"@id\":\"https:\/\/secure.gravatar.com\/avatar\/e0a867bdedb85fd243eadf09663511f96fc81e0720a4a42581f334ad4303aa6b?s=96&d=mm&r=g\",\"url\":\"https:\/\/secure.gravatar.com\/avatar\/e0a867bdedb85fd243eadf09663511f96fc81e0720a4a42581f334ad4303aa6b?s=96&d=mm&r=g\",\"contentUrl\":\"https:\/\/secure.gravatar.com\/avatar\/e0a867bdedb85fd243eadf09663511f96fc81e0720a4a42581f334ad4303aa6b?s=96&d=mm&r=g\",\"caption\":\"Reda\u00e7\u00e3o\"}}]}<\/script>\n<!-- \/ Yoast SEO plugin. -->","yoast_head_json":{"title":"Sele\u00e7\u00e3o da Fifa com os melhores do mundo tem Neymar e mais tr\u00eas brasileiros - Notibras","robots":{"index":"index","follow":"follow","max-snippet":"max-snippet:-1","max-image-preview":"max-image-preview:large","max-video-preview":"max-video-preview:-1"},"canonical":"https:\/\/www.notibras.com\/site\/selecao-da-fifa-com-os-melhores-do-mundo-tem-neymar-e-mais-tres-brasileiros\/","og_locale":"pt_BR","og_type":"article","og_title":"Sele\u00e7\u00e3o da Fifa com os melhores do mundo tem Neymar e mais tr\u00eas brasileiros - Notibras","og_description":"Em sua festa de gala realizada nesta segunda-feira, em Zurique, a Fifa anunciou a sele\u00e7\u00e3o do ano de 2015. Como era de se esperar, a equipe ideal tinha Neymar e os outros dois finalistas do pr\u00eamio Bola de Ouro, Cristiano Ronaldo e Messi. Mas outros tr\u00eas brasileiros figuraram na parte defensiva: o zagueiro Thiago Silva [&hellip;]","og_url":"https:\/\/www.notibras.com\/site\/selecao-da-fifa-com-os-melhores-do-mundo-tem-neymar-e-mais-tres-brasileiros\/","og_site_name":"Notibras","article_publisher":"https:\/\/www.facebook.com\/notibras\/","article_published_time":"2016-01-11T19:07:01+00:00","og_image":[{"width":620,"height":430,"url":"https:\/\/www.notibras.com\/site\/wp-content\/uploads\/2016\/01\/neymar-sevilla-barcelona-la-liga-03102015_e08qzjyn8kx110utzcdrkwe0b.jpg","type":"image\/jpeg"}],"author":"Reda\u00e7\u00e3o","twitter_card":"summary_large_image","twitter_creator":"@Notibras","twitter_site":"@Notibras","twitter_misc":{"Escrito por":"Reda\u00e7\u00e3o","Est. tempo de leitura":"1 minuto"},"schema":{"@context":"https:\/\/schema.org","@graph":[{"@type":"Article","@id":"https:\/\/www.notibras.com\/site\/selecao-da-fifa-com-os-melhores-do-mundo-tem-neymar-e-mais-tres-brasileiros\/#article","isPartOf":{"@id":"https:\/\/www.notibras.com\/site\/selecao-da-fifa-com-os-melhores-do-mundo-tem-neymar-e-mais-tres-brasileiros\/"},"author":{"name":"Reda\u00e7\u00e3o","@id":"https:\/\/www.notibras.com\/site\/#\/schema\/person\/36ab0979449956132d3e5b517ea76ac8"},"headline":"Sele\u00e7\u00e3o da Fifa com os melhores do mundo tem Neymar e mais tr\u00eas brasileiros","datePublished":"2016-01-11T19:07:01+00:00","mainEntityOfPage":{"@id":"https:\/\/www.notibras.com\/site\/selecao-da-fifa-com-os-melhores-do-mundo-tem-neymar-e-mais-tres-brasileiros\/"},"wordCount":281,"commentCount":0,"publisher":{"@id":"https:\/\/www.notibras.com\/site\/#organization"},"image":{"@id":"https:\/\/www.notibras.com\/site\/selecao-da-fifa-com-os-melhores-do-mundo-tem-neymar-e-mais-tres-brasileiros\/#primaryimage"},"thumbnailUrl":"https:\/\/www.notibras.com\/site\/wp-content\/uploads\/2016\/01\/neymar-sevilla-barcelona-la-liga-03102015_e08qzjyn8kx110utzcdrkwe0b.jpg","articleSection":["Esportes"],"inLanguage":"pt-BR","potentialAction":[{"@type":"CommentAction","name":"Comment","target":["https:\/\/www.notibras.com\/site\/selecao-da-fifa-com-os-melhores-do-mundo-tem-neymar-e-mais-tres-brasileiros\/#respond"]}]},{"@type":"WebPage","@id":"https:\/\/www.notibras.com\/site\/selecao-da-fifa-com-os-melhores-do-mundo-tem-neymar-e-mais-tres-brasileiros\/","url":"https:\/\/www.notibras.com\/site\/selecao-da-fifa-com-os-melhores-do-mundo-tem-neymar-e-mais-tres-brasileiros\/","name":"Sele\u00e7\u00e3o da Fifa com os melhores do mundo tem Neymar e mais tr\u00eas brasileiros - Notibras","isPartOf":{"@id":"https:\/\/www.notibras.com\/site\/#website"},"primaryImageOfPage":{"@id":"https:\/\/www.notibras.com\/site\/selecao-da-fifa-com-os-melhores-do-mundo-tem-neymar-e-mais-tres-brasileiros\/#primaryimage"},"image":{"@id":"https:\/\/www.notibras.com\/site\/selecao-da-fifa-com-os-melhores-do-mundo-tem-neymar-e-mais-tres-brasileiros\/#primaryimage"},"thumbnailUrl":"https:\/\/www.notibras.com\/site\/wp-content\/uploads\/2016\/01\/neymar-sevilla-barcelona-la-liga-03102015_e08qzjyn8kx110utzcdrkwe0b.jpg","datePublished":"2016-01-11T19:07:01+00:00","breadcrumb":{"@id":"https:\/\/www.notibras.com\/site\/selecao-da-fifa-com-os-melhores-do-mundo-tem-neymar-e-mais-tres-brasileiros\/#breadcrumb"},"inLanguage":"pt-BR","potentialAction":[{"@type":"ReadAction","target":["https:\/\/www.notibras.com\/site\/selecao-da-fifa-com-os-melhores-do-mundo-tem-neymar-e-mais-tres-brasileiros\/"]}]},{"@type":"ImageObject","inLanguage":"pt-BR","@id":"https:\/\/www.notibras.com\/site\/selecao-da-fifa-com-os-melhores-do-mundo-tem-neymar-e-mais-tres-brasileiros\/#primaryimage","url":"https:\/\/www.notibras.com\/site\/wp-content\/uploads\/2016\/01\/neymar-sevilla-barcelona-la-liga-03102015_e08qzjyn8kx110utzcdrkwe0b.jpg","contentUrl":"https:\/\/www.notibras.com\/site\/wp-content\/uploads\/2016\/01\/neymar-sevilla-barcelona-la-liga-03102015_e08qzjyn8kx110utzcdrkwe0b.jpg","width":620,"height":430},{"@type":"BreadcrumbList","@id":"https:\/\/www.notibras.com\/site\/selecao-da-fifa-com-os-melhores-do-mundo-tem-neymar-e-mais-tres-brasileiros\/#breadcrumb","itemListElement":[{"@type":"ListItem","position":1,"name":"In\u00edcio","item":"https:\/\/www.notibras.com\/site\/"},{"@type":"ListItem","position":2,"name":"Sele\u00e7\u00e3o da Fifa com os melhores do mundo tem Neymar e mais tr\u00eas brasileiros"}]},{"@type":"WebSite","@id":"https:\/\/www.notibras.com\/site\/#website","url":"https:\/\/www.notibras.com\/site\/","name":"Notibras","description":"Not\u00edcias de Bras\u00edlia, do Brasil e do Mundo","publisher":{"@id":"https:\/\/www.notibras.com\/site\/#organization"},"potentialAction":[{"@type":"SearchAction","target":{"@type":"EntryPoint","urlTemplate":"https:\/\/www.notibras.com\/site\/?s={search_term_string}"},"query-input":{"@type":"PropertyValueSpecification","valueRequired":true,"valueName":"search_term_string"}}],"inLanguage":"pt-BR"},{"@type":"Organization","@id":"https:\/\/www.notibras.com\/site\/#organization","name":"Grupo Notibras de Comunica\u00e7\u00e3o","url":"https:\/\/www.notibras.com\/site\/","logo":{"@type":"ImageObject","inLanguage":"pt-BR","@id":"https:\/\/www.notibras.com\/site\/#\/schema\/logo\/image\/","url":"https:\/\/www.notibras.com\/site\/wp-content\/uploads\/2023\/01\/notibras23.png","contentUrl":"https:\/\/www.notibras.com\/site\/wp-content\/uploads\/2023\/01\/notibras23.png","width":350,"height":87,"caption":"Grupo Notibras de Comunica\u00e7\u00e3o"},"image":{"@id":"https:\/\/www.notibras.com\/site\/#\/schema\/logo\/image\/"},"sameAs":["https:\/\/www.facebook.com\/notibras\/","https:\/\/x.com\/Notibras","https:\/\/www.instagram.com\/notibras\/"]},{"@type":"Person","@id":"https:\/\/www.notibras.com\/site\/#\/schema\/person\/36ab0979449956132d3e5b517ea76ac8","name":"Reda\u00e7\u00e3o","image":{"@type":"ImageObject","inLanguage":"pt-BR","@id":"https:\/\/secure.gravatar.com\/avatar\/e0a867bdedb85fd243eadf09663511f96fc81e0720a4a42581f334ad4303aa6b?s=96&d=mm&r=g","url":"https:\/\/secure.gravatar.com\/avatar\/e0a867bdedb85fd243eadf09663511f96fc81e0720a4a42581f334ad4303aa6b?s=96&d=mm&r=g","contentUrl":"https:\/\/secure.gravatar.com\/avatar\/e0a867bdedb85fd243eadf09663511f96fc81e0720a4a42581f334ad4303aa6b?s=96&d=mm&r=g","caption":"Reda\u00e7\u00e3o"}}]}},"amp_enabled":true,"_links":{"self":[{"href":"https:\/\/www.notibras.com\/site\/wp-json\/wp\/v2\/posts\/84151","targetHints":{"allow":["GET"]}}],"collection":[{"href":"https:\/\/www.notibras.com\/site\/wp-json\/wp\/v2\/posts"}],"about":[{"href":"https:\/\/www.notibras.com\/site\/wp-json\/wp\/v2\/types\/post"}],"author":[{"embeddable":true,"href":"https:\/\/www.notibras.com\/site\/wp-json\/wp\/v2\/users\/2"}],"replies":[{"embeddable":true,"href":"https:\/\/www.notibras.com\/site\/wp-json\/wp\/v2\/comments?post=84151"}],"version-history":[{"count":1,"href":"https:\/\/www.notibras.com\/site\/wp-json\/wp\/v2\/posts\/84151\/revisions"}],"predecessor-version":[{"id":84153,"href":"https:\/\/www.notibras.com\/site\/wp-json\/wp\/v2\/posts\/84151\/revisions\/84153"}],"wp:featuredmedia":[{"embeddable":true,"href":"https:\/\/www.notibras.com\/site\/wp-json\/wp\/v2\/media\/84152"}],"wp:attachment":[{"href":"https:\/\/www.notibras.com\/site\/wp-json\/wp\/v2\/media?parent=84151"}],"wp:term":[{"taxonomy":"category","embeddable":true,"href":"https:\/\/www.notibras.com\/site\/wp-json\/wp\/v2\/categories?post=84151"},{"taxonomy":"post_tag","embeddable":true,"href":"https:\/\/www.notibras.com\/site\/wp-json\/wp\/v2\/tags?post=84151"}],"curies":[{"name":"wp","href":"https:\/\/api.w.org\/{rel}","templated":true}]}}