{"id":84154,"date":"2016-01-11T16:49:33","date_gmt":"2016-01-11T18:49:33","guid":{"rendered":"http:\/\/www.notibras.com\/site\/?p=84154"},"modified":"2016-01-11T17:14:46","modified_gmt":"2016-01-11T19:14:46","slug":"wendell-lira-sai-da-pequena-goianesia-para-ser-celebridade-com-gol-o-mais-bonito","status":"publish","type":"post","link":"https:\/\/www.notibras.com\/site\/wendell-lira-sai-da-pequena-goianesia-para-ser-celebridade-com-gol-o-mais-bonito\/","title":{"rendered":"Wendell Lira sai de Goian\u00e9sia para ser celebridade com gol o mais bonito do mundo-2015"},"content":{"rendered":"<p>Ao menos nesta segunda-feira, o desconhecido Wendell Lira pode se orgulhar por ter batido um dos melhores jogadores de todos os tempos. O brasileiro, mais um que vive o lado menos glamouroso do sonho de ser profissional no futebol, alcan\u00e7ou o auge na carreira e teve seu gol, marcado com a camisa do pequeno Goian\u00e9sia, escolhido como o mais bonito do ano pela Fifa. Por isso, recebeu o Pr\u00eamio Puskas, deixando para tr\u00e1s ningu\u00e9m menos que Lionel Messi.<\/p>\n<p>Em meio a astros presentes \u00e0 festa de gala da Fifa, em Zurique, como Luis Enrique, Neymar, Cristiano Ronaldo, Iniesta, entre outros, Wendell Lira se destacou. Subiu no palco e mostrou toda sua humildade ao agradecer a Deus e \u00e0 fam\u00edlia apenas pela oportunidade de estar ali, entre tantos \u00eddolos.<\/p>\n<p>&#8220;\u00c9 uma honra e um momento \u00fanico na minha vida estar aqui e conhecer tantos jogadores famosos, que eu conhecia apenas pelo v\u00eddeo game. Eu agrade\u00e7o \u00e0 minha fam\u00edlia e a todos que votaram em mim. Quero agradecer minha esposa e minha filha, que ficou no Brasil&#8221;, disse o jogador antes de citar uma passagem b\u00edblica.<\/p>\n<p>O gola\u00e7o marcado pelo ent\u00e3o jogador do Goian\u00e9sia &#8211; atualmente est\u00e1 no Vila Nova &#8211; superou as pinturas de Alessandro Florenzi e Lionel Messi em palcos bem mais deslumbrantes do futebol. O italiano marcou contra o Barcelona do meio de campo, pela Liga dos Campe\u00f5es, no Est\u00e1dio Ol\u00edmpico de Roma, enquanto o argentino finalizou uma linda arrancada desde o meio de campo diante do Athletic Bilbao, no Camp Nou, pela final da Copa do Rei.<\/p>\n<p>Mas o voleio de Wendell Lira no Serra Dourada foi suficiente para bat\u00ea-los. Em meio a uma campanha que mobilizou boa parte do Brasil, a elei\u00e7\u00e3o pela internet lhe garantiu 46,7% dos votos, contra 33,3% de Lionel Messi e 7,1% de Florenzi.<\/p>\n<p>Com a honraria desta segunda, Wendell Lira se tornou o segundo brasileiro a conquistar o Pr\u00eamio Puskas, igualando o feito de Neymar, quando ainda atuava pelo Santos em 2011. Os outros vencedores foram Cristiano Ronaldo, em 2009, Hamit Altintop, em 2010, Miroslav Stoch, em 2012, Zlatan Ibrahimovic, em 2013, e James Rodr\u00edguez, em 2014.<\/p>\n","protected":false},"excerpt":{"rendered":"<p>Ao menos nesta segunda-feira, o desconhecido Wendell Lira pode se orgulhar por ter batido um dos melhores jogadores de todos os tempos. O brasileiro, mais um que vive o lado menos glamouroso do sonho de ser profissional no futebol, alcan\u00e7ou o auge na carreira e teve seu gol, marcado com a camisa do pequeno Goian\u00e9sia, [&hellip;]<\/p>\n","protected":false},"author":2,"featured_media":84156,"comment_status":"open","ping_status":"closed","sticky":false,"template":"","format":"standard","meta":{"_acf_changed":false,"footnotes":""},"categories":[19],"tags":[],"class_list":["post-84154","post","type-post","status-publish","format-standard","has-post-thumbnail","hentry","category-esportes"],"acf":[],"yoast_head":"<!-- This site is optimized with the Yoast SEO plugin v27.2 - https:\/\/yoast.com\/product\/yoast-seo-wordpress\/ -->\n<title>Wendell Lira sai de Goian\u00e9sia para ser celebridade com gol o mais bonito do mundo-2015 - Notibras<\/title>\n<meta name=\"robots\" content=\"index, follow, max-snippet:-1, max-image-preview:large, max-video-preview:-1\" \/>\n<link rel=\"canonical\" href=\"https:\/\/www.notibras.com\/site\/wendell-lira-sai-da-pequena-goianesia-para-ser-celebridade-com-gol-o-mais-bonito\/\" \/>\n<meta property=\"og:locale\" content=\"pt_BR\" \/>\n<meta property=\"og:type\" content=\"article\" \/>\n<meta property=\"og:title\" content=\"Wendell Lira sai de Goian\u00e9sia para ser celebridade com gol o mais bonito do mundo-2015 - Notibras\" \/>\n<meta property=\"og:description\" content=\"Ao menos nesta segunda-feira, o desconhecido Wendell Lira pode se orgulhar por ter batido um dos melhores jogadores de todos os tempos. O brasileiro, mais um que vive o lado menos glamouroso do sonho de ser profissional no futebol, alcan\u00e7ou o auge na carreira e teve seu gol, marcado com a camisa do pequeno Goian\u00e9sia, [&hellip;]\" \/>\n<meta property=\"og:url\" content=\"https:\/\/www.notibras.com\/site\/wendell-lira-sai-da-pequena-goianesia-para-ser-celebridade-com-gol-o-mais-bonito\/\" \/>\n<meta property=\"og:site_name\" content=\"Notibras\" \/>\n<meta property=\"article:publisher\" content=\"https:\/\/www.facebook.com\/notibras\/\" \/>\n<meta property=\"article:published_time\" content=\"2016-01-11T18:49:33+00:00\" \/>\n<meta property=\"article:modified_time\" content=\"2016-01-11T19:14:46+00:00\" \/>\n<meta property=\"og:image\" content=\"https:\/\/www.notibras.com\/site\/wp-content\/uploads\/2016\/01\/17819467.jpg\" \/>\n\t<meta property=\"og:image:width\" content=\"640\" \/>\n\t<meta property=\"og:image:height\" content=\"426\" \/>\n\t<meta property=\"og:image:type\" content=\"image\/jpeg\" \/>\n<meta name=\"author\" content=\"Reda\u00e7\u00e3o\" \/>\n<meta name=\"twitter:card\" content=\"summary_large_image\" \/>\n<meta name=\"twitter:creator\" content=\"@Notibras\" \/>\n<meta name=\"twitter:site\" content=\"@Notibras\" \/>\n<meta name=\"twitter:label1\" content=\"Escrito por\" \/>\n\t<meta name=\"twitter:data1\" content=\"Reda\u00e7\u00e3o\" \/>\n\t<meta name=\"twitter:label2\" content=\"Est. tempo de leitura\" \/>\n\t<meta name=\"twitter:data2\" content=\"2 minutos\" \/>\n<script type=\"application\/ld+json\" class=\"yoast-schema-graph\">{\"@context\":\"https:\/\/schema.org\",\"@graph\":[{\"@type\":\"Article\",\"@id\":\"https:\/\/www.notibras.com\/site\/wendell-lira-sai-da-pequena-goianesia-para-ser-celebridade-com-gol-o-mais-bonito\/#article\",\"isPartOf\":{\"@id\":\"https:\/\/www.notibras.com\/site\/wendell-lira-sai-da-pequena-goianesia-para-ser-celebridade-com-gol-o-mais-bonito\/\"},\"author\":{\"name\":\"Reda\u00e7\u00e3o\",\"@id\":\"https:\/\/www.notibras.com\/site\/#\/schema\/person\/36ab0979449956132d3e5b517ea76ac8\"},\"headline\":\"Wendell Lira sai de Goian\u00e9sia para ser celebridade com gol o mais bonito do mundo-2015\",\"datePublished\":\"2016-01-11T18:49:33+00:00\",\"dateModified\":\"2016-01-11T19:14:46+00:00\",\"mainEntityOfPage\":{\"@id\":\"https:\/\/www.notibras.com\/site\/wendell-lira-sai-da-pequena-goianesia-para-ser-celebridade-com-gol-o-mais-bonito\/\"},\"wordCount\":378,\"commentCount\":0,\"publisher\":{\"@id\":\"https:\/\/www.notibras.com\/site\/#organization\"},\"image\":{\"@id\":\"https:\/\/www.notibras.com\/site\/wendell-lira-sai-da-pequena-goianesia-para-ser-celebridade-com-gol-o-mais-bonito\/#primaryimage\"},\"thumbnailUrl\":\"https:\/\/www.notibras.com\/site\/wp-content\/uploads\/2016\/01\/17819467.jpg\",\"articleSection\":[\"Esportes\"],\"inLanguage\":\"pt-BR\",\"potentialAction\":[{\"@type\":\"CommentAction\",\"name\":\"Comment\",\"target\":[\"https:\/\/www.notibras.com\/site\/wendell-lira-sai-da-pequena-goianesia-para-ser-celebridade-com-gol-o-mais-bonito\/#respond\"]}]},{\"@type\":\"WebPage\",\"@id\":\"https:\/\/www.notibras.com\/site\/wendell-lira-sai-da-pequena-goianesia-para-ser-celebridade-com-gol-o-mais-bonito\/\",\"url\":\"https:\/\/www.notibras.com\/site\/wendell-lira-sai-da-pequena-goianesia-para-ser-celebridade-com-gol-o-mais-bonito\/\",\"name\":\"Wendell Lira sai de Goian\u00e9sia para ser celebridade com gol o mais bonito do mundo-2015 - Notibras\",\"isPartOf\":{\"@id\":\"https:\/\/www.notibras.com\/site\/#website\"},\"primaryImageOfPage\":{\"@id\":\"https:\/\/www.notibras.com\/site\/wendell-lira-sai-da-pequena-goianesia-para-ser-celebridade-com-gol-o-mais-bonito\/#primaryimage\"},\"image\":{\"@id\":\"https:\/\/www.notibras.com\/site\/wendell-lira-sai-da-pequena-goianesia-para-ser-celebridade-com-gol-o-mais-bonito\/#primaryimage\"},\"thumbnailUrl\":\"https:\/\/www.notibras.com\/site\/wp-content\/uploads\/2016\/01\/17819467.jpg\",\"datePublished\":\"2016-01-11T18:49:33+00:00\",\"dateModified\":\"2016-01-11T19:14:46+00:00\",\"breadcrumb\":{\"@id\":\"https:\/\/www.notibras.com\/site\/wendell-lira-sai-da-pequena-goianesia-para-ser-celebridade-com-gol-o-mais-bonito\/#breadcrumb\"},\"inLanguage\":\"pt-BR\",\"potentialAction\":[{\"@type\":\"ReadAction\",\"target\":[\"https:\/\/www.notibras.com\/site\/wendell-lira-sai-da-pequena-goianesia-para-ser-celebridade-com-gol-o-mais-bonito\/\"]}]},{\"@type\":\"ImageObject\",\"inLanguage\":\"pt-BR\",\"@id\":\"https:\/\/www.notibras.com\/site\/wendell-lira-sai-da-pequena-goianesia-para-ser-celebridade-com-gol-o-mais-bonito\/#primaryimage\",\"url\":\"https:\/\/www.notibras.com\/site\/wp-content\/uploads\/2016\/01\/17819467.jpg\",\"contentUrl\":\"https:\/\/www.notibras.com\/site\/wp-content\/uploads\/2016\/01\/17819467.jpg\",\"width\":640,\"height\":426},{\"@type\":\"BreadcrumbList\",\"@id\":\"https:\/\/www.notibras.com\/site\/wendell-lira-sai-da-pequena-goianesia-para-ser-celebridade-com-gol-o-mais-bonito\/#breadcrumb\",\"itemListElement\":[{\"@type\":\"ListItem\",\"position\":1,\"name\":\"In\u00edcio\",\"item\":\"https:\/\/www.notibras.com\/site\/\"},{\"@type\":\"ListItem\",\"position\":2,\"name\":\"Wendell Lira sai de Goian\u00e9sia para ser celebridade com gol o mais bonito do mundo-2015\"}]},{\"@type\":\"WebSite\",\"@id\":\"https:\/\/www.notibras.com\/site\/#website\",\"url\":\"https:\/\/www.notibras.com\/site\/\",\"name\":\"Notibras\",\"description\":\"Not\u00edcias de Bras\u00edlia, do Brasil e do Mundo\",\"publisher\":{\"@id\":\"https:\/\/www.notibras.com\/site\/#organization\"},\"potentialAction\":[{\"@type\":\"SearchAction\",\"target\":{\"@type\":\"EntryPoint\",\"urlTemplate\":\"https:\/\/www.notibras.com\/site\/?s={search_term_string}\"},\"query-input\":{\"@type\":\"PropertyValueSpecification\",\"valueRequired\":true,\"valueName\":\"search_term_string\"}}],\"inLanguage\":\"pt-BR\"},{\"@type\":\"Organization\",\"@id\":\"https:\/\/www.notibras.com\/site\/#organization\",\"name\":\"Grupo Notibras de Comunica\u00e7\u00e3o\",\"url\":\"https:\/\/www.notibras.com\/site\/\",\"logo\":{\"@type\":\"ImageObject\",\"inLanguage\":\"pt-BR\",\"@id\":\"https:\/\/www.notibras.com\/site\/#\/schema\/logo\/image\/\",\"url\":\"https:\/\/www.notibras.com\/site\/wp-content\/uploads\/2023\/01\/notibras23.png\",\"contentUrl\":\"https:\/\/www.notibras.com\/site\/wp-content\/uploads\/2023\/01\/notibras23.png\",\"width\":350,\"height\":87,\"caption\":\"Grupo Notibras de Comunica\u00e7\u00e3o\"},\"image\":{\"@id\":\"https:\/\/www.notibras.com\/site\/#\/schema\/logo\/image\/\"},\"sameAs\":[\"https:\/\/www.facebook.com\/notibras\/\",\"https:\/\/x.com\/Notibras\",\"https:\/\/www.instagram.com\/notibras\/\"]},{\"@type\":\"Person\",\"@id\":\"https:\/\/www.notibras.com\/site\/#\/schema\/person\/36ab0979449956132d3e5b517ea76ac8\",\"name\":\"Reda\u00e7\u00e3o\",\"image\":{\"@type\":\"ImageObject\",\"inLanguage\":\"pt-BR\",\"@id\":\"https:\/\/secure.gravatar.com\/avatar\/e0a867bdedb85fd243eadf09663511f96fc81e0720a4a42581f334ad4303aa6b?s=96&d=mm&r=g\",\"url\":\"https:\/\/secure.gravatar.com\/avatar\/e0a867bdedb85fd243eadf09663511f96fc81e0720a4a42581f334ad4303aa6b?s=96&d=mm&r=g\",\"contentUrl\":\"https:\/\/secure.gravatar.com\/avatar\/e0a867bdedb85fd243eadf09663511f96fc81e0720a4a42581f334ad4303aa6b?s=96&d=mm&r=g\",\"caption\":\"Reda\u00e7\u00e3o\"}}]}<\/script>\n<!-- \/ Yoast SEO plugin. -->","yoast_head_json":{"title":"Wendell Lira sai de Goian\u00e9sia para ser celebridade com gol o mais bonito do mundo-2015 - Notibras","robots":{"index":"index","follow":"follow","max-snippet":"max-snippet:-1","max-image-preview":"max-image-preview:large","max-video-preview":"max-video-preview:-1"},"canonical":"https:\/\/www.notibras.com\/site\/wendell-lira-sai-da-pequena-goianesia-para-ser-celebridade-com-gol-o-mais-bonito\/","og_locale":"pt_BR","og_type":"article","og_title":"Wendell Lira sai de Goian\u00e9sia para ser celebridade com gol o mais bonito do mundo-2015 - Notibras","og_description":"Ao menos nesta segunda-feira, o desconhecido Wendell Lira pode se orgulhar por ter batido um dos melhores jogadores de todos os tempos. O brasileiro, mais um que vive o lado menos glamouroso do sonho de ser profissional no futebol, alcan\u00e7ou o auge na carreira e teve seu gol, marcado com a camisa do pequeno Goian\u00e9sia, [&hellip;]","og_url":"https:\/\/www.notibras.com\/site\/wendell-lira-sai-da-pequena-goianesia-para-ser-celebridade-com-gol-o-mais-bonito\/","og_site_name":"Notibras","article_publisher":"https:\/\/www.facebook.com\/notibras\/","article_published_time":"2016-01-11T18:49:33+00:00","article_modified_time":"2016-01-11T19:14:46+00:00","og_image":[{"width":640,"height":426,"url":"https:\/\/www.notibras.com\/site\/wp-content\/uploads\/2016\/01\/17819467.jpg","type":"image\/jpeg"}],"author":"Reda\u00e7\u00e3o","twitter_card":"summary_large_image","twitter_creator":"@Notibras","twitter_site":"@Notibras","twitter_misc":{"Escrito por":"Reda\u00e7\u00e3o","Est. tempo de leitura":"2 minutos"},"schema":{"@context":"https:\/\/schema.org","@graph":[{"@type":"Article","@id":"https:\/\/www.notibras.com\/site\/wendell-lira-sai-da-pequena-goianesia-para-ser-celebridade-com-gol-o-mais-bonito\/#article","isPartOf":{"@id":"https:\/\/www.notibras.com\/site\/wendell-lira-sai-da-pequena-goianesia-para-ser-celebridade-com-gol-o-mais-bonito\/"},"author":{"name":"Reda\u00e7\u00e3o","@id":"https:\/\/www.notibras.com\/site\/#\/schema\/person\/36ab0979449956132d3e5b517ea76ac8"},"headline":"Wendell Lira sai de Goian\u00e9sia para ser celebridade com gol o mais bonito do mundo-2015","datePublished":"2016-01-11T18:49:33+00:00","dateModified":"2016-01-11T19:14:46+00:00","mainEntityOfPage":{"@id":"https:\/\/www.notibras.com\/site\/wendell-lira-sai-da-pequena-goianesia-para-ser-celebridade-com-gol-o-mais-bonito\/"},"wordCount":378,"commentCount":0,"publisher":{"@id":"https:\/\/www.notibras.com\/site\/#organization"},"image":{"@id":"https:\/\/www.notibras.com\/site\/wendell-lira-sai-da-pequena-goianesia-para-ser-celebridade-com-gol-o-mais-bonito\/#primaryimage"},"thumbnailUrl":"https:\/\/www.notibras.com\/site\/wp-content\/uploads\/2016\/01\/17819467.jpg","articleSection":["Esportes"],"inLanguage":"pt-BR","potentialAction":[{"@type":"CommentAction","name":"Comment","target":["https:\/\/www.notibras.com\/site\/wendell-lira-sai-da-pequena-goianesia-para-ser-celebridade-com-gol-o-mais-bonito\/#respond"]}]},{"@type":"WebPage","@id":"https:\/\/www.notibras.com\/site\/wendell-lira-sai-da-pequena-goianesia-para-ser-celebridade-com-gol-o-mais-bonito\/","url":"https:\/\/www.notibras.com\/site\/wendell-lira-sai-da-pequena-goianesia-para-ser-celebridade-com-gol-o-mais-bonito\/","name":"Wendell Lira sai de Goian\u00e9sia para ser celebridade com gol o mais bonito do mundo-2015 - Notibras","isPartOf":{"@id":"https:\/\/www.notibras.com\/site\/#website"},"primaryImageOfPage":{"@id":"https:\/\/www.notibras.com\/site\/wendell-lira-sai-da-pequena-goianesia-para-ser-celebridade-com-gol-o-mais-bonito\/#primaryimage"},"image":{"@id":"https:\/\/www.notibras.com\/site\/wendell-lira-sai-da-pequena-goianesia-para-ser-celebridade-com-gol-o-mais-bonito\/#primaryimage"},"thumbnailUrl":"https:\/\/www.notibras.com\/site\/wp-content\/uploads\/2016\/01\/17819467.jpg","datePublished":"2016-01-11T18:49:33+00:00","dateModified":"2016-01-11T19:14:46+00:00","breadcrumb":{"@id":"https:\/\/www.notibras.com\/site\/wendell-lira-sai-da-pequena-goianesia-para-ser-celebridade-com-gol-o-mais-bonito\/#breadcrumb"},"inLanguage":"pt-BR","potentialAction":[{"@type":"ReadAction","target":["https:\/\/www.notibras.com\/site\/wendell-lira-sai-da-pequena-goianesia-para-ser-celebridade-com-gol-o-mais-bonito\/"]}]},{"@type":"ImageObject","inLanguage":"pt-BR","@id":"https:\/\/www.notibras.com\/site\/wendell-lira-sai-da-pequena-goianesia-para-ser-celebridade-com-gol-o-mais-bonito\/#primaryimage","url":"https:\/\/www.notibras.com\/site\/wp-content\/uploads\/2016\/01\/17819467.jpg","contentUrl":"https:\/\/www.notibras.com\/site\/wp-content\/uploads\/2016\/01\/17819467.jpg","width":640,"height":426},{"@type":"BreadcrumbList","@id":"https:\/\/www.notibras.com\/site\/wendell-lira-sai-da-pequena-goianesia-para-ser-celebridade-com-gol-o-mais-bonito\/#breadcrumb","itemListElement":[{"@type":"ListItem","position":1,"name":"In\u00edcio","item":"https:\/\/www.notibras.com\/site\/"},{"@type":"ListItem","position":2,"name":"Wendell Lira sai de Goian\u00e9sia para ser celebridade com gol o mais bonito do mundo-2015"}]},{"@type":"WebSite","@id":"https:\/\/www.notibras.com\/site\/#website","url":"https:\/\/www.notibras.com\/site\/","name":"Notibras","description":"Not\u00edcias de Bras\u00edlia, do Brasil e do Mundo","publisher":{"@id":"https:\/\/www.notibras.com\/site\/#organization"},"potentialAction":[{"@type":"SearchAction","target":{"@type":"EntryPoint","urlTemplate":"https:\/\/www.notibras.com\/site\/?s={search_term_string}"},"query-input":{"@type":"PropertyValueSpecification","valueRequired":true,"valueName":"search_term_string"}}],"inLanguage":"pt-BR"},{"@type":"Organization","@id":"https:\/\/www.notibras.com\/site\/#organization","name":"Grupo Notibras de Comunica\u00e7\u00e3o","url":"https:\/\/www.notibras.com\/site\/","logo":{"@type":"ImageObject","inLanguage":"pt-BR","@id":"https:\/\/www.notibras.com\/site\/#\/schema\/logo\/image\/","url":"https:\/\/www.notibras.com\/site\/wp-content\/uploads\/2023\/01\/notibras23.png","contentUrl":"https:\/\/www.notibras.com\/site\/wp-content\/uploads\/2023\/01\/notibras23.png","width":350,"height":87,"caption":"Grupo Notibras de Comunica\u00e7\u00e3o"},"image":{"@id":"https:\/\/www.notibras.com\/site\/#\/schema\/logo\/image\/"},"sameAs":["https:\/\/www.facebook.com\/notibras\/","https:\/\/x.com\/Notibras","https:\/\/www.instagram.com\/notibras\/"]},{"@type":"Person","@id":"https:\/\/www.notibras.com\/site\/#\/schema\/person\/36ab0979449956132d3e5b517ea76ac8","name":"Reda\u00e7\u00e3o","image":{"@type":"ImageObject","inLanguage":"pt-BR","@id":"https:\/\/secure.gravatar.com\/avatar\/e0a867bdedb85fd243eadf09663511f96fc81e0720a4a42581f334ad4303aa6b?s=96&d=mm&r=g","url":"https:\/\/secure.gravatar.com\/avatar\/e0a867bdedb85fd243eadf09663511f96fc81e0720a4a42581f334ad4303aa6b?s=96&d=mm&r=g","contentUrl":"https:\/\/secure.gravatar.com\/avatar\/e0a867bdedb85fd243eadf09663511f96fc81e0720a4a42581f334ad4303aa6b?s=96&d=mm&r=g","caption":"Reda\u00e7\u00e3o"}}]}},"amp_enabled":true,"_links":{"self":[{"href":"https:\/\/www.notibras.com\/site\/wp-json\/wp\/v2\/posts\/84154","targetHints":{"allow":["GET"]}}],"collection":[{"href":"https:\/\/www.notibras.com\/site\/wp-json\/wp\/v2\/posts"}],"about":[{"href":"https:\/\/www.notibras.com\/site\/wp-json\/wp\/v2\/types\/post"}],"author":[{"embeddable":true,"href":"https:\/\/www.notibras.com\/site\/wp-json\/wp\/v2\/users\/2"}],"replies":[{"embeddable":true,"href":"https:\/\/www.notibras.com\/site\/wp-json\/wp\/v2\/comments?post=84154"}],"version-history":[{"count":4,"href":"https:\/\/www.notibras.com\/site\/wp-json\/wp\/v2\/posts\/84154\/revisions"}],"predecessor-version":[{"id":84159,"href":"https:\/\/www.notibras.com\/site\/wp-json\/wp\/v2\/posts\/84154\/revisions\/84159"}],"wp:featuredmedia":[{"embeddable":true,"href":"https:\/\/www.notibras.com\/site\/wp-json\/wp\/v2\/media\/84156"}],"wp:attachment":[{"href":"https:\/\/www.notibras.com\/site\/wp-json\/wp\/v2\/media?parent=84154"}],"wp:term":[{"taxonomy":"category","embeddable":true,"href":"https:\/\/www.notibras.com\/site\/wp-json\/wp\/v2\/categories?post=84154"},{"taxonomy":"post_tag","embeddable":true,"href":"https:\/\/www.notibras.com\/site\/wp-json\/wp\/v2\/tags?post=84154"}],"curies":[{"name":"wp","href":"https:\/\/api.w.org\/{rel}","templated":true}]}}