{"id":84160,"date":"2016-01-11T16:35:48","date_gmt":"2016-01-11T18:35:48","guid":{"rendered":"http:\/\/www.notibras.com\/site\/?p=84160"},"modified":"2016-01-11T17:19:27","modified_gmt":"2016-01-11T19:19:27","slug":"luis-henrique-tecnico-do-barcelona-e-anunciado-pela-fifa-como-o-melhor-do-mundo","status":"publish","type":"post","link":"https:\/\/www.notibras.com\/site\/luis-henrique-tecnico-do-barcelona-e-anunciado-pela-fifa-como-o-melhor-do-mundo\/","title":{"rendered":"Luis Henrique, t\u00e9cnico do Barcelona, \u00e9 anunciado pela Fifa como o melhor do mundo"},"content":{"rendered":"<p>O sucesso do Barcelona no ano de 2015 refletiu na escolha do melhor t\u00e9cnico do mundo pela Fifa, anunciada na festa de gala da entidade nesta segunda-feira, em Zurique. O pr\u00eamio ficou com o espanhol Luis Enrique, que comandou o clube catal\u00e3o em sua temporada praticamente perfeita. Ele alegou compromissos profissionais e n\u00e3o esteve presente na festividade.<\/p>\n<p>Ex-jogador do pr\u00f3prio Barcelona, Luis Enrique retornou ao time catal\u00e3o para comand\u00e1-lo no in\u00edcio da temporada passada, vindo do Celta de Vigo. O treinador enfrentou alguns problemas no in\u00edcio, principalmente por conta de uma suposta crise no vesti\u00e1rio com Lionel Messi, mas contou com o talento do pr\u00f3prio Messi, Neymar e outros para se recuperar.<\/p>\n<p>Como resultado, teve uma temporada praticamente perfeita. Em seus primeiros 18 meses no cargo, conquistou cinco dos seis t\u00edtulos que disputou: o Campeonato Espanhol, a Copa do Rei, a Liga dos Campe\u00f5es, a Supercopa da Europa e o Mundial de Clubes. Foi derrotado somente na Supercopa da Espanha pelo Athletic Bilbao, mas nada que tenha manchado esta incr\u00edvel caminhada dele \u00e0 frente do Barcelona.<\/p>\n<p>Por conta deste \u00f3timo desempenho, Luis Enrique superou a concorr\u00eancia de outros grandes nomes para ficar com o pr\u00eamio de melhor t\u00e9cnico do ano. O elogiado Pep Guardiola, campe\u00e3o alem\u00e3o com o Bayern de Munique em 2015, e Jorge Sampaoli, respons\u00e1vel por levar o Chile a seu primeiro grande t\u00edtulo da hist\u00f3ria, na \u00faltima Copa Am\u00e9rica, foram os derrotados. Luis Enrique teve 31,08% dos votos, contra 22,97% de Guardiola e 9,47% de Sampaoli<\/p>\n<p><strong>MELHOR JOGADORA<\/strong> &#8211; A vencedora do pr\u00eamio de melhor jogadora do mundo em 2015 foi a norte-americana Carli Lloyd, que se consagrou na esteira do t\u00edtulo mundial que os Estados Unidos conquistaram no ano passado. Ela recebeu 35,28% dos votos, contra 12,60% da alem\u00e3 Celia Sasic, segunda colocada, e 9,88% da japonesa Aya Miyama, outra finalista da premia\u00e7\u00e3o.<\/p>\n<p>&#8220;\u00c9 uma honra, isso \u00e9 um sonho desde que iniciei minha jornada com a sele\u00e7\u00e3o nacional. Celia e Aya tamb\u00e9m s\u00e3o jogadoras maravilhosas e verdadeiramente mereciam este pr\u00eamio. Quero agradecer Jill (Ellis, treinador da sele\u00e7\u00e3o feminina), \u00e0 comiss\u00e3o t\u00e9cnica e a todos que me apoiaram&#8221;, ressaltou Lloyd ao receber o pr\u00eamio.<\/p>\n<p>A brasileira Marta, cinco vezes ganhadora desta honraria, ficou fora do grupo das finalistas da premia\u00e7\u00e3o feminina pela primeira vez em 12 anos.<\/p>\n","protected":false},"excerpt":{"rendered":"<p>O sucesso do Barcelona no ano de 2015 refletiu na escolha do melhor t\u00e9cnico do mundo pela Fifa, anunciada na festa de gala da entidade nesta segunda-feira, em Zurique. O pr\u00eamio ficou com o espanhol Luis Enrique, que comandou o clube catal\u00e3o em sua temporada praticamente perfeita. Ele alegou compromissos profissionais e n\u00e3o esteve presente [&hellip;]<\/p>\n","protected":false},"author":2,"featured_media":84161,"comment_status":"open","ping_status":"closed","sticky":false,"template":"","format":"standard","meta":{"_acf_changed":false,"footnotes":""},"categories":[19],"tags":[],"class_list":["post-84160","post","type-post","status-publish","format-standard","has-post-thumbnail","hentry","category-esportes"],"acf":[],"yoast_head":"<!-- This site is optimized with the Yoast SEO plugin v27.2 - https:\/\/yoast.com\/product\/yoast-seo-wordpress\/ -->\n<title>Luis Henrique, t\u00e9cnico do Barcelona, \u00e9 anunciado pela Fifa como o melhor do mundo - Notibras<\/title>\n<meta name=\"robots\" content=\"index, follow, max-snippet:-1, max-image-preview:large, max-video-preview:-1\" \/>\n<link rel=\"canonical\" href=\"https:\/\/www.notibras.com\/site\/luis-henrique-tecnico-do-barcelona-e-anunciado-pela-fifa-como-o-melhor-do-mundo\/\" \/>\n<meta property=\"og:locale\" content=\"pt_BR\" \/>\n<meta property=\"og:type\" content=\"article\" \/>\n<meta property=\"og:title\" content=\"Luis Henrique, t\u00e9cnico do Barcelona, \u00e9 anunciado pela Fifa como o melhor do mundo - Notibras\" \/>\n<meta property=\"og:description\" content=\"O sucesso do Barcelona no ano de 2015 refletiu na escolha do melhor t\u00e9cnico do mundo pela Fifa, anunciada na festa de gala da entidade nesta segunda-feira, em Zurique. O pr\u00eamio ficou com o espanhol Luis Enrique, que comandou o clube catal\u00e3o em sua temporada praticamente perfeita. Ele alegou compromissos profissionais e n\u00e3o esteve presente [&hellip;]\" \/>\n<meta property=\"og:url\" content=\"https:\/\/www.notibras.com\/site\/luis-henrique-tecnico-do-barcelona-e-anunciado-pela-fifa-como-o-melhor-do-mundo\/\" \/>\n<meta property=\"og:site_name\" content=\"Notibras\" \/>\n<meta property=\"article:publisher\" content=\"https:\/\/www.facebook.com\/notibras\/\" \/>\n<meta property=\"article:published_time\" content=\"2016-01-11T18:35:48+00:00\" \/>\n<meta property=\"article:modified_time\" content=\"2016-01-11T19:19:27+00:00\" \/>\n<meta property=\"og:image\" content=\"https:\/\/www.notibras.com\/site\/wp-content\/uploads\/2016\/01\/lhbar.jpg\" \/>\n\t<meta property=\"og:image:width\" content=\"594\" \/>\n\t<meta property=\"og:image:height\" content=\"396\" \/>\n\t<meta property=\"og:image:type\" content=\"image\/jpeg\" \/>\n<meta name=\"author\" content=\"Reda\u00e7\u00e3o\" \/>\n<meta name=\"twitter:card\" content=\"summary_large_image\" \/>\n<meta name=\"twitter:creator\" content=\"@Notibras\" \/>\n<meta name=\"twitter:site\" content=\"@Notibras\" \/>\n<meta name=\"twitter:label1\" content=\"Escrito por\" \/>\n\t<meta name=\"twitter:data1\" content=\"Reda\u00e7\u00e3o\" \/>\n\t<meta name=\"twitter:label2\" content=\"Est. tempo de leitura\" \/>\n\t<meta name=\"twitter:data2\" content=\"2 minutos\" \/>\n<script type=\"application\/ld+json\" class=\"yoast-schema-graph\">{\"@context\":\"https:\/\/schema.org\",\"@graph\":[{\"@type\":\"Article\",\"@id\":\"https:\/\/www.notibras.com\/site\/luis-henrique-tecnico-do-barcelona-e-anunciado-pela-fifa-como-o-melhor-do-mundo\/#article\",\"isPartOf\":{\"@id\":\"https:\/\/www.notibras.com\/site\/luis-henrique-tecnico-do-barcelona-e-anunciado-pela-fifa-como-o-melhor-do-mundo\/\"},\"author\":{\"name\":\"Reda\u00e7\u00e3o\",\"@id\":\"https:\/\/www.notibras.com\/site\/#\/schema\/person\/36ab0979449956132d3e5b517ea76ac8\"},\"headline\":\"Luis Henrique, t\u00e9cnico do Barcelona, \u00e9 anunciado pela Fifa como o melhor do mundo\",\"datePublished\":\"2016-01-11T18:35:48+00:00\",\"dateModified\":\"2016-01-11T19:19:27+00:00\",\"mainEntityOfPage\":{\"@id\":\"https:\/\/www.notibras.com\/site\/luis-henrique-tecnico-do-barcelona-e-anunciado-pela-fifa-como-o-melhor-do-mundo\/\"},\"wordCount\":415,\"commentCount\":0,\"publisher\":{\"@id\":\"https:\/\/www.notibras.com\/site\/#organization\"},\"image\":{\"@id\":\"https:\/\/www.notibras.com\/site\/luis-henrique-tecnico-do-barcelona-e-anunciado-pela-fifa-como-o-melhor-do-mundo\/#primaryimage\"},\"thumbnailUrl\":\"https:\/\/www.notibras.com\/site\/wp-content\/uploads\/2016\/01\/lhbar.jpg\",\"articleSection\":[\"Esportes\"],\"inLanguage\":\"pt-BR\",\"potentialAction\":[{\"@type\":\"CommentAction\",\"name\":\"Comment\",\"target\":[\"https:\/\/www.notibras.com\/site\/luis-henrique-tecnico-do-barcelona-e-anunciado-pela-fifa-como-o-melhor-do-mundo\/#respond\"]}]},{\"@type\":\"WebPage\",\"@id\":\"https:\/\/www.notibras.com\/site\/luis-henrique-tecnico-do-barcelona-e-anunciado-pela-fifa-como-o-melhor-do-mundo\/\",\"url\":\"https:\/\/www.notibras.com\/site\/luis-henrique-tecnico-do-barcelona-e-anunciado-pela-fifa-como-o-melhor-do-mundo\/\",\"name\":\"Luis Henrique, t\u00e9cnico do Barcelona, \u00e9 anunciado pela Fifa como o melhor do mundo - Notibras\",\"isPartOf\":{\"@id\":\"https:\/\/www.notibras.com\/site\/#website\"},\"primaryImageOfPage\":{\"@id\":\"https:\/\/www.notibras.com\/site\/luis-henrique-tecnico-do-barcelona-e-anunciado-pela-fifa-como-o-melhor-do-mundo\/#primaryimage\"},\"image\":{\"@id\":\"https:\/\/www.notibras.com\/site\/luis-henrique-tecnico-do-barcelona-e-anunciado-pela-fifa-como-o-melhor-do-mundo\/#primaryimage\"},\"thumbnailUrl\":\"https:\/\/www.notibras.com\/site\/wp-content\/uploads\/2016\/01\/lhbar.jpg\",\"datePublished\":\"2016-01-11T18:35:48+00:00\",\"dateModified\":\"2016-01-11T19:19:27+00:00\",\"breadcrumb\":{\"@id\":\"https:\/\/www.notibras.com\/site\/luis-henrique-tecnico-do-barcelona-e-anunciado-pela-fifa-como-o-melhor-do-mundo\/#breadcrumb\"},\"inLanguage\":\"pt-BR\",\"potentialAction\":[{\"@type\":\"ReadAction\",\"target\":[\"https:\/\/www.notibras.com\/site\/luis-henrique-tecnico-do-barcelona-e-anunciado-pela-fifa-como-o-melhor-do-mundo\/\"]}]},{\"@type\":\"ImageObject\",\"inLanguage\":\"pt-BR\",\"@id\":\"https:\/\/www.notibras.com\/site\/luis-henrique-tecnico-do-barcelona-e-anunciado-pela-fifa-como-o-melhor-do-mundo\/#primaryimage\",\"url\":\"https:\/\/www.notibras.com\/site\/wp-content\/uploads\/2016\/01\/lhbar.jpg\",\"contentUrl\":\"https:\/\/www.notibras.com\/site\/wp-content\/uploads\/2016\/01\/lhbar.jpg\",\"width\":594,\"height\":396},{\"@type\":\"BreadcrumbList\",\"@id\":\"https:\/\/www.notibras.com\/site\/luis-henrique-tecnico-do-barcelona-e-anunciado-pela-fifa-como-o-melhor-do-mundo\/#breadcrumb\",\"itemListElement\":[{\"@type\":\"ListItem\",\"position\":1,\"name\":\"In\u00edcio\",\"item\":\"https:\/\/www.notibras.com\/site\/\"},{\"@type\":\"ListItem\",\"position\":2,\"name\":\"Luis Henrique, t\u00e9cnico do Barcelona, \u00e9 anunciado pela Fifa como o melhor do mundo\"}]},{\"@type\":\"WebSite\",\"@id\":\"https:\/\/www.notibras.com\/site\/#website\",\"url\":\"https:\/\/www.notibras.com\/site\/\",\"name\":\"Notibras\",\"description\":\"Not\u00edcias de Bras\u00edlia, do Brasil e do Mundo\",\"publisher\":{\"@id\":\"https:\/\/www.notibras.com\/site\/#organization\"},\"potentialAction\":[{\"@type\":\"SearchAction\",\"target\":{\"@type\":\"EntryPoint\",\"urlTemplate\":\"https:\/\/www.notibras.com\/site\/?s={search_term_string}\"},\"query-input\":{\"@type\":\"PropertyValueSpecification\",\"valueRequired\":true,\"valueName\":\"search_term_string\"}}],\"inLanguage\":\"pt-BR\"},{\"@type\":\"Organization\",\"@id\":\"https:\/\/www.notibras.com\/site\/#organization\",\"name\":\"Grupo Notibras de Comunica\u00e7\u00e3o\",\"url\":\"https:\/\/www.notibras.com\/site\/\",\"logo\":{\"@type\":\"ImageObject\",\"inLanguage\":\"pt-BR\",\"@id\":\"https:\/\/www.notibras.com\/site\/#\/schema\/logo\/image\/\",\"url\":\"https:\/\/www.notibras.com\/site\/wp-content\/uploads\/2023\/01\/notibras23.png\",\"contentUrl\":\"https:\/\/www.notibras.com\/site\/wp-content\/uploads\/2023\/01\/notibras23.png\",\"width\":350,\"height\":87,\"caption\":\"Grupo Notibras de Comunica\u00e7\u00e3o\"},\"image\":{\"@id\":\"https:\/\/www.notibras.com\/site\/#\/schema\/logo\/image\/\"},\"sameAs\":[\"https:\/\/www.facebook.com\/notibras\/\",\"https:\/\/x.com\/Notibras\",\"https:\/\/www.instagram.com\/notibras\/\"]},{\"@type\":\"Person\",\"@id\":\"https:\/\/www.notibras.com\/site\/#\/schema\/person\/36ab0979449956132d3e5b517ea76ac8\",\"name\":\"Reda\u00e7\u00e3o\",\"image\":{\"@type\":\"ImageObject\",\"inLanguage\":\"pt-BR\",\"@id\":\"https:\/\/secure.gravatar.com\/avatar\/e0a867bdedb85fd243eadf09663511f96fc81e0720a4a42581f334ad4303aa6b?s=96&d=mm&r=g\",\"url\":\"https:\/\/secure.gravatar.com\/avatar\/e0a867bdedb85fd243eadf09663511f96fc81e0720a4a42581f334ad4303aa6b?s=96&d=mm&r=g\",\"contentUrl\":\"https:\/\/secure.gravatar.com\/avatar\/e0a867bdedb85fd243eadf09663511f96fc81e0720a4a42581f334ad4303aa6b?s=96&d=mm&r=g\",\"caption\":\"Reda\u00e7\u00e3o\"}}]}<\/script>\n<!-- \/ Yoast SEO plugin. -->","yoast_head_json":{"title":"Luis Henrique, t\u00e9cnico do Barcelona, \u00e9 anunciado pela Fifa como o melhor do mundo - Notibras","robots":{"index":"index","follow":"follow","max-snippet":"max-snippet:-1","max-image-preview":"max-image-preview:large","max-video-preview":"max-video-preview:-1"},"canonical":"https:\/\/www.notibras.com\/site\/luis-henrique-tecnico-do-barcelona-e-anunciado-pela-fifa-como-o-melhor-do-mundo\/","og_locale":"pt_BR","og_type":"article","og_title":"Luis Henrique, t\u00e9cnico do Barcelona, \u00e9 anunciado pela Fifa como o melhor do mundo - Notibras","og_description":"O sucesso do Barcelona no ano de 2015 refletiu na escolha do melhor t\u00e9cnico do mundo pela Fifa, anunciada na festa de gala da entidade nesta segunda-feira, em Zurique. O pr\u00eamio ficou com o espanhol Luis Enrique, que comandou o clube catal\u00e3o em sua temporada praticamente perfeita. Ele alegou compromissos profissionais e n\u00e3o esteve presente [&hellip;]","og_url":"https:\/\/www.notibras.com\/site\/luis-henrique-tecnico-do-barcelona-e-anunciado-pela-fifa-como-o-melhor-do-mundo\/","og_site_name":"Notibras","article_publisher":"https:\/\/www.facebook.com\/notibras\/","article_published_time":"2016-01-11T18:35:48+00:00","article_modified_time":"2016-01-11T19:19:27+00:00","og_image":[{"width":594,"height":396,"url":"https:\/\/www.notibras.com\/site\/wp-content\/uploads\/2016\/01\/lhbar.jpg","type":"image\/jpeg"}],"author":"Reda\u00e7\u00e3o","twitter_card":"summary_large_image","twitter_creator":"@Notibras","twitter_site":"@Notibras","twitter_misc":{"Escrito por":"Reda\u00e7\u00e3o","Est. tempo de leitura":"2 minutos"},"schema":{"@context":"https:\/\/schema.org","@graph":[{"@type":"Article","@id":"https:\/\/www.notibras.com\/site\/luis-henrique-tecnico-do-barcelona-e-anunciado-pela-fifa-como-o-melhor-do-mundo\/#article","isPartOf":{"@id":"https:\/\/www.notibras.com\/site\/luis-henrique-tecnico-do-barcelona-e-anunciado-pela-fifa-como-o-melhor-do-mundo\/"},"author":{"name":"Reda\u00e7\u00e3o","@id":"https:\/\/www.notibras.com\/site\/#\/schema\/person\/36ab0979449956132d3e5b517ea76ac8"},"headline":"Luis Henrique, t\u00e9cnico do Barcelona, \u00e9 anunciado pela Fifa como o melhor do mundo","datePublished":"2016-01-11T18:35:48+00:00","dateModified":"2016-01-11T19:19:27+00:00","mainEntityOfPage":{"@id":"https:\/\/www.notibras.com\/site\/luis-henrique-tecnico-do-barcelona-e-anunciado-pela-fifa-como-o-melhor-do-mundo\/"},"wordCount":415,"commentCount":0,"publisher":{"@id":"https:\/\/www.notibras.com\/site\/#organization"},"image":{"@id":"https:\/\/www.notibras.com\/site\/luis-henrique-tecnico-do-barcelona-e-anunciado-pela-fifa-como-o-melhor-do-mundo\/#primaryimage"},"thumbnailUrl":"https:\/\/www.notibras.com\/site\/wp-content\/uploads\/2016\/01\/lhbar.jpg","articleSection":["Esportes"],"inLanguage":"pt-BR","potentialAction":[{"@type":"CommentAction","name":"Comment","target":["https:\/\/www.notibras.com\/site\/luis-henrique-tecnico-do-barcelona-e-anunciado-pela-fifa-como-o-melhor-do-mundo\/#respond"]}]},{"@type":"WebPage","@id":"https:\/\/www.notibras.com\/site\/luis-henrique-tecnico-do-barcelona-e-anunciado-pela-fifa-como-o-melhor-do-mundo\/","url":"https:\/\/www.notibras.com\/site\/luis-henrique-tecnico-do-barcelona-e-anunciado-pela-fifa-como-o-melhor-do-mundo\/","name":"Luis Henrique, t\u00e9cnico do Barcelona, \u00e9 anunciado pela Fifa como o melhor do mundo - Notibras","isPartOf":{"@id":"https:\/\/www.notibras.com\/site\/#website"},"primaryImageOfPage":{"@id":"https:\/\/www.notibras.com\/site\/luis-henrique-tecnico-do-barcelona-e-anunciado-pela-fifa-como-o-melhor-do-mundo\/#primaryimage"},"image":{"@id":"https:\/\/www.notibras.com\/site\/luis-henrique-tecnico-do-barcelona-e-anunciado-pela-fifa-como-o-melhor-do-mundo\/#primaryimage"},"thumbnailUrl":"https:\/\/www.notibras.com\/site\/wp-content\/uploads\/2016\/01\/lhbar.jpg","datePublished":"2016-01-11T18:35:48+00:00","dateModified":"2016-01-11T19:19:27+00:00","breadcrumb":{"@id":"https:\/\/www.notibras.com\/site\/luis-henrique-tecnico-do-barcelona-e-anunciado-pela-fifa-como-o-melhor-do-mundo\/#breadcrumb"},"inLanguage":"pt-BR","potentialAction":[{"@type":"ReadAction","target":["https:\/\/www.notibras.com\/site\/luis-henrique-tecnico-do-barcelona-e-anunciado-pela-fifa-como-o-melhor-do-mundo\/"]}]},{"@type":"ImageObject","inLanguage":"pt-BR","@id":"https:\/\/www.notibras.com\/site\/luis-henrique-tecnico-do-barcelona-e-anunciado-pela-fifa-como-o-melhor-do-mundo\/#primaryimage","url":"https:\/\/www.notibras.com\/site\/wp-content\/uploads\/2016\/01\/lhbar.jpg","contentUrl":"https:\/\/www.notibras.com\/site\/wp-content\/uploads\/2016\/01\/lhbar.jpg","width":594,"height":396},{"@type":"BreadcrumbList","@id":"https:\/\/www.notibras.com\/site\/luis-henrique-tecnico-do-barcelona-e-anunciado-pela-fifa-como-o-melhor-do-mundo\/#breadcrumb","itemListElement":[{"@type":"ListItem","position":1,"name":"In\u00edcio","item":"https:\/\/www.notibras.com\/site\/"},{"@type":"ListItem","position":2,"name":"Luis Henrique, t\u00e9cnico do Barcelona, \u00e9 anunciado pela Fifa como o melhor do mundo"}]},{"@type":"WebSite","@id":"https:\/\/www.notibras.com\/site\/#website","url":"https:\/\/www.notibras.com\/site\/","name":"Notibras","description":"Not\u00edcias de Bras\u00edlia, do Brasil e do Mundo","publisher":{"@id":"https:\/\/www.notibras.com\/site\/#organization"},"potentialAction":[{"@type":"SearchAction","target":{"@type":"EntryPoint","urlTemplate":"https:\/\/www.notibras.com\/site\/?s={search_term_string}"},"query-input":{"@type":"PropertyValueSpecification","valueRequired":true,"valueName":"search_term_string"}}],"inLanguage":"pt-BR"},{"@type":"Organization","@id":"https:\/\/www.notibras.com\/site\/#organization","name":"Grupo Notibras de Comunica\u00e7\u00e3o","url":"https:\/\/www.notibras.com\/site\/","logo":{"@type":"ImageObject","inLanguage":"pt-BR","@id":"https:\/\/www.notibras.com\/site\/#\/schema\/logo\/image\/","url":"https:\/\/www.notibras.com\/site\/wp-content\/uploads\/2023\/01\/notibras23.png","contentUrl":"https:\/\/www.notibras.com\/site\/wp-content\/uploads\/2023\/01\/notibras23.png","width":350,"height":87,"caption":"Grupo Notibras de Comunica\u00e7\u00e3o"},"image":{"@id":"https:\/\/www.notibras.com\/site\/#\/schema\/logo\/image\/"},"sameAs":["https:\/\/www.facebook.com\/notibras\/","https:\/\/x.com\/Notibras","https:\/\/www.instagram.com\/notibras\/"]},{"@type":"Person","@id":"https:\/\/www.notibras.com\/site\/#\/schema\/person\/36ab0979449956132d3e5b517ea76ac8","name":"Reda\u00e7\u00e3o","image":{"@type":"ImageObject","inLanguage":"pt-BR","@id":"https:\/\/secure.gravatar.com\/avatar\/e0a867bdedb85fd243eadf09663511f96fc81e0720a4a42581f334ad4303aa6b?s=96&d=mm&r=g","url":"https:\/\/secure.gravatar.com\/avatar\/e0a867bdedb85fd243eadf09663511f96fc81e0720a4a42581f334ad4303aa6b?s=96&d=mm&r=g","contentUrl":"https:\/\/secure.gravatar.com\/avatar\/e0a867bdedb85fd243eadf09663511f96fc81e0720a4a42581f334ad4303aa6b?s=96&d=mm&r=g","caption":"Reda\u00e7\u00e3o"}}]}},"amp_enabled":true,"_links":{"self":[{"href":"https:\/\/www.notibras.com\/site\/wp-json\/wp\/v2\/posts\/84160","targetHints":{"allow":["GET"]}}],"collection":[{"href":"https:\/\/www.notibras.com\/site\/wp-json\/wp\/v2\/posts"}],"about":[{"href":"https:\/\/www.notibras.com\/site\/wp-json\/wp\/v2\/types\/post"}],"author":[{"embeddable":true,"href":"https:\/\/www.notibras.com\/site\/wp-json\/wp\/v2\/users\/2"}],"replies":[{"embeddable":true,"href":"https:\/\/www.notibras.com\/site\/wp-json\/wp\/v2\/comments?post=84160"}],"version-history":[{"count":1,"href":"https:\/\/www.notibras.com\/site\/wp-json\/wp\/v2\/posts\/84160\/revisions"}],"predecessor-version":[{"id":84162,"href":"https:\/\/www.notibras.com\/site\/wp-json\/wp\/v2\/posts\/84160\/revisions\/84162"}],"wp:featuredmedia":[{"embeddable":true,"href":"https:\/\/www.notibras.com\/site\/wp-json\/wp\/v2\/media\/84161"}],"wp:attachment":[{"href":"https:\/\/www.notibras.com\/site\/wp-json\/wp\/v2\/media?parent=84160"}],"wp:term":[{"taxonomy":"category","embeddable":true,"href":"https:\/\/www.notibras.com\/site\/wp-json\/wp\/v2\/categories?post=84160"},{"taxonomy":"post_tag","embeddable":true,"href":"https:\/\/www.notibras.com\/site\/wp-json\/wp\/v2\/tags?post=84160"}],"curies":[{"name":"wp","href":"https:\/\/api.w.org\/{rel}","templated":true}]}}