{"id":84452,"date":"2016-01-13T17:27:18","date_gmt":"2016-01-13T19:27:18","guid":{"rendered":"http:\/\/www.notibras.com\/site\/?p=84452"},"modified":"2016-01-13T19:58:05","modified_gmt":"2016-01-13T21:58:05","slug":"lual-na-praia-em-olinda-passou-batido-mas-que-vai-ter-desconto-vai","status":"publish","type":"post","link":"https:\/\/www.notibras.com\/site\/lual-na-praia-em-olinda-passou-batido-mas-que-vai-ter-desconto-vai\/","title":{"rendered":"Lual na praia em Olinda passou batido, mas que vai ter troco, vai"},"content":{"rendered":"<p><strong>Hamed El-Awar<\/strong><\/p>\n<p>Hoje lia, em<strong> Notibras<\/strong>, mat\u00e9ria sobre a Lua Nova, editada em 8 de janeiro passado, na se\u00e7\u00e3o Ci\u00eancia &amp; Tecnologia.\u00a0Apaixonado que sou pela Lua Cheia, lembrei-me de imediato de uma situa\u00e7\u00e3o que passei ainda adolescente.<\/p>\n<p>Nessa \u00e9poca eu morava em Recife, mais precisamente na Avenida Visconde de Suassuna.<\/p>\n<p>Houve um \u201clual\u201d, em noite de Lua Cheia \u2013 claro, lual \u00e9 em noite de Lua Cheia, ora pois!!! \u2013, numa praia de Olinda, n\u00e3o me lembro o nome da praia, talvez do Carmo. Sei, no entanto, que era ali, bem no come\u00e7o da cidade, para quem vinha de Recife.<\/p>\n<p>O que lembro bem, ah, lembro muito bem mesmo, \u00e9 que fui ao bendito lual apenas e t\u00e3o somente porque uma linda vizinha, que morava do outro lado da avenida, l\u00e1 estaria.<\/p>\n<p>L\u00e1 fui, ent\u00e3o, na certeza de que, naquela noite, com a belezura da Lua Cheia, conseguiria a t\u00e3o desejada aten\u00e7\u00e3o da minha linda vizinha.<\/p>\n<p>Est\u00e1vamos l\u00e1, noite linda, iluminada, \u00e0s margens do mar com as ondas espumantes; toalhas ao ch\u00e3o, bebidas, lanches, viol\u00f5es, tudo!!!<\/p>\n<p>E a minha bela vizinha tamb\u00e9m l\u00e1 estava.<\/p>\n<p>Cantei, comi, bebi e a menina? Nada!!!<\/p>\n<p>A timidez, com toda sua sobriedade, impediu-me da t\u00e3o planejada investida.\u00a0Ficou a vontade.<\/p>\n<p>Anos depois, com um pouco de conhecimento da Astrologia, percebo que minha Lua est\u00e1, justamente, na casa dos amores, prazeres e divers\u00f5es \u2013 a Quinta Casa. Ah, que bom, n\u00e9? Como dizem, antes fosse!!!<\/p>\n<p>Ocorre que essa Lua est\u00e1 \u201cmal aspectada\u201d no meu Mapa Astrol\u00f3gico. E, como disse, justamente na Quinta Casa.<\/p>\n<p>T\u00e1 bem, explico (ou tento explicar): em Astrologia, Lua Cheia significa que est\u00e1 em \u201coposi\u00e7\u00e3o\u201d ao Sol, ou em \u201cmau aspecto\u201d. Isto quer dizer que est\u00e1 recebendo energias negativas do Sol. Se ela n\u00e3o est\u00e1 \u201cbem\u201d em um Mapa, o resultado \u00e9 negativo quando ocorrem fatos relacionados \u00e0 Casa onde ela se encontra no Mapa do Nativo.<\/p>\n<p>Na Lua Nova, \u00e9 o contr\u00e1rio: \u201cbem aspectada\u201d em conjun\u00e7\u00e3o ao Sol, as energias s\u00e3o boas.<\/p>\n<p>Passei, ent\u00e3o, a entender os porqu\u00eas de eu estar sozinho, apenas com meus bot\u00f5es, \u00e0s vezes, no S\u00edtio, em plena noite de Lua Cheia, sentado \u00e0 beira do lago ou da piscina, a meditar nesta vida. Vezes h\u00e1 em que o trabalho est\u00e1 mais intenso e \u00e1rduo.<\/p>\n<p>Lua Cheia; \u00e9 isso!!!<\/p>\n<p>Ah, mas tem que haver uma compensa\u00e7\u00e3o! E h\u00e1. Na Lua Nova, eu desconto tudo.\u00a0Tudinho!!!<\/p>\n","protected":false},"excerpt":{"rendered":"<p>Hamed El-Awar Hoje lia, em Notibras, mat\u00e9ria sobre a Lua Nova, editada em 8 de janeiro passado, na se\u00e7\u00e3o Ci\u00eancia &amp; Tecnologia.\u00a0Apaixonado que sou pela Lua Cheia, lembrei-me de imediato de uma situa\u00e7\u00e3o que passei ainda adolescente. Nessa \u00e9poca eu morava em Recife, mais precisamente na Avenida Visconde de Suassuna. Houve um \u201clual\u201d, em noite [&hellip;]<\/p>\n","protected":false},"author":2,"featured_media":84453,"comment_status":"open","ping_status":"closed","sticky":false,"template":"","format":"standard","meta":{"_acf_changed":false,"footnotes":""},"categories":[25],"tags":[],"class_list":["post-84452","post","type-post","status-publish","format-standard","has-post-thumbnail","hentry","category-opina-ai"],"acf":[],"yoast_head":"<!-- This site is optimized with the Yoast SEO plugin v27.5 - https:\/\/yoast.com\/product\/yoast-seo-wordpress\/ -->\n<title>Lual na praia em Olinda passou batido, mas que vai ter troco, vai - Notibras<\/title>\n<meta name=\"robots\" content=\"index, follow, max-snippet:-1, max-image-preview:large, max-video-preview:-1\" \/>\n<link rel=\"canonical\" href=\"https:\/\/www.notibras.com\/site\/lual-na-praia-em-olinda-passou-batido-mas-que-vai-ter-desconto-vai\/\" \/>\n<meta property=\"og:locale\" content=\"pt_BR\" \/>\n<meta property=\"og:type\" content=\"article\" \/>\n<meta property=\"og:title\" content=\"Lual na praia em Olinda passou batido, mas que vai ter troco, vai - Notibras\" \/>\n<meta property=\"og:description\" content=\"Hamed El-Awar Hoje lia, em Notibras, mat\u00e9ria sobre a Lua Nova, editada em 8 de janeiro passado, na se\u00e7\u00e3o Ci\u00eancia &amp; Tecnologia.\u00a0Apaixonado que sou pela Lua Cheia, lembrei-me de imediato de uma situa\u00e7\u00e3o que passei ainda adolescente. Nessa \u00e9poca eu morava em Recife, mais precisamente na Avenida Visconde de Suassuna. Houve um \u201clual\u201d, em noite [&hellip;]\" \/>\n<meta property=\"og:url\" content=\"https:\/\/www.notibras.com\/site\/lual-na-praia-em-olinda-passou-batido-mas-que-vai-ter-desconto-vai\/\" \/>\n<meta property=\"og:site_name\" content=\"Notibras\" \/>\n<meta property=\"article:publisher\" content=\"https:\/\/www.facebook.com\/notibras\/\" \/>\n<meta property=\"article:published_time\" content=\"2016-01-13T19:27:18+00:00\" \/>\n<meta property=\"article:modified_time\" content=\"2016-01-13T21:58:05+00:00\" \/>\n<meta property=\"og:image\" content=\"https:\/\/www.notibras.com\/site\/wp-content\/uploads\/2016\/01\/post-01062012-decorac3a7c3a3o-festa-na-praia.jpg\" \/>\n\t<meta property=\"og:image:width\" content=\"529\" \/>\n\t<meta property=\"og:image:height\" content=\"397\" \/>\n\t<meta property=\"og:image:type\" content=\"image\/jpeg\" \/>\n<meta name=\"author\" content=\"Reda\u00e7\u00e3o\" \/>\n<meta name=\"twitter:card\" content=\"summary_large_image\" \/>\n<meta name=\"twitter:creator\" content=\"@Notibras\" \/>\n<meta name=\"twitter:site\" content=\"@Notibras\" \/>\n<meta name=\"twitter:label1\" content=\"Escrito por\" \/>\n\t<meta name=\"twitter:data1\" content=\"Reda\u00e7\u00e3o\" \/>\n\t<meta name=\"twitter:label2\" content=\"Est. tempo de leitura\" \/>\n\t<meta name=\"twitter:data2\" content=\"2 minutos\" \/>\n<script type=\"application\/ld+json\" class=\"yoast-schema-graph\">{\"@context\":\"https:\\\/\\\/schema.org\",\"@graph\":[{\"@type\":\"Article\",\"@id\":\"https:\\\/\\\/www.notibras.com\\\/site\\\/lual-na-praia-em-olinda-passou-batido-mas-que-vai-ter-desconto-vai\\\/#article\",\"isPartOf\":{\"@id\":\"https:\\\/\\\/www.notibras.com\\\/site\\\/lual-na-praia-em-olinda-passou-batido-mas-que-vai-ter-desconto-vai\\\/\"},\"author\":{\"name\":\"Reda\u00e7\u00e3o\",\"@id\":\"https:\\\/\\\/www.notibras.com\\\/site\\\/#\\\/schema\\\/person\\\/36ab0979449956132d3e5b517ea76ac8\"},\"headline\":\"Lual na praia em Olinda passou batido, mas que vai ter troco, vai\",\"datePublished\":\"2016-01-13T19:27:18+00:00\",\"dateModified\":\"2016-01-13T21:58:05+00:00\",\"mainEntityOfPage\":{\"@id\":\"https:\\\/\\\/www.notibras.com\\\/site\\\/lual-na-praia-em-olinda-passou-batido-mas-que-vai-ter-desconto-vai\\\/\"},\"wordCount\":427,\"commentCount\":0,\"publisher\":{\"@id\":\"https:\\\/\\\/www.notibras.com\\\/site\\\/#organization\"},\"image\":{\"@id\":\"https:\\\/\\\/www.notibras.com\\\/site\\\/lual-na-praia-em-olinda-passou-batido-mas-que-vai-ter-desconto-vai\\\/#primaryimage\"},\"thumbnailUrl\":\"https:\\\/\\\/www.notibras.com\\\/site\\\/wp-content\\\/uploads\\\/2016\\\/01\\\/post-01062012-decorac3a7c3a3o-festa-na-praia.jpg\",\"articleSection\":[\"Opina a\u00ed\"],\"inLanguage\":\"pt-BR\",\"potentialAction\":[{\"@type\":\"CommentAction\",\"name\":\"Comment\",\"target\":[\"https:\\\/\\\/www.notibras.com\\\/site\\\/lual-na-praia-em-olinda-passou-batido-mas-que-vai-ter-desconto-vai\\\/#respond\"]}]},{\"@type\":\"WebPage\",\"@id\":\"https:\\\/\\\/www.notibras.com\\\/site\\\/lual-na-praia-em-olinda-passou-batido-mas-que-vai-ter-desconto-vai\\\/\",\"url\":\"https:\\\/\\\/www.notibras.com\\\/site\\\/lual-na-praia-em-olinda-passou-batido-mas-que-vai-ter-desconto-vai\\\/\",\"name\":\"Lual na praia em Olinda passou batido, mas que vai ter troco, vai - Notibras\",\"isPartOf\":{\"@id\":\"https:\\\/\\\/www.notibras.com\\\/site\\\/#website\"},\"primaryImageOfPage\":{\"@id\":\"https:\\\/\\\/www.notibras.com\\\/site\\\/lual-na-praia-em-olinda-passou-batido-mas-que-vai-ter-desconto-vai\\\/#primaryimage\"},\"image\":{\"@id\":\"https:\\\/\\\/www.notibras.com\\\/site\\\/lual-na-praia-em-olinda-passou-batido-mas-que-vai-ter-desconto-vai\\\/#primaryimage\"},\"thumbnailUrl\":\"https:\\\/\\\/www.notibras.com\\\/site\\\/wp-content\\\/uploads\\\/2016\\\/01\\\/post-01062012-decorac3a7c3a3o-festa-na-praia.jpg\",\"datePublished\":\"2016-01-13T19:27:18+00:00\",\"dateModified\":\"2016-01-13T21:58:05+00:00\",\"breadcrumb\":{\"@id\":\"https:\\\/\\\/www.notibras.com\\\/site\\\/lual-na-praia-em-olinda-passou-batido-mas-que-vai-ter-desconto-vai\\\/#breadcrumb\"},\"inLanguage\":\"pt-BR\",\"potentialAction\":[{\"@type\":\"ReadAction\",\"target\":[\"https:\\\/\\\/www.notibras.com\\\/site\\\/lual-na-praia-em-olinda-passou-batido-mas-que-vai-ter-desconto-vai\\\/\"]}]},{\"@type\":\"ImageObject\",\"inLanguage\":\"pt-BR\",\"@id\":\"https:\\\/\\\/www.notibras.com\\\/site\\\/lual-na-praia-em-olinda-passou-batido-mas-que-vai-ter-desconto-vai\\\/#primaryimage\",\"url\":\"https:\\\/\\\/www.notibras.com\\\/site\\\/wp-content\\\/uploads\\\/2016\\\/01\\\/post-01062012-decorac3a7c3a3o-festa-na-praia.jpg\",\"contentUrl\":\"https:\\\/\\\/www.notibras.com\\\/site\\\/wp-content\\\/uploads\\\/2016\\\/01\\\/post-01062012-decorac3a7c3a3o-festa-na-praia.jpg\",\"width\":529,\"height\":397},{\"@type\":\"BreadcrumbList\",\"@id\":\"https:\\\/\\\/www.notibras.com\\\/site\\\/lual-na-praia-em-olinda-passou-batido-mas-que-vai-ter-desconto-vai\\\/#breadcrumb\",\"itemListElement\":[{\"@type\":\"ListItem\",\"position\":1,\"name\":\"In\u00edcio\",\"item\":\"https:\\\/\\\/www.notibras.com\\\/site\\\/\"},{\"@type\":\"ListItem\",\"position\":2,\"name\":\"Lual na praia em Olinda passou batido, mas que vai ter troco, vai\"}]},{\"@type\":\"WebSite\",\"@id\":\"https:\\\/\\\/www.notibras.com\\\/site\\\/#website\",\"url\":\"https:\\\/\\\/www.notibras.com\\\/site\\\/\",\"name\":\"Notibras\",\"description\":\"Not\u00edcias de Bras\u00edlia, do Brasil e do Mundo\",\"publisher\":{\"@id\":\"https:\\\/\\\/www.notibras.com\\\/site\\\/#organization\"},\"potentialAction\":[{\"@type\":\"SearchAction\",\"target\":{\"@type\":\"EntryPoint\",\"urlTemplate\":\"https:\\\/\\\/www.notibras.com\\\/site\\\/?s={search_term_string}\"},\"query-input\":{\"@type\":\"PropertyValueSpecification\",\"valueRequired\":true,\"valueName\":\"search_term_string\"}}],\"inLanguage\":\"pt-BR\"},{\"@type\":\"Organization\",\"@id\":\"https:\\\/\\\/www.notibras.com\\\/site\\\/#organization\",\"name\":\"Grupo Notibras de Comunica\u00e7\u00e3o\",\"url\":\"https:\\\/\\\/www.notibras.com\\\/site\\\/\",\"logo\":{\"@type\":\"ImageObject\",\"inLanguage\":\"pt-BR\",\"@id\":\"https:\\\/\\\/www.notibras.com\\\/site\\\/#\\\/schema\\\/logo\\\/image\\\/\",\"url\":\"https:\\\/\\\/www.notibras.com\\\/site\\\/wp-content\\\/uploads\\\/2023\\\/01\\\/notibras23.png\",\"contentUrl\":\"https:\\\/\\\/www.notibras.com\\\/site\\\/wp-content\\\/uploads\\\/2023\\\/01\\\/notibras23.png\",\"width\":350,\"height\":87,\"caption\":\"Grupo Notibras de Comunica\u00e7\u00e3o\"},\"image\":{\"@id\":\"https:\\\/\\\/www.notibras.com\\\/site\\\/#\\\/schema\\\/logo\\\/image\\\/\"},\"sameAs\":[\"https:\\\/\\\/www.facebook.com\\\/notibras\\\/\",\"https:\\\/\\\/x.com\\\/Notibras\",\"https:\\\/\\\/www.instagram.com\\\/notibras\\\/\"]},{\"@type\":\"Person\",\"@id\":\"https:\\\/\\\/www.notibras.com\\\/site\\\/#\\\/schema\\\/person\\\/36ab0979449956132d3e5b517ea76ac8\",\"name\":\"Reda\u00e7\u00e3o\",\"image\":{\"@type\":\"ImageObject\",\"inLanguage\":\"pt-BR\",\"@id\":\"https:\\\/\\\/secure.gravatar.com\\\/avatar\\\/e0a867bdedb85fd243eadf09663511f96fc81e0720a4a42581f334ad4303aa6b?s=96&d=mm&r=g\",\"url\":\"https:\\\/\\\/secure.gravatar.com\\\/avatar\\\/e0a867bdedb85fd243eadf09663511f96fc81e0720a4a42581f334ad4303aa6b?s=96&d=mm&r=g\",\"contentUrl\":\"https:\\\/\\\/secure.gravatar.com\\\/avatar\\\/e0a867bdedb85fd243eadf09663511f96fc81e0720a4a42581f334ad4303aa6b?s=96&d=mm&r=g\",\"caption\":\"Reda\u00e7\u00e3o\"}}]}<\/script>\n<!-- \/ Yoast SEO plugin. -->","yoast_head_json":{"title":"Lual na praia em Olinda passou batido, mas que vai ter troco, vai - Notibras","robots":{"index":"index","follow":"follow","max-snippet":"max-snippet:-1","max-image-preview":"max-image-preview:large","max-video-preview":"max-video-preview:-1"},"canonical":"https:\/\/www.notibras.com\/site\/lual-na-praia-em-olinda-passou-batido-mas-que-vai-ter-desconto-vai\/","og_locale":"pt_BR","og_type":"article","og_title":"Lual na praia em Olinda passou batido, mas que vai ter troco, vai - Notibras","og_description":"Hamed El-Awar Hoje lia, em Notibras, mat\u00e9ria sobre a Lua Nova, editada em 8 de janeiro passado, na se\u00e7\u00e3o Ci\u00eancia &amp; Tecnologia.\u00a0Apaixonado que sou pela Lua Cheia, lembrei-me de imediato de uma situa\u00e7\u00e3o que passei ainda adolescente. Nessa \u00e9poca eu morava em Recife, mais precisamente na Avenida Visconde de Suassuna. Houve um \u201clual\u201d, em noite [&hellip;]","og_url":"https:\/\/www.notibras.com\/site\/lual-na-praia-em-olinda-passou-batido-mas-que-vai-ter-desconto-vai\/","og_site_name":"Notibras","article_publisher":"https:\/\/www.facebook.com\/notibras\/","article_published_time":"2016-01-13T19:27:18+00:00","article_modified_time":"2016-01-13T21:58:05+00:00","og_image":[{"width":529,"height":397,"url":"https:\/\/www.notibras.com\/site\/wp-content\/uploads\/2016\/01\/post-01062012-decorac3a7c3a3o-festa-na-praia.jpg","type":"image\/jpeg"}],"author":"Reda\u00e7\u00e3o","twitter_card":"summary_large_image","twitter_creator":"@Notibras","twitter_site":"@Notibras","twitter_misc":{"Escrito por":"Reda\u00e7\u00e3o","Est. tempo de leitura":"2 minutos"},"schema":{"@context":"https:\/\/schema.org","@graph":[{"@type":"Article","@id":"https:\/\/www.notibras.com\/site\/lual-na-praia-em-olinda-passou-batido-mas-que-vai-ter-desconto-vai\/#article","isPartOf":{"@id":"https:\/\/www.notibras.com\/site\/lual-na-praia-em-olinda-passou-batido-mas-que-vai-ter-desconto-vai\/"},"author":{"name":"Reda\u00e7\u00e3o","@id":"https:\/\/www.notibras.com\/site\/#\/schema\/person\/36ab0979449956132d3e5b517ea76ac8"},"headline":"Lual na praia em Olinda passou batido, mas que vai ter troco, vai","datePublished":"2016-01-13T19:27:18+00:00","dateModified":"2016-01-13T21:58:05+00:00","mainEntityOfPage":{"@id":"https:\/\/www.notibras.com\/site\/lual-na-praia-em-olinda-passou-batido-mas-que-vai-ter-desconto-vai\/"},"wordCount":427,"commentCount":0,"publisher":{"@id":"https:\/\/www.notibras.com\/site\/#organization"},"image":{"@id":"https:\/\/www.notibras.com\/site\/lual-na-praia-em-olinda-passou-batido-mas-que-vai-ter-desconto-vai\/#primaryimage"},"thumbnailUrl":"https:\/\/www.notibras.com\/site\/wp-content\/uploads\/2016\/01\/post-01062012-decorac3a7c3a3o-festa-na-praia.jpg","articleSection":["Opina a\u00ed"],"inLanguage":"pt-BR","potentialAction":[{"@type":"CommentAction","name":"Comment","target":["https:\/\/www.notibras.com\/site\/lual-na-praia-em-olinda-passou-batido-mas-que-vai-ter-desconto-vai\/#respond"]}]},{"@type":"WebPage","@id":"https:\/\/www.notibras.com\/site\/lual-na-praia-em-olinda-passou-batido-mas-que-vai-ter-desconto-vai\/","url":"https:\/\/www.notibras.com\/site\/lual-na-praia-em-olinda-passou-batido-mas-que-vai-ter-desconto-vai\/","name":"Lual na praia em Olinda passou batido, mas que vai ter troco, vai - Notibras","isPartOf":{"@id":"https:\/\/www.notibras.com\/site\/#website"},"primaryImageOfPage":{"@id":"https:\/\/www.notibras.com\/site\/lual-na-praia-em-olinda-passou-batido-mas-que-vai-ter-desconto-vai\/#primaryimage"},"image":{"@id":"https:\/\/www.notibras.com\/site\/lual-na-praia-em-olinda-passou-batido-mas-que-vai-ter-desconto-vai\/#primaryimage"},"thumbnailUrl":"https:\/\/www.notibras.com\/site\/wp-content\/uploads\/2016\/01\/post-01062012-decorac3a7c3a3o-festa-na-praia.jpg","datePublished":"2016-01-13T19:27:18+00:00","dateModified":"2016-01-13T21:58:05+00:00","breadcrumb":{"@id":"https:\/\/www.notibras.com\/site\/lual-na-praia-em-olinda-passou-batido-mas-que-vai-ter-desconto-vai\/#breadcrumb"},"inLanguage":"pt-BR","potentialAction":[{"@type":"ReadAction","target":["https:\/\/www.notibras.com\/site\/lual-na-praia-em-olinda-passou-batido-mas-que-vai-ter-desconto-vai\/"]}]},{"@type":"ImageObject","inLanguage":"pt-BR","@id":"https:\/\/www.notibras.com\/site\/lual-na-praia-em-olinda-passou-batido-mas-que-vai-ter-desconto-vai\/#primaryimage","url":"https:\/\/www.notibras.com\/site\/wp-content\/uploads\/2016\/01\/post-01062012-decorac3a7c3a3o-festa-na-praia.jpg","contentUrl":"https:\/\/www.notibras.com\/site\/wp-content\/uploads\/2016\/01\/post-01062012-decorac3a7c3a3o-festa-na-praia.jpg","width":529,"height":397},{"@type":"BreadcrumbList","@id":"https:\/\/www.notibras.com\/site\/lual-na-praia-em-olinda-passou-batido-mas-que-vai-ter-desconto-vai\/#breadcrumb","itemListElement":[{"@type":"ListItem","position":1,"name":"In\u00edcio","item":"https:\/\/www.notibras.com\/site\/"},{"@type":"ListItem","position":2,"name":"Lual na praia em Olinda passou batido, mas que vai ter troco, vai"}]},{"@type":"WebSite","@id":"https:\/\/www.notibras.com\/site\/#website","url":"https:\/\/www.notibras.com\/site\/","name":"Notibras","description":"Not\u00edcias de Bras\u00edlia, do Brasil e do Mundo","publisher":{"@id":"https:\/\/www.notibras.com\/site\/#organization"},"potentialAction":[{"@type":"SearchAction","target":{"@type":"EntryPoint","urlTemplate":"https:\/\/www.notibras.com\/site\/?s={search_term_string}"},"query-input":{"@type":"PropertyValueSpecification","valueRequired":true,"valueName":"search_term_string"}}],"inLanguage":"pt-BR"},{"@type":"Organization","@id":"https:\/\/www.notibras.com\/site\/#organization","name":"Grupo Notibras de Comunica\u00e7\u00e3o","url":"https:\/\/www.notibras.com\/site\/","logo":{"@type":"ImageObject","inLanguage":"pt-BR","@id":"https:\/\/www.notibras.com\/site\/#\/schema\/logo\/image\/","url":"https:\/\/www.notibras.com\/site\/wp-content\/uploads\/2023\/01\/notibras23.png","contentUrl":"https:\/\/www.notibras.com\/site\/wp-content\/uploads\/2023\/01\/notibras23.png","width":350,"height":87,"caption":"Grupo Notibras de Comunica\u00e7\u00e3o"},"image":{"@id":"https:\/\/www.notibras.com\/site\/#\/schema\/logo\/image\/"},"sameAs":["https:\/\/www.facebook.com\/notibras\/","https:\/\/x.com\/Notibras","https:\/\/www.instagram.com\/notibras\/"]},{"@type":"Person","@id":"https:\/\/www.notibras.com\/site\/#\/schema\/person\/36ab0979449956132d3e5b517ea76ac8","name":"Reda\u00e7\u00e3o","image":{"@type":"ImageObject","inLanguage":"pt-BR","@id":"https:\/\/secure.gravatar.com\/avatar\/e0a867bdedb85fd243eadf09663511f96fc81e0720a4a42581f334ad4303aa6b?s=96&d=mm&r=g","url":"https:\/\/secure.gravatar.com\/avatar\/e0a867bdedb85fd243eadf09663511f96fc81e0720a4a42581f334ad4303aa6b?s=96&d=mm&r=g","contentUrl":"https:\/\/secure.gravatar.com\/avatar\/e0a867bdedb85fd243eadf09663511f96fc81e0720a4a42581f334ad4303aa6b?s=96&d=mm&r=g","caption":"Reda\u00e7\u00e3o"}}]}},"amp_enabled":true,"_links":{"self":[{"href":"https:\/\/www.notibras.com\/site\/wp-json\/wp\/v2\/posts\/84452","targetHints":{"allow":["GET"]}}],"collection":[{"href":"https:\/\/www.notibras.com\/site\/wp-json\/wp\/v2\/posts"}],"about":[{"href":"https:\/\/www.notibras.com\/site\/wp-json\/wp\/v2\/types\/post"}],"author":[{"embeddable":true,"href":"https:\/\/www.notibras.com\/site\/wp-json\/wp\/v2\/users\/2"}],"replies":[{"embeddable":true,"href":"https:\/\/www.notibras.com\/site\/wp-json\/wp\/v2\/comments?post=84452"}],"version-history":[{"count":3,"href":"https:\/\/www.notibras.com\/site\/wp-json\/wp\/v2\/posts\/84452\/revisions"}],"predecessor-version":[{"id":84460,"href":"https:\/\/www.notibras.com\/site\/wp-json\/wp\/v2\/posts\/84452\/revisions\/84460"}],"wp:featuredmedia":[{"embeddable":true,"href":"https:\/\/www.notibras.com\/site\/wp-json\/wp\/v2\/media\/84453"}],"wp:attachment":[{"href":"https:\/\/www.notibras.com\/site\/wp-json\/wp\/v2\/media?parent=84452"}],"wp:term":[{"taxonomy":"category","embeddable":true,"href":"https:\/\/www.notibras.com\/site\/wp-json\/wp\/v2\/categories?post=84452"},{"taxonomy":"post_tag","embeddable":true,"href":"https:\/\/www.notibras.com\/site\/wp-json\/wp\/v2\/tags?post=84452"}],"curies":[{"name":"wp","href":"https:\/\/api.w.org\/{rel}","templated":true}]}}