{"id":8485,"date":"2014-05-07T00:01:30","date_gmt":"2014-05-07T03:01:30","guid":{"rendered":"http:\/\/www.notibras.com\/site\/?p=8485"},"modified":"2014-05-07T20:51:51","modified_gmt":"2014-05-07T23:51:51","slug":"lusa-perde-para-o-boa-esporte-e-entra-na-zona-da-degola-da-serie-b","status":"publish","type":"post","link":"https:\/\/www.notibras.com\/site\/lusa-perde-para-o-boa-esporte-e-entra-na-zona-da-degola-da-serie-b\/","title":{"rendered":"Lusa perde para o Boa Esporte e entra na zona da degola da S\u00e9rie B"},"content":{"rendered":"<p>A Portuguesa foi derrotada pelo Boa Esporte pelo placar de 2 a 1 em duelo disputado na noite desta ter\u00e7a-feira, no Est\u00e1dio do Mel\u00e3o, em Belo Horizonte, pela quarta rodada da S\u00e9rie B do Brasileir\u00e3o.<\/p>\n<p>Os gol anotados por Pedrinho, aos 45 minutos da etapa inicial, e Nilson, aos 47 do segundo tempo, garantiram ao time mineiro sua primeira vit\u00f3ria na competi\u00e7\u00e3o.<\/p>\n<p>Os rubro-verdes, por outro lado, mesmo com o tento de Allan Dias, marcado aos 10 da etapa final, ainda n\u00e3o sabem o que \u00e9 triunfar no torneio.<\/p>\n<p>Com a derrota, a Lusa foi ultrapassada na tabela de classifica\u00e7\u00e3o justamente pelo Boa Esporte. Com apenas dois pontos conquistados em 12 disputados, os lusitanos agora ocupam a 17\u00aa posi\u00e7\u00e3o, entrando na zona de rebaixamento \u00e0 S\u00e9rie C. O Boa, por sua vez, conseguiu respirar e, com quatro pontos, subir para a 11\u00aa coloca\u00e7\u00e3o.<\/p>\n<p>Paulistas e mineiros voltam a campo apenas no s\u00e1bado do dia 17, \u00e0s 16h20, em jogos v\u00e1lidos pela quinta rodada da S\u00e9rie B. A Portuguesa recebe, no Canind\u00e9, o Am\u00e9rica-RN. O Boa Esporte visita, na Vila Capanema, o Paran\u00e1.<\/p>\n","protected":false},"excerpt":{"rendered":"<p>A Portuguesa foi derrotada pelo Boa Esporte pelo placar de 2 a 1 em duelo disputado na noite desta ter\u00e7a-feira, no Est\u00e1dio do Mel\u00e3o, em Belo Horizonte, pela quarta rodada da S\u00e9rie B do Brasileir\u00e3o. Os gol anotados por Pedrinho, aos 45 minutos da etapa inicial, e Nilson, aos 47 do segundo tempo, garantiram ao [&hellip;]<\/p>\n","protected":false},"author":2,"featured_media":8486,"comment_status":"open","ping_status":"closed","sticky":false,"template":"","format":"standard","meta":{"_acf_changed":false,"footnotes":""},"categories":[19,29],"tags":[],"class_list":["post-8485","post","type-post","status-publish","format-standard","has-post-thumbnail","hentry","category-esportes","category-futebol"],"acf":[],"yoast_head":"<!-- This site is optimized with the Yoast SEO plugin v27.2 - https:\/\/yoast.com\/product\/yoast-seo-wordpress\/ -->\n<title>Lusa perde para o Boa Esporte e entra na zona da degola da S\u00e9rie B - Notibras<\/title>\n<meta name=\"robots\" content=\"index, follow, max-snippet:-1, max-image-preview:large, max-video-preview:-1\" \/>\n<link rel=\"canonical\" href=\"https:\/\/www.notibras.com\/site\/lusa-perde-para-o-boa-esporte-e-entra-na-zona-da-degola-da-serie-b\/\" \/>\n<meta property=\"og:locale\" content=\"pt_BR\" \/>\n<meta property=\"og:type\" content=\"article\" \/>\n<meta property=\"og:title\" content=\"Lusa perde para o Boa Esporte e entra na zona da degola da S\u00e9rie B - Notibras\" \/>\n<meta property=\"og:description\" content=\"A Portuguesa foi derrotada pelo Boa Esporte pelo placar de 2 a 1 em duelo disputado na noite desta ter\u00e7a-feira, no Est\u00e1dio do Mel\u00e3o, em Belo Horizonte, pela quarta rodada da S\u00e9rie B do Brasileir\u00e3o. Os gol anotados por Pedrinho, aos 45 minutos da etapa inicial, e Nilson, aos 47 do segundo tempo, garantiram ao [&hellip;]\" \/>\n<meta property=\"og:url\" content=\"https:\/\/www.notibras.com\/site\/lusa-perde-para-o-boa-esporte-e-entra-na-zona-da-degola-da-serie-b\/\" \/>\n<meta property=\"og:site_name\" content=\"Notibras\" \/>\n<meta property=\"article:publisher\" content=\"https:\/\/www.facebook.com\/notibras\/\" \/>\n<meta property=\"article:published_time\" content=\"2014-05-07T03:01:30+00:00\" \/>\n<meta property=\"article:modified_time\" content=\"2014-05-07T23:51:51+00:00\" \/>\n<meta property=\"og:image\" content=\"https:\/\/www.notibras.com\/site\/wp-content\/uploads\/2014\/05\/BoaSportClubXPortuguesa27072011.jpg\" \/>\n\t<meta property=\"og:image:width\" content=\"357\" \/>\n\t<meta property=\"og:image:height\" content=\"243\" \/>\n\t<meta property=\"og:image:type\" content=\"image\/jpeg\" \/>\n<meta name=\"author\" content=\"Reda\u00e7\u00e3o\" \/>\n<meta name=\"twitter:card\" content=\"summary_large_image\" \/>\n<meta name=\"twitter:creator\" content=\"@Notibras\" \/>\n<meta name=\"twitter:site\" content=\"@Notibras\" \/>\n<meta name=\"twitter:label1\" content=\"Escrito por\" \/>\n\t<meta name=\"twitter:data1\" content=\"Reda\u00e7\u00e3o\" \/>\n\t<meta name=\"twitter:label2\" content=\"Est. tempo de leitura\" \/>\n\t<meta name=\"twitter:data2\" content=\"1 minuto\" \/>\n<script type=\"application\/ld+json\" class=\"yoast-schema-graph\">{\"@context\":\"https:\/\/schema.org\",\"@graph\":[{\"@type\":\"Article\",\"@id\":\"https:\/\/www.notibras.com\/site\/lusa-perde-para-o-boa-esporte-e-entra-na-zona-da-degola-da-serie-b\/#article\",\"isPartOf\":{\"@id\":\"https:\/\/www.notibras.com\/site\/lusa-perde-para-o-boa-esporte-e-entra-na-zona-da-degola-da-serie-b\/\"},\"author\":{\"name\":\"Reda\u00e7\u00e3o\",\"@id\":\"https:\/\/www.notibras.com\/site\/#\/schema\/person\/36ab0979449956132d3e5b517ea76ac8\"},\"headline\":\"Lusa perde para o Boa Esporte e entra na zona da degola da S\u00e9rie B\",\"datePublished\":\"2014-05-07T03:01:30+00:00\",\"dateModified\":\"2014-05-07T23:51:51+00:00\",\"mainEntityOfPage\":{\"@id\":\"https:\/\/www.notibras.com\/site\/lusa-perde-para-o-boa-esporte-e-entra-na-zona-da-degola-da-serie-b\/\"},\"wordCount\":203,\"commentCount\":0,\"publisher\":{\"@id\":\"https:\/\/www.notibras.com\/site\/#organization\"},\"image\":{\"@id\":\"https:\/\/www.notibras.com\/site\/lusa-perde-para-o-boa-esporte-e-entra-na-zona-da-degola-da-serie-b\/#primaryimage\"},\"thumbnailUrl\":\"https:\/\/www.notibras.com\/site\/wp-content\/uploads\/2014\/05\/BoaSportClubXPortuguesa27072011.jpg\",\"articleSection\":[\"Esportes\",\"Futebol\"],\"inLanguage\":\"pt-BR\",\"potentialAction\":[{\"@type\":\"CommentAction\",\"name\":\"Comment\",\"target\":[\"https:\/\/www.notibras.com\/site\/lusa-perde-para-o-boa-esporte-e-entra-na-zona-da-degola-da-serie-b\/#respond\"]}]},{\"@type\":\"WebPage\",\"@id\":\"https:\/\/www.notibras.com\/site\/lusa-perde-para-o-boa-esporte-e-entra-na-zona-da-degola-da-serie-b\/\",\"url\":\"https:\/\/www.notibras.com\/site\/lusa-perde-para-o-boa-esporte-e-entra-na-zona-da-degola-da-serie-b\/\",\"name\":\"Lusa perde para o Boa Esporte e entra na zona da degola da S\u00e9rie B - Notibras\",\"isPartOf\":{\"@id\":\"https:\/\/www.notibras.com\/site\/#website\"},\"primaryImageOfPage\":{\"@id\":\"https:\/\/www.notibras.com\/site\/lusa-perde-para-o-boa-esporte-e-entra-na-zona-da-degola-da-serie-b\/#primaryimage\"},\"image\":{\"@id\":\"https:\/\/www.notibras.com\/site\/lusa-perde-para-o-boa-esporte-e-entra-na-zona-da-degola-da-serie-b\/#primaryimage\"},\"thumbnailUrl\":\"https:\/\/www.notibras.com\/site\/wp-content\/uploads\/2014\/05\/BoaSportClubXPortuguesa27072011.jpg\",\"datePublished\":\"2014-05-07T03:01:30+00:00\",\"dateModified\":\"2014-05-07T23:51:51+00:00\",\"breadcrumb\":{\"@id\":\"https:\/\/www.notibras.com\/site\/lusa-perde-para-o-boa-esporte-e-entra-na-zona-da-degola-da-serie-b\/#breadcrumb\"},\"inLanguage\":\"pt-BR\",\"potentialAction\":[{\"@type\":\"ReadAction\",\"target\":[\"https:\/\/www.notibras.com\/site\/lusa-perde-para-o-boa-esporte-e-entra-na-zona-da-degola-da-serie-b\/\"]}]},{\"@type\":\"ImageObject\",\"inLanguage\":\"pt-BR\",\"@id\":\"https:\/\/www.notibras.com\/site\/lusa-perde-para-o-boa-esporte-e-entra-na-zona-da-degola-da-serie-b\/#primaryimage\",\"url\":\"https:\/\/www.notibras.com\/site\/wp-content\/uploads\/2014\/05\/BoaSportClubXPortuguesa27072011.jpg\",\"contentUrl\":\"https:\/\/www.notibras.com\/site\/wp-content\/uploads\/2014\/05\/BoaSportClubXPortuguesa27072011.jpg\",\"width\":357,\"height\":243},{\"@type\":\"BreadcrumbList\",\"@id\":\"https:\/\/www.notibras.com\/site\/lusa-perde-para-o-boa-esporte-e-entra-na-zona-da-degola-da-serie-b\/#breadcrumb\",\"itemListElement\":[{\"@type\":\"ListItem\",\"position\":1,\"name\":\"In\u00edcio\",\"item\":\"https:\/\/www.notibras.com\/site\/\"},{\"@type\":\"ListItem\",\"position\":2,\"name\":\"Lusa perde para o Boa Esporte e entra na zona da degola da S\u00e9rie B\"}]},{\"@type\":\"WebSite\",\"@id\":\"https:\/\/www.notibras.com\/site\/#website\",\"url\":\"https:\/\/www.notibras.com\/site\/\",\"name\":\"Notibras\",\"description\":\"Not\u00edcias de Bras\u00edlia, do Brasil e do Mundo\",\"publisher\":{\"@id\":\"https:\/\/www.notibras.com\/site\/#organization\"},\"potentialAction\":[{\"@type\":\"SearchAction\",\"target\":{\"@type\":\"EntryPoint\",\"urlTemplate\":\"https:\/\/www.notibras.com\/site\/?s={search_term_string}\"},\"query-input\":{\"@type\":\"PropertyValueSpecification\",\"valueRequired\":true,\"valueName\":\"search_term_string\"}}],\"inLanguage\":\"pt-BR\"},{\"@type\":\"Organization\",\"@id\":\"https:\/\/www.notibras.com\/site\/#organization\",\"name\":\"Grupo Notibras de Comunica\u00e7\u00e3o\",\"url\":\"https:\/\/www.notibras.com\/site\/\",\"logo\":{\"@type\":\"ImageObject\",\"inLanguage\":\"pt-BR\",\"@id\":\"https:\/\/www.notibras.com\/site\/#\/schema\/logo\/image\/\",\"url\":\"https:\/\/www.notibras.com\/site\/wp-content\/uploads\/2023\/01\/notibras23.png\",\"contentUrl\":\"https:\/\/www.notibras.com\/site\/wp-content\/uploads\/2023\/01\/notibras23.png\",\"width\":350,\"height\":87,\"caption\":\"Grupo Notibras de Comunica\u00e7\u00e3o\"},\"image\":{\"@id\":\"https:\/\/www.notibras.com\/site\/#\/schema\/logo\/image\/\"},\"sameAs\":[\"https:\/\/www.facebook.com\/notibras\/\",\"https:\/\/x.com\/Notibras\",\"https:\/\/www.instagram.com\/notibras\/\"]},{\"@type\":\"Person\",\"@id\":\"https:\/\/www.notibras.com\/site\/#\/schema\/person\/36ab0979449956132d3e5b517ea76ac8\",\"name\":\"Reda\u00e7\u00e3o\",\"image\":{\"@type\":\"ImageObject\",\"inLanguage\":\"pt-BR\",\"@id\":\"https:\/\/secure.gravatar.com\/avatar\/e0a867bdedb85fd243eadf09663511f96fc81e0720a4a42581f334ad4303aa6b?s=96&d=mm&r=g\",\"url\":\"https:\/\/secure.gravatar.com\/avatar\/e0a867bdedb85fd243eadf09663511f96fc81e0720a4a42581f334ad4303aa6b?s=96&d=mm&r=g\",\"contentUrl\":\"https:\/\/secure.gravatar.com\/avatar\/e0a867bdedb85fd243eadf09663511f96fc81e0720a4a42581f334ad4303aa6b?s=96&d=mm&r=g\",\"caption\":\"Reda\u00e7\u00e3o\"}}]}<\/script>\n<!-- \/ Yoast SEO plugin. -->","yoast_head_json":{"title":"Lusa perde para o Boa Esporte e entra na zona da degola da S\u00e9rie B - Notibras","robots":{"index":"index","follow":"follow","max-snippet":"max-snippet:-1","max-image-preview":"max-image-preview:large","max-video-preview":"max-video-preview:-1"},"canonical":"https:\/\/www.notibras.com\/site\/lusa-perde-para-o-boa-esporte-e-entra-na-zona-da-degola-da-serie-b\/","og_locale":"pt_BR","og_type":"article","og_title":"Lusa perde para o Boa Esporte e entra na zona da degola da S\u00e9rie B - Notibras","og_description":"A Portuguesa foi derrotada pelo Boa Esporte pelo placar de 2 a 1 em duelo disputado na noite desta ter\u00e7a-feira, no Est\u00e1dio do Mel\u00e3o, em Belo Horizonte, pela quarta rodada da S\u00e9rie B do Brasileir\u00e3o. Os gol anotados por Pedrinho, aos 45 minutos da etapa inicial, e Nilson, aos 47 do segundo tempo, garantiram ao [&hellip;]","og_url":"https:\/\/www.notibras.com\/site\/lusa-perde-para-o-boa-esporte-e-entra-na-zona-da-degola-da-serie-b\/","og_site_name":"Notibras","article_publisher":"https:\/\/www.facebook.com\/notibras\/","article_published_time":"2014-05-07T03:01:30+00:00","article_modified_time":"2014-05-07T23:51:51+00:00","og_image":[{"width":357,"height":243,"url":"https:\/\/www.notibras.com\/site\/wp-content\/uploads\/2014\/05\/BoaSportClubXPortuguesa27072011.jpg","type":"image\/jpeg"}],"author":"Reda\u00e7\u00e3o","twitter_card":"summary_large_image","twitter_creator":"@Notibras","twitter_site":"@Notibras","twitter_misc":{"Escrito por":"Reda\u00e7\u00e3o","Est. tempo de leitura":"1 minuto"},"schema":{"@context":"https:\/\/schema.org","@graph":[{"@type":"Article","@id":"https:\/\/www.notibras.com\/site\/lusa-perde-para-o-boa-esporte-e-entra-na-zona-da-degola-da-serie-b\/#article","isPartOf":{"@id":"https:\/\/www.notibras.com\/site\/lusa-perde-para-o-boa-esporte-e-entra-na-zona-da-degola-da-serie-b\/"},"author":{"name":"Reda\u00e7\u00e3o","@id":"https:\/\/www.notibras.com\/site\/#\/schema\/person\/36ab0979449956132d3e5b517ea76ac8"},"headline":"Lusa perde para o Boa Esporte e entra na zona da degola da S\u00e9rie B","datePublished":"2014-05-07T03:01:30+00:00","dateModified":"2014-05-07T23:51:51+00:00","mainEntityOfPage":{"@id":"https:\/\/www.notibras.com\/site\/lusa-perde-para-o-boa-esporte-e-entra-na-zona-da-degola-da-serie-b\/"},"wordCount":203,"commentCount":0,"publisher":{"@id":"https:\/\/www.notibras.com\/site\/#organization"},"image":{"@id":"https:\/\/www.notibras.com\/site\/lusa-perde-para-o-boa-esporte-e-entra-na-zona-da-degola-da-serie-b\/#primaryimage"},"thumbnailUrl":"https:\/\/www.notibras.com\/site\/wp-content\/uploads\/2014\/05\/BoaSportClubXPortuguesa27072011.jpg","articleSection":["Esportes","Futebol"],"inLanguage":"pt-BR","potentialAction":[{"@type":"CommentAction","name":"Comment","target":["https:\/\/www.notibras.com\/site\/lusa-perde-para-o-boa-esporte-e-entra-na-zona-da-degola-da-serie-b\/#respond"]}]},{"@type":"WebPage","@id":"https:\/\/www.notibras.com\/site\/lusa-perde-para-o-boa-esporte-e-entra-na-zona-da-degola-da-serie-b\/","url":"https:\/\/www.notibras.com\/site\/lusa-perde-para-o-boa-esporte-e-entra-na-zona-da-degola-da-serie-b\/","name":"Lusa perde para o Boa Esporte e entra na zona da degola da S\u00e9rie B - Notibras","isPartOf":{"@id":"https:\/\/www.notibras.com\/site\/#website"},"primaryImageOfPage":{"@id":"https:\/\/www.notibras.com\/site\/lusa-perde-para-o-boa-esporte-e-entra-na-zona-da-degola-da-serie-b\/#primaryimage"},"image":{"@id":"https:\/\/www.notibras.com\/site\/lusa-perde-para-o-boa-esporte-e-entra-na-zona-da-degola-da-serie-b\/#primaryimage"},"thumbnailUrl":"https:\/\/www.notibras.com\/site\/wp-content\/uploads\/2014\/05\/BoaSportClubXPortuguesa27072011.jpg","datePublished":"2014-05-07T03:01:30+00:00","dateModified":"2014-05-07T23:51:51+00:00","breadcrumb":{"@id":"https:\/\/www.notibras.com\/site\/lusa-perde-para-o-boa-esporte-e-entra-na-zona-da-degola-da-serie-b\/#breadcrumb"},"inLanguage":"pt-BR","potentialAction":[{"@type":"ReadAction","target":["https:\/\/www.notibras.com\/site\/lusa-perde-para-o-boa-esporte-e-entra-na-zona-da-degola-da-serie-b\/"]}]},{"@type":"ImageObject","inLanguage":"pt-BR","@id":"https:\/\/www.notibras.com\/site\/lusa-perde-para-o-boa-esporte-e-entra-na-zona-da-degola-da-serie-b\/#primaryimage","url":"https:\/\/www.notibras.com\/site\/wp-content\/uploads\/2014\/05\/BoaSportClubXPortuguesa27072011.jpg","contentUrl":"https:\/\/www.notibras.com\/site\/wp-content\/uploads\/2014\/05\/BoaSportClubXPortuguesa27072011.jpg","width":357,"height":243},{"@type":"BreadcrumbList","@id":"https:\/\/www.notibras.com\/site\/lusa-perde-para-o-boa-esporte-e-entra-na-zona-da-degola-da-serie-b\/#breadcrumb","itemListElement":[{"@type":"ListItem","position":1,"name":"In\u00edcio","item":"https:\/\/www.notibras.com\/site\/"},{"@type":"ListItem","position":2,"name":"Lusa perde para o Boa Esporte e entra na zona da degola da S\u00e9rie B"}]},{"@type":"WebSite","@id":"https:\/\/www.notibras.com\/site\/#website","url":"https:\/\/www.notibras.com\/site\/","name":"Notibras","description":"Not\u00edcias de Bras\u00edlia, do Brasil e do Mundo","publisher":{"@id":"https:\/\/www.notibras.com\/site\/#organization"},"potentialAction":[{"@type":"SearchAction","target":{"@type":"EntryPoint","urlTemplate":"https:\/\/www.notibras.com\/site\/?s={search_term_string}"},"query-input":{"@type":"PropertyValueSpecification","valueRequired":true,"valueName":"search_term_string"}}],"inLanguage":"pt-BR"},{"@type":"Organization","@id":"https:\/\/www.notibras.com\/site\/#organization","name":"Grupo Notibras de Comunica\u00e7\u00e3o","url":"https:\/\/www.notibras.com\/site\/","logo":{"@type":"ImageObject","inLanguage":"pt-BR","@id":"https:\/\/www.notibras.com\/site\/#\/schema\/logo\/image\/","url":"https:\/\/www.notibras.com\/site\/wp-content\/uploads\/2023\/01\/notibras23.png","contentUrl":"https:\/\/www.notibras.com\/site\/wp-content\/uploads\/2023\/01\/notibras23.png","width":350,"height":87,"caption":"Grupo Notibras de Comunica\u00e7\u00e3o"},"image":{"@id":"https:\/\/www.notibras.com\/site\/#\/schema\/logo\/image\/"},"sameAs":["https:\/\/www.facebook.com\/notibras\/","https:\/\/x.com\/Notibras","https:\/\/www.instagram.com\/notibras\/"]},{"@type":"Person","@id":"https:\/\/www.notibras.com\/site\/#\/schema\/person\/36ab0979449956132d3e5b517ea76ac8","name":"Reda\u00e7\u00e3o","image":{"@type":"ImageObject","inLanguage":"pt-BR","@id":"https:\/\/secure.gravatar.com\/avatar\/e0a867bdedb85fd243eadf09663511f96fc81e0720a4a42581f334ad4303aa6b?s=96&d=mm&r=g","url":"https:\/\/secure.gravatar.com\/avatar\/e0a867bdedb85fd243eadf09663511f96fc81e0720a4a42581f334ad4303aa6b?s=96&d=mm&r=g","contentUrl":"https:\/\/secure.gravatar.com\/avatar\/e0a867bdedb85fd243eadf09663511f96fc81e0720a4a42581f334ad4303aa6b?s=96&d=mm&r=g","caption":"Reda\u00e7\u00e3o"}}]}},"amp_enabled":true,"_links":{"self":[{"href":"https:\/\/www.notibras.com\/site\/wp-json\/wp\/v2\/posts\/8485","targetHints":{"allow":["GET"]}}],"collection":[{"href":"https:\/\/www.notibras.com\/site\/wp-json\/wp\/v2\/posts"}],"about":[{"href":"https:\/\/www.notibras.com\/site\/wp-json\/wp\/v2\/types\/post"}],"author":[{"embeddable":true,"href":"https:\/\/www.notibras.com\/site\/wp-json\/wp\/v2\/users\/2"}],"replies":[{"embeddable":true,"href":"https:\/\/www.notibras.com\/site\/wp-json\/wp\/v2\/comments?post=8485"}],"version-history":[{"count":0,"href":"https:\/\/www.notibras.com\/site\/wp-json\/wp\/v2\/posts\/8485\/revisions"}],"wp:featuredmedia":[{"embeddable":true,"href":"https:\/\/www.notibras.com\/site\/wp-json\/wp\/v2\/media\/8486"}],"wp:attachment":[{"href":"https:\/\/www.notibras.com\/site\/wp-json\/wp\/v2\/media?parent=8485"}],"wp:term":[{"taxonomy":"category","embeddable":true,"href":"https:\/\/www.notibras.com\/site\/wp-json\/wp\/v2\/categories?post=8485"},{"taxonomy":"post_tag","embeddable":true,"href":"https:\/\/www.notibras.com\/site\/wp-json\/wp\/v2\/tags?post=8485"}],"curies":[{"name":"wp","href":"https:\/\/api.w.org\/{rel}","templated":true}]}}