{"id":84858,"date":"2016-01-16T17:09:22","date_gmt":"2016-01-16T19:09:22","guid":{"rendered":"http:\/\/www.notibras.com\/site\/?p=84858"},"modified":"2016-01-16T17:09:22","modified_gmt":"2016-01-16T19:09:22","slug":"jornalismo-faz-um-clique-de-silencio-e-decreta-luto-em-homenagem-a-claudio-alves","status":"publish","type":"post","link":"https:\/\/www.notibras.com\/site\/jornalismo-faz-um-clique-de-silencio-e-decreta-luto-em-homenagem-a-claudio-alves\/","title":{"rendered":"Jornalismo faz um clique de sil\u00eancio e decreta luto em homenagem a Cl\u00e1udio Alves"},"content":{"rendered":"<p><strong>Jos\u00e9 Escarlate<\/strong><\/p>\n<p>Muito triste e doloroso para mim a partida do querido Claudinho. Nos conhecemos no Pal\u00e1cio do Planalto, quando ele namorava uma rep\u00f3rter. Fizemos amizade., viajamos o Brasil e o mundo todo. Depois o levei para a EBN, onde ele se destacou na equipe de fotojornalismo, que era uma das melhores do Brasil. Em sua homenagem, inicio hoje no Facebook uma s\u00e9rie, que ir\u00e1 para o meu livro P\u00e1ginas Viradas, contando uma das grandes fa\u00e7anhas do homem, do rep\u00f3rter e do amigo Cl\u00e1udio Alves Pereira. Que Deus o aben\u00e7oe, o proteja e lhe d\u00ea muita luz, onde quer que ele esteja.<\/p>\n<p>Quando eu comandava o Jornalismo da Empresa Brasileira de Not\u00edcias, um profissional dos mais respeitados, o foto-rep\u00f3rter Cl\u00e1udio Alves Pereira, enfrentando o desafio, tornou-se o primeiro jornalista brasileiro a pisar terras do continente ant\u00e1rtico. Ele integrou a equipe, ao lado do rep\u00f3rter Marcelo Rech, ambos da antiga EBN, na viagem do navio oceanogr\u00e1fico \u201cBar\u00e3o de Teff\u00e9\u201d, promovida pela Marinha do Brasil e que deixou o porto do Rio dia 20 de dezembro de 1982.<\/p>\n<p>O comandante do navio era o ent\u00e3o capit\u00e3o de-mar e guerra Fernando Pastor. Com ele, mais 86 pessoas, entre tripulantes, cientistas, pesquisadores e t\u00e9cnicos. A miss\u00e3o: enviar material jornal\u00edstico para jornais, r\u00e1dios e televis\u00f5es do pa\u00eds, diariamente, com as emo\u00e7\u00f5es da viagem que envolvia quest\u00f5es de meteorologia, astronomia, geologia, biologia e medicina.<\/p>\n<p>Um m\u00eas depois, dia 20 de janeiro de 1983, o barco cumpria a primeira etapa de sua viagem, atracando no porto chileno de Punta Arenas. Faziam parte da equipe ainda dois t\u00e9cnicos de alpinismo, dois mergulhadores, m\u00e9dicos, enfermeiros. A chamada \u201cExpedi\u00e7\u00e3o Ant\u00e1rtida\u201d usou, durante a viagem e perman\u00eancia no Polo Sul, uma ra\u00e7\u00e3o que serve de alimento durante as 24 horas, pr\u00f3prias para regi\u00f5es muito frias, de inverno rigoroso como montanhas elevadas, com muita neve e gelo.<\/p>\n<p>Durante a viagem, foram consumidas ra\u00e7\u00f5es de feijoada, carne granulada, sopas de massa com legumes. Havia at\u00e9 milkshake, doce de leite, frutas cristalizadas e doce de abacaxi. Eram tr\u00eas card\u00e1pios \u00e0 bordo, com alimenta\u00e7\u00e3o pr\u00e9-cozida ou desidratada.<\/p>\n<p>A expedi\u00e7\u00e3o teve a dura\u00e7\u00e3o do ver\u00e3o da regi\u00e3o, de tr\u00eas meses, com o por do sol entre 21 e 22 horas, e o nascente entre 2 e 3 horas da madrugada. Dia 18 de dezembro, o presidente Figueiredo esteve a bordo, sendo lan\u00e7ado selo e carimbo alusivo \u00e0 miss\u00e3o. Cl\u00e1udio mostrou-se entusiasmado em ter sido escolhido para a viagem pioneira. Posso afirmar que ele estava muito feliz. Seu sorriso n\u00e3o escondia isso.<\/p>\n<p><img loading=\"lazy\" decoding=\"async\" class=\"alignnone size-full wp-image-83053\" src=\"http:\/\/www.notibras.com\/site\/wp-content\/uploads\/2016\/01\/PV.png\" alt=\"PV\" width=\"122\" height=\"26\" \/><\/p>\n","protected":false},"excerpt":{"rendered":"<p>Jos\u00e9 Escarlate Muito triste e doloroso para mim a partida do querido Claudinho. Nos conhecemos no Pal\u00e1cio do Planalto, quando ele namorava uma rep\u00f3rter. Fizemos amizade., viajamos o Brasil e o mundo todo. Depois o levei para a EBN, onde ele se destacou na equipe de fotojornalismo, que era uma das melhores do Brasil. Em [&hellip;]<\/p>\n","protected":false},"author":2,"featured_media":84859,"comment_status":"open","ping_status":"closed","sticky":false,"template":"","format":"standard","meta":{"_acf_changed":false,"footnotes":""},"categories":[63],"tags":[],"class_list":["post-84858","post","type-post","status-publish","format-standard","has-post-thumbnail","hentry","category-paginas-viradas"],"acf":[],"yoast_head":"<!-- This site is optimized with the Yoast SEO plugin v27.2 - https:\/\/yoast.com\/product\/yoast-seo-wordpress\/ -->\n<title>Jornalismo faz um clique de sil\u00eancio e decreta luto em homenagem a Cl\u00e1udio Alves - Notibras<\/title>\n<meta name=\"robots\" content=\"index, follow, max-snippet:-1, max-image-preview:large, max-video-preview:-1\" \/>\n<link rel=\"canonical\" href=\"https:\/\/www.notibras.com\/site\/jornalismo-faz-um-clique-de-silencio-e-decreta-luto-em-homenagem-a-claudio-alves\/\" \/>\n<meta property=\"og:locale\" content=\"pt_BR\" \/>\n<meta property=\"og:type\" content=\"article\" \/>\n<meta property=\"og:title\" content=\"Jornalismo faz um clique de sil\u00eancio e decreta luto em homenagem a Cl\u00e1udio Alves - Notibras\" \/>\n<meta property=\"og:description\" content=\"Jos\u00e9 Escarlate Muito triste e doloroso para mim a partida do querido Claudinho. Nos conhecemos no Pal\u00e1cio do Planalto, quando ele namorava uma rep\u00f3rter. Fizemos amizade., viajamos o Brasil e o mundo todo. Depois o levei para a EBN, onde ele se destacou na equipe de fotojornalismo, que era uma das melhores do Brasil. Em [&hellip;]\" \/>\n<meta property=\"og:url\" content=\"https:\/\/www.notibras.com\/site\/jornalismo-faz-um-clique-de-silencio-e-decreta-luto-em-homenagem-a-claudio-alves\/\" \/>\n<meta property=\"og:site_name\" content=\"Notibras\" \/>\n<meta property=\"article:publisher\" content=\"https:\/\/www.facebook.com\/notibras\/\" \/>\n<meta property=\"article:published_time\" content=\"2016-01-16T19:09:22+00:00\" \/>\n<meta property=\"og:image\" content=\"https:\/\/www.notibras.com\/site\/wp-content\/uploads\/2016\/01\/1537777_239779052870758_1214252484_o.jpg\" \/>\n\t<meta property=\"og:image:width\" content=\"2048\" \/>\n\t<meta property=\"og:image:height\" content=\"1601\" \/>\n\t<meta property=\"og:image:type\" content=\"image\/jpeg\" \/>\n<meta name=\"author\" content=\"Reda\u00e7\u00e3o\" \/>\n<meta name=\"twitter:card\" content=\"summary_large_image\" \/>\n<meta name=\"twitter:creator\" content=\"@Notibras\" \/>\n<meta name=\"twitter:site\" content=\"@Notibras\" \/>\n<meta name=\"twitter:label1\" content=\"Escrito por\" \/>\n\t<meta name=\"twitter:data1\" content=\"Reda\u00e7\u00e3o\" \/>\n\t<meta name=\"twitter:label2\" content=\"Est. tempo de leitura\" \/>\n\t<meta name=\"twitter:data2\" content=\"2 minutos\" \/>\n<script type=\"application\/ld+json\" class=\"yoast-schema-graph\">{\"@context\":\"https:\/\/schema.org\",\"@graph\":[{\"@type\":\"Article\",\"@id\":\"https:\/\/www.notibras.com\/site\/jornalismo-faz-um-clique-de-silencio-e-decreta-luto-em-homenagem-a-claudio-alves\/#article\",\"isPartOf\":{\"@id\":\"https:\/\/www.notibras.com\/site\/jornalismo-faz-um-clique-de-silencio-e-decreta-luto-em-homenagem-a-claudio-alves\/\"},\"author\":{\"name\":\"Reda\u00e7\u00e3o\",\"@id\":\"https:\/\/www.notibras.com\/site\/#\/schema\/person\/36ab0979449956132d3e5b517ea76ac8\"},\"headline\":\"Jornalismo faz um clique de sil\u00eancio e decreta luto em homenagem a Cl\u00e1udio Alves\",\"datePublished\":\"2016-01-16T19:09:22+00:00\",\"mainEntityOfPage\":{\"@id\":\"https:\/\/www.notibras.com\/site\/jornalismo-faz-um-clique-de-silencio-e-decreta-luto-em-homenagem-a-claudio-alves\/\"},\"wordCount\":466,\"commentCount\":0,\"publisher\":{\"@id\":\"https:\/\/www.notibras.com\/site\/#organization\"},\"image\":{\"@id\":\"https:\/\/www.notibras.com\/site\/jornalismo-faz-um-clique-de-silencio-e-decreta-luto-em-homenagem-a-claudio-alves\/#primaryimage\"},\"thumbnailUrl\":\"https:\/\/www.notibras.com\/site\/wp-content\/uploads\/2016\/01\/1537777_239779052870758_1214252484_o.jpg\",\"articleSection\":[\"P\u00e1ginas Viradas\"],\"inLanguage\":\"pt-BR\",\"potentialAction\":[{\"@type\":\"CommentAction\",\"name\":\"Comment\",\"target\":[\"https:\/\/www.notibras.com\/site\/jornalismo-faz-um-clique-de-silencio-e-decreta-luto-em-homenagem-a-claudio-alves\/#respond\"]}]},{\"@type\":\"WebPage\",\"@id\":\"https:\/\/www.notibras.com\/site\/jornalismo-faz-um-clique-de-silencio-e-decreta-luto-em-homenagem-a-claudio-alves\/\",\"url\":\"https:\/\/www.notibras.com\/site\/jornalismo-faz-um-clique-de-silencio-e-decreta-luto-em-homenagem-a-claudio-alves\/\",\"name\":\"Jornalismo faz um clique de sil\u00eancio e decreta luto em homenagem a Cl\u00e1udio Alves - Notibras\",\"isPartOf\":{\"@id\":\"https:\/\/www.notibras.com\/site\/#website\"},\"primaryImageOfPage\":{\"@id\":\"https:\/\/www.notibras.com\/site\/jornalismo-faz-um-clique-de-silencio-e-decreta-luto-em-homenagem-a-claudio-alves\/#primaryimage\"},\"image\":{\"@id\":\"https:\/\/www.notibras.com\/site\/jornalismo-faz-um-clique-de-silencio-e-decreta-luto-em-homenagem-a-claudio-alves\/#primaryimage\"},\"thumbnailUrl\":\"https:\/\/www.notibras.com\/site\/wp-content\/uploads\/2016\/01\/1537777_239779052870758_1214252484_o.jpg\",\"datePublished\":\"2016-01-16T19:09:22+00:00\",\"breadcrumb\":{\"@id\":\"https:\/\/www.notibras.com\/site\/jornalismo-faz-um-clique-de-silencio-e-decreta-luto-em-homenagem-a-claudio-alves\/#breadcrumb\"},\"inLanguage\":\"pt-BR\",\"potentialAction\":[{\"@type\":\"ReadAction\",\"target\":[\"https:\/\/www.notibras.com\/site\/jornalismo-faz-um-clique-de-silencio-e-decreta-luto-em-homenagem-a-claudio-alves\/\"]}]},{\"@type\":\"ImageObject\",\"inLanguage\":\"pt-BR\",\"@id\":\"https:\/\/www.notibras.com\/site\/jornalismo-faz-um-clique-de-silencio-e-decreta-luto-em-homenagem-a-claudio-alves\/#primaryimage\",\"url\":\"https:\/\/www.notibras.com\/site\/wp-content\/uploads\/2016\/01\/1537777_239779052870758_1214252484_o.jpg\",\"contentUrl\":\"https:\/\/www.notibras.com\/site\/wp-content\/uploads\/2016\/01\/1537777_239779052870758_1214252484_o.jpg\",\"width\":2048,\"height\":1601},{\"@type\":\"BreadcrumbList\",\"@id\":\"https:\/\/www.notibras.com\/site\/jornalismo-faz-um-clique-de-silencio-e-decreta-luto-em-homenagem-a-claudio-alves\/#breadcrumb\",\"itemListElement\":[{\"@type\":\"ListItem\",\"position\":1,\"name\":\"In\u00edcio\",\"item\":\"https:\/\/www.notibras.com\/site\/\"},{\"@type\":\"ListItem\",\"position\":2,\"name\":\"Jornalismo faz um clique de sil\u00eancio e decreta luto em homenagem a Cl\u00e1udio Alves\"}]},{\"@type\":\"WebSite\",\"@id\":\"https:\/\/www.notibras.com\/site\/#website\",\"url\":\"https:\/\/www.notibras.com\/site\/\",\"name\":\"Notibras\",\"description\":\"Not\u00edcias de Bras\u00edlia, do Brasil e do Mundo\",\"publisher\":{\"@id\":\"https:\/\/www.notibras.com\/site\/#organization\"},\"potentialAction\":[{\"@type\":\"SearchAction\",\"target\":{\"@type\":\"EntryPoint\",\"urlTemplate\":\"https:\/\/www.notibras.com\/site\/?s={search_term_string}\"},\"query-input\":{\"@type\":\"PropertyValueSpecification\",\"valueRequired\":true,\"valueName\":\"search_term_string\"}}],\"inLanguage\":\"pt-BR\"},{\"@type\":\"Organization\",\"@id\":\"https:\/\/www.notibras.com\/site\/#organization\",\"name\":\"Grupo Notibras de Comunica\u00e7\u00e3o\",\"url\":\"https:\/\/www.notibras.com\/site\/\",\"logo\":{\"@type\":\"ImageObject\",\"inLanguage\":\"pt-BR\",\"@id\":\"https:\/\/www.notibras.com\/site\/#\/schema\/logo\/image\/\",\"url\":\"https:\/\/www.notibras.com\/site\/wp-content\/uploads\/2023\/01\/notibras23.png\",\"contentUrl\":\"https:\/\/www.notibras.com\/site\/wp-content\/uploads\/2023\/01\/notibras23.png\",\"width\":350,\"height\":87,\"caption\":\"Grupo Notibras de Comunica\u00e7\u00e3o\"},\"image\":{\"@id\":\"https:\/\/www.notibras.com\/site\/#\/schema\/logo\/image\/\"},\"sameAs\":[\"https:\/\/www.facebook.com\/notibras\/\",\"https:\/\/x.com\/Notibras\",\"https:\/\/www.instagram.com\/notibras\/\"]},{\"@type\":\"Person\",\"@id\":\"https:\/\/www.notibras.com\/site\/#\/schema\/person\/36ab0979449956132d3e5b517ea76ac8\",\"name\":\"Reda\u00e7\u00e3o\",\"image\":{\"@type\":\"ImageObject\",\"inLanguage\":\"pt-BR\",\"@id\":\"https:\/\/secure.gravatar.com\/avatar\/e0a867bdedb85fd243eadf09663511f96fc81e0720a4a42581f334ad4303aa6b?s=96&d=mm&r=g\",\"url\":\"https:\/\/secure.gravatar.com\/avatar\/e0a867bdedb85fd243eadf09663511f96fc81e0720a4a42581f334ad4303aa6b?s=96&d=mm&r=g\",\"contentUrl\":\"https:\/\/secure.gravatar.com\/avatar\/e0a867bdedb85fd243eadf09663511f96fc81e0720a4a42581f334ad4303aa6b?s=96&d=mm&r=g\",\"caption\":\"Reda\u00e7\u00e3o\"}}]}<\/script>\n<!-- \/ Yoast SEO plugin. -->","yoast_head_json":{"title":"Jornalismo faz um clique de sil\u00eancio e decreta luto em homenagem a Cl\u00e1udio Alves - Notibras","robots":{"index":"index","follow":"follow","max-snippet":"max-snippet:-1","max-image-preview":"max-image-preview:large","max-video-preview":"max-video-preview:-1"},"canonical":"https:\/\/www.notibras.com\/site\/jornalismo-faz-um-clique-de-silencio-e-decreta-luto-em-homenagem-a-claudio-alves\/","og_locale":"pt_BR","og_type":"article","og_title":"Jornalismo faz um clique de sil\u00eancio e decreta luto em homenagem a Cl\u00e1udio Alves - Notibras","og_description":"Jos\u00e9 Escarlate Muito triste e doloroso para mim a partida do querido Claudinho. Nos conhecemos no Pal\u00e1cio do Planalto, quando ele namorava uma rep\u00f3rter. Fizemos amizade., viajamos o Brasil e o mundo todo. Depois o levei para a EBN, onde ele se destacou na equipe de fotojornalismo, que era uma das melhores do Brasil. Em [&hellip;]","og_url":"https:\/\/www.notibras.com\/site\/jornalismo-faz-um-clique-de-silencio-e-decreta-luto-em-homenagem-a-claudio-alves\/","og_site_name":"Notibras","article_publisher":"https:\/\/www.facebook.com\/notibras\/","article_published_time":"2016-01-16T19:09:22+00:00","og_image":[{"width":2048,"height":1601,"url":"https:\/\/www.notibras.com\/site\/wp-content\/uploads\/2016\/01\/1537777_239779052870758_1214252484_o.jpg","type":"image\/jpeg"}],"author":"Reda\u00e7\u00e3o","twitter_card":"summary_large_image","twitter_creator":"@Notibras","twitter_site":"@Notibras","twitter_misc":{"Escrito por":"Reda\u00e7\u00e3o","Est. tempo de leitura":"2 minutos"},"schema":{"@context":"https:\/\/schema.org","@graph":[{"@type":"Article","@id":"https:\/\/www.notibras.com\/site\/jornalismo-faz-um-clique-de-silencio-e-decreta-luto-em-homenagem-a-claudio-alves\/#article","isPartOf":{"@id":"https:\/\/www.notibras.com\/site\/jornalismo-faz-um-clique-de-silencio-e-decreta-luto-em-homenagem-a-claudio-alves\/"},"author":{"name":"Reda\u00e7\u00e3o","@id":"https:\/\/www.notibras.com\/site\/#\/schema\/person\/36ab0979449956132d3e5b517ea76ac8"},"headline":"Jornalismo faz um clique de sil\u00eancio e decreta luto em homenagem a Cl\u00e1udio Alves","datePublished":"2016-01-16T19:09:22+00:00","mainEntityOfPage":{"@id":"https:\/\/www.notibras.com\/site\/jornalismo-faz-um-clique-de-silencio-e-decreta-luto-em-homenagem-a-claudio-alves\/"},"wordCount":466,"commentCount":0,"publisher":{"@id":"https:\/\/www.notibras.com\/site\/#organization"},"image":{"@id":"https:\/\/www.notibras.com\/site\/jornalismo-faz-um-clique-de-silencio-e-decreta-luto-em-homenagem-a-claudio-alves\/#primaryimage"},"thumbnailUrl":"https:\/\/www.notibras.com\/site\/wp-content\/uploads\/2016\/01\/1537777_239779052870758_1214252484_o.jpg","articleSection":["P\u00e1ginas Viradas"],"inLanguage":"pt-BR","potentialAction":[{"@type":"CommentAction","name":"Comment","target":["https:\/\/www.notibras.com\/site\/jornalismo-faz-um-clique-de-silencio-e-decreta-luto-em-homenagem-a-claudio-alves\/#respond"]}]},{"@type":"WebPage","@id":"https:\/\/www.notibras.com\/site\/jornalismo-faz-um-clique-de-silencio-e-decreta-luto-em-homenagem-a-claudio-alves\/","url":"https:\/\/www.notibras.com\/site\/jornalismo-faz-um-clique-de-silencio-e-decreta-luto-em-homenagem-a-claudio-alves\/","name":"Jornalismo faz um clique de sil\u00eancio e decreta luto em homenagem a Cl\u00e1udio Alves - Notibras","isPartOf":{"@id":"https:\/\/www.notibras.com\/site\/#website"},"primaryImageOfPage":{"@id":"https:\/\/www.notibras.com\/site\/jornalismo-faz-um-clique-de-silencio-e-decreta-luto-em-homenagem-a-claudio-alves\/#primaryimage"},"image":{"@id":"https:\/\/www.notibras.com\/site\/jornalismo-faz-um-clique-de-silencio-e-decreta-luto-em-homenagem-a-claudio-alves\/#primaryimage"},"thumbnailUrl":"https:\/\/www.notibras.com\/site\/wp-content\/uploads\/2016\/01\/1537777_239779052870758_1214252484_o.jpg","datePublished":"2016-01-16T19:09:22+00:00","breadcrumb":{"@id":"https:\/\/www.notibras.com\/site\/jornalismo-faz-um-clique-de-silencio-e-decreta-luto-em-homenagem-a-claudio-alves\/#breadcrumb"},"inLanguage":"pt-BR","potentialAction":[{"@type":"ReadAction","target":["https:\/\/www.notibras.com\/site\/jornalismo-faz-um-clique-de-silencio-e-decreta-luto-em-homenagem-a-claudio-alves\/"]}]},{"@type":"ImageObject","inLanguage":"pt-BR","@id":"https:\/\/www.notibras.com\/site\/jornalismo-faz-um-clique-de-silencio-e-decreta-luto-em-homenagem-a-claudio-alves\/#primaryimage","url":"https:\/\/www.notibras.com\/site\/wp-content\/uploads\/2016\/01\/1537777_239779052870758_1214252484_o.jpg","contentUrl":"https:\/\/www.notibras.com\/site\/wp-content\/uploads\/2016\/01\/1537777_239779052870758_1214252484_o.jpg","width":2048,"height":1601},{"@type":"BreadcrumbList","@id":"https:\/\/www.notibras.com\/site\/jornalismo-faz-um-clique-de-silencio-e-decreta-luto-em-homenagem-a-claudio-alves\/#breadcrumb","itemListElement":[{"@type":"ListItem","position":1,"name":"In\u00edcio","item":"https:\/\/www.notibras.com\/site\/"},{"@type":"ListItem","position":2,"name":"Jornalismo faz um clique de sil\u00eancio e decreta luto em homenagem a Cl\u00e1udio Alves"}]},{"@type":"WebSite","@id":"https:\/\/www.notibras.com\/site\/#website","url":"https:\/\/www.notibras.com\/site\/","name":"Notibras","description":"Not\u00edcias de Bras\u00edlia, do Brasil e do Mundo","publisher":{"@id":"https:\/\/www.notibras.com\/site\/#organization"},"potentialAction":[{"@type":"SearchAction","target":{"@type":"EntryPoint","urlTemplate":"https:\/\/www.notibras.com\/site\/?s={search_term_string}"},"query-input":{"@type":"PropertyValueSpecification","valueRequired":true,"valueName":"search_term_string"}}],"inLanguage":"pt-BR"},{"@type":"Organization","@id":"https:\/\/www.notibras.com\/site\/#organization","name":"Grupo Notibras de Comunica\u00e7\u00e3o","url":"https:\/\/www.notibras.com\/site\/","logo":{"@type":"ImageObject","inLanguage":"pt-BR","@id":"https:\/\/www.notibras.com\/site\/#\/schema\/logo\/image\/","url":"https:\/\/www.notibras.com\/site\/wp-content\/uploads\/2023\/01\/notibras23.png","contentUrl":"https:\/\/www.notibras.com\/site\/wp-content\/uploads\/2023\/01\/notibras23.png","width":350,"height":87,"caption":"Grupo Notibras de Comunica\u00e7\u00e3o"},"image":{"@id":"https:\/\/www.notibras.com\/site\/#\/schema\/logo\/image\/"},"sameAs":["https:\/\/www.facebook.com\/notibras\/","https:\/\/x.com\/Notibras","https:\/\/www.instagram.com\/notibras\/"]},{"@type":"Person","@id":"https:\/\/www.notibras.com\/site\/#\/schema\/person\/36ab0979449956132d3e5b517ea76ac8","name":"Reda\u00e7\u00e3o","image":{"@type":"ImageObject","inLanguage":"pt-BR","@id":"https:\/\/secure.gravatar.com\/avatar\/e0a867bdedb85fd243eadf09663511f96fc81e0720a4a42581f334ad4303aa6b?s=96&d=mm&r=g","url":"https:\/\/secure.gravatar.com\/avatar\/e0a867bdedb85fd243eadf09663511f96fc81e0720a4a42581f334ad4303aa6b?s=96&d=mm&r=g","contentUrl":"https:\/\/secure.gravatar.com\/avatar\/e0a867bdedb85fd243eadf09663511f96fc81e0720a4a42581f334ad4303aa6b?s=96&d=mm&r=g","caption":"Reda\u00e7\u00e3o"}}]}},"amp_enabled":true,"_links":{"self":[{"href":"https:\/\/www.notibras.com\/site\/wp-json\/wp\/v2\/posts\/84858","targetHints":{"allow":["GET"]}}],"collection":[{"href":"https:\/\/www.notibras.com\/site\/wp-json\/wp\/v2\/posts"}],"about":[{"href":"https:\/\/www.notibras.com\/site\/wp-json\/wp\/v2\/types\/post"}],"author":[{"embeddable":true,"href":"https:\/\/www.notibras.com\/site\/wp-json\/wp\/v2\/users\/2"}],"replies":[{"embeddable":true,"href":"https:\/\/www.notibras.com\/site\/wp-json\/wp\/v2\/comments?post=84858"}],"version-history":[{"count":1,"href":"https:\/\/www.notibras.com\/site\/wp-json\/wp\/v2\/posts\/84858\/revisions"}],"predecessor-version":[{"id":84860,"href":"https:\/\/www.notibras.com\/site\/wp-json\/wp\/v2\/posts\/84858\/revisions\/84860"}],"wp:featuredmedia":[{"embeddable":true,"href":"https:\/\/www.notibras.com\/site\/wp-json\/wp\/v2\/media\/84859"}],"wp:attachment":[{"href":"https:\/\/www.notibras.com\/site\/wp-json\/wp\/v2\/media?parent=84858"}],"wp:term":[{"taxonomy":"category","embeddable":true,"href":"https:\/\/www.notibras.com\/site\/wp-json\/wp\/v2\/categories?post=84858"},{"taxonomy":"post_tag","embeddable":true,"href":"https:\/\/www.notibras.com\/site\/wp-json\/wp\/v2\/tags?post=84858"}],"curies":[{"name":"wp","href":"https:\/\/api.w.org\/{rel}","templated":true}]}}