{"id":84951,"date":"2016-01-17T14:23:10","date_gmt":"2016-01-17T16:23:10","guid":{"rendered":"http:\/\/www.notibras.com\/site\/?p=84951"},"modified":"2016-01-17T14:23:10","modified_gmt":"2016-01-17T16:23:10","slug":"2016-vai-ser-tao-ruim-que-os-7-a-1-da-alemanha-vao-deixar-saudades","status":"publish","type":"post","link":"https:\/\/www.notibras.com\/site\/2016-vai-ser-tao-ruim-que-os-7-a-1-da-alemanha-vao-deixar-saudades\/","title":{"rendered":"2016 vai ser t\u00e3o ruim que os 7 a 1 da Alemanha v\u00e3o deixar saudades"},"content":{"rendered":"<p><strong>Juan Jensen<\/strong><\/p>\n<p>8 de julho de 2014. 17h, Mineir\u00e3o lotado e vibrando de forma diferente. O Brasil come\u00e7ou o jogo de igual para a igual com a poderosa Alemanha. Afinal, a Copa era no Brasil! 10 minutos, gol da Alemanha! &#8220;Ainda d\u00e1&#8221;, pensavam os mais de 50 mil torcedores no est\u00e1dio e os 200 milh\u00f5es fora de l\u00e1. 22 minutos, gol da Alemanha! 24 minutos, gol da Alemanha! 25 minutos, gol da Alemanha! 4&#215;0, ou seja, j\u00e1 n\u00e3o dava mais. 28 minutos, gol da Alemanha! Isso tudo apenas no primeiro tempo. O resultado do jogo todos sabem: 7&#215;1, com o gol de honra aos 45 minutos do segundo tempo. E ainda podia ter sido pior, se a Argentina tivesse vencido a Copa em pleno Rio de Janeiro.<\/p>\n<p>2 de janeiro de 2015. Novo governo, mesma presidente e nova equipe econ\u00f4mica. Expectativas positivas com rela\u00e7\u00e3o ao novo ministro da Fazenda, Joaquim Levy, apesar de muitos torcerem contra ele e contra o pa\u00eds (assim como ocorre na Copa do Mundo). Pesquisa Focus do Banco Central apontava infla\u00e7\u00e3o de 6,56% e crescimento do PIB de 0,50% para 2015, o que na \u00e9poca gerou piadas de que este seria o nosso 7&#215;1 econ\u00f4mico.<\/p>\n<p>Antes fosse! Ao longo do ano, o ministro foi perdendo importantes batalhas e, diferentemente da Copa, no campo econ\u00f4mico, o resultado foi bem pior, com infla\u00e7\u00e3o perto de 11% e crescimento negativo em quase 4%. De lambuja, perdemos o ministro Levy e a esperan\u00e7a de voltar a crescer com infla\u00e7\u00e3o estabilizada no curto prazo, algo ainda imagin\u00e1vel no in\u00edcio de 2015, caso fossem feitos os ajustes necess\u00e1rios.<\/p>\n<p>4 de janeiro de 2016. Mesmo governo, mesma presidente e novo ministro da Fazenda. Muita desconfian\u00e7a com rela\u00e7\u00e3o a Nelson Barbosa. Pesquisa Focus aponta infla\u00e7\u00e3o de 6,87% e crescimento negativo do PIB de 2,95% para este ano. Novamente temos saudades do 7&#215;1. Como seria bom ver o pa\u00eds crescer, mesmo que somente 1%. Mas como ser\u00e1 2016? Quais s\u00e3o os principais fatores de risco associados para este ano?<\/p>\n<p>Um primeiro ponto a analisar \u00e9 qual ser\u00e1 a pol\u00edtica econ\u00f4mica do novo ministro. Muitos economistas respeitados t\u00eam dito que ele voltar\u00e1 a adotar os princ\u00edpios da &#8220;Nova Matriz Econ\u00f4mica&#8221;, que tem em um de seus fundamentos a expans\u00e3o fiscal. Ou seja, Nelson Barbosa interromperia o ajuste fiscal iniciado por Levy e daria um giro de 180 graus, passando a gastar e a expandir o cr\u00e9dito com taxas de juros subsidiadas via bancos p\u00fablicos.<\/p>\n<p>Se houver um giro, achamos que ser\u00e1 de 360 graus. Nelson Barbosa \u00e9 desenvolvimentista sim, mas tem defendido j\u00e1 h\u00e1 bastante tempo a necessidade do ajuste fiscal. Ou seja, a dire\u00e7\u00e3o da pol\u00edtica econ\u00f4mica deve seguir exatamente igual. A diferen\u00e7a ser\u00e1 mais na velocidade do ajuste fiscal e n\u00e3o em sua dire\u00e7\u00e3o. Assim, a meta de 0,5% do PIB para o super\u00e1vit prim\u00e1rio de 2016 n\u00e3o deve ser atingida. A verdade \u00e9 que n\u00e3o seria atingida mesmo com o ministro Levy.<\/p>\n<p>Desta forma, devemos caminhar para o terceiro ano consecutivo de deficit prim\u00e1rio e com d\u00edvida bruta chegando a 74,7% do PIB. Perderemos o grau de investimento pela \u00faltima ag\u00eancia importante de classifica\u00e7\u00e3o de risco e teremos novas redu\u00e7\u00f5es de nota naquelas pelas quais j\u00e1 perdemos o selo de bom pagador.<\/p>\n<p>Adicionalmente, a desconfian\u00e7a do mercado com rela\u00e7\u00e3o \u00e0 atua\u00e7\u00e3o do novo ministro cobrar\u00e1 seu pre\u00e7o, em termos de pr\u00eamio de risco mais elevado, taxa de c\u00e2mbio mais depreciada, infla\u00e7\u00e3o mais alta e menor crescimento. Essa desconfian\u00e7a vem justamente de suas a\u00e7\u00f5es na pr\u00f3pria Fazenda em 2011 e 2012, sendo um dos principais formuladores da pol\u00edtica econ\u00f4mica do primeiro mandato de Dilma. Neste sentido, mais pela desconfian\u00e7a de mercado que pelas a\u00e7\u00f5es do novo ministro, a 4E Consultoria revisou recentemente as suas proje\u00e7\u00f5es para 2016.<\/p>\n<p>Em termos de atividade econ\u00f4mica, teremos certamente nova retra\u00e7\u00e3o em 2016. S\u00f3 o efeito carry-over que vem da trajet\u00f3ria negativa ao longo do ano passado \u00e9 de 2,1 pontos percentuais. Isto \u00e9, se a economia brasileira ficasse estagnada a partir de agora no n\u00edvel de produto do 4\u00ba trimestre de 2015 observar\u00edamos uma retra\u00e7\u00e3o de 2,1% no ano de 2016. Entretanto, antes de a economia andar de lado, deveremos observar novas quedas de atividade, dadas a queda de renda e a confian\u00e7a ainda baixa, como tamb\u00e9m em fun\u00e7\u00e3o dos ajustes fiscais e monet\u00e1rios ainda em curso. Assim, projetamos uma retra\u00e7\u00e3o de 3,4% para o PIB deste ano.<\/p>\n<p>J\u00e1 que citei o aperto monet\u00e1rio, todas as sinaliza\u00e7\u00f5es do Banco Central indicam que ainda neste m\u00eas ter\u00e1 in\u00edcio um novo ciclo de alta dos juros. Acreditamos que este ciclo seja bastante breve, de apenas 1 ponto percentual, e que a taxa de juros j\u00e1 entre em redu\u00e7\u00e3o nos \u00faltimos meses do ano. Essa redu\u00e7\u00e3o n\u00e3o vem dos preceitos da &#8220;Nova Matriz Econ\u00f4mica&#8221;, mas vem porque o quadro de infla\u00e7\u00e3o ao final de 2016, com vistas a 2017, estar\u00e1 um pouco mais tranquilo.<\/p>\n<p>Na infla\u00e7\u00e3o, ap\u00f3s os quase 11% do ano passado, provavelmente teremos novo rompimento da banda em 2016. Projetamos alta de 7,4% para este ano, com impacto importante vindo da deprecia\u00e7\u00e3o do c\u00e2mbio, que n\u00e3o s\u00f3 fechou ano passado perto de R$ 4\/US$, mas que deve caminhar para perto de R$ 5 ao longo deste ano (projetamos taxa de R$ 4,75\/US$ ao final de 2016).<\/p>\n<p>Em resumo, o ano de 2016 ser\u00e1 t\u00e3o dif\u00edcil como foi 2015. Infla\u00e7\u00e3o ainda alta e economia em retra\u00e7\u00e3o. Ainda, eventuais novas descobertas sobre esc\u00e2ndalos de corrup\u00e7\u00e3o e esqueletos a pagar de gest\u00f5es anteriores podem levar a um quadro econ\u00f4mico ainda pior do que o inicialmente previsto. Se tiv\u00e9ssemos 7% de infla\u00e7\u00e3o e 1% de crescimento seria uma grande vit\u00f3ria, daquelas de soltar roj\u00f5es. Esperamos que novas surpresas negativas n\u00e3o apare\u00e7am, nem na economia e nem na Olimp\u00edada do Rio.<\/p>\n","protected":false},"excerpt":{"rendered":"<p>Juan Jensen 8 de julho de 2014. 17h, Mineir\u00e3o lotado e vibrando de forma diferente. O Brasil come\u00e7ou o jogo de igual para a igual com a poderosa Alemanha. Afinal, a Copa era no Brasil! 10 minutos, gol da Alemanha! &#8220;Ainda d\u00e1&#8221;, pensavam os mais de 50 mil torcedores no est\u00e1dio e os 200 milh\u00f5es [&hellip;]<\/p>\n","protected":false},"author":2,"featured_media":84952,"comment_status":"open","ping_status":"closed","sticky":false,"template":"","format":"standard","meta":{"_acf_changed":false,"footnotes":""},"categories":[25],"tags":[],"class_list":["post-84951","post","type-post","status-publish","format-standard","has-post-thumbnail","hentry","category-opina-ai"],"acf":[],"yoast_head":"<!-- This site is optimized with the Yoast SEO plugin v27.2 - https:\/\/yoast.com\/product\/yoast-seo-wordpress\/ -->\n<title>2016 vai ser t\u00e3o ruim que os 7 a 1 da Alemanha v\u00e3o deixar saudades - Notibras<\/title>\n<meta name=\"robots\" content=\"index, follow, max-snippet:-1, max-image-preview:large, max-video-preview:-1\" \/>\n<link rel=\"canonical\" href=\"https:\/\/www.notibras.com\/site\/2016-vai-ser-tao-ruim-que-os-7-a-1-da-alemanha-vao-deixar-saudades\/\" \/>\n<meta property=\"og:locale\" content=\"pt_BR\" \/>\n<meta property=\"og:type\" content=\"article\" \/>\n<meta property=\"og:title\" content=\"2016 vai ser t\u00e3o ruim que os 7 a 1 da Alemanha v\u00e3o deixar saudades - Notibras\" \/>\n<meta property=\"og:description\" content=\"Juan Jensen 8 de julho de 2014. 17h, Mineir\u00e3o lotado e vibrando de forma diferente. O Brasil come\u00e7ou o jogo de igual para a igual com a poderosa Alemanha. Afinal, a Copa era no Brasil! 10 minutos, gol da Alemanha! &#8220;Ainda d\u00e1&#8221;, pensavam os mais de 50 mil torcedores no est\u00e1dio e os 200 milh\u00f5es [&hellip;]\" \/>\n<meta property=\"og:url\" content=\"https:\/\/www.notibras.com\/site\/2016-vai-ser-tao-ruim-que-os-7-a-1-da-alemanha-vao-deixar-saudades\/\" \/>\n<meta property=\"og:site_name\" content=\"Notibras\" \/>\n<meta property=\"article:publisher\" content=\"https:\/\/www.facebook.com\/notibras\/\" \/>\n<meta property=\"article:published_time\" content=\"2016-01-17T16:23:10+00:00\" \/>\n<meta property=\"og:image\" content=\"https:\/\/www.notibras.com\/site\/wp-content\/uploads\/2016\/01\/jogadores-da-selecao-brasileira-lamentam-derrota-para-a-alemanha-em-belo-horizonte-1404863032198_1920x1080.jpg\" \/>\n\t<meta property=\"og:image:width\" content=\"1920\" \/>\n\t<meta property=\"og:image:height\" content=\"1080\" \/>\n\t<meta property=\"og:image:type\" content=\"image\/jpeg\" \/>\n<meta name=\"author\" content=\"Reda\u00e7\u00e3o\" \/>\n<meta name=\"twitter:card\" content=\"summary_large_image\" \/>\n<meta name=\"twitter:creator\" content=\"@Notibras\" \/>\n<meta name=\"twitter:site\" content=\"@Notibras\" \/>\n<meta name=\"twitter:label1\" content=\"Escrito por\" \/>\n\t<meta name=\"twitter:data1\" content=\"Reda\u00e7\u00e3o\" \/>\n\t<meta name=\"twitter:label2\" content=\"Est. tempo de leitura\" \/>\n\t<meta name=\"twitter:data2\" content=\"5 minutos\" \/>\n<script type=\"application\/ld+json\" class=\"yoast-schema-graph\">{\"@context\":\"https:\/\/schema.org\",\"@graph\":[{\"@type\":\"Article\",\"@id\":\"https:\/\/www.notibras.com\/site\/2016-vai-ser-tao-ruim-que-os-7-a-1-da-alemanha-vao-deixar-saudades\/#article\",\"isPartOf\":{\"@id\":\"https:\/\/www.notibras.com\/site\/2016-vai-ser-tao-ruim-que-os-7-a-1-da-alemanha-vao-deixar-saudades\/\"},\"author\":{\"name\":\"Reda\u00e7\u00e3o\",\"@id\":\"https:\/\/www.notibras.com\/site\/#\/schema\/person\/36ab0979449956132d3e5b517ea76ac8\"},\"headline\":\"2016 vai ser t\u00e3o ruim que os 7 a 1 da Alemanha v\u00e3o deixar saudades\",\"datePublished\":\"2016-01-17T16:23:10+00:00\",\"mainEntityOfPage\":{\"@id\":\"https:\/\/www.notibras.com\/site\/2016-vai-ser-tao-ruim-que-os-7-a-1-da-alemanha-vao-deixar-saudades\/\"},\"wordCount\":1014,\"commentCount\":0,\"publisher\":{\"@id\":\"https:\/\/www.notibras.com\/site\/#organization\"},\"image\":{\"@id\":\"https:\/\/www.notibras.com\/site\/2016-vai-ser-tao-ruim-que-os-7-a-1-da-alemanha-vao-deixar-saudades\/#primaryimage\"},\"thumbnailUrl\":\"https:\/\/www.notibras.com\/site\/wp-content\/uploads\/2016\/01\/jogadores-da-selecao-brasileira-lamentam-derrota-para-a-alemanha-em-belo-horizonte-1404863032198_1920x1080.jpg\",\"articleSection\":[\"Opina a\u00ed\"],\"inLanguage\":\"pt-BR\",\"potentialAction\":[{\"@type\":\"CommentAction\",\"name\":\"Comment\",\"target\":[\"https:\/\/www.notibras.com\/site\/2016-vai-ser-tao-ruim-que-os-7-a-1-da-alemanha-vao-deixar-saudades\/#respond\"]}]},{\"@type\":\"WebPage\",\"@id\":\"https:\/\/www.notibras.com\/site\/2016-vai-ser-tao-ruim-que-os-7-a-1-da-alemanha-vao-deixar-saudades\/\",\"url\":\"https:\/\/www.notibras.com\/site\/2016-vai-ser-tao-ruim-que-os-7-a-1-da-alemanha-vao-deixar-saudades\/\",\"name\":\"2016 vai ser t\u00e3o ruim que os 7 a 1 da Alemanha v\u00e3o deixar saudades - Notibras\",\"isPartOf\":{\"@id\":\"https:\/\/www.notibras.com\/site\/#website\"},\"primaryImageOfPage\":{\"@id\":\"https:\/\/www.notibras.com\/site\/2016-vai-ser-tao-ruim-que-os-7-a-1-da-alemanha-vao-deixar-saudades\/#primaryimage\"},\"image\":{\"@id\":\"https:\/\/www.notibras.com\/site\/2016-vai-ser-tao-ruim-que-os-7-a-1-da-alemanha-vao-deixar-saudades\/#primaryimage\"},\"thumbnailUrl\":\"https:\/\/www.notibras.com\/site\/wp-content\/uploads\/2016\/01\/jogadores-da-selecao-brasileira-lamentam-derrota-para-a-alemanha-em-belo-horizonte-1404863032198_1920x1080.jpg\",\"datePublished\":\"2016-01-17T16:23:10+00:00\",\"breadcrumb\":{\"@id\":\"https:\/\/www.notibras.com\/site\/2016-vai-ser-tao-ruim-que-os-7-a-1-da-alemanha-vao-deixar-saudades\/#breadcrumb\"},\"inLanguage\":\"pt-BR\",\"potentialAction\":[{\"@type\":\"ReadAction\",\"target\":[\"https:\/\/www.notibras.com\/site\/2016-vai-ser-tao-ruim-que-os-7-a-1-da-alemanha-vao-deixar-saudades\/\"]}]},{\"@type\":\"ImageObject\",\"inLanguage\":\"pt-BR\",\"@id\":\"https:\/\/www.notibras.com\/site\/2016-vai-ser-tao-ruim-que-os-7-a-1-da-alemanha-vao-deixar-saudades\/#primaryimage\",\"url\":\"https:\/\/www.notibras.com\/site\/wp-content\/uploads\/2016\/01\/jogadores-da-selecao-brasileira-lamentam-derrota-para-a-alemanha-em-belo-horizonte-1404863032198_1920x1080.jpg\",\"contentUrl\":\"https:\/\/www.notibras.com\/site\/wp-content\/uploads\/2016\/01\/jogadores-da-selecao-brasileira-lamentam-derrota-para-a-alemanha-em-belo-horizonte-1404863032198_1920x1080.jpg\",\"width\":1920,\"height\":1080},{\"@type\":\"BreadcrumbList\",\"@id\":\"https:\/\/www.notibras.com\/site\/2016-vai-ser-tao-ruim-que-os-7-a-1-da-alemanha-vao-deixar-saudades\/#breadcrumb\",\"itemListElement\":[{\"@type\":\"ListItem\",\"position\":1,\"name\":\"In\u00edcio\",\"item\":\"https:\/\/www.notibras.com\/site\/\"},{\"@type\":\"ListItem\",\"position\":2,\"name\":\"2016 vai ser t\u00e3o ruim que os 7 a 1 da Alemanha v\u00e3o deixar saudades\"}]},{\"@type\":\"WebSite\",\"@id\":\"https:\/\/www.notibras.com\/site\/#website\",\"url\":\"https:\/\/www.notibras.com\/site\/\",\"name\":\"Notibras\",\"description\":\"Not\u00edcias de Bras\u00edlia, do Brasil e do Mundo\",\"publisher\":{\"@id\":\"https:\/\/www.notibras.com\/site\/#organization\"},\"potentialAction\":[{\"@type\":\"SearchAction\",\"target\":{\"@type\":\"EntryPoint\",\"urlTemplate\":\"https:\/\/www.notibras.com\/site\/?s={search_term_string}\"},\"query-input\":{\"@type\":\"PropertyValueSpecification\",\"valueRequired\":true,\"valueName\":\"search_term_string\"}}],\"inLanguage\":\"pt-BR\"},{\"@type\":\"Organization\",\"@id\":\"https:\/\/www.notibras.com\/site\/#organization\",\"name\":\"Grupo Notibras de Comunica\u00e7\u00e3o\",\"url\":\"https:\/\/www.notibras.com\/site\/\",\"logo\":{\"@type\":\"ImageObject\",\"inLanguage\":\"pt-BR\",\"@id\":\"https:\/\/www.notibras.com\/site\/#\/schema\/logo\/image\/\",\"url\":\"https:\/\/www.notibras.com\/site\/wp-content\/uploads\/2023\/01\/notibras23.png\",\"contentUrl\":\"https:\/\/www.notibras.com\/site\/wp-content\/uploads\/2023\/01\/notibras23.png\",\"width\":350,\"height\":87,\"caption\":\"Grupo Notibras de Comunica\u00e7\u00e3o\"},\"image\":{\"@id\":\"https:\/\/www.notibras.com\/site\/#\/schema\/logo\/image\/\"},\"sameAs\":[\"https:\/\/www.facebook.com\/notibras\/\",\"https:\/\/x.com\/Notibras\",\"https:\/\/www.instagram.com\/notibras\/\"]},{\"@type\":\"Person\",\"@id\":\"https:\/\/www.notibras.com\/site\/#\/schema\/person\/36ab0979449956132d3e5b517ea76ac8\",\"name\":\"Reda\u00e7\u00e3o\",\"image\":{\"@type\":\"ImageObject\",\"inLanguage\":\"pt-BR\",\"@id\":\"https:\/\/secure.gravatar.com\/avatar\/e0a867bdedb85fd243eadf09663511f96fc81e0720a4a42581f334ad4303aa6b?s=96&d=mm&r=g\",\"url\":\"https:\/\/secure.gravatar.com\/avatar\/e0a867bdedb85fd243eadf09663511f96fc81e0720a4a42581f334ad4303aa6b?s=96&d=mm&r=g\",\"contentUrl\":\"https:\/\/secure.gravatar.com\/avatar\/e0a867bdedb85fd243eadf09663511f96fc81e0720a4a42581f334ad4303aa6b?s=96&d=mm&r=g\",\"caption\":\"Reda\u00e7\u00e3o\"}}]}<\/script>\n<!-- \/ Yoast SEO plugin. -->","yoast_head_json":{"title":"2016 vai ser t\u00e3o ruim que os 7 a 1 da Alemanha v\u00e3o deixar saudades - Notibras","robots":{"index":"index","follow":"follow","max-snippet":"max-snippet:-1","max-image-preview":"max-image-preview:large","max-video-preview":"max-video-preview:-1"},"canonical":"https:\/\/www.notibras.com\/site\/2016-vai-ser-tao-ruim-que-os-7-a-1-da-alemanha-vao-deixar-saudades\/","og_locale":"pt_BR","og_type":"article","og_title":"2016 vai ser t\u00e3o ruim que os 7 a 1 da Alemanha v\u00e3o deixar saudades - Notibras","og_description":"Juan Jensen 8 de julho de 2014. 17h, Mineir\u00e3o lotado e vibrando de forma diferente. O Brasil come\u00e7ou o jogo de igual para a igual com a poderosa Alemanha. Afinal, a Copa era no Brasil! 10 minutos, gol da Alemanha! &#8220;Ainda d\u00e1&#8221;, pensavam os mais de 50 mil torcedores no est\u00e1dio e os 200 milh\u00f5es [&hellip;]","og_url":"https:\/\/www.notibras.com\/site\/2016-vai-ser-tao-ruim-que-os-7-a-1-da-alemanha-vao-deixar-saudades\/","og_site_name":"Notibras","article_publisher":"https:\/\/www.facebook.com\/notibras\/","article_published_time":"2016-01-17T16:23:10+00:00","og_image":[{"width":1920,"height":1080,"url":"https:\/\/www.notibras.com\/site\/wp-content\/uploads\/2016\/01\/jogadores-da-selecao-brasileira-lamentam-derrota-para-a-alemanha-em-belo-horizonte-1404863032198_1920x1080.jpg","type":"image\/jpeg"}],"author":"Reda\u00e7\u00e3o","twitter_card":"summary_large_image","twitter_creator":"@Notibras","twitter_site":"@Notibras","twitter_misc":{"Escrito por":"Reda\u00e7\u00e3o","Est. tempo de leitura":"5 minutos"},"schema":{"@context":"https:\/\/schema.org","@graph":[{"@type":"Article","@id":"https:\/\/www.notibras.com\/site\/2016-vai-ser-tao-ruim-que-os-7-a-1-da-alemanha-vao-deixar-saudades\/#article","isPartOf":{"@id":"https:\/\/www.notibras.com\/site\/2016-vai-ser-tao-ruim-que-os-7-a-1-da-alemanha-vao-deixar-saudades\/"},"author":{"name":"Reda\u00e7\u00e3o","@id":"https:\/\/www.notibras.com\/site\/#\/schema\/person\/36ab0979449956132d3e5b517ea76ac8"},"headline":"2016 vai ser t\u00e3o ruim que os 7 a 1 da Alemanha v\u00e3o deixar saudades","datePublished":"2016-01-17T16:23:10+00:00","mainEntityOfPage":{"@id":"https:\/\/www.notibras.com\/site\/2016-vai-ser-tao-ruim-que-os-7-a-1-da-alemanha-vao-deixar-saudades\/"},"wordCount":1014,"commentCount":0,"publisher":{"@id":"https:\/\/www.notibras.com\/site\/#organization"},"image":{"@id":"https:\/\/www.notibras.com\/site\/2016-vai-ser-tao-ruim-que-os-7-a-1-da-alemanha-vao-deixar-saudades\/#primaryimage"},"thumbnailUrl":"https:\/\/www.notibras.com\/site\/wp-content\/uploads\/2016\/01\/jogadores-da-selecao-brasileira-lamentam-derrota-para-a-alemanha-em-belo-horizonte-1404863032198_1920x1080.jpg","articleSection":["Opina a\u00ed"],"inLanguage":"pt-BR","potentialAction":[{"@type":"CommentAction","name":"Comment","target":["https:\/\/www.notibras.com\/site\/2016-vai-ser-tao-ruim-que-os-7-a-1-da-alemanha-vao-deixar-saudades\/#respond"]}]},{"@type":"WebPage","@id":"https:\/\/www.notibras.com\/site\/2016-vai-ser-tao-ruim-que-os-7-a-1-da-alemanha-vao-deixar-saudades\/","url":"https:\/\/www.notibras.com\/site\/2016-vai-ser-tao-ruim-que-os-7-a-1-da-alemanha-vao-deixar-saudades\/","name":"2016 vai ser t\u00e3o ruim que os 7 a 1 da Alemanha v\u00e3o deixar saudades - Notibras","isPartOf":{"@id":"https:\/\/www.notibras.com\/site\/#website"},"primaryImageOfPage":{"@id":"https:\/\/www.notibras.com\/site\/2016-vai-ser-tao-ruim-que-os-7-a-1-da-alemanha-vao-deixar-saudades\/#primaryimage"},"image":{"@id":"https:\/\/www.notibras.com\/site\/2016-vai-ser-tao-ruim-que-os-7-a-1-da-alemanha-vao-deixar-saudades\/#primaryimage"},"thumbnailUrl":"https:\/\/www.notibras.com\/site\/wp-content\/uploads\/2016\/01\/jogadores-da-selecao-brasileira-lamentam-derrota-para-a-alemanha-em-belo-horizonte-1404863032198_1920x1080.jpg","datePublished":"2016-01-17T16:23:10+00:00","breadcrumb":{"@id":"https:\/\/www.notibras.com\/site\/2016-vai-ser-tao-ruim-que-os-7-a-1-da-alemanha-vao-deixar-saudades\/#breadcrumb"},"inLanguage":"pt-BR","potentialAction":[{"@type":"ReadAction","target":["https:\/\/www.notibras.com\/site\/2016-vai-ser-tao-ruim-que-os-7-a-1-da-alemanha-vao-deixar-saudades\/"]}]},{"@type":"ImageObject","inLanguage":"pt-BR","@id":"https:\/\/www.notibras.com\/site\/2016-vai-ser-tao-ruim-que-os-7-a-1-da-alemanha-vao-deixar-saudades\/#primaryimage","url":"https:\/\/www.notibras.com\/site\/wp-content\/uploads\/2016\/01\/jogadores-da-selecao-brasileira-lamentam-derrota-para-a-alemanha-em-belo-horizonte-1404863032198_1920x1080.jpg","contentUrl":"https:\/\/www.notibras.com\/site\/wp-content\/uploads\/2016\/01\/jogadores-da-selecao-brasileira-lamentam-derrota-para-a-alemanha-em-belo-horizonte-1404863032198_1920x1080.jpg","width":1920,"height":1080},{"@type":"BreadcrumbList","@id":"https:\/\/www.notibras.com\/site\/2016-vai-ser-tao-ruim-que-os-7-a-1-da-alemanha-vao-deixar-saudades\/#breadcrumb","itemListElement":[{"@type":"ListItem","position":1,"name":"In\u00edcio","item":"https:\/\/www.notibras.com\/site\/"},{"@type":"ListItem","position":2,"name":"2016 vai ser t\u00e3o ruim que os 7 a 1 da Alemanha v\u00e3o deixar saudades"}]},{"@type":"WebSite","@id":"https:\/\/www.notibras.com\/site\/#website","url":"https:\/\/www.notibras.com\/site\/","name":"Notibras","description":"Not\u00edcias de Bras\u00edlia, do Brasil e do Mundo","publisher":{"@id":"https:\/\/www.notibras.com\/site\/#organization"},"potentialAction":[{"@type":"SearchAction","target":{"@type":"EntryPoint","urlTemplate":"https:\/\/www.notibras.com\/site\/?s={search_term_string}"},"query-input":{"@type":"PropertyValueSpecification","valueRequired":true,"valueName":"search_term_string"}}],"inLanguage":"pt-BR"},{"@type":"Organization","@id":"https:\/\/www.notibras.com\/site\/#organization","name":"Grupo Notibras de Comunica\u00e7\u00e3o","url":"https:\/\/www.notibras.com\/site\/","logo":{"@type":"ImageObject","inLanguage":"pt-BR","@id":"https:\/\/www.notibras.com\/site\/#\/schema\/logo\/image\/","url":"https:\/\/www.notibras.com\/site\/wp-content\/uploads\/2023\/01\/notibras23.png","contentUrl":"https:\/\/www.notibras.com\/site\/wp-content\/uploads\/2023\/01\/notibras23.png","width":350,"height":87,"caption":"Grupo Notibras de Comunica\u00e7\u00e3o"},"image":{"@id":"https:\/\/www.notibras.com\/site\/#\/schema\/logo\/image\/"},"sameAs":["https:\/\/www.facebook.com\/notibras\/","https:\/\/x.com\/Notibras","https:\/\/www.instagram.com\/notibras\/"]},{"@type":"Person","@id":"https:\/\/www.notibras.com\/site\/#\/schema\/person\/36ab0979449956132d3e5b517ea76ac8","name":"Reda\u00e7\u00e3o","image":{"@type":"ImageObject","inLanguage":"pt-BR","@id":"https:\/\/secure.gravatar.com\/avatar\/e0a867bdedb85fd243eadf09663511f96fc81e0720a4a42581f334ad4303aa6b?s=96&d=mm&r=g","url":"https:\/\/secure.gravatar.com\/avatar\/e0a867bdedb85fd243eadf09663511f96fc81e0720a4a42581f334ad4303aa6b?s=96&d=mm&r=g","contentUrl":"https:\/\/secure.gravatar.com\/avatar\/e0a867bdedb85fd243eadf09663511f96fc81e0720a4a42581f334ad4303aa6b?s=96&d=mm&r=g","caption":"Reda\u00e7\u00e3o"}}]}},"amp_enabled":true,"_links":{"self":[{"href":"https:\/\/www.notibras.com\/site\/wp-json\/wp\/v2\/posts\/84951","targetHints":{"allow":["GET"]}}],"collection":[{"href":"https:\/\/www.notibras.com\/site\/wp-json\/wp\/v2\/posts"}],"about":[{"href":"https:\/\/www.notibras.com\/site\/wp-json\/wp\/v2\/types\/post"}],"author":[{"embeddable":true,"href":"https:\/\/www.notibras.com\/site\/wp-json\/wp\/v2\/users\/2"}],"replies":[{"embeddable":true,"href":"https:\/\/www.notibras.com\/site\/wp-json\/wp\/v2\/comments?post=84951"}],"version-history":[{"count":1,"href":"https:\/\/www.notibras.com\/site\/wp-json\/wp\/v2\/posts\/84951\/revisions"}],"predecessor-version":[{"id":84953,"href":"https:\/\/www.notibras.com\/site\/wp-json\/wp\/v2\/posts\/84951\/revisions\/84953"}],"wp:featuredmedia":[{"embeddable":true,"href":"https:\/\/www.notibras.com\/site\/wp-json\/wp\/v2\/media\/84952"}],"wp:attachment":[{"href":"https:\/\/www.notibras.com\/site\/wp-json\/wp\/v2\/media?parent=84951"}],"wp:term":[{"taxonomy":"category","embeddable":true,"href":"https:\/\/www.notibras.com\/site\/wp-json\/wp\/v2\/categories?post=84951"},{"taxonomy":"post_tag","embeddable":true,"href":"https:\/\/www.notibras.com\/site\/wp-json\/wp\/v2\/tags?post=84951"}],"curies":[{"name":"wp","href":"https:\/\/api.w.org\/{rel}","templated":true}]}}