{"id":84954,"date":"2016-01-17T10:25:24","date_gmt":"2016-01-17T12:25:24","guid":{"rendered":"http:\/\/www.notibras.com\/site\/?p=84954"},"modified":"2016-01-17T14:28:35","modified_gmt":"2016-01-17T16:28:35","slug":"seu-nome-sujou-no-mercado-voce-deixou-de-pagar-ou-foi-erro-de-quem-cobrou","status":"publish","type":"post","link":"https:\/\/www.notibras.com\/site\/seu-nome-sujou-no-mercado-voce-deixou-de-pagar-ou-foi-erro-de-quem-cobrou\/","title":{"rendered":"Nome sujou no mercado. Voc\u00ea deixou de pagar ou errou quem cobrou?"},"content":{"rendered":"<p><strong>Jos\u00e9 Carlos Alves<\/strong><\/p>\n<p>Um dos principais ataques \u00e0 economia brasileira \u00e9 a sonega\u00e7\u00e3o fiscal, que chega a retirar mais de R$ 400 bilh\u00f5es dos cofres p\u00fablicos anualmente, impactando diretamente na qualidade de vida da popula\u00e7\u00e3o, al\u00e9m de intensificar os efeitos da crise econ\u00f4mica que o Brasil enfrenta.<\/p>\n<p>Uma nova lei, em vig\u00eancia desde janeiro do ano passado no Estado de S\u00e3o Paulo, ajuda a coibir esses desvios de ordem tribut\u00e1ria. Trata-se da &#8220;Lei Paulista&#8221; (Lei n\u00ba 15.659, de 9 de janeiro de 2015), que regulamenta o processo de negativa\u00e7\u00e3o. At\u00e9 ent\u00e3o, bastava contratar o servi\u00e7o de um dos bir\u00f4s de cr\u00e9dito existentes para colocar um nome numa lista suja, sem que fosse necess\u00e1rio provar a exist\u00eancia da d\u00edvida ou que esta fosse legalmente comprovada.<\/p>\n<p>Com a nova lei, antes de sujar o nome do cidad\u00e3o, os bir\u00f4s de cr\u00e9dito s\u00e3o obrigados a notificar o consumidor por meio de aviso de recebimento (AR) e apresentar a prova da d\u00edvida, seja por nota fiscal ou por nota promiss\u00f3ria, comprovando a sua legalidade. Desta forma, n\u00e3o ser\u00e1 mais poss\u00edvel aos bir\u00f4s negativar um nome sem que o com\u00e9rcio ou o servi\u00e7o tenham emitido um documento sobre o qual incidam impostos, criando um c\u00edrculo de legalidade mais que necess\u00e1rio ao nosso pa\u00eds.<\/p>\n<p>Diante de um mundo com tantas not\u00edcias desencontradas, \u00e9 necess\u00e1rio esclarecer que o servi\u00e7o dos cart\u00f3rios em nada se parece com o dos bir\u00f4s de cr\u00e9dito. Os tabeli\u00e3es de protesto s\u00e3o dotados de f\u00e9 p\u00fablica, tributados na fonte e se utilizam de documentos oficiais para protestar os devedores.<\/p>\n<p>J\u00e1 \u00e9 pr\u00e1tica do cart\u00f3rio entregar a intima\u00e7\u00e3o com aviso de recebimento no endere\u00e7o indicado pelo credor ou em outro endere\u00e7o localizado pelo cart\u00f3rio, em respeito ao que prev\u00ea o CDC (C\u00f3digo de Defesa do Consumidor). Al\u00e9m disso, com os cart\u00f3rios, o consumidor tem a seguran\u00e7a de que n\u00e3o ter\u00e1 de pagar nenhuma d\u00edvida indevida ou valor al\u00e9m daquele pactuado no t\u00edtulo, e tem a certeza de que os tributos foram devidamente cobrados.<\/p>\n<p>Fundamental esclarecer que em S\u00e3o Paulo a cobran\u00e7a e as informa\u00e7\u00f5es de protesto s\u00e3o gratuitas e barateiam o custo do cr\u00e9dito. J\u00e1 os bir\u00f4s de cr\u00e9dito, que prestam mais de 6 milh\u00f5es de informa\u00e7\u00f5es credit\u00edcias por dia, cobram de R$ 5,80 a R$ 22,80 (tabela do Serasa) por consulta realizada. Se, na m\u00e9dia, as empresas cobrarem R$ 10 por informa\u00e7\u00e3o, podem faturar mais de R$ 60 milh\u00f5es por dia.<\/p>\n<p>Assim explicado, fica claro que todos os consumidores tomadores de cr\u00e9dito, tanto os adimplentes quanto os inadimplentes, pagam pelas consultas dos bir\u00f4s, visto que o valor \u00e9 repassado ao consumidor pelo com\u00e9rcio e pelo servi\u00e7o. Portanto, \u00e9 falso o argumento do aumento do custo credit\u00edcio e da burocracia em raz\u00e3o da lei e da op\u00e7\u00e3o do pagamento em cart\u00f3rio.<\/p>\n<p>Os servi\u00e7os prestados pelos cart\u00f3rios de protesto ainda s\u00e3o cercados de preconceito em raz\u00e3o de serem considerados demorados e burocr\u00e1ticos e sua titularidade cercada de nepotismo. No entanto, nos dias atuais, esse cen\u00e1rio mudou e hoje os servi\u00e7os s\u00e3o prestados com alta carga de tecnologia, que possibilitam celeridade e seguran\u00e7a jur\u00eddica. Al\u00e9m disso, qualquer cart\u00f3rio s\u00f3 \u00e9 concedido mediante outorga de delega\u00e7\u00e3o ap\u00f3s aprova\u00e7\u00e3o em severo concurso p\u00fablico.<\/p>\n<p>Os servi\u00e7os desempenhados pelos cart\u00f3rios de protesto s\u00e3o fiscalizados pelo Poder Judici\u00e1rio, por meio dos ju\u00edzes corregedores permanentes (que atuam em cada comarca), do corregedor-geral da Justi\u00e7a e do Conselho Nacional de Justi\u00e7a (CNJ).<\/p>\n<p>Muita gente desconhece ainda que parte do arrecadado pelos cart\u00f3rios (37,5%) \u00e9 destinada aos poderes p\u00fablicos constitu\u00eddos, tais como Poder Executivo (Fundo de Assist\u00eancia Judici\u00e1ria Gratuita e custeio de dilig\u00eancias dos oficiais de justi\u00e7a), Poder Judici\u00e1rio, Minist\u00e9rio P\u00fablico Estadual, e tamb\u00e9m para o custeio dos atos gratuitos dos registros de nascimento e \u00f3bito e contribui\u00e7\u00e3o para as Santas Casas de Miseric\u00f3rdia situadas no Estado de S\u00e3o Paulo. V\u00ea-se, portanto, que parte dos emolumentos s\u00e3o contribui\u00e7\u00f5es importantes para subsidiar servi\u00e7os p\u00fablicos fundamentais para a sociedade.<\/p>\n<p>H\u00e1 nitidamente uma tentativa de confundir o consumidor, criando uma cortina de fuma\u00e7a em torno da quest\u00e3o central da lei, que \u00e9 a prote\u00e7\u00e3o do consumidor, a parte hipossuficiente da rela\u00e7\u00e3o de consumo. Est\u00e1 previsto no CDC o direito ao consumidor saber se est\u00e1 devendo e quem est\u00e1 cobrando antes de ter seu nome colocado numa lista suja, o que infelizmente \u00e9 muito comum.<\/p>\n<p>Para aqueles que desejam um pa\u00eds mais desenvolvido e com igualdade de direitos, toda e qualquer lei que represente um avan\u00e7o legal e tribut\u00e1rio, bem como mantenha o respeito aos direitos do consumidor, deve ser celebrada.<\/p>\n","protected":false},"excerpt":{"rendered":"<p>Jos\u00e9 Carlos Alves Um dos principais ataques \u00e0 economia brasileira \u00e9 a sonega\u00e7\u00e3o fiscal, que chega a retirar mais de R$ 400 bilh\u00f5es dos cofres p\u00fablicos anualmente, impactando diretamente na qualidade de vida da popula\u00e7\u00e3o, al\u00e9m de intensificar os efeitos da crise econ\u00f4mica que o Brasil enfrenta. Uma nova lei, em vig\u00eancia desde janeiro do [&hellip;]<\/p>\n","protected":false},"author":2,"featured_media":84955,"comment_status":"open","ping_status":"closed","sticky":false,"template":"","format":"standard","meta":{"_acf_changed":false,"footnotes":""},"categories":[25],"tags":[],"class_list":["post-84954","post","type-post","status-publish","format-standard","has-post-thumbnail","hentry","category-opina-ai"],"acf":[],"yoast_head":"<!-- This site is optimized with the Yoast SEO plugin v27.2 - https:\/\/yoast.com\/product\/yoast-seo-wordpress\/ -->\n<title>Nome sujou no mercado. Voc\u00ea deixou de pagar ou errou quem cobrou? - Notibras<\/title>\n<meta name=\"robots\" content=\"index, follow, max-snippet:-1, max-image-preview:large, max-video-preview:-1\" \/>\n<link rel=\"canonical\" href=\"https:\/\/www.notibras.com\/site\/seu-nome-sujou-no-mercado-voce-deixou-de-pagar-ou-foi-erro-de-quem-cobrou\/\" \/>\n<meta property=\"og:locale\" content=\"pt_BR\" \/>\n<meta property=\"og:type\" content=\"article\" \/>\n<meta property=\"og:title\" content=\"Nome sujou no mercado. Voc\u00ea deixou de pagar ou errou quem cobrou? - Notibras\" \/>\n<meta property=\"og:description\" content=\"Jos\u00e9 Carlos Alves Um dos principais ataques \u00e0 economia brasileira \u00e9 a sonega\u00e7\u00e3o fiscal, que chega a retirar mais de R$ 400 bilh\u00f5es dos cofres p\u00fablicos anualmente, impactando diretamente na qualidade de vida da popula\u00e7\u00e3o, al\u00e9m de intensificar os efeitos da crise econ\u00f4mica que o Brasil enfrenta. Uma nova lei, em vig\u00eancia desde janeiro do [&hellip;]\" \/>\n<meta property=\"og:url\" content=\"https:\/\/www.notibras.com\/site\/seu-nome-sujou-no-mercado-voce-deixou-de-pagar-ou-foi-erro-de-quem-cobrou\/\" \/>\n<meta property=\"og:site_name\" content=\"Notibras\" \/>\n<meta property=\"article:publisher\" content=\"https:\/\/www.facebook.com\/notibras\/\" \/>\n<meta property=\"article:published_time\" content=\"2016-01-17T12:25:24+00:00\" \/>\n<meta property=\"article:modified_time\" content=\"2016-01-17T16:28:35+00:00\" \/>\n<meta property=\"og:image\" content=\"https:\/\/www.notibras.com\/site\/wp-content\/uploads\/2016\/01\/size_810_16_9_nota-real.jpg\" \/>\n\t<meta property=\"og:image:width\" content=\"811\" \/>\n\t<meta property=\"og:image:height\" content=\"455\" \/>\n\t<meta property=\"og:image:type\" content=\"image\/jpeg\" \/>\n<meta name=\"author\" content=\"Reda\u00e7\u00e3o\" \/>\n<meta name=\"twitter:card\" content=\"summary_large_image\" \/>\n<meta name=\"twitter:creator\" content=\"@Notibras\" \/>\n<meta name=\"twitter:site\" content=\"@Notibras\" \/>\n<meta name=\"twitter:label1\" content=\"Escrito por\" \/>\n\t<meta name=\"twitter:data1\" content=\"Reda\u00e7\u00e3o\" \/>\n\t<meta name=\"twitter:label2\" content=\"Est. tempo de leitura\" \/>\n\t<meta name=\"twitter:data2\" content=\"4 minutos\" \/>\n<script type=\"application\/ld+json\" class=\"yoast-schema-graph\">{\"@context\":\"https:\/\/schema.org\",\"@graph\":[{\"@type\":\"Article\",\"@id\":\"https:\/\/www.notibras.com\/site\/seu-nome-sujou-no-mercado-voce-deixou-de-pagar-ou-foi-erro-de-quem-cobrou\/#article\",\"isPartOf\":{\"@id\":\"https:\/\/www.notibras.com\/site\/seu-nome-sujou-no-mercado-voce-deixou-de-pagar-ou-foi-erro-de-quem-cobrou\/\"},\"author\":{\"name\":\"Reda\u00e7\u00e3o\",\"@id\":\"https:\/\/www.notibras.com\/site\/#\/schema\/person\/36ab0979449956132d3e5b517ea76ac8\"},\"headline\":\"Nome sujou no mercado. Voc\u00ea deixou de pagar ou errou quem cobrou?\",\"datePublished\":\"2016-01-17T12:25:24+00:00\",\"dateModified\":\"2016-01-17T16:28:35+00:00\",\"mainEntityOfPage\":{\"@id\":\"https:\/\/www.notibras.com\/site\/seu-nome-sujou-no-mercado-voce-deixou-de-pagar-ou-foi-erro-de-quem-cobrou\/\"},\"wordCount\":859,\"commentCount\":0,\"publisher\":{\"@id\":\"https:\/\/www.notibras.com\/site\/#organization\"},\"image\":{\"@id\":\"https:\/\/www.notibras.com\/site\/seu-nome-sujou-no-mercado-voce-deixou-de-pagar-ou-foi-erro-de-quem-cobrou\/#primaryimage\"},\"thumbnailUrl\":\"https:\/\/www.notibras.com\/site\/wp-content\/uploads\/2016\/01\/size_810_16_9_nota-real.jpg\",\"articleSection\":[\"Opina a\u00ed\"],\"inLanguage\":\"pt-BR\",\"potentialAction\":[{\"@type\":\"CommentAction\",\"name\":\"Comment\",\"target\":[\"https:\/\/www.notibras.com\/site\/seu-nome-sujou-no-mercado-voce-deixou-de-pagar-ou-foi-erro-de-quem-cobrou\/#respond\"]}]},{\"@type\":\"WebPage\",\"@id\":\"https:\/\/www.notibras.com\/site\/seu-nome-sujou-no-mercado-voce-deixou-de-pagar-ou-foi-erro-de-quem-cobrou\/\",\"url\":\"https:\/\/www.notibras.com\/site\/seu-nome-sujou-no-mercado-voce-deixou-de-pagar-ou-foi-erro-de-quem-cobrou\/\",\"name\":\"Nome sujou no mercado. Voc\u00ea deixou de pagar ou errou quem cobrou? - Notibras\",\"isPartOf\":{\"@id\":\"https:\/\/www.notibras.com\/site\/#website\"},\"primaryImageOfPage\":{\"@id\":\"https:\/\/www.notibras.com\/site\/seu-nome-sujou-no-mercado-voce-deixou-de-pagar-ou-foi-erro-de-quem-cobrou\/#primaryimage\"},\"image\":{\"@id\":\"https:\/\/www.notibras.com\/site\/seu-nome-sujou-no-mercado-voce-deixou-de-pagar-ou-foi-erro-de-quem-cobrou\/#primaryimage\"},\"thumbnailUrl\":\"https:\/\/www.notibras.com\/site\/wp-content\/uploads\/2016\/01\/size_810_16_9_nota-real.jpg\",\"datePublished\":\"2016-01-17T12:25:24+00:00\",\"dateModified\":\"2016-01-17T16:28:35+00:00\",\"breadcrumb\":{\"@id\":\"https:\/\/www.notibras.com\/site\/seu-nome-sujou-no-mercado-voce-deixou-de-pagar-ou-foi-erro-de-quem-cobrou\/#breadcrumb\"},\"inLanguage\":\"pt-BR\",\"potentialAction\":[{\"@type\":\"ReadAction\",\"target\":[\"https:\/\/www.notibras.com\/site\/seu-nome-sujou-no-mercado-voce-deixou-de-pagar-ou-foi-erro-de-quem-cobrou\/\"]}]},{\"@type\":\"ImageObject\",\"inLanguage\":\"pt-BR\",\"@id\":\"https:\/\/www.notibras.com\/site\/seu-nome-sujou-no-mercado-voce-deixou-de-pagar-ou-foi-erro-de-quem-cobrou\/#primaryimage\",\"url\":\"https:\/\/www.notibras.com\/site\/wp-content\/uploads\/2016\/01\/size_810_16_9_nota-real.jpg\",\"contentUrl\":\"https:\/\/www.notibras.com\/site\/wp-content\/uploads\/2016\/01\/size_810_16_9_nota-real.jpg\",\"width\":811,\"height\":455},{\"@type\":\"BreadcrumbList\",\"@id\":\"https:\/\/www.notibras.com\/site\/seu-nome-sujou-no-mercado-voce-deixou-de-pagar-ou-foi-erro-de-quem-cobrou\/#breadcrumb\",\"itemListElement\":[{\"@type\":\"ListItem\",\"position\":1,\"name\":\"In\u00edcio\",\"item\":\"https:\/\/www.notibras.com\/site\/\"},{\"@type\":\"ListItem\",\"position\":2,\"name\":\"Nome sujou no mercado. Voc\u00ea deixou de pagar ou errou quem cobrou?\"}]},{\"@type\":\"WebSite\",\"@id\":\"https:\/\/www.notibras.com\/site\/#website\",\"url\":\"https:\/\/www.notibras.com\/site\/\",\"name\":\"Notibras\",\"description\":\"Not\u00edcias de Bras\u00edlia, do Brasil e do Mundo\",\"publisher\":{\"@id\":\"https:\/\/www.notibras.com\/site\/#organization\"},\"potentialAction\":[{\"@type\":\"SearchAction\",\"target\":{\"@type\":\"EntryPoint\",\"urlTemplate\":\"https:\/\/www.notibras.com\/site\/?s={search_term_string}\"},\"query-input\":{\"@type\":\"PropertyValueSpecification\",\"valueRequired\":true,\"valueName\":\"search_term_string\"}}],\"inLanguage\":\"pt-BR\"},{\"@type\":\"Organization\",\"@id\":\"https:\/\/www.notibras.com\/site\/#organization\",\"name\":\"Grupo Notibras de Comunica\u00e7\u00e3o\",\"url\":\"https:\/\/www.notibras.com\/site\/\",\"logo\":{\"@type\":\"ImageObject\",\"inLanguage\":\"pt-BR\",\"@id\":\"https:\/\/www.notibras.com\/site\/#\/schema\/logo\/image\/\",\"url\":\"https:\/\/www.notibras.com\/site\/wp-content\/uploads\/2023\/01\/notibras23.png\",\"contentUrl\":\"https:\/\/www.notibras.com\/site\/wp-content\/uploads\/2023\/01\/notibras23.png\",\"width\":350,\"height\":87,\"caption\":\"Grupo Notibras de Comunica\u00e7\u00e3o\"},\"image\":{\"@id\":\"https:\/\/www.notibras.com\/site\/#\/schema\/logo\/image\/\"},\"sameAs\":[\"https:\/\/www.facebook.com\/notibras\/\",\"https:\/\/x.com\/Notibras\",\"https:\/\/www.instagram.com\/notibras\/\"]},{\"@type\":\"Person\",\"@id\":\"https:\/\/www.notibras.com\/site\/#\/schema\/person\/36ab0979449956132d3e5b517ea76ac8\",\"name\":\"Reda\u00e7\u00e3o\",\"image\":{\"@type\":\"ImageObject\",\"inLanguage\":\"pt-BR\",\"@id\":\"https:\/\/secure.gravatar.com\/avatar\/e0a867bdedb85fd243eadf09663511f96fc81e0720a4a42581f334ad4303aa6b?s=96&d=mm&r=g\",\"url\":\"https:\/\/secure.gravatar.com\/avatar\/e0a867bdedb85fd243eadf09663511f96fc81e0720a4a42581f334ad4303aa6b?s=96&d=mm&r=g\",\"contentUrl\":\"https:\/\/secure.gravatar.com\/avatar\/e0a867bdedb85fd243eadf09663511f96fc81e0720a4a42581f334ad4303aa6b?s=96&d=mm&r=g\",\"caption\":\"Reda\u00e7\u00e3o\"}}]}<\/script>\n<!-- \/ Yoast SEO plugin. -->","yoast_head_json":{"title":"Nome sujou no mercado. Voc\u00ea deixou de pagar ou errou quem cobrou? - Notibras","robots":{"index":"index","follow":"follow","max-snippet":"max-snippet:-1","max-image-preview":"max-image-preview:large","max-video-preview":"max-video-preview:-1"},"canonical":"https:\/\/www.notibras.com\/site\/seu-nome-sujou-no-mercado-voce-deixou-de-pagar-ou-foi-erro-de-quem-cobrou\/","og_locale":"pt_BR","og_type":"article","og_title":"Nome sujou no mercado. Voc\u00ea deixou de pagar ou errou quem cobrou? - Notibras","og_description":"Jos\u00e9 Carlos Alves Um dos principais ataques \u00e0 economia brasileira \u00e9 a sonega\u00e7\u00e3o fiscal, que chega a retirar mais de R$ 400 bilh\u00f5es dos cofres p\u00fablicos anualmente, impactando diretamente na qualidade de vida da popula\u00e7\u00e3o, al\u00e9m de intensificar os efeitos da crise econ\u00f4mica que o Brasil enfrenta. Uma nova lei, em vig\u00eancia desde janeiro do [&hellip;]","og_url":"https:\/\/www.notibras.com\/site\/seu-nome-sujou-no-mercado-voce-deixou-de-pagar-ou-foi-erro-de-quem-cobrou\/","og_site_name":"Notibras","article_publisher":"https:\/\/www.facebook.com\/notibras\/","article_published_time":"2016-01-17T12:25:24+00:00","article_modified_time":"2016-01-17T16:28:35+00:00","og_image":[{"width":811,"height":455,"url":"https:\/\/www.notibras.com\/site\/wp-content\/uploads\/2016\/01\/size_810_16_9_nota-real.jpg","type":"image\/jpeg"}],"author":"Reda\u00e7\u00e3o","twitter_card":"summary_large_image","twitter_creator":"@Notibras","twitter_site":"@Notibras","twitter_misc":{"Escrito por":"Reda\u00e7\u00e3o","Est. tempo de leitura":"4 minutos"},"schema":{"@context":"https:\/\/schema.org","@graph":[{"@type":"Article","@id":"https:\/\/www.notibras.com\/site\/seu-nome-sujou-no-mercado-voce-deixou-de-pagar-ou-foi-erro-de-quem-cobrou\/#article","isPartOf":{"@id":"https:\/\/www.notibras.com\/site\/seu-nome-sujou-no-mercado-voce-deixou-de-pagar-ou-foi-erro-de-quem-cobrou\/"},"author":{"name":"Reda\u00e7\u00e3o","@id":"https:\/\/www.notibras.com\/site\/#\/schema\/person\/36ab0979449956132d3e5b517ea76ac8"},"headline":"Nome sujou no mercado. Voc\u00ea deixou de pagar ou errou quem cobrou?","datePublished":"2016-01-17T12:25:24+00:00","dateModified":"2016-01-17T16:28:35+00:00","mainEntityOfPage":{"@id":"https:\/\/www.notibras.com\/site\/seu-nome-sujou-no-mercado-voce-deixou-de-pagar-ou-foi-erro-de-quem-cobrou\/"},"wordCount":859,"commentCount":0,"publisher":{"@id":"https:\/\/www.notibras.com\/site\/#organization"},"image":{"@id":"https:\/\/www.notibras.com\/site\/seu-nome-sujou-no-mercado-voce-deixou-de-pagar-ou-foi-erro-de-quem-cobrou\/#primaryimage"},"thumbnailUrl":"https:\/\/www.notibras.com\/site\/wp-content\/uploads\/2016\/01\/size_810_16_9_nota-real.jpg","articleSection":["Opina a\u00ed"],"inLanguage":"pt-BR","potentialAction":[{"@type":"CommentAction","name":"Comment","target":["https:\/\/www.notibras.com\/site\/seu-nome-sujou-no-mercado-voce-deixou-de-pagar-ou-foi-erro-de-quem-cobrou\/#respond"]}]},{"@type":"WebPage","@id":"https:\/\/www.notibras.com\/site\/seu-nome-sujou-no-mercado-voce-deixou-de-pagar-ou-foi-erro-de-quem-cobrou\/","url":"https:\/\/www.notibras.com\/site\/seu-nome-sujou-no-mercado-voce-deixou-de-pagar-ou-foi-erro-de-quem-cobrou\/","name":"Nome sujou no mercado. Voc\u00ea deixou de pagar ou errou quem cobrou? - Notibras","isPartOf":{"@id":"https:\/\/www.notibras.com\/site\/#website"},"primaryImageOfPage":{"@id":"https:\/\/www.notibras.com\/site\/seu-nome-sujou-no-mercado-voce-deixou-de-pagar-ou-foi-erro-de-quem-cobrou\/#primaryimage"},"image":{"@id":"https:\/\/www.notibras.com\/site\/seu-nome-sujou-no-mercado-voce-deixou-de-pagar-ou-foi-erro-de-quem-cobrou\/#primaryimage"},"thumbnailUrl":"https:\/\/www.notibras.com\/site\/wp-content\/uploads\/2016\/01\/size_810_16_9_nota-real.jpg","datePublished":"2016-01-17T12:25:24+00:00","dateModified":"2016-01-17T16:28:35+00:00","breadcrumb":{"@id":"https:\/\/www.notibras.com\/site\/seu-nome-sujou-no-mercado-voce-deixou-de-pagar-ou-foi-erro-de-quem-cobrou\/#breadcrumb"},"inLanguage":"pt-BR","potentialAction":[{"@type":"ReadAction","target":["https:\/\/www.notibras.com\/site\/seu-nome-sujou-no-mercado-voce-deixou-de-pagar-ou-foi-erro-de-quem-cobrou\/"]}]},{"@type":"ImageObject","inLanguage":"pt-BR","@id":"https:\/\/www.notibras.com\/site\/seu-nome-sujou-no-mercado-voce-deixou-de-pagar-ou-foi-erro-de-quem-cobrou\/#primaryimage","url":"https:\/\/www.notibras.com\/site\/wp-content\/uploads\/2016\/01\/size_810_16_9_nota-real.jpg","contentUrl":"https:\/\/www.notibras.com\/site\/wp-content\/uploads\/2016\/01\/size_810_16_9_nota-real.jpg","width":811,"height":455},{"@type":"BreadcrumbList","@id":"https:\/\/www.notibras.com\/site\/seu-nome-sujou-no-mercado-voce-deixou-de-pagar-ou-foi-erro-de-quem-cobrou\/#breadcrumb","itemListElement":[{"@type":"ListItem","position":1,"name":"In\u00edcio","item":"https:\/\/www.notibras.com\/site\/"},{"@type":"ListItem","position":2,"name":"Nome sujou no mercado. Voc\u00ea deixou de pagar ou errou quem cobrou?"}]},{"@type":"WebSite","@id":"https:\/\/www.notibras.com\/site\/#website","url":"https:\/\/www.notibras.com\/site\/","name":"Notibras","description":"Not\u00edcias de Bras\u00edlia, do Brasil e do Mundo","publisher":{"@id":"https:\/\/www.notibras.com\/site\/#organization"},"potentialAction":[{"@type":"SearchAction","target":{"@type":"EntryPoint","urlTemplate":"https:\/\/www.notibras.com\/site\/?s={search_term_string}"},"query-input":{"@type":"PropertyValueSpecification","valueRequired":true,"valueName":"search_term_string"}}],"inLanguage":"pt-BR"},{"@type":"Organization","@id":"https:\/\/www.notibras.com\/site\/#organization","name":"Grupo Notibras de Comunica\u00e7\u00e3o","url":"https:\/\/www.notibras.com\/site\/","logo":{"@type":"ImageObject","inLanguage":"pt-BR","@id":"https:\/\/www.notibras.com\/site\/#\/schema\/logo\/image\/","url":"https:\/\/www.notibras.com\/site\/wp-content\/uploads\/2023\/01\/notibras23.png","contentUrl":"https:\/\/www.notibras.com\/site\/wp-content\/uploads\/2023\/01\/notibras23.png","width":350,"height":87,"caption":"Grupo Notibras de Comunica\u00e7\u00e3o"},"image":{"@id":"https:\/\/www.notibras.com\/site\/#\/schema\/logo\/image\/"},"sameAs":["https:\/\/www.facebook.com\/notibras\/","https:\/\/x.com\/Notibras","https:\/\/www.instagram.com\/notibras\/"]},{"@type":"Person","@id":"https:\/\/www.notibras.com\/site\/#\/schema\/person\/36ab0979449956132d3e5b517ea76ac8","name":"Reda\u00e7\u00e3o","image":{"@type":"ImageObject","inLanguage":"pt-BR","@id":"https:\/\/secure.gravatar.com\/avatar\/e0a867bdedb85fd243eadf09663511f96fc81e0720a4a42581f334ad4303aa6b?s=96&d=mm&r=g","url":"https:\/\/secure.gravatar.com\/avatar\/e0a867bdedb85fd243eadf09663511f96fc81e0720a4a42581f334ad4303aa6b?s=96&d=mm&r=g","contentUrl":"https:\/\/secure.gravatar.com\/avatar\/e0a867bdedb85fd243eadf09663511f96fc81e0720a4a42581f334ad4303aa6b?s=96&d=mm&r=g","caption":"Reda\u00e7\u00e3o"}}]}},"amp_enabled":true,"_links":{"self":[{"href":"https:\/\/www.notibras.com\/site\/wp-json\/wp\/v2\/posts\/84954","targetHints":{"allow":["GET"]}}],"collection":[{"href":"https:\/\/www.notibras.com\/site\/wp-json\/wp\/v2\/posts"}],"about":[{"href":"https:\/\/www.notibras.com\/site\/wp-json\/wp\/v2\/types\/post"}],"author":[{"embeddable":true,"href":"https:\/\/www.notibras.com\/site\/wp-json\/wp\/v2\/users\/2"}],"replies":[{"embeddable":true,"href":"https:\/\/www.notibras.com\/site\/wp-json\/wp\/v2\/comments?post=84954"}],"version-history":[{"count":3,"href":"https:\/\/www.notibras.com\/site\/wp-json\/wp\/v2\/posts\/84954\/revisions"}],"predecessor-version":[{"id":84958,"href":"https:\/\/www.notibras.com\/site\/wp-json\/wp\/v2\/posts\/84954\/revisions\/84958"}],"wp:featuredmedia":[{"embeddable":true,"href":"https:\/\/www.notibras.com\/site\/wp-json\/wp\/v2\/media\/84955"}],"wp:attachment":[{"href":"https:\/\/www.notibras.com\/site\/wp-json\/wp\/v2\/media?parent=84954"}],"wp:term":[{"taxonomy":"category","embeddable":true,"href":"https:\/\/www.notibras.com\/site\/wp-json\/wp\/v2\/categories?post=84954"},{"taxonomy":"post_tag","embeddable":true,"href":"https:\/\/www.notibras.com\/site\/wp-json\/wp\/v2\/tags?post=84954"}],"curies":[{"name":"wp","href":"https:\/\/api.w.org\/{rel}","templated":true}]}}