{"id":8516,"date":"2014-05-07T16:56:59","date_gmt":"2014-05-07T19:56:59","guid":{"rendered":"http:\/\/www.notibras.com\/site\/?p=8516"},"modified":"2014-05-07T23:45:46","modified_gmt":"2014-05-08T02:45:46","slug":"mulher-embriagada-e-parada-pela-policia-e-tenta-beber-o-etilometro","status":"publish","type":"post","link":"https:\/\/www.notibras.com\/site\/mulher-embriagada-e-parada-pela-policia-e-tenta-beber-o-etilometro\/","title":{"rendered":"Mulher embriagada tenta &#8216;beber&#8217; o etil\u00f4metro da pol\u00edcia"},"content":{"rendered":"<p>Uma motorista de 27 anos foi detida na manh\u00e3 desta quarta-feira ao ser flagrada dirigindo embriagada em Porto Alegre (RS). Segundo a Pol\u00edcia Rodovi\u00e1ria Federal, ao ser abordada a mulher tentou \u201cbeber\u201d o etil\u00f4metro, como se fosse uma garrafa.<\/p>\n<p class=\"text\">O teste\u00a0acusou a presen\u00e7a de 1,24 mg de \u00e1lcool por litro de sangue. A mulher, que estava sozinha em seu ve\u00edculo, pretendia seguir at\u00e9 Balne\u00e1rio Cambori\u00fa, em Santa Catarina.<\/p>\n<p class=\"text\">Segundo a PRF, outros motoristas perceberam que ela estava dirigindo em zigue-zague e acionaram a corpora\u00e7\u00e3o via telefone 191.<\/p>\n<p class=\"text\">A mulher foi detida na altura do quil\u00f4metro 1 da BR-290, a Freeway, e\u00a0encaminhada para a Delegacia do Os\u00f3rio, onde seria lavrada a ocorr\u00eancia e definida a fian\u00e7a.<\/p>\n","protected":false},"excerpt":{"rendered":"<p>Uma motorista de 27 anos foi detida na manh\u00e3 desta quarta-feira ao ser flagrada dirigindo embriagada em Porto Alegre (RS). Segundo a Pol\u00edcia Rodovi\u00e1ria Federal, ao ser abordada a mulher tentou \u201cbeber\u201d o etil\u00f4metro, como se fosse uma garrafa. O teste\u00a0acusou a presen\u00e7a de 1,24 mg de \u00e1lcool por litro de sangue. A mulher, que [&hellip;]<\/p>\n","protected":false},"author":2,"featured_media":8517,"comment_status":"open","ping_status":"closed","sticky":false,"template":"","format":"standard","meta":{"_acf_changed":false,"footnotes":""},"categories":[16],"tags":[],"class_list":["post-8516","post","type-post","status-publish","format-standard","has-post-thumbnail","hentry","category-brasil"],"acf":[],"_links":{"self":[{"href":"https:\/\/www.notibras.com\/site\/wp-json\/wp\/v2\/posts\/8516","targetHints":{"allow":["GET"]}}],"collection":[{"href":"https:\/\/www.notibras.com\/site\/wp-json\/wp\/v2\/posts"}],"about":[{"href":"https:\/\/www.notibras.com\/site\/wp-json\/wp\/v2\/types\/post"}],"author":[{"embeddable":true,"href":"https:\/\/www.notibras.com\/site\/wp-json\/wp\/v2\/users\/2"}],"replies":[{"embeddable":true,"href":"https:\/\/www.notibras.com\/site\/wp-json\/wp\/v2\/comments?post=8516"}],"version-history":[{"count":0,"href":"https:\/\/www.notibras.com\/site\/wp-json\/wp\/v2\/posts\/8516\/revisions"}],"wp:featuredmedia":[{"embeddable":true,"href":"https:\/\/www.notibras.com\/site\/wp-json\/wp\/v2\/media\/8517"}],"wp:attachment":[{"href":"https:\/\/www.notibras.com\/site\/wp-json\/wp\/v2\/media?parent=8516"}],"wp:term":[{"taxonomy":"category","embeddable":true,"href":"https:\/\/www.notibras.com\/site\/wp-json\/wp\/v2\/categories?post=8516"},{"taxonomy":"post_tag","embeddable":true,"href":"https:\/\/www.notibras.com\/site\/wp-json\/wp\/v2\/tags?post=8516"}],"curies":[{"name":"wp","href":"https:\/\/api.w.org\/{rel}","templated":true}]}}