{"id":85301,"date":"2016-01-19T23:20:49","date_gmt":"2016-01-20T01:20:49","guid":{"rendered":"http:\/\/www.notibras.com\/site\/?p=85301"},"modified":"2016-01-19T23:20:49","modified_gmt":"2016-01-20T01:20:49","slug":"doces-lembrancas-da-menina-da-hora-na-hora-que-toca-o-celular","status":"publish","type":"post","link":"https:\/\/www.notibras.com\/site\/doces-lembrancas-da-menina-da-hora-na-hora-que-toca-o-celular\/","title":{"rendered":"Doces lembran\u00e7as da menina da hora na hora que toca o celular"},"content":{"rendered":"<p><strong>Hamed El-Awar<\/strong><\/p>\n<p>Estava a dirigir, final da tarde, em dire\u00e7\u00e3o ao S\u00edtio. O celular toca. Sei que n\u00e3o deveria, mas atendi. Rapidinho.\u00a0Era o Diretor, comentando que \u201cestava no ar\u201d o causo sobre o lual ocorrido em Olinda.\u00a0Da r\u00e1pida conversa veio nova inspira\u00e7\u00e3o.<\/p>\n<p>Ainda em Recife, \u00e9poca em que morava na Avenida Visconde de Suassuna, algum tempo depois de haver residido na Rua do Sossego.\u00a0Havia uma menina linda; uma boneca de lou\u00e7a! Loira, olhos bem azuis! Branquiiiinha!!!\u00a0L\u00e1bios cor de rosa.<\/p>\n<p>A escultura mais que perfeita que o Bom deus poderia ter criado!!! Linda!!! Muito mais linda do que qualquer das esculturas do Mestre dos Mestres de Recife.<\/p>\n<p>Era a coisinha mais linda que at\u00e9 ent\u00e3o eu conhecera. Chamava-se Ana. Uma Menina da Hora, lembrando versos dos Mamonas Assassinas.<\/p>\n<p>Meu cora\u00e7\u00e3o, ent\u00e3o adolescente, resolveu apaixonar-se por aquela Menina da Hora. Loucura de amor intenso. Loucura, apenas, n\u00e3o. Influ\u00eancia astrol\u00f3gica tamb\u00e9m. A menina da Hora tem Sol em C\u00e2ncer, signo regido pela Lua que est\u00e1 na minha Casa do Amor.<\/p>\n<p>O velho da Hora, amigo do meu pai, j\u00e1 comunistas de antes da \u00e9poca da ditadura, n\u00e3o admitia de maneira alguma o namoro: &#8211; se peg\u00e1-los juntos dou um tiro de espingarda!!! Tamb\u00e9m, pudera, naquela \u00e9poca havia a preocupa\u00e7\u00e3o, eu diria filosofia de vida, que para enamorar-se e namorar, o rapaz j\u00e1 deveria estar trabalhando e em condi\u00e7\u00f5es de casar.<\/p>\n<p>Entenda-se: sustentar a namorada, futura esposa. N\u00e3o era, ainda, e estava longe de ser, o meu caso.<\/p>\n<p>Por\u00e9m, claro, tinha que haver um por\u00e9m, t\u00ednhamos o apoio moral da Senhora da Hora, m\u00e3e da Menina da Hora, assim como das suas irm\u00e3s.<\/p>\n<p>E o namorico transcorria \u00e0s escondidas; cinema; houve cinema, sim, naquela \u00e9poca se ia ao cinema, n\u00e3o para ver o filme, mas apenas para namorar. No escurinho.<\/p>\n<p>Um dia, soube, a Menina da Hora estava acamada, com hepatite.<\/p>\n<p>A Senhora da Hora permitiu-me visit\u00e1-la em sua cama, onde convalescia, p\u00e1lida.<\/p>\n<p>Branquiiiinha!!! Olhos azuis; fundos de branco-amarelados.<\/p>\n<p>Visita r\u00e1pida; um mais r\u00e1pido ainda beijinho na boca. Na boca!!! Hepatite?!!! O Amor da Hora n\u00e3o permite ver essas diferen\u00e7as, ou barreiras. \u00c9 mais forte do que qualquer mal.<\/p>\n<p>Ciente, por\u00e9m, da idade ainda precoce, longe da independ\u00eancia financeira e, por conseguinte, de obter o respeito do Senhor da Hora, mas, sobretudo dos sustos e temores que a adorada Menina da Hora sofria nos momentos em que nos encontr\u00e1vamos, escondidinhos, abdiquei do meu grande amor que era \u00fanico. Era a Menina da Hora.<\/p>\n","protected":false},"excerpt":{"rendered":"<p>Hamed El-Awar Estava a dirigir, final da tarde, em dire\u00e7\u00e3o ao S\u00edtio. O celular toca. Sei que n\u00e3o deveria, mas atendi. Rapidinho.\u00a0Era o Diretor, comentando que \u201cestava no ar\u201d o causo sobre o lual ocorrido em Olinda.\u00a0Da r\u00e1pida conversa veio nova inspira\u00e7\u00e3o. Ainda em Recife, \u00e9poca em que morava na Avenida Visconde de Suassuna, algum [&hellip;]<\/p>\n","protected":false},"author":2,"featured_media":85302,"comment_status":"open","ping_status":"closed","sticky":false,"template":"","format":"standard","meta":{"_acf_changed":false,"footnotes":""},"categories":[25],"tags":[],"class_list":["post-85301","post","type-post","status-publish","format-standard","has-post-thumbnail","hentry","category-opina-ai"],"acf":[],"yoast_head":"<!-- This site is optimized with the Yoast SEO plugin v27.2 - https:\/\/yoast.com\/product\/yoast-seo-wordpress\/ -->\n<title>Doces lembran\u00e7as da menina da hora na hora que toca o celular - Notibras<\/title>\n<meta name=\"robots\" content=\"index, follow, max-snippet:-1, max-image-preview:large, max-video-preview:-1\" \/>\n<link rel=\"canonical\" href=\"https:\/\/www.notibras.com\/site\/doces-lembrancas-da-menina-da-hora-na-hora-que-toca-o-celular\/\" \/>\n<meta property=\"og:locale\" content=\"pt_BR\" \/>\n<meta property=\"og:type\" content=\"article\" \/>\n<meta property=\"og:title\" content=\"Doces lembran\u00e7as da menina da hora na hora que toca o celular - Notibras\" \/>\n<meta property=\"og:description\" content=\"Hamed El-Awar Estava a dirigir, final da tarde, em dire\u00e7\u00e3o ao S\u00edtio. O celular toca. Sei que n\u00e3o deveria, mas atendi. Rapidinho.\u00a0Era o Diretor, comentando que \u201cestava no ar\u201d o causo sobre o lual ocorrido em Olinda.\u00a0Da r\u00e1pida conversa veio nova inspira\u00e7\u00e3o. Ainda em Recife, \u00e9poca em que morava na Avenida Visconde de Suassuna, algum [&hellip;]\" \/>\n<meta property=\"og:url\" content=\"https:\/\/www.notibras.com\/site\/doces-lembrancas-da-menina-da-hora-na-hora-que-toca-o-celular\/\" \/>\n<meta property=\"og:site_name\" content=\"Notibras\" \/>\n<meta property=\"article:publisher\" content=\"https:\/\/www.facebook.com\/notibras\/\" \/>\n<meta property=\"article:published_time\" content=\"2016-01-20T01:20:49+00:00\" \/>\n<meta property=\"og:image\" content=\"https:\/\/www.notibras.com\/site\/wp-content\/uploads\/2016\/01\/deusa.jpg\" \/>\n\t<meta property=\"og:image:width\" content=\"800\" \/>\n\t<meta property=\"og:image:height\" content=\"600\" \/>\n\t<meta property=\"og:image:type\" content=\"image\/jpeg\" \/>\n<meta name=\"author\" content=\"Reda\u00e7\u00e3o\" \/>\n<meta name=\"twitter:card\" content=\"summary_large_image\" \/>\n<meta name=\"twitter:creator\" content=\"@Notibras\" \/>\n<meta name=\"twitter:site\" content=\"@Notibras\" \/>\n<meta name=\"twitter:label1\" content=\"Escrito por\" \/>\n\t<meta name=\"twitter:data1\" content=\"Reda\u00e7\u00e3o\" \/>\n\t<meta name=\"twitter:label2\" content=\"Est. tempo de leitura\" \/>\n\t<meta name=\"twitter:data2\" content=\"2 minutos\" \/>\n<script type=\"application\/ld+json\" class=\"yoast-schema-graph\">{\"@context\":\"https:\/\/schema.org\",\"@graph\":[{\"@type\":\"Article\",\"@id\":\"https:\/\/www.notibras.com\/site\/doces-lembrancas-da-menina-da-hora-na-hora-que-toca-o-celular\/#article\",\"isPartOf\":{\"@id\":\"https:\/\/www.notibras.com\/site\/doces-lembrancas-da-menina-da-hora-na-hora-que-toca-o-celular\/\"},\"author\":{\"name\":\"Reda\u00e7\u00e3o\",\"@id\":\"https:\/\/www.notibras.com\/site\/#\/schema\/person\/36ab0979449956132d3e5b517ea76ac8\"},\"headline\":\"Doces lembran\u00e7as da menina da hora na hora que toca o celular\",\"datePublished\":\"2016-01-20T01:20:49+00:00\",\"mainEntityOfPage\":{\"@id\":\"https:\/\/www.notibras.com\/site\/doces-lembrancas-da-menina-da-hora-na-hora-que-toca-o-celular\/\"},\"wordCount\":461,\"commentCount\":0,\"publisher\":{\"@id\":\"https:\/\/www.notibras.com\/site\/#organization\"},\"image\":{\"@id\":\"https:\/\/www.notibras.com\/site\/doces-lembrancas-da-menina-da-hora-na-hora-que-toca-o-celular\/#primaryimage\"},\"thumbnailUrl\":\"https:\/\/www.notibras.com\/site\/wp-content\/uploads\/2016\/01\/deusa.jpg\",\"articleSection\":[\"Opina a\u00ed\"],\"inLanguage\":\"pt-BR\",\"potentialAction\":[{\"@type\":\"CommentAction\",\"name\":\"Comment\",\"target\":[\"https:\/\/www.notibras.com\/site\/doces-lembrancas-da-menina-da-hora-na-hora-que-toca-o-celular\/#respond\"]}]},{\"@type\":\"WebPage\",\"@id\":\"https:\/\/www.notibras.com\/site\/doces-lembrancas-da-menina-da-hora-na-hora-que-toca-o-celular\/\",\"url\":\"https:\/\/www.notibras.com\/site\/doces-lembrancas-da-menina-da-hora-na-hora-que-toca-o-celular\/\",\"name\":\"Doces lembran\u00e7as da menina da hora na hora que toca o celular - Notibras\",\"isPartOf\":{\"@id\":\"https:\/\/www.notibras.com\/site\/#website\"},\"primaryImageOfPage\":{\"@id\":\"https:\/\/www.notibras.com\/site\/doces-lembrancas-da-menina-da-hora-na-hora-que-toca-o-celular\/#primaryimage\"},\"image\":{\"@id\":\"https:\/\/www.notibras.com\/site\/doces-lembrancas-da-menina-da-hora-na-hora-que-toca-o-celular\/#primaryimage\"},\"thumbnailUrl\":\"https:\/\/www.notibras.com\/site\/wp-content\/uploads\/2016\/01\/deusa.jpg\",\"datePublished\":\"2016-01-20T01:20:49+00:00\",\"breadcrumb\":{\"@id\":\"https:\/\/www.notibras.com\/site\/doces-lembrancas-da-menina-da-hora-na-hora-que-toca-o-celular\/#breadcrumb\"},\"inLanguage\":\"pt-BR\",\"potentialAction\":[{\"@type\":\"ReadAction\",\"target\":[\"https:\/\/www.notibras.com\/site\/doces-lembrancas-da-menina-da-hora-na-hora-que-toca-o-celular\/\"]}]},{\"@type\":\"ImageObject\",\"inLanguage\":\"pt-BR\",\"@id\":\"https:\/\/www.notibras.com\/site\/doces-lembrancas-da-menina-da-hora-na-hora-que-toca-o-celular\/#primaryimage\",\"url\":\"https:\/\/www.notibras.com\/site\/wp-content\/uploads\/2016\/01\/deusa.jpg\",\"contentUrl\":\"https:\/\/www.notibras.com\/site\/wp-content\/uploads\/2016\/01\/deusa.jpg\",\"width\":800,\"height\":600},{\"@type\":\"BreadcrumbList\",\"@id\":\"https:\/\/www.notibras.com\/site\/doces-lembrancas-da-menina-da-hora-na-hora-que-toca-o-celular\/#breadcrumb\",\"itemListElement\":[{\"@type\":\"ListItem\",\"position\":1,\"name\":\"In\u00edcio\",\"item\":\"https:\/\/www.notibras.com\/site\/\"},{\"@type\":\"ListItem\",\"position\":2,\"name\":\"Doces lembran\u00e7as da menina da hora na hora que toca o celular\"}]},{\"@type\":\"WebSite\",\"@id\":\"https:\/\/www.notibras.com\/site\/#website\",\"url\":\"https:\/\/www.notibras.com\/site\/\",\"name\":\"Notibras\",\"description\":\"Not\u00edcias de Bras\u00edlia, do Brasil e do Mundo\",\"publisher\":{\"@id\":\"https:\/\/www.notibras.com\/site\/#organization\"},\"potentialAction\":[{\"@type\":\"SearchAction\",\"target\":{\"@type\":\"EntryPoint\",\"urlTemplate\":\"https:\/\/www.notibras.com\/site\/?s={search_term_string}\"},\"query-input\":{\"@type\":\"PropertyValueSpecification\",\"valueRequired\":true,\"valueName\":\"search_term_string\"}}],\"inLanguage\":\"pt-BR\"},{\"@type\":\"Organization\",\"@id\":\"https:\/\/www.notibras.com\/site\/#organization\",\"name\":\"Grupo Notibras de Comunica\u00e7\u00e3o\",\"url\":\"https:\/\/www.notibras.com\/site\/\",\"logo\":{\"@type\":\"ImageObject\",\"inLanguage\":\"pt-BR\",\"@id\":\"https:\/\/www.notibras.com\/site\/#\/schema\/logo\/image\/\",\"url\":\"https:\/\/www.notibras.com\/site\/wp-content\/uploads\/2023\/01\/notibras23.png\",\"contentUrl\":\"https:\/\/www.notibras.com\/site\/wp-content\/uploads\/2023\/01\/notibras23.png\",\"width\":350,\"height\":87,\"caption\":\"Grupo Notibras de Comunica\u00e7\u00e3o\"},\"image\":{\"@id\":\"https:\/\/www.notibras.com\/site\/#\/schema\/logo\/image\/\"},\"sameAs\":[\"https:\/\/www.facebook.com\/notibras\/\",\"https:\/\/x.com\/Notibras\",\"https:\/\/www.instagram.com\/notibras\/\"]},{\"@type\":\"Person\",\"@id\":\"https:\/\/www.notibras.com\/site\/#\/schema\/person\/36ab0979449956132d3e5b517ea76ac8\",\"name\":\"Reda\u00e7\u00e3o\",\"image\":{\"@type\":\"ImageObject\",\"inLanguage\":\"pt-BR\",\"@id\":\"https:\/\/secure.gravatar.com\/avatar\/e0a867bdedb85fd243eadf09663511f96fc81e0720a4a42581f334ad4303aa6b?s=96&d=mm&r=g\",\"url\":\"https:\/\/secure.gravatar.com\/avatar\/e0a867bdedb85fd243eadf09663511f96fc81e0720a4a42581f334ad4303aa6b?s=96&d=mm&r=g\",\"contentUrl\":\"https:\/\/secure.gravatar.com\/avatar\/e0a867bdedb85fd243eadf09663511f96fc81e0720a4a42581f334ad4303aa6b?s=96&d=mm&r=g\",\"caption\":\"Reda\u00e7\u00e3o\"}}]}<\/script>\n<!-- \/ Yoast SEO plugin. -->","yoast_head_json":{"title":"Doces lembran\u00e7as da menina da hora na hora que toca o celular - Notibras","robots":{"index":"index","follow":"follow","max-snippet":"max-snippet:-1","max-image-preview":"max-image-preview:large","max-video-preview":"max-video-preview:-1"},"canonical":"https:\/\/www.notibras.com\/site\/doces-lembrancas-da-menina-da-hora-na-hora-que-toca-o-celular\/","og_locale":"pt_BR","og_type":"article","og_title":"Doces lembran\u00e7as da menina da hora na hora que toca o celular - Notibras","og_description":"Hamed El-Awar Estava a dirigir, final da tarde, em dire\u00e7\u00e3o ao S\u00edtio. O celular toca. Sei que n\u00e3o deveria, mas atendi. Rapidinho.\u00a0Era o Diretor, comentando que \u201cestava no ar\u201d o causo sobre o lual ocorrido em Olinda.\u00a0Da r\u00e1pida conversa veio nova inspira\u00e7\u00e3o. Ainda em Recife, \u00e9poca em que morava na Avenida Visconde de Suassuna, algum [&hellip;]","og_url":"https:\/\/www.notibras.com\/site\/doces-lembrancas-da-menina-da-hora-na-hora-que-toca-o-celular\/","og_site_name":"Notibras","article_publisher":"https:\/\/www.facebook.com\/notibras\/","article_published_time":"2016-01-20T01:20:49+00:00","og_image":[{"width":800,"height":600,"url":"https:\/\/www.notibras.com\/site\/wp-content\/uploads\/2016\/01\/deusa.jpg","type":"image\/jpeg"}],"author":"Reda\u00e7\u00e3o","twitter_card":"summary_large_image","twitter_creator":"@Notibras","twitter_site":"@Notibras","twitter_misc":{"Escrito por":"Reda\u00e7\u00e3o","Est. tempo de leitura":"2 minutos"},"schema":{"@context":"https:\/\/schema.org","@graph":[{"@type":"Article","@id":"https:\/\/www.notibras.com\/site\/doces-lembrancas-da-menina-da-hora-na-hora-que-toca-o-celular\/#article","isPartOf":{"@id":"https:\/\/www.notibras.com\/site\/doces-lembrancas-da-menina-da-hora-na-hora-que-toca-o-celular\/"},"author":{"name":"Reda\u00e7\u00e3o","@id":"https:\/\/www.notibras.com\/site\/#\/schema\/person\/36ab0979449956132d3e5b517ea76ac8"},"headline":"Doces lembran\u00e7as da menina da hora na hora que toca o celular","datePublished":"2016-01-20T01:20:49+00:00","mainEntityOfPage":{"@id":"https:\/\/www.notibras.com\/site\/doces-lembrancas-da-menina-da-hora-na-hora-que-toca-o-celular\/"},"wordCount":461,"commentCount":0,"publisher":{"@id":"https:\/\/www.notibras.com\/site\/#organization"},"image":{"@id":"https:\/\/www.notibras.com\/site\/doces-lembrancas-da-menina-da-hora-na-hora-que-toca-o-celular\/#primaryimage"},"thumbnailUrl":"https:\/\/www.notibras.com\/site\/wp-content\/uploads\/2016\/01\/deusa.jpg","articleSection":["Opina a\u00ed"],"inLanguage":"pt-BR","potentialAction":[{"@type":"CommentAction","name":"Comment","target":["https:\/\/www.notibras.com\/site\/doces-lembrancas-da-menina-da-hora-na-hora-que-toca-o-celular\/#respond"]}]},{"@type":"WebPage","@id":"https:\/\/www.notibras.com\/site\/doces-lembrancas-da-menina-da-hora-na-hora-que-toca-o-celular\/","url":"https:\/\/www.notibras.com\/site\/doces-lembrancas-da-menina-da-hora-na-hora-que-toca-o-celular\/","name":"Doces lembran\u00e7as da menina da hora na hora que toca o celular - Notibras","isPartOf":{"@id":"https:\/\/www.notibras.com\/site\/#website"},"primaryImageOfPage":{"@id":"https:\/\/www.notibras.com\/site\/doces-lembrancas-da-menina-da-hora-na-hora-que-toca-o-celular\/#primaryimage"},"image":{"@id":"https:\/\/www.notibras.com\/site\/doces-lembrancas-da-menina-da-hora-na-hora-que-toca-o-celular\/#primaryimage"},"thumbnailUrl":"https:\/\/www.notibras.com\/site\/wp-content\/uploads\/2016\/01\/deusa.jpg","datePublished":"2016-01-20T01:20:49+00:00","breadcrumb":{"@id":"https:\/\/www.notibras.com\/site\/doces-lembrancas-da-menina-da-hora-na-hora-que-toca-o-celular\/#breadcrumb"},"inLanguage":"pt-BR","potentialAction":[{"@type":"ReadAction","target":["https:\/\/www.notibras.com\/site\/doces-lembrancas-da-menina-da-hora-na-hora-que-toca-o-celular\/"]}]},{"@type":"ImageObject","inLanguage":"pt-BR","@id":"https:\/\/www.notibras.com\/site\/doces-lembrancas-da-menina-da-hora-na-hora-que-toca-o-celular\/#primaryimage","url":"https:\/\/www.notibras.com\/site\/wp-content\/uploads\/2016\/01\/deusa.jpg","contentUrl":"https:\/\/www.notibras.com\/site\/wp-content\/uploads\/2016\/01\/deusa.jpg","width":800,"height":600},{"@type":"BreadcrumbList","@id":"https:\/\/www.notibras.com\/site\/doces-lembrancas-da-menina-da-hora-na-hora-que-toca-o-celular\/#breadcrumb","itemListElement":[{"@type":"ListItem","position":1,"name":"In\u00edcio","item":"https:\/\/www.notibras.com\/site\/"},{"@type":"ListItem","position":2,"name":"Doces lembran\u00e7as da menina da hora na hora que toca o celular"}]},{"@type":"WebSite","@id":"https:\/\/www.notibras.com\/site\/#website","url":"https:\/\/www.notibras.com\/site\/","name":"Notibras","description":"Not\u00edcias de Bras\u00edlia, do Brasil e do Mundo","publisher":{"@id":"https:\/\/www.notibras.com\/site\/#organization"},"potentialAction":[{"@type":"SearchAction","target":{"@type":"EntryPoint","urlTemplate":"https:\/\/www.notibras.com\/site\/?s={search_term_string}"},"query-input":{"@type":"PropertyValueSpecification","valueRequired":true,"valueName":"search_term_string"}}],"inLanguage":"pt-BR"},{"@type":"Organization","@id":"https:\/\/www.notibras.com\/site\/#organization","name":"Grupo Notibras de Comunica\u00e7\u00e3o","url":"https:\/\/www.notibras.com\/site\/","logo":{"@type":"ImageObject","inLanguage":"pt-BR","@id":"https:\/\/www.notibras.com\/site\/#\/schema\/logo\/image\/","url":"https:\/\/www.notibras.com\/site\/wp-content\/uploads\/2023\/01\/notibras23.png","contentUrl":"https:\/\/www.notibras.com\/site\/wp-content\/uploads\/2023\/01\/notibras23.png","width":350,"height":87,"caption":"Grupo Notibras de Comunica\u00e7\u00e3o"},"image":{"@id":"https:\/\/www.notibras.com\/site\/#\/schema\/logo\/image\/"},"sameAs":["https:\/\/www.facebook.com\/notibras\/","https:\/\/x.com\/Notibras","https:\/\/www.instagram.com\/notibras\/"]},{"@type":"Person","@id":"https:\/\/www.notibras.com\/site\/#\/schema\/person\/36ab0979449956132d3e5b517ea76ac8","name":"Reda\u00e7\u00e3o","image":{"@type":"ImageObject","inLanguage":"pt-BR","@id":"https:\/\/secure.gravatar.com\/avatar\/e0a867bdedb85fd243eadf09663511f96fc81e0720a4a42581f334ad4303aa6b?s=96&d=mm&r=g","url":"https:\/\/secure.gravatar.com\/avatar\/e0a867bdedb85fd243eadf09663511f96fc81e0720a4a42581f334ad4303aa6b?s=96&d=mm&r=g","contentUrl":"https:\/\/secure.gravatar.com\/avatar\/e0a867bdedb85fd243eadf09663511f96fc81e0720a4a42581f334ad4303aa6b?s=96&d=mm&r=g","caption":"Reda\u00e7\u00e3o"}}]}},"amp_enabled":true,"_links":{"self":[{"href":"https:\/\/www.notibras.com\/site\/wp-json\/wp\/v2\/posts\/85301","targetHints":{"allow":["GET"]}}],"collection":[{"href":"https:\/\/www.notibras.com\/site\/wp-json\/wp\/v2\/posts"}],"about":[{"href":"https:\/\/www.notibras.com\/site\/wp-json\/wp\/v2\/types\/post"}],"author":[{"embeddable":true,"href":"https:\/\/www.notibras.com\/site\/wp-json\/wp\/v2\/users\/2"}],"replies":[{"embeddable":true,"href":"https:\/\/www.notibras.com\/site\/wp-json\/wp\/v2\/comments?post=85301"}],"version-history":[{"count":1,"href":"https:\/\/www.notibras.com\/site\/wp-json\/wp\/v2\/posts\/85301\/revisions"}],"predecessor-version":[{"id":85303,"href":"https:\/\/www.notibras.com\/site\/wp-json\/wp\/v2\/posts\/85301\/revisions\/85303"}],"wp:featuredmedia":[{"embeddable":true,"href":"https:\/\/www.notibras.com\/site\/wp-json\/wp\/v2\/media\/85302"}],"wp:attachment":[{"href":"https:\/\/www.notibras.com\/site\/wp-json\/wp\/v2\/media?parent=85301"}],"wp:term":[{"taxonomy":"category","embeddable":true,"href":"https:\/\/www.notibras.com\/site\/wp-json\/wp\/v2\/categories?post=85301"},{"taxonomy":"post_tag","embeddable":true,"href":"https:\/\/www.notibras.com\/site\/wp-json\/wp\/v2\/tags?post=85301"}],"curies":[{"name":"wp","href":"https:\/\/api.w.org\/{rel}","templated":true}]}}