{"id":8575,"date":"2014-05-07T20:23:35","date_gmt":"2014-05-07T23:23:35","guid":{"rendered":"http:\/\/www.notibras.com\/site\/?p=8575"},"modified":"2014-05-07T22:26:43","modified_gmt":"2014-05-08T01:26:43","slug":"pele-apoia-lista-mas-sente-falta-de-gente-experiente-na-equipe","status":"publish","type":"post","link":"https:\/\/www.notibras.com\/site\/pele-apoia-lista-mas-sente-falta-de-gente-experiente-na-equipe\/","title":{"rendered":"Pel\u00e9 apoia lista, mas sente falta de gente experiente na equipe"},"content":{"rendered":"<p>Luiz Felipe Scolari j\u00e1 ganhou o apoio do &#8220;Rei do Futebol&#8221;. Nesta quarta-feira, logo depois de o treinador da Sele\u00e7\u00e3o Brasileira divulgar a lista de convocados para a Copa do Mundo, Pel\u00e9 se manifestou em um evento no qual lan\u00e7ara mais um livro sobre a sua carreira.<\/p>\n<p>Para o tricampe\u00e3o mundial, o atual comandante mostrou coer\u00eancia, n\u00e3o trouxe nenhuma grande surpresa e montou um grupo qualificado para conquistar o t\u00edtulo diante da torcida. A \u00fanica advert\u00eancia do ex-camisa 10 \u00e9 com rela\u00e7\u00e3o \u00e0 falta de um jogador com mais experi\u00eancia, como o atacante Robinho ou o meia Kak\u00e1.<\/p>\n<p>&#8220;N\u00e3o houve novidades para n\u00f3s que estamos acompanhando. A coisa mais dif\u00edcil no Brasil, ali\u00e1s, \u00e9 montar uma Sele\u00e7\u00e3o, porque tem tantos jogadores bons para cada posi\u00e7\u00e3o que fica dif\u00edcil para o t\u00e9cnico. O Felip\u00e3o foi coerente, pois n\u00e3o tivemos nenhuma surpresa. Eu s\u00f3 achei que alguns jogadores mais experientes, como Kak\u00e1 ou Robinho, poderiam ser convocados para estar com o grupo. Mas foi normal&#8221;, analisou o Rei do Futebol.<\/p>\n<p>Na lista dos 23 escolhidos por Luiz Felipe Scolari, 17 jogadores ir\u00e3o disputar a Copa do Mundo pela primeira vez. Sendo assim, Pel\u00e9 acredita que a convoca\u00e7\u00e3o de um jogador mais rodado, como Kak\u00e1, que j\u00e1 disputou o Mundial tr\u00eas vezes, e Robinho, que esteve entre os chamados por duas ocasi\u00f5es, poderia ser ben\u00e9fica ao atual grupo de jogadores. O Rei do Futebol, para explicar o seu argumento, citou at\u00e9 mesmo o seu caso, quando estreou na competi\u00e7\u00e3o com apenas 17 anos.<\/p>\n<p>O \u00eddolo nacional, por\u00e9m, comparou as duas \u00e9pocas, alegando que uma estreia pela Sele\u00e7\u00e3o atualmente n\u00e3o tem o mesmo peso de seu tempo. &#8220;Para mim fez diferen\u00e7a (disputar a Copa pela primeira vez). Mesmo assim eu acho que \u00e9 muito diferente hoje, porque os jogadores que est\u00e3o defendendo a Sele\u00e7\u00e3o Brasileira pela primeira vez s\u00e3o de times grandes da Europa, est\u00e3o acostumados com um n\u00edvel de competitividade bem alto e t\u00eam essa experi\u00eancia de lidar com a press\u00e3o da torcida&#8221;.<\/p>\n","protected":false},"excerpt":{"rendered":"<p>Luiz Felipe Scolari j\u00e1 ganhou o apoio do &#8220;Rei do Futebol&#8221;. Nesta quarta-feira, logo depois de o treinador da Sele\u00e7\u00e3o Brasileira divulgar a lista de convocados para a Copa do Mundo, Pel\u00e9 se manifestou em um evento no qual lan\u00e7ara mais um livro sobre a sua carreira. Para o tricampe\u00e3o mundial, o atual comandante mostrou [&hellip;]<\/p>\n","protected":false},"author":2,"featured_media":8740,"comment_status":"open","ping_status":"closed","sticky":false,"template":"","format":"standard","meta":{"_acf_changed":false,"footnotes":""},"categories":[19],"tags":[],"class_list":["post-8575","post","type-post","status-publish","format-standard","has-post-thumbnail","hentry","category-esportes"],"acf":[],"yoast_head":"<!-- This site is optimized with the Yoast SEO plugin v27.2 - https:\/\/yoast.com\/product\/yoast-seo-wordpress\/ -->\n<title>Pel\u00e9 apoia lista, mas sente falta de gente experiente na equipe - Notibras<\/title>\n<meta name=\"robots\" content=\"index, follow, max-snippet:-1, max-image-preview:large, max-video-preview:-1\" \/>\n<link rel=\"canonical\" href=\"https:\/\/www.notibras.com\/site\/pele-apoia-lista-mas-sente-falta-de-gente-experiente-na-equipe\/\" \/>\n<meta property=\"og:locale\" content=\"pt_BR\" \/>\n<meta property=\"og:type\" content=\"article\" \/>\n<meta property=\"og:title\" content=\"Pel\u00e9 apoia lista, mas sente falta de gente experiente na equipe - Notibras\" \/>\n<meta property=\"og:description\" content=\"Luiz Felipe Scolari j\u00e1 ganhou o apoio do &#8220;Rei do Futebol&#8221;. Nesta quarta-feira, logo depois de o treinador da Sele\u00e7\u00e3o Brasileira divulgar a lista de convocados para a Copa do Mundo, Pel\u00e9 se manifestou em um evento no qual lan\u00e7ara mais um livro sobre a sua carreira. Para o tricampe\u00e3o mundial, o atual comandante mostrou [&hellip;]\" \/>\n<meta property=\"og:url\" content=\"https:\/\/www.notibras.com\/site\/pele-apoia-lista-mas-sente-falta-de-gente-experiente-na-equipe\/\" \/>\n<meta property=\"og:site_name\" content=\"Notibras\" \/>\n<meta property=\"article:publisher\" content=\"https:\/\/www.facebook.com\/notibras\/\" \/>\n<meta property=\"article:published_time\" content=\"2014-05-07T23:23:35+00:00\" \/>\n<meta property=\"article:modified_time\" content=\"2014-05-08T01:26:43+00:00\" \/>\n<meta property=\"og:image\" content=\"https:\/\/www.notibras.com\/site\/wp-content\/uploads\/2014\/05\/Sem-t\u00edtulo-17.jpg\" \/>\n\t<meta property=\"og:image:width\" content=\"620\" \/>\n\t<meta property=\"og:image:height\" content=\"410\" \/>\n\t<meta property=\"og:image:type\" content=\"image\/jpeg\" \/>\n<meta name=\"author\" content=\"Reda\u00e7\u00e3o\" \/>\n<meta name=\"twitter:card\" content=\"summary_large_image\" \/>\n<meta name=\"twitter:creator\" content=\"@Notibras\" \/>\n<meta name=\"twitter:site\" content=\"@Notibras\" \/>\n<meta name=\"twitter:label1\" content=\"Escrito por\" \/>\n\t<meta name=\"twitter:data1\" content=\"Reda\u00e7\u00e3o\" \/>\n\t<meta name=\"twitter:label2\" content=\"Est. tempo de leitura\" \/>\n\t<meta name=\"twitter:data2\" content=\"2 minutos\" \/>\n<script type=\"application\/ld+json\" class=\"yoast-schema-graph\">{\"@context\":\"https:\/\/schema.org\",\"@graph\":[{\"@type\":\"Article\",\"@id\":\"https:\/\/www.notibras.com\/site\/pele-apoia-lista-mas-sente-falta-de-gente-experiente-na-equipe\/#article\",\"isPartOf\":{\"@id\":\"https:\/\/www.notibras.com\/site\/pele-apoia-lista-mas-sente-falta-de-gente-experiente-na-equipe\/\"},\"author\":{\"name\":\"Reda\u00e7\u00e3o\",\"@id\":\"https:\/\/www.notibras.com\/site\/#\/schema\/person\/36ab0979449956132d3e5b517ea76ac8\"},\"headline\":\"Pel\u00e9 apoia lista, mas sente falta de gente experiente na equipe\",\"datePublished\":\"2014-05-07T23:23:35+00:00\",\"dateModified\":\"2014-05-08T01:26:43+00:00\",\"mainEntityOfPage\":{\"@id\":\"https:\/\/www.notibras.com\/site\/pele-apoia-lista-mas-sente-falta-de-gente-experiente-na-equipe\/\"},\"wordCount\":370,\"commentCount\":0,\"publisher\":{\"@id\":\"https:\/\/www.notibras.com\/site\/#organization\"},\"image\":{\"@id\":\"https:\/\/www.notibras.com\/site\/pele-apoia-lista-mas-sente-falta-de-gente-experiente-na-equipe\/#primaryimage\"},\"thumbnailUrl\":\"https:\/\/www.notibras.com\/site\/wp-content\/uploads\/2014\/05\/Sem-t\u00edtulo-17.jpg\",\"articleSection\":[\"Esportes\"],\"inLanguage\":\"pt-BR\",\"potentialAction\":[{\"@type\":\"CommentAction\",\"name\":\"Comment\",\"target\":[\"https:\/\/www.notibras.com\/site\/pele-apoia-lista-mas-sente-falta-de-gente-experiente-na-equipe\/#respond\"]}]},{\"@type\":\"WebPage\",\"@id\":\"https:\/\/www.notibras.com\/site\/pele-apoia-lista-mas-sente-falta-de-gente-experiente-na-equipe\/\",\"url\":\"https:\/\/www.notibras.com\/site\/pele-apoia-lista-mas-sente-falta-de-gente-experiente-na-equipe\/\",\"name\":\"Pel\u00e9 apoia lista, mas sente falta de gente experiente na equipe - Notibras\",\"isPartOf\":{\"@id\":\"https:\/\/www.notibras.com\/site\/#website\"},\"primaryImageOfPage\":{\"@id\":\"https:\/\/www.notibras.com\/site\/pele-apoia-lista-mas-sente-falta-de-gente-experiente-na-equipe\/#primaryimage\"},\"image\":{\"@id\":\"https:\/\/www.notibras.com\/site\/pele-apoia-lista-mas-sente-falta-de-gente-experiente-na-equipe\/#primaryimage\"},\"thumbnailUrl\":\"https:\/\/www.notibras.com\/site\/wp-content\/uploads\/2014\/05\/Sem-t\u00edtulo-17.jpg\",\"datePublished\":\"2014-05-07T23:23:35+00:00\",\"dateModified\":\"2014-05-08T01:26:43+00:00\",\"breadcrumb\":{\"@id\":\"https:\/\/www.notibras.com\/site\/pele-apoia-lista-mas-sente-falta-de-gente-experiente-na-equipe\/#breadcrumb\"},\"inLanguage\":\"pt-BR\",\"potentialAction\":[{\"@type\":\"ReadAction\",\"target\":[\"https:\/\/www.notibras.com\/site\/pele-apoia-lista-mas-sente-falta-de-gente-experiente-na-equipe\/\"]}]},{\"@type\":\"ImageObject\",\"inLanguage\":\"pt-BR\",\"@id\":\"https:\/\/www.notibras.com\/site\/pele-apoia-lista-mas-sente-falta-de-gente-experiente-na-equipe\/#primaryimage\",\"url\":\"https:\/\/www.notibras.com\/site\/wp-content\/uploads\/2014\/05\/Sem-t\u00edtulo-17.jpg\",\"contentUrl\":\"https:\/\/www.notibras.com\/site\/wp-content\/uploads\/2014\/05\/Sem-t\u00edtulo-17.jpg\",\"width\":620,\"height\":410},{\"@type\":\"BreadcrumbList\",\"@id\":\"https:\/\/www.notibras.com\/site\/pele-apoia-lista-mas-sente-falta-de-gente-experiente-na-equipe\/#breadcrumb\",\"itemListElement\":[{\"@type\":\"ListItem\",\"position\":1,\"name\":\"In\u00edcio\",\"item\":\"https:\/\/www.notibras.com\/site\/\"},{\"@type\":\"ListItem\",\"position\":2,\"name\":\"Pel\u00e9 apoia lista, mas sente falta de gente experiente na equipe\"}]},{\"@type\":\"WebSite\",\"@id\":\"https:\/\/www.notibras.com\/site\/#website\",\"url\":\"https:\/\/www.notibras.com\/site\/\",\"name\":\"Notibras\",\"description\":\"Not\u00edcias de Bras\u00edlia, do Brasil e do Mundo\",\"publisher\":{\"@id\":\"https:\/\/www.notibras.com\/site\/#organization\"},\"potentialAction\":[{\"@type\":\"SearchAction\",\"target\":{\"@type\":\"EntryPoint\",\"urlTemplate\":\"https:\/\/www.notibras.com\/site\/?s={search_term_string}\"},\"query-input\":{\"@type\":\"PropertyValueSpecification\",\"valueRequired\":true,\"valueName\":\"search_term_string\"}}],\"inLanguage\":\"pt-BR\"},{\"@type\":\"Organization\",\"@id\":\"https:\/\/www.notibras.com\/site\/#organization\",\"name\":\"Grupo Notibras de Comunica\u00e7\u00e3o\",\"url\":\"https:\/\/www.notibras.com\/site\/\",\"logo\":{\"@type\":\"ImageObject\",\"inLanguage\":\"pt-BR\",\"@id\":\"https:\/\/www.notibras.com\/site\/#\/schema\/logo\/image\/\",\"url\":\"https:\/\/www.notibras.com\/site\/wp-content\/uploads\/2023\/01\/notibras23.png\",\"contentUrl\":\"https:\/\/www.notibras.com\/site\/wp-content\/uploads\/2023\/01\/notibras23.png\",\"width\":350,\"height\":87,\"caption\":\"Grupo Notibras de Comunica\u00e7\u00e3o\"},\"image\":{\"@id\":\"https:\/\/www.notibras.com\/site\/#\/schema\/logo\/image\/\"},\"sameAs\":[\"https:\/\/www.facebook.com\/notibras\/\",\"https:\/\/x.com\/Notibras\",\"https:\/\/www.instagram.com\/notibras\/\"]},{\"@type\":\"Person\",\"@id\":\"https:\/\/www.notibras.com\/site\/#\/schema\/person\/36ab0979449956132d3e5b517ea76ac8\",\"name\":\"Reda\u00e7\u00e3o\",\"image\":{\"@type\":\"ImageObject\",\"inLanguage\":\"pt-BR\",\"@id\":\"https:\/\/secure.gravatar.com\/avatar\/e0a867bdedb85fd243eadf09663511f96fc81e0720a4a42581f334ad4303aa6b?s=96&d=mm&r=g\",\"url\":\"https:\/\/secure.gravatar.com\/avatar\/e0a867bdedb85fd243eadf09663511f96fc81e0720a4a42581f334ad4303aa6b?s=96&d=mm&r=g\",\"contentUrl\":\"https:\/\/secure.gravatar.com\/avatar\/e0a867bdedb85fd243eadf09663511f96fc81e0720a4a42581f334ad4303aa6b?s=96&d=mm&r=g\",\"caption\":\"Reda\u00e7\u00e3o\"}}]}<\/script>\n<!-- \/ Yoast SEO plugin. -->","yoast_head_json":{"title":"Pel\u00e9 apoia lista, mas sente falta de gente experiente na equipe - Notibras","robots":{"index":"index","follow":"follow","max-snippet":"max-snippet:-1","max-image-preview":"max-image-preview:large","max-video-preview":"max-video-preview:-1"},"canonical":"https:\/\/www.notibras.com\/site\/pele-apoia-lista-mas-sente-falta-de-gente-experiente-na-equipe\/","og_locale":"pt_BR","og_type":"article","og_title":"Pel\u00e9 apoia lista, mas sente falta de gente experiente na equipe - Notibras","og_description":"Luiz Felipe Scolari j\u00e1 ganhou o apoio do &#8220;Rei do Futebol&#8221;. Nesta quarta-feira, logo depois de o treinador da Sele\u00e7\u00e3o Brasileira divulgar a lista de convocados para a Copa do Mundo, Pel\u00e9 se manifestou em um evento no qual lan\u00e7ara mais um livro sobre a sua carreira. Para o tricampe\u00e3o mundial, o atual comandante mostrou [&hellip;]","og_url":"https:\/\/www.notibras.com\/site\/pele-apoia-lista-mas-sente-falta-de-gente-experiente-na-equipe\/","og_site_name":"Notibras","article_publisher":"https:\/\/www.facebook.com\/notibras\/","article_published_time":"2014-05-07T23:23:35+00:00","article_modified_time":"2014-05-08T01:26:43+00:00","og_image":[{"width":620,"height":410,"url":"https:\/\/www.notibras.com\/site\/wp-content\/uploads\/2014\/05\/Sem-t\u00edtulo-17.jpg","type":"image\/jpeg"}],"author":"Reda\u00e7\u00e3o","twitter_card":"summary_large_image","twitter_creator":"@Notibras","twitter_site":"@Notibras","twitter_misc":{"Escrito por":"Reda\u00e7\u00e3o","Est. tempo de leitura":"2 minutos"},"schema":{"@context":"https:\/\/schema.org","@graph":[{"@type":"Article","@id":"https:\/\/www.notibras.com\/site\/pele-apoia-lista-mas-sente-falta-de-gente-experiente-na-equipe\/#article","isPartOf":{"@id":"https:\/\/www.notibras.com\/site\/pele-apoia-lista-mas-sente-falta-de-gente-experiente-na-equipe\/"},"author":{"name":"Reda\u00e7\u00e3o","@id":"https:\/\/www.notibras.com\/site\/#\/schema\/person\/36ab0979449956132d3e5b517ea76ac8"},"headline":"Pel\u00e9 apoia lista, mas sente falta de gente experiente na equipe","datePublished":"2014-05-07T23:23:35+00:00","dateModified":"2014-05-08T01:26:43+00:00","mainEntityOfPage":{"@id":"https:\/\/www.notibras.com\/site\/pele-apoia-lista-mas-sente-falta-de-gente-experiente-na-equipe\/"},"wordCount":370,"commentCount":0,"publisher":{"@id":"https:\/\/www.notibras.com\/site\/#organization"},"image":{"@id":"https:\/\/www.notibras.com\/site\/pele-apoia-lista-mas-sente-falta-de-gente-experiente-na-equipe\/#primaryimage"},"thumbnailUrl":"https:\/\/www.notibras.com\/site\/wp-content\/uploads\/2014\/05\/Sem-t\u00edtulo-17.jpg","articleSection":["Esportes"],"inLanguage":"pt-BR","potentialAction":[{"@type":"CommentAction","name":"Comment","target":["https:\/\/www.notibras.com\/site\/pele-apoia-lista-mas-sente-falta-de-gente-experiente-na-equipe\/#respond"]}]},{"@type":"WebPage","@id":"https:\/\/www.notibras.com\/site\/pele-apoia-lista-mas-sente-falta-de-gente-experiente-na-equipe\/","url":"https:\/\/www.notibras.com\/site\/pele-apoia-lista-mas-sente-falta-de-gente-experiente-na-equipe\/","name":"Pel\u00e9 apoia lista, mas sente falta de gente experiente na equipe - Notibras","isPartOf":{"@id":"https:\/\/www.notibras.com\/site\/#website"},"primaryImageOfPage":{"@id":"https:\/\/www.notibras.com\/site\/pele-apoia-lista-mas-sente-falta-de-gente-experiente-na-equipe\/#primaryimage"},"image":{"@id":"https:\/\/www.notibras.com\/site\/pele-apoia-lista-mas-sente-falta-de-gente-experiente-na-equipe\/#primaryimage"},"thumbnailUrl":"https:\/\/www.notibras.com\/site\/wp-content\/uploads\/2014\/05\/Sem-t\u00edtulo-17.jpg","datePublished":"2014-05-07T23:23:35+00:00","dateModified":"2014-05-08T01:26:43+00:00","breadcrumb":{"@id":"https:\/\/www.notibras.com\/site\/pele-apoia-lista-mas-sente-falta-de-gente-experiente-na-equipe\/#breadcrumb"},"inLanguage":"pt-BR","potentialAction":[{"@type":"ReadAction","target":["https:\/\/www.notibras.com\/site\/pele-apoia-lista-mas-sente-falta-de-gente-experiente-na-equipe\/"]}]},{"@type":"ImageObject","inLanguage":"pt-BR","@id":"https:\/\/www.notibras.com\/site\/pele-apoia-lista-mas-sente-falta-de-gente-experiente-na-equipe\/#primaryimage","url":"https:\/\/www.notibras.com\/site\/wp-content\/uploads\/2014\/05\/Sem-t\u00edtulo-17.jpg","contentUrl":"https:\/\/www.notibras.com\/site\/wp-content\/uploads\/2014\/05\/Sem-t\u00edtulo-17.jpg","width":620,"height":410},{"@type":"BreadcrumbList","@id":"https:\/\/www.notibras.com\/site\/pele-apoia-lista-mas-sente-falta-de-gente-experiente-na-equipe\/#breadcrumb","itemListElement":[{"@type":"ListItem","position":1,"name":"In\u00edcio","item":"https:\/\/www.notibras.com\/site\/"},{"@type":"ListItem","position":2,"name":"Pel\u00e9 apoia lista, mas sente falta de gente experiente na equipe"}]},{"@type":"WebSite","@id":"https:\/\/www.notibras.com\/site\/#website","url":"https:\/\/www.notibras.com\/site\/","name":"Notibras","description":"Not\u00edcias de Bras\u00edlia, do Brasil e do Mundo","publisher":{"@id":"https:\/\/www.notibras.com\/site\/#organization"},"potentialAction":[{"@type":"SearchAction","target":{"@type":"EntryPoint","urlTemplate":"https:\/\/www.notibras.com\/site\/?s={search_term_string}"},"query-input":{"@type":"PropertyValueSpecification","valueRequired":true,"valueName":"search_term_string"}}],"inLanguage":"pt-BR"},{"@type":"Organization","@id":"https:\/\/www.notibras.com\/site\/#organization","name":"Grupo Notibras de Comunica\u00e7\u00e3o","url":"https:\/\/www.notibras.com\/site\/","logo":{"@type":"ImageObject","inLanguage":"pt-BR","@id":"https:\/\/www.notibras.com\/site\/#\/schema\/logo\/image\/","url":"https:\/\/www.notibras.com\/site\/wp-content\/uploads\/2023\/01\/notibras23.png","contentUrl":"https:\/\/www.notibras.com\/site\/wp-content\/uploads\/2023\/01\/notibras23.png","width":350,"height":87,"caption":"Grupo Notibras de Comunica\u00e7\u00e3o"},"image":{"@id":"https:\/\/www.notibras.com\/site\/#\/schema\/logo\/image\/"},"sameAs":["https:\/\/www.facebook.com\/notibras\/","https:\/\/x.com\/Notibras","https:\/\/www.instagram.com\/notibras\/"]},{"@type":"Person","@id":"https:\/\/www.notibras.com\/site\/#\/schema\/person\/36ab0979449956132d3e5b517ea76ac8","name":"Reda\u00e7\u00e3o","image":{"@type":"ImageObject","inLanguage":"pt-BR","@id":"https:\/\/secure.gravatar.com\/avatar\/e0a867bdedb85fd243eadf09663511f96fc81e0720a4a42581f334ad4303aa6b?s=96&d=mm&r=g","url":"https:\/\/secure.gravatar.com\/avatar\/e0a867bdedb85fd243eadf09663511f96fc81e0720a4a42581f334ad4303aa6b?s=96&d=mm&r=g","contentUrl":"https:\/\/secure.gravatar.com\/avatar\/e0a867bdedb85fd243eadf09663511f96fc81e0720a4a42581f334ad4303aa6b?s=96&d=mm&r=g","caption":"Reda\u00e7\u00e3o"}}]}},"amp_enabled":true,"_links":{"self":[{"href":"https:\/\/www.notibras.com\/site\/wp-json\/wp\/v2\/posts\/8575","targetHints":{"allow":["GET"]}}],"collection":[{"href":"https:\/\/www.notibras.com\/site\/wp-json\/wp\/v2\/posts"}],"about":[{"href":"https:\/\/www.notibras.com\/site\/wp-json\/wp\/v2\/types\/post"}],"author":[{"embeddable":true,"href":"https:\/\/www.notibras.com\/site\/wp-json\/wp\/v2\/users\/2"}],"replies":[{"embeddable":true,"href":"https:\/\/www.notibras.com\/site\/wp-json\/wp\/v2\/comments?post=8575"}],"version-history":[{"count":0,"href":"https:\/\/www.notibras.com\/site\/wp-json\/wp\/v2\/posts\/8575\/revisions"}],"wp:featuredmedia":[{"embeddable":true,"href":"https:\/\/www.notibras.com\/site\/wp-json\/wp\/v2\/media\/8740"}],"wp:attachment":[{"href":"https:\/\/www.notibras.com\/site\/wp-json\/wp\/v2\/media?parent=8575"}],"wp:term":[{"taxonomy":"category","embeddable":true,"href":"https:\/\/www.notibras.com\/site\/wp-json\/wp\/v2\/categories?post=8575"},{"taxonomy":"post_tag","embeddable":true,"href":"https:\/\/www.notibras.com\/site\/wp-json\/wp\/v2\/tags?post=8575"}],"curies":[{"name":"wp","href":"https:\/\/api.w.org\/{rel}","templated":true}]}}