{"id":85792,"date":"2016-01-23T21:06:54","date_gmt":"2016-01-23T23:06:54","guid":{"rendered":"http:\/\/www.notibras.com\/site\/?p=85792"},"modified":"2016-01-24T14:04:48","modified_gmt":"2016-01-24T16:04:48","slug":"lagrimas-marcam-a-emocao-na-historia-das-paginas-viradas-de-brasilia","status":"publish","type":"post","link":"https:\/\/www.notibras.com\/site\/lagrimas-marcam-a-emocao-na-historia-das-paginas-viradas-de-brasilia\/","title":{"rendered":"L\u00e1grimas marcam a emo\u00e7\u00e3o nas p\u00e1ginas viradas de Bras\u00edlia, dia I"},"content":{"rendered":"<p><strong>Jos\u00e9 Escarlate<\/strong><\/p>\n<p>21 de abril de 1960 \u2013 A primeira sess\u00e3o do Congresso Nacional em Bras\u00edlia \u00e9 aberta \u00e0s 11h30, pelo presidente do Senado Federal, ent\u00e3o vice-presidente da Rep\u00fablica, Jo\u00e3o Goulart. Com o plen\u00e1rio e galerias lotados, uma comiss\u00e3o de parlamentares conduz o presidente JK \u00e0 Mesa Diretora, onde est\u00e3o Jango, o presidente da C\u00e2mara dos Deputados, Ranieri Mazzilli, o cardeal Cerejeira, de Portugal, e o presidente do STF, ministro Barros Barreto. JK ocupa seu lugar ao lado de Jango, sendo saudado de p\u00e9 pela maioria dos que est\u00e3o no Plen\u00e1rio e nas galerias. As oposi\u00e7\u00f5es, silenciam.<\/p>\n<p>Dois m\u00e9dicos acompanhavam dia e noite o presidente, desde que ele chegou a Bras\u00edlia, em todas as cerim\u00f4nias da inaugura\u00e7\u00e3o. Havia receio de que seus nervos e coron\u00e1rias n\u00e3o resistissem \u00e0s emo\u00e7\u00f5es. A sa\u00fade de JK n\u00e3o poderia ficar ao alcance do infarto que em 1958 rondou os pal\u00e1cios das Laranjeiras e do Catete, no Rio. Tr\u00eamulo, mas sorridente, um JK superando a pr\u00f3pria exaust\u00e3o, ouve as palavras\u00a0de\u00a0Jo\u00e3o Goulart: \u201c\u00c9 com emo\u00e7\u00e3o que declaro instalados os trabalhos do Congresso Nacional em Bras\u00edlia, a nova Capital da Rep\u00fablica\u201d.<\/p>\n<p>Num ambiente de admira\u00e7\u00e3o e deslumbramento, o novo Congresso brasileiro ainda cheirava a tinta. Al\u00e9m da ilumina\u00e7\u00e3o ainda estar deficiente, o calor era insuport\u00e1vel, j\u00e1 que o ar condicionado n\u00e3o dava conta do recado devido \u00e0 lota\u00e7\u00e3o. Naquele momento, escreveu-se uma nova p\u00e1gina na hist\u00f3ria do Brasil.<\/p>\n<p>Buscando proporcionar uma significativa economia aos cofres p\u00fablicos, o projeto do conjunto do Congresso Nacional teve o objetivo de reunir as duas Casas do Congresso em um s\u00f3 edif\u00edcio, aproximando deputados e senadores, preservando a autonomia de cada uma das Casas. A obra foi a mais cara de Bras\u00edlia. Segundo estudos, teria custado 2,1 bilh\u00f5es de cruzeiros, a moeda em vigor no ano de 1960.<\/p>\n<p>Durante a s\u00e9rie de compromissos contidos na extensa programa\u00e7\u00e3o da inaugura\u00e7\u00e3o de Bras\u00edlia, iniciada ainda na madrugada, JK conseguiu conter a emo\u00e7\u00e3o, fraquejando apenas em tr\u00eas ocasi\u00f5es. Foi por ocasi\u00e3o da missa solene, ao chegar \u00e0 Mesa Diretora do Congresso, com parlamentares e as galerias o aplaudindo de p\u00e9, e quando assomou ao parlat\u00f3rio do Pal\u00e1cio do Planalto, recebendo \u00e0s homenagens dos \u201ccompanheiros de trabalho\u201d &#8211; os candangos -, na pra\u00e7a dos Tr\u00eas Poderes. Foram as tr\u00eas l\u00e1grimas de JK.<\/p>\n<p><img loading=\"lazy\" decoding=\"async\" class=\"alignnone size-full wp-image-83053\" src=\"http:\/\/www.notibras.com\/site\/wp-content\/uploads\/2016\/01\/PV.png\" alt=\"PV\" width=\"122\" height=\"26\" \/><\/p>\n","protected":false},"excerpt":{"rendered":"<p>Jos\u00e9 Escarlate 21 de abril de 1960 \u2013 A primeira sess\u00e3o do Congresso Nacional em Bras\u00edlia \u00e9 aberta \u00e0s 11h30, pelo presidente do Senado Federal, ent\u00e3o vice-presidente da Rep\u00fablica, Jo\u00e3o Goulart. Com o plen\u00e1rio e galerias lotados, uma comiss\u00e3o de parlamentares conduz o presidente JK \u00e0 Mesa Diretora, onde est\u00e3o Jango, o presidente da C\u00e2mara [&hellip;]<\/p>\n","protected":false},"author":2,"featured_media":85793,"comment_status":"open","ping_status":"closed","sticky":false,"template":"","format":"standard","meta":{"_acf_changed":false,"footnotes":""},"categories":[63],"tags":[],"class_list":["post-85792","post","type-post","status-publish","format-standard","has-post-thumbnail","hentry","category-paginas-viradas"],"acf":[],"yoast_head":"<!-- This site is optimized with the Yoast SEO plugin v27.2 - https:\/\/yoast.com\/product\/yoast-seo-wordpress\/ -->\n<title>L\u00e1grimas marcam a emo\u00e7\u00e3o nas p\u00e1ginas viradas de Bras\u00edlia, dia I - Notibras<\/title>\n<meta name=\"robots\" content=\"index, follow, max-snippet:-1, max-image-preview:large, max-video-preview:-1\" \/>\n<link rel=\"canonical\" href=\"https:\/\/www.notibras.com\/site\/lagrimas-marcam-a-emocao-na-historia-das-paginas-viradas-de-brasilia\/\" \/>\n<meta property=\"og:locale\" content=\"pt_BR\" \/>\n<meta property=\"og:type\" content=\"article\" \/>\n<meta property=\"og:title\" content=\"L\u00e1grimas marcam a emo\u00e7\u00e3o nas p\u00e1ginas viradas de Bras\u00edlia, dia I - Notibras\" \/>\n<meta property=\"og:description\" content=\"Jos\u00e9 Escarlate 21 de abril de 1960 \u2013 A primeira sess\u00e3o do Congresso Nacional em Bras\u00edlia \u00e9 aberta \u00e0s 11h30, pelo presidente do Senado Federal, ent\u00e3o vice-presidente da Rep\u00fablica, Jo\u00e3o Goulart. Com o plen\u00e1rio e galerias lotados, uma comiss\u00e3o de parlamentares conduz o presidente JK \u00e0 Mesa Diretora, onde est\u00e3o Jango, o presidente da C\u00e2mara [&hellip;]\" \/>\n<meta property=\"og:url\" content=\"https:\/\/www.notibras.com\/site\/lagrimas-marcam-a-emocao-na-historia-das-paginas-viradas-de-brasilia\/\" \/>\n<meta property=\"og:site_name\" content=\"Notibras\" \/>\n<meta property=\"article:publisher\" content=\"https:\/\/www.facebook.com\/notibras\/\" \/>\n<meta property=\"article:published_time\" content=\"2016-01-23T23:06:54+00:00\" \/>\n<meta property=\"article:modified_time\" content=\"2016-01-24T16:04:48+00:00\" \/>\n<meta property=\"og:image\" content=\"https:\/\/www.notibras.com\/site\/wp-content\/uploads\/2016\/01\/jk-chora-na-missa.jpg\" \/>\n\t<meta property=\"og:image:width\" content=\"450\" \/>\n\t<meta property=\"og:image:height\" content=\"339\" \/>\n\t<meta property=\"og:image:type\" content=\"image\/jpeg\" \/>\n<meta name=\"author\" content=\"Reda\u00e7\u00e3o\" \/>\n<meta name=\"twitter:card\" content=\"summary_large_image\" \/>\n<meta name=\"twitter:creator\" content=\"@Notibras\" \/>\n<meta name=\"twitter:site\" content=\"@Notibras\" \/>\n<meta name=\"twitter:label1\" content=\"Escrito por\" \/>\n\t<meta name=\"twitter:data1\" content=\"Reda\u00e7\u00e3o\" \/>\n\t<meta name=\"twitter:label2\" content=\"Est. tempo de leitura\" \/>\n\t<meta name=\"twitter:data2\" content=\"2 minutos\" \/>\n<script type=\"application\/ld+json\" class=\"yoast-schema-graph\">{\"@context\":\"https:\/\/schema.org\",\"@graph\":[{\"@type\":\"Article\",\"@id\":\"https:\/\/www.notibras.com\/site\/lagrimas-marcam-a-emocao-na-historia-das-paginas-viradas-de-brasilia\/#article\",\"isPartOf\":{\"@id\":\"https:\/\/www.notibras.com\/site\/lagrimas-marcam-a-emocao-na-historia-das-paginas-viradas-de-brasilia\/\"},\"author\":{\"name\":\"Reda\u00e7\u00e3o\",\"@id\":\"https:\/\/www.notibras.com\/site\/#\/schema\/person\/36ab0979449956132d3e5b517ea76ac8\"},\"headline\":\"L\u00e1grimas marcam a emo\u00e7\u00e3o nas p\u00e1ginas viradas de Bras\u00edlia, dia I\",\"datePublished\":\"2016-01-23T23:06:54+00:00\",\"dateModified\":\"2016-01-24T16:04:48+00:00\",\"mainEntityOfPage\":{\"@id\":\"https:\/\/www.notibras.com\/site\/lagrimas-marcam-a-emocao-na-historia-das-paginas-viradas-de-brasilia\/\"},\"wordCount\":437,\"commentCount\":0,\"publisher\":{\"@id\":\"https:\/\/www.notibras.com\/site\/#organization\"},\"image\":{\"@id\":\"https:\/\/www.notibras.com\/site\/lagrimas-marcam-a-emocao-na-historia-das-paginas-viradas-de-brasilia\/#primaryimage\"},\"thumbnailUrl\":\"https:\/\/www.notibras.com\/site\/wp-content\/uploads\/2016\/01\/jk-chora-na-missa.jpg\",\"articleSection\":[\"P\u00e1ginas Viradas\"],\"inLanguage\":\"pt-BR\",\"potentialAction\":[{\"@type\":\"CommentAction\",\"name\":\"Comment\",\"target\":[\"https:\/\/www.notibras.com\/site\/lagrimas-marcam-a-emocao-na-historia-das-paginas-viradas-de-brasilia\/#respond\"]}]},{\"@type\":\"WebPage\",\"@id\":\"https:\/\/www.notibras.com\/site\/lagrimas-marcam-a-emocao-na-historia-das-paginas-viradas-de-brasilia\/\",\"url\":\"https:\/\/www.notibras.com\/site\/lagrimas-marcam-a-emocao-na-historia-das-paginas-viradas-de-brasilia\/\",\"name\":\"L\u00e1grimas marcam a emo\u00e7\u00e3o nas p\u00e1ginas viradas de Bras\u00edlia, dia I - Notibras\",\"isPartOf\":{\"@id\":\"https:\/\/www.notibras.com\/site\/#website\"},\"primaryImageOfPage\":{\"@id\":\"https:\/\/www.notibras.com\/site\/lagrimas-marcam-a-emocao-na-historia-das-paginas-viradas-de-brasilia\/#primaryimage\"},\"image\":{\"@id\":\"https:\/\/www.notibras.com\/site\/lagrimas-marcam-a-emocao-na-historia-das-paginas-viradas-de-brasilia\/#primaryimage\"},\"thumbnailUrl\":\"https:\/\/www.notibras.com\/site\/wp-content\/uploads\/2016\/01\/jk-chora-na-missa.jpg\",\"datePublished\":\"2016-01-23T23:06:54+00:00\",\"dateModified\":\"2016-01-24T16:04:48+00:00\",\"breadcrumb\":{\"@id\":\"https:\/\/www.notibras.com\/site\/lagrimas-marcam-a-emocao-na-historia-das-paginas-viradas-de-brasilia\/#breadcrumb\"},\"inLanguage\":\"pt-BR\",\"potentialAction\":[{\"@type\":\"ReadAction\",\"target\":[\"https:\/\/www.notibras.com\/site\/lagrimas-marcam-a-emocao-na-historia-das-paginas-viradas-de-brasilia\/\"]}]},{\"@type\":\"ImageObject\",\"inLanguage\":\"pt-BR\",\"@id\":\"https:\/\/www.notibras.com\/site\/lagrimas-marcam-a-emocao-na-historia-das-paginas-viradas-de-brasilia\/#primaryimage\",\"url\":\"https:\/\/www.notibras.com\/site\/wp-content\/uploads\/2016\/01\/jk-chora-na-missa.jpg\",\"contentUrl\":\"https:\/\/www.notibras.com\/site\/wp-content\/uploads\/2016\/01\/jk-chora-na-missa.jpg\",\"width\":450,\"height\":339},{\"@type\":\"BreadcrumbList\",\"@id\":\"https:\/\/www.notibras.com\/site\/lagrimas-marcam-a-emocao-na-historia-das-paginas-viradas-de-brasilia\/#breadcrumb\",\"itemListElement\":[{\"@type\":\"ListItem\",\"position\":1,\"name\":\"In\u00edcio\",\"item\":\"https:\/\/www.notibras.com\/site\/\"},{\"@type\":\"ListItem\",\"position\":2,\"name\":\"L\u00e1grimas marcam a emo\u00e7\u00e3o nas p\u00e1ginas viradas de Bras\u00edlia, dia I\"}]},{\"@type\":\"WebSite\",\"@id\":\"https:\/\/www.notibras.com\/site\/#website\",\"url\":\"https:\/\/www.notibras.com\/site\/\",\"name\":\"Notibras\",\"description\":\"Not\u00edcias de Bras\u00edlia, do Brasil e do Mundo\",\"publisher\":{\"@id\":\"https:\/\/www.notibras.com\/site\/#organization\"},\"potentialAction\":[{\"@type\":\"SearchAction\",\"target\":{\"@type\":\"EntryPoint\",\"urlTemplate\":\"https:\/\/www.notibras.com\/site\/?s={search_term_string}\"},\"query-input\":{\"@type\":\"PropertyValueSpecification\",\"valueRequired\":true,\"valueName\":\"search_term_string\"}}],\"inLanguage\":\"pt-BR\"},{\"@type\":\"Organization\",\"@id\":\"https:\/\/www.notibras.com\/site\/#organization\",\"name\":\"Grupo Notibras de Comunica\u00e7\u00e3o\",\"url\":\"https:\/\/www.notibras.com\/site\/\",\"logo\":{\"@type\":\"ImageObject\",\"inLanguage\":\"pt-BR\",\"@id\":\"https:\/\/www.notibras.com\/site\/#\/schema\/logo\/image\/\",\"url\":\"https:\/\/www.notibras.com\/site\/wp-content\/uploads\/2023\/01\/notibras23.png\",\"contentUrl\":\"https:\/\/www.notibras.com\/site\/wp-content\/uploads\/2023\/01\/notibras23.png\",\"width\":350,\"height\":87,\"caption\":\"Grupo Notibras de Comunica\u00e7\u00e3o\"},\"image\":{\"@id\":\"https:\/\/www.notibras.com\/site\/#\/schema\/logo\/image\/\"},\"sameAs\":[\"https:\/\/www.facebook.com\/notibras\/\",\"https:\/\/x.com\/Notibras\",\"https:\/\/www.instagram.com\/notibras\/\"]},{\"@type\":\"Person\",\"@id\":\"https:\/\/www.notibras.com\/site\/#\/schema\/person\/36ab0979449956132d3e5b517ea76ac8\",\"name\":\"Reda\u00e7\u00e3o\",\"image\":{\"@type\":\"ImageObject\",\"inLanguage\":\"pt-BR\",\"@id\":\"https:\/\/secure.gravatar.com\/avatar\/e0a867bdedb85fd243eadf09663511f96fc81e0720a4a42581f334ad4303aa6b?s=96&d=mm&r=g\",\"url\":\"https:\/\/secure.gravatar.com\/avatar\/e0a867bdedb85fd243eadf09663511f96fc81e0720a4a42581f334ad4303aa6b?s=96&d=mm&r=g\",\"contentUrl\":\"https:\/\/secure.gravatar.com\/avatar\/e0a867bdedb85fd243eadf09663511f96fc81e0720a4a42581f334ad4303aa6b?s=96&d=mm&r=g\",\"caption\":\"Reda\u00e7\u00e3o\"}}]}<\/script>\n<!-- \/ Yoast SEO plugin. -->","yoast_head_json":{"title":"L\u00e1grimas marcam a emo\u00e7\u00e3o nas p\u00e1ginas viradas de Bras\u00edlia, dia I - Notibras","robots":{"index":"index","follow":"follow","max-snippet":"max-snippet:-1","max-image-preview":"max-image-preview:large","max-video-preview":"max-video-preview:-1"},"canonical":"https:\/\/www.notibras.com\/site\/lagrimas-marcam-a-emocao-na-historia-das-paginas-viradas-de-brasilia\/","og_locale":"pt_BR","og_type":"article","og_title":"L\u00e1grimas marcam a emo\u00e7\u00e3o nas p\u00e1ginas viradas de Bras\u00edlia, dia I - Notibras","og_description":"Jos\u00e9 Escarlate 21 de abril de 1960 \u2013 A primeira sess\u00e3o do Congresso Nacional em Bras\u00edlia \u00e9 aberta \u00e0s 11h30, pelo presidente do Senado Federal, ent\u00e3o vice-presidente da Rep\u00fablica, Jo\u00e3o Goulart. Com o plen\u00e1rio e galerias lotados, uma comiss\u00e3o de parlamentares conduz o presidente JK \u00e0 Mesa Diretora, onde est\u00e3o Jango, o presidente da C\u00e2mara [&hellip;]","og_url":"https:\/\/www.notibras.com\/site\/lagrimas-marcam-a-emocao-na-historia-das-paginas-viradas-de-brasilia\/","og_site_name":"Notibras","article_publisher":"https:\/\/www.facebook.com\/notibras\/","article_published_time":"2016-01-23T23:06:54+00:00","article_modified_time":"2016-01-24T16:04:48+00:00","og_image":[{"width":450,"height":339,"url":"https:\/\/www.notibras.com\/site\/wp-content\/uploads\/2016\/01\/jk-chora-na-missa.jpg","type":"image\/jpeg"}],"author":"Reda\u00e7\u00e3o","twitter_card":"summary_large_image","twitter_creator":"@Notibras","twitter_site":"@Notibras","twitter_misc":{"Escrito por":"Reda\u00e7\u00e3o","Est. tempo de leitura":"2 minutos"},"schema":{"@context":"https:\/\/schema.org","@graph":[{"@type":"Article","@id":"https:\/\/www.notibras.com\/site\/lagrimas-marcam-a-emocao-na-historia-das-paginas-viradas-de-brasilia\/#article","isPartOf":{"@id":"https:\/\/www.notibras.com\/site\/lagrimas-marcam-a-emocao-na-historia-das-paginas-viradas-de-brasilia\/"},"author":{"name":"Reda\u00e7\u00e3o","@id":"https:\/\/www.notibras.com\/site\/#\/schema\/person\/36ab0979449956132d3e5b517ea76ac8"},"headline":"L\u00e1grimas marcam a emo\u00e7\u00e3o nas p\u00e1ginas viradas de Bras\u00edlia, dia I","datePublished":"2016-01-23T23:06:54+00:00","dateModified":"2016-01-24T16:04:48+00:00","mainEntityOfPage":{"@id":"https:\/\/www.notibras.com\/site\/lagrimas-marcam-a-emocao-na-historia-das-paginas-viradas-de-brasilia\/"},"wordCount":437,"commentCount":0,"publisher":{"@id":"https:\/\/www.notibras.com\/site\/#organization"},"image":{"@id":"https:\/\/www.notibras.com\/site\/lagrimas-marcam-a-emocao-na-historia-das-paginas-viradas-de-brasilia\/#primaryimage"},"thumbnailUrl":"https:\/\/www.notibras.com\/site\/wp-content\/uploads\/2016\/01\/jk-chora-na-missa.jpg","articleSection":["P\u00e1ginas Viradas"],"inLanguage":"pt-BR","potentialAction":[{"@type":"CommentAction","name":"Comment","target":["https:\/\/www.notibras.com\/site\/lagrimas-marcam-a-emocao-na-historia-das-paginas-viradas-de-brasilia\/#respond"]}]},{"@type":"WebPage","@id":"https:\/\/www.notibras.com\/site\/lagrimas-marcam-a-emocao-na-historia-das-paginas-viradas-de-brasilia\/","url":"https:\/\/www.notibras.com\/site\/lagrimas-marcam-a-emocao-na-historia-das-paginas-viradas-de-brasilia\/","name":"L\u00e1grimas marcam a emo\u00e7\u00e3o nas p\u00e1ginas viradas de Bras\u00edlia, dia I - Notibras","isPartOf":{"@id":"https:\/\/www.notibras.com\/site\/#website"},"primaryImageOfPage":{"@id":"https:\/\/www.notibras.com\/site\/lagrimas-marcam-a-emocao-na-historia-das-paginas-viradas-de-brasilia\/#primaryimage"},"image":{"@id":"https:\/\/www.notibras.com\/site\/lagrimas-marcam-a-emocao-na-historia-das-paginas-viradas-de-brasilia\/#primaryimage"},"thumbnailUrl":"https:\/\/www.notibras.com\/site\/wp-content\/uploads\/2016\/01\/jk-chora-na-missa.jpg","datePublished":"2016-01-23T23:06:54+00:00","dateModified":"2016-01-24T16:04:48+00:00","breadcrumb":{"@id":"https:\/\/www.notibras.com\/site\/lagrimas-marcam-a-emocao-na-historia-das-paginas-viradas-de-brasilia\/#breadcrumb"},"inLanguage":"pt-BR","potentialAction":[{"@type":"ReadAction","target":["https:\/\/www.notibras.com\/site\/lagrimas-marcam-a-emocao-na-historia-das-paginas-viradas-de-brasilia\/"]}]},{"@type":"ImageObject","inLanguage":"pt-BR","@id":"https:\/\/www.notibras.com\/site\/lagrimas-marcam-a-emocao-na-historia-das-paginas-viradas-de-brasilia\/#primaryimage","url":"https:\/\/www.notibras.com\/site\/wp-content\/uploads\/2016\/01\/jk-chora-na-missa.jpg","contentUrl":"https:\/\/www.notibras.com\/site\/wp-content\/uploads\/2016\/01\/jk-chora-na-missa.jpg","width":450,"height":339},{"@type":"BreadcrumbList","@id":"https:\/\/www.notibras.com\/site\/lagrimas-marcam-a-emocao-na-historia-das-paginas-viradas-de-brasilia\/#breadcrumb","itemListElement":[{"@type":"ListItem","position":1,"name":"In\u00edcio","item":"https:\/\/www.notibras.com\/site\/"},{"@type":"ListItem","position":2,"name":"L\u00e1grimas marcam a emo\u00e7\u00e3o nas p\u00e1ginas viradas de Bras\u00edlia, dia I"}]},{"@type":"WebSite","@id":"https:\/\/www.notibras.com\/site\/#website","url":"https:\/\/www.notibras.com\/site\/","name":"Notibras","description":"Not\u00edcias de Bras\u00edlia, do Brasil e do Mundo","publisher":{"@id":"https:\/\/www.notibras.com\/site\/#organization"},"potentialAction":[{"@type":"SearchAction","target":{"@type":"EntryPoint","urlTemplate":"https:\/\/www.notibras.com\/site\/?s={search_term_string}"},"query-input":{"@type":"PropertyValueSpecification","valueRequired":true,"valueName":"search_term_string"}}],"inLanguage":"pt-BR"},{"@type":"Organization","@id":"https:\/\/www.notibras.com\/site\/#organization","name":"Grupo Notibras de Comunica\u00e7\u00e3o","url":"https:\/\/www.notibras.com\/site\/","logo":{"@type":"ImageObject","inLanguage":"pt-BR","@id":"https:\/\/www.notibras.com\/site\/#\/schema\/logo\/image\/","url":"https:\/\/www.notibras.com\/site\/wp-content\/uploads\/2023\/01\/notibras23.png","contentUrl":"https:\/\/www.notibras.com\/site\/wp-content\/uploads\/2023\/01\/notibras23.png","width":350,"height":87,"caption":"Grupo Notibras de Comunica\u00e7\u00e3o"},"image":{"@id":"https:\/\/www.notibras.com\/site\/#\/schema\/logo\/image\/"},"sameAs":["https:\/\/www.facebook.com\/notibras\/","https:\/\/x.com\/Notibras","https:\/\/www.instagram.com\/notibras\/"]},{"@type":"Person","@id":"https:\/\/www.notibras.com\/site\/#\/schema\/person\/36ab0979449956132d3e5b517ea76ac8","name":"Reda\u00e7\u00e3o","image":{"@type":"ImageObject","inLanguage":"pt-BR","@id":"https:\/\/secure.gravatar.com\/avatar\/e0a867bdedb85fd243eadf09663511f96fc81e0720a4a42581f334ad4303aa6b?s=96&d=mm&r=g","url":"https:\/\/secure.gravatar.com\/avatar\/e0a867bdedb85fd243eadf09663511f96fc81e0720a4a42581f334ad4303aa6b?s=96&d=mm&r=g","contentUrl":"https:\/\/secure.gravatar.com\/avatar\/e0a867bdedb85fd243eadf09663511f96fc81e0720a4a42581f334ad4303aa6b?s=96&d=mm&r=g","caption":"Reda\u00e7\u00e3o"}}]}},"amp_enabled":true,"_links":{"self":[{"href":"https:\/\/www.notibras.com\/site\/wp-json\/wp\/v2\/posts\/85792","targetHints":{"allow":["GET"]}}],"collection":[{"href":"https:\/\/www.notibras.com\/site\/wp-json\/wp\/v2\/posts"}],"about":[{"href":"https:\/\/www.notibras.com\/site\/wp-json\/wp\/v2\/types\/post"}],"author":[{"embeddable":true,"href":"https:\/\/www.notibras.com\/site\/wp-json\/wp\/v2\/users\/2"}],"replies":[{"embeddable":true,"href":"https:\/\/www.notibras.com\/site\/wp-json\/wp\/v2\/comments?post=85792"}],"version-history":[{"count":5,"href":"https:\/\/www.notibras.com\/site\/wp-json\/wp\/v2\/posts\/85792\/revisions"}],"predecessor-version":[{"id":85798,"href":"https:\/\/www.notibras.com\/site\/wp-json\/wp\/v2\/posts\/85792\/revisions\/85798"}],"wp:featuredmedia":[{"embeddable":true,"href":"https:\/\/www.notibras.com\/site\/wp-json\/wp\/v2\/media\/85793"}],"wp:attachment":[{"href":"https:\/\/www.notibras.com\/site\/wp-json\/wp\/v2\/media?parent=85792"}],"wp:term":[{"taxonomy":"category","embeddable":true,"href":"https:\/\/www.notibras.com\/site\/wp-json\/wp\/v2\/categories?post=85792"},{"taxonomy":"post_tag","embeddable":true,"href":"https:\/\/www.notibras.com\/site\/wp-json\/wp\/v2\/tags?post=85792"}],"curies":[{"name":"wp","href":"https:\/\/api.w.org\/{rel}","templated":true}]}}