{"id":86056,"date":"2016-01-25T07:40:02","date_gmt":"2016-01-25T09:40:02","guid":{"rendered":"http:\/\/www.notibras.com\/site\/?p=86056"},"modified":"2016-01-25T07:40:02","modified_gmt":"2016-01-25T09:40:02","slug":"natureza-irriga-politica-economica-desastrosa-e-faz-brotar-inflacao-maior-este-ano","status":"publish","type":"post","link":"https:\/\/www.notibras.com\/site\/natureza-irriga-politica-economica-desastrosa-e-faz-brotar-inflacao-maior-este-ano\/","title":{"rendered":"Natureza irriga pol\u00edtica econ\u00f4mica desastrosa e faz brotar infla\u00e7\u00e3o maior este ano"},"content":{"rendered":"<h6 class=\"Assina\"><strong>Daniela Amorim<\/strong><\/h6>\n<p>A indexa\u00e7\u00e3o, os problemas clim\u00e1ticos nas lavouras e o aumento de impostos para compensar a queda na arrecada\u00e7\u00e3o de Estados e munic\u00edpios devem pressionar mais a infla\u00e7\u00e3o deste ano do que a alta do d\u00f3lar e a derrocada das expectativas a reboque da decis\u00e3o anunciada na quarta-feira, 20, pelo Comit\u00ea de Pol\u00edtica Monet\u00e1ria de manter a taxa b\u00e1sica de juros em 14,25% ao ano.<\/p>\n<p>A avalia\u00e7\u00e3o de especialistas ouvidos pelo Broadcast, servi\u00e7o de not\u00edcias em tempo real da Ag\u00eancia Estado, \u00e9 de que a deteriora\u00e7\u00e3o em curso no mercado de trabalho e o cen\u00e1rio de recess\u00e3o na economia podem frear uma contamina\u00e7\u00e3o maior dos pre\u00e7os via expectativas e c\u00e2mbio.<\/p>\n<p>&#8220;Acho que subir juros agora para conter a infla\u00e7\u00e3o n\u00e3o muda nada A infla\u00e7\u00e3o de 2015 foi causada por uma corre\u00e7\u00e3o de pre\u00e7os administrados e choque de alimentos provocado por problemas clim\u00e1ticos. Os bens dur\u00e1veis, que sofrem impacto da desvaloriza\u00e7\u00e3o cambial, tiveram varia\u00e7\u00e3o muito baixa, com pouco repasse da alta do d\u00f3lar&#8221;, opinou o economista Luiz Roberto Cunha, decano da PUC-Rio.<\/p>\n<p>Cunha espera que a infla\u00e7\u00e3o arrefe\u00e7a para 7% ou 8% em 2016, ap\u00f3s o \u00cdndice Nacional de Pre\u00e7os ao Consumidor Amplo (IPCA) ter encerrado 2015 aos 10,67%. Segundo ele, a persist\u00eancia inflacion\u00e1ria vir\u00e1 de contratos indexados \u00e0 infla\u00e7\u00e3o passada, como aluguel, plano de sa\u00fade e reajustes de mensalidades escolares, al\u00e9m de novos choques de alimentos prejudicados pelo excesso de chuvas e alta de impostos como IPI e ICMS.<\/p>\n<p>&#8220;E se demorar muito para ser votada a volta da CPMF, pode ser que o governo tenha que apelar para um aumento da Cide sobre os combust\u00edveis&#8221;, alertou o economista da PUC.<\/p>\n<p>O superintendente adjunto de Infla\u00e7\u00e3o do Instituto Brasileiro de Economia da Funda\u00e7\u00e3o Getulio Vargas (Ibre\/FGV), Salom\u00e3o Quadros, tamb\u00e9m espera um IPCA menor em 2016, mas ainda muito impactado pela indexa\u00e7\u00e3o. &#8220;A infla\u00e7\u00e3o do ano passado est\u00e1 se transmitindo para este ano com for\u00e7a maior do que se imaginava para um cen\u00e1rio de recess\u00e3o. Em algum momento vai parar, mas n\u00e3o sabemos quando&#8221;, avaliou Quadros.<\/p>\n<p>O economista do Ibre\/FGV acredita que ainda haja espa\u00e7o para alguma contamina\u00e7\u00e3o de uma nova rodada de valoriza\u00e7\u00e3o do d\u00f3lar em rela\u00e7\u00e3o ao real, sobretudo nos pre\u00e7os de alimentos. Ele citou as altas nos produtos derivados de soja, trigo, milho e carnes em 2015, quando o real se desvalorizou quase 50% em rela\u00e7\u00e3o \u00e0 moeda americana. Agora, Quadros espera algum repasse para os bens dur\u00e1veis, represados at\u00e9 ent\u00e3o pela demanda reprimida.<\/p>\n<p>&#8220;O mercado de trabalho est\u00e1 se deteriorando rapidamente, mas ainda tem ambiente para repasse, \u00e9 preciso se deteriorar mais ainda. Houve uma piora na qualidade da ocupa\u00e7\u00e3o, com corte de vagas formais, mas as pessoas est\u00e3o conseguindo se realocar de forma mais prec\u00e1ria (na informalidade). A perda l\u00edquida de vagas ainda \u00e9 pequena. A renda diminui um pouco, mas o trabalhador ainda tem algum rendimento&#8221;, justificou Quadros.<\/p>\n<p>A economista-chefe da consultoria Rosenberg Associados, Tha\u00eds Zara, prev\u00ea que a taxa de desemprego alcance 12% no Pa\u00eds no primeiro semestre. A expectativa da consultoria tamb\u00e9m \u00e9 de que o freio na infla\u00e7\u00e3o venha do aumento na fila do desemprego, mas a indexa\u00e7\u00e3o forte deve manter a resist\u00eancia de pre\u00e7os nos pr\u00f3ximos meses.<\/p>\n<p>&#8220;\u00c9 complicado, porque voc\u00ea vai ter o repasse da infla\u00e7\u00e3o passada, o impacto do aumento no sal\u00e1rio m\u00ednimo. Mas em algum momento a gente espera que tenha essa contribui\u00e7\u00e3o (do desemprego) para a desacelera\u00e7\u00e3o da infla\u00e7\u00e3o&#8221;, confirmou Tha\u00eds. A Rosenberg manteve a expectativa de alta de 8% no IPCA de 2016 e avan\u00e7o de 5,5% na infla\u00e7\u00e3o de 2017.<\/p>\n<p><img loading=\"lazy\" decoding=\"async\" class=\"alignnone size-full wp-image-70065\" src=\"http:\/\/www.notibras.com\/site\/wp-content\/uploads\/2015\/10\/estadao.png\" alt=\"estadao\" width=\"99\" height=\"16\" \/><\/p>\n","protected":false},"excerpt":{"rendered":"<p>Daniela Amorim A indexa\u00e7\u00e3o, os problemas clim\u00e1ticos nas lavouras e o aumento de impostos para compensar a queda na arrecada\u00e7\u00e3o de Estados e munic\u00edpios devem pressionar mais a infla\u00e7\u00e3o deste ano do que a alta do d\u00f3lar e a derrocada das expectativas a reboque da decis\u00e3o anunciada na quarta-feira, 20, pelo Comit\u00ea de Pol\u00edtica Monet\u00e1ria [&hellip;]<\/p>\n","protected":false},"author":2,"featured_media":86057,"comment_status":"open","ping_status":"closed","sticky":false,"template":"","format":"standard","meta":{"_acf_changed":false,"footnotes":""},"categories":[16],"tags":[],"class_list":["post-86056","post","type-post","status-publish","format-standard","has-post-thumbnail","hentry","category-brasil"],"acf":[],"yoast_head":"<!-- This site is optimized with the Yoast SEO plugin v27.2 - https:\/\/yoast.com\/product\/yoast-seo-wordpress\/ -->\n<title>Natureza irriga pol\u00edtica econ\u00f4mica desastrosa e faz brotar infla\u00e7\u00e3o maior este ano - Notibras<\/title>\n<meta name=\"robots\" content=\"index, follow, max-snippet:-1, max-image-preview:large, max-video-preview:-1\" \/>\n<link rel=\"canonical\" href=\"https:\/\/www.notibras.com\/site\/natureza-irriga-politica-economica-desastrosa-e-faz-brotar-inflacao-maior-este-ano\/\" \/>\n<meta property=\"og:locale\" content=\"pt_BR\" \/>\n<meta property=\"og:type\" content=\"article\" \/>\n<meta property=\"og:title\" content=\"Natureza irriga pol\u00edtica econ\u00f4mica desastrosa e faz brotar infla\u00e7\u00e3o maior este ano - Notibras\" \/>\n<meta property=\"og:description\" content=\"Daniela Amorim A indexa\u00e7\u00e3o, os problemas clim\u00e1ticos nas lavouras e o aumento de impostos para compensar a queda na arrecada\u00e7\u00e3o de Estados e munic\u00edpios devem pressionar mais a infla\u00e7\u00e3o deste ano do que a alta do d\u00f3lar e a derrocada das expectativas a reboque da decis\u00e3o anunciada na quarta-feira, 20, pelo Comit\u00ea de Pol\u00edtica Monet\u00e1ria [&hellip;]\" \/>\n<meta property=\"og:url\" content=\"https:\/\/www.notibras.com\/site\/natureza-irriga-politica-economica-desastrosa-e-faz-brotar-inflacao-maior-este-ano\/\" \/>\n<meta property=\"og:site_name\" content=\"Notibras\" \/>\n<meta property=\"article:publisher\" content=\"https:\/\/www.facebook.com\/notibras\/\" \/>\n<meta property=\"article:published_time\" content=\"2016-01-25T09:40:02+00:00\" \/>\n<meta property=\"og:image\" content=\"https:\/\/www.notibras.com\/site\/wp-content\/uploads\/2016\/01\/cebola-975344.jpg\" \/>\n\t<meta property=\"og:image:width\" content=\"1920\" \/>\n\t<meta property=\"og:image:height\" content=\"1082\" \/>\n\t<meta property=\"og:image:type\" content=\"image\/jpeg\" \/>\n<meta name=\"author\" content=\"Reda\u00e7\u00e3o\" \/>\n<meta name=\"twitter:card\" content=\"summary_large_image\" \/>\n<meta name=\"twitter:creator\" content=\"@Notibras\" \/>\n<meta name=\"twitter:site\" content=\"@Notibras\" \/>\n<meta name=\"twitter:label1\" content=\"Escrito por\" \/>\n\t<meta name=\"twitter:data1\" content=\"Reda\u00e7\u00e3o\" \/>\n\t<meta name=\"twitter:label2\" content=\"Est. tempo de leitura\" \/>\n\t<meta name=\"twitter:data2\" content=\"3 minutos\" \/>\n<script type=\"application\/ld+json\" class=\"yoast-schema-graph\">{\"@context\":\"https:\/\/schema.org\",\"@graph\":[{\"@type\":\"Article\",\"@id\":\"https:\/\/www.notibras.com\/site\/natureza-irriga-politica-economica-desastrosa-e-faz-brotar-inflacao-maior-este-ano\/#article\",\"isPartOf\":{\"@id\":\"https:\/\/www.notibras.com\/site\/natureza-irriga-politica-economica-desastrosa-e-faz-brotar-inflacao-maior-este-ano\/\"},\"author\":{\"name\":\"Reda\u00e7\u00e3o\",\"@id\":\"https:\/\/www.notibras.com\/site\/#\/schema\/person\/36ab0979449956132d3e5b517ea76ac8\"},\"headline\":\"Natureza irriga pol\u00edtica econ\u00f4mica desastrosa e faz brotar infla\u00e7\u00e3o maior este ano\",\"datePublished\":\"2016-01-25T09:40:02+00:00\",\"mainEntityOfPage\":{\"@id\":\"https:\/\/www.notibras.com\/site\/natureza-irriga-politica-economica-desastrosa-e-faz-brotar-inflacao-maior-este-ano\/\"},\"wordCount\":660,\"commentCount\":0,\"publisher\":{\"@id\":\"https:\/\/www.notibras.com\/site\/#organization\"},\"image\":{\"@id\":\"https:\/\/www.notibras.com\/site\/natureza-irriga-politica-economica-desastrosa-e-faz-brotar-inflacao-maior-este-ano\/#primaryimage\"},\"thumbnailUrl\":\"https:\/\/www.notibras.com\/site\/wp-content\/uploads\/2016\/01\/cebola-975344.jpg\",\"articleSection\":[\"Brasil\"],\"inLanguage\":\"pt-BR\",\"potentialAction\":[{\"@type\":\"CommentAction\",\"name\":\"Comment\",\"target\":[\"https:\/\/www.notibras.com\/site\/natureza-irriga-politica-economica-desastrosa-e-faz-brotar-inflacao-maior-este-ano\/#respond\"]}]},{\"@type\":\"WebPage\",\"@id\":\"https:\/\/www.notibras.com\/site\/natureza-irriga-politica-economica-desastrosa-e-faz-brotar-inflacao-maior-este-ano\/\",\"url\":\"https:\/\/www.notibras.com\/site\/natureza-irriga-politica-economica-desastrosa-e-faz-brotar-inflacao-maior-este-ano\/\",\"name\":\"Natureza irriga pol\u00edtica econ\u00f4mica desastrosa e faz brotar infla\u00e7\u00e3o maior este ano - Notibras\",\"isPartOf\":{\"@id\":\"https:\/\/www.notibras.com\/site\/#website\"},\"primaryImageOfPage\":{\"@id\":\"https:\/\/www.notibras.com\/site\/natureza-irriga-politica-economica-desastrosa-e-faz-brotar-inflacao-maior-este-ano\/#primaryimage\"},\"image\":{\"@id\":\"https:\/\/www.notibras.com\/site\/natureza-irriga-politica-economica-desastrosa-e-faz-brotar-inflacao-maior-este-ano\/#primaryimage\"},\"thumbnailUrl\":\"https:\/\/www.notibras.com\/site\/wp-content\/uploads\/2016\/01\/cebola-975344.jpg\",\"datePublished\":\"2016-01-25T09:40:02+00:00\",\"breadcrumb\":{\"@id\":\"https:\/\/www.notibras.com\/site\/natureza-irriga-politica-economica-desastrosa-e-faz-brotar-inflacao-maior-este-ano\/#breadcrumb\"},\"inLanguage\":\"pt-BR\",\"potentialAction\":[{\"@type\":\"ReadAction\",\"target\":[\"https:\/\/www.notibras.com\/site\/natureza-irriga-politica-economica-desastrosa-e-faz-brotar-inflacao-maior-este-ano\/\"]}]},{\"@type\":\"ImageObject\",\"inLanguage\":\"pt-BR\",\"@id\":\"https:\/\/www.notibras.com\/site\/natureza-irriga-politica-economica-desastrosa-e-faz-brotar-inflacao-maior-este-ano\/#primaryimage\",\"url\":\"https:\/\/www.notibras.com\/site\/wp-content\/uploads\/2016\/01\/cebola-975344.jpg\",\"contentUrl\":\"https:\/\/www.notibras.com\/site\/wp-content\/uploads\/2016\/01\/cebola-975344.jpg\",\"width\":1920,\"height\":1082},{\"@type\":\"BreadcrumbList\",\"@id\":\"https:\/\/www.notibras.com\/site\/natureza-irriga-politica-economica-desastrosa-e-faz-brotar-inflacao-maior-este-ano\/#breadcrumb\",\"itemListElement\":[{\"@type\":\"ListItem\",\"position\":1,\"name\":\"In\u00edcio\",\"item\":\"https:\/\/www.notibras.com\/site\/\"},{\"@type\":\"ListItem\",\"position\":2,\"name\":\"Natureza irriga pol\u00edtica econ\u00f4mica desastrosa e faz brotar infla\u00e7\u00e3o maior este ano\"}]},{\"@type\":\"WebSite\",\"@id\":\"https:\/\/www.notibras.com\/site\/#website\",\"url\":\"https:\/\/www.notibras.com\/site\/\",\"name\":\"Notibras\",\"description\":\"Not\u00edcias de Bras\u00edlia, do Brasil e do Mundo\",\"publisher\":{\"@id\":\"https:\/\/www.notibras.com\/site\/#organization\"},\"potentialAction\":[{\"@type\":\"SearchAction\",\"target\":{\"@type\":\"EntryPoint\",\"urlTemplate\":\"https:\/\/www.notibras.com\/site\/?s={search_term_string}\"},\"query-input\":{\"@type\":\"PropertyValueSpecification\",\"valueRequired\":true,\"valueName\":\"search_term_string\"}}],\"inLanguage\":\"pt-BR\"},{\"@type\":\"Organization\",\"@id\":\"https:\/\/www.notibras.com\/site\/#organization\",\"name\":\"Grupo Notibras de Comunica\u00e7\u00e3o\",\"url\":\"https:\/\/www.notibras.com\/site\/\",\"logo\":{\"@type\":\"ImageObject\",\"inLanguage\":\"pt-BR\",\"@id\":\"https:\/\/www.notibras.com\/site\/#\/schema\/logo\/image\/\",\"url\":\"https:\/\/www.notibras.com\/site\/wp-content\/uploads\/2023\/01\/notibras23.png\",\"contentUrl\":\"https:\/\/www.notibras.com\/site\/wp-content\/uploads\/2023\/01\/notibras23.png\",\"width\":350,\"height\":87,\"caption\":\"Grupo Notibras de Comunica\u00e7\u00e3o\"},\"image\":{\"@id\":\"https:\/\/www.notibras.com\/site\/#\/schema\/logo\/image\/\"},\"sameAs\":[\"https:\/\/www.facebook.com\/notibras\/\",\"https:\/\/x.com\/Notibras\",\"https:\/\/www.instagram.com\/notibras\/\"]},{\"@type\":\"Person\",\"@id\":\"https:\/\/www.notibras.com\/site\/#\/schema\/person\/36ab0979449956132d3e5b517ea76ac8\",\"name\":\"Reda\u00e7\u00e3o\",\"image\":{\"@type\":\"ImageObject\",\"inLanguage\":\"pt-BR\",\"@id\":\"https:\/\/secure.gravatar.com\/avatar\/e0a867bdedb85fd243eadf09663511f96fc81e0720a4a42581f334ad4303aa6b?s=96&d=mm&r=g\",\"url\":\"https:\/\/secure.gravatar.com\/avatar\/e0a867bdedb85fd243eadf09663511f96fc81e0720a4a42581f334ad4303aa6b?s=96&d=mm&r=g\",\"contentUrl\":\"https:\/\/secure.gravatar.com\/avatar\/e0a867bdedb85fd243eadf09663511f96fc81e0720a4a42581f334ad4303aa6b?s=96&d=mm&r=g\",\"caption\":\"Reda\u00e7\u00e3o\"}}]}<\/script>\n<!-- \/ Yoast SEO plugin. -->","yoast_head_json":{"title":"Natureza irriga pol\u00edtica econ\u00f4mica desastrosa e faz brotar infla\u00e7\u00e3o maior este ano - Notibras","robots":{"index":"index","follow":"follow","max-snippet":"max-snippet:-1","max-image-preview":"max-image-preview:large","max-video-preview":"max-video-preview:-1"},"canonical":"https:\/\/www.notibras.com\/site\/natureza-irriga-politica-economica-desastrosa-e-faz-brotar-inflacao-maior-este-ano\/","og_locale":"pt_BR","og_type":"article","og_title":"Natureza irriga pol\u00edtica econ\u00f4mica desastrosa e faz brotar infla\u00e7\u00e3o maior este ano - Notibras","og_description":"Daniela Amorim A indexa\u00e7\u00e3o, os problemas clim\u00e1ticos nas lavouras e o aumento de impostos para compensar a queda na arrecada\u00e7\u00e3o de Estados e munic\u00edpios devem pressionar mais a infla\u00e7\u00e3o deste ano do que a alta do d\u00f3lar e a derrocada das expectativas a reboque da decis\u00e3o anunciada na quarta-feira, 20, pelo Comit\u00ea de Pol\u00edtica Monet\u00e1ria [&hellip;]","og_url":"https:\/\/www.notibras.com\/site\/natureza-irriga-politica-economica-desastrosa-e-faz-brotar-inflacao-maior-este-ano\/","og_site_name":"Notibras","article_publisher":"https:\/\/www.facebook.com\/notibras\/","article_published_time":"2016-01-25T09:40:02+00:00","og_image":[{"width":1920,"height":1082,"url":"https:\/\/www.notibras.com\/site\/wp-content\/uploads\/2016\/01\/cebola-975344.jpg","type":"image\/jpeg"}],"author":"Reda\u00e7\u00e3o","twitter_card":"summary_large_image","twitter_creator":"@Notibras","twitter_site":"@Notibras","twitter_misc":{"Escrito por":"Reda\u00e7\u00e3o","Est. tempo de leitura":"3 minutos"},"schema":{"@context":"https:\/\/schema.org","@graph":[{"@type":"Article","@id":"https:\/\/www.notibras.com\/site\/natureza-irriga-politica-economica-desastrosa-e-faz-brotar-inflacao-maior-este-ano\/#article","isPartOf":{"@id":"https:\/\/www.notibras.com\/site\/natureza-irriga-politica-economica-desastrosa-e-faz-brotar-inflacao-maior-este-ano\/"},"author":{"name":"Reda\u00e7\u00e3o","@id":"https:\/\/www.notibras.com\/site\/#\/schema\/person\/36ab0979449956132d3e5b517ea76ac8"},"headline":"Natureza irriga pol\u00edtica econ\u00f4mica desastrosa e faz brotar infla\u00e7\u00e3o maior este ano","datePublished":"2016-01-25T09:40:02+00:00","mainEntityOfPage":{"@id":"https:\/\/www.notibras.com\/site\/natureza-irriga-politica-economica-desastrosa-e-faz-brotar-inflacao-maior-este-ano\/"},"wordCount":660,"commentCount":0,"publisher":{"@id":"https:\/\/www.notibras.com\/site\/#organization"},"image":{"@id":"https:\/\/www.notibras.com\/site\/natureza-irriga-politica-economica-desastrosa-e-faz-brotar-inflacao-maior-este-ano\/#primaryimage"},"thumbnailUrl":"https:\/\/www.notibras.com\/site\/wp-content\/uploads\/2016\/01\/cebola-975344.jpg","articleSection":["Brasil"],"inLanguage":"pt-BR","potentialAction":[{"@type":"CommentAction","name":"Comment","target":["https:\/\/www.notibras.com\/site\/natureza-irriga-politica-economica-desastrosa-e-faz-brotar-inflacao-maior-este-ano\/#respond"]}]},{"@type":"WebPage","@id":"https:\/\/www.notibras.com\/site\/natureza-irriga-politica-economica-desastrosa-e-faz-brotar-inflacao-maior-este-ano\/","url":"https:\/\/www.notibras.com\/site\/natureza-irriga-politica-economica-desastrosa-e-faz-brotar-inflacao-maior-este-ano\/","name":"Natureza irriga pol\u00edtica econ\u00f4mica desastrosa e faz brotar infla\u00e7\u00e3o maior este ano - Notibras","isPartOf":{"@id":"https:\/\/www.notibras.com\/site\/#website"},"primaryImageOfPage":{"@id":"https:\/\/www.notibras.com\/site\/natureza-irriga-politica-economica-desastrosa-e-faz-brotar-inflacao-maior-este-ano\/#primaryimage"},"image":{"@id":"https:\/\/www.notibras.com\/site\/natureza-irriga-politica-economica-desastrosa-e-faz-brotar-inflacao-maior-este-ano\/#primaryimage"},"thumbnailUrl":"https:\/\/www.notibras.com\/site\/wp-content\/uploads\/2016\/01\/cebola-975344.jpg","datePublished":"2016-01-25T09:40:02+00:00","breadcrumb":{"@id":"https:\/\/www.notibras.com\/site\/natureza-irriga-politica-economica-desastrosa-e-faz-brotar-inflacao-maior-este-ano\/#breadcrumb"},"inLanguage":"pt-BR","potentialAction":[{"@type":"ReadAction","target":["https:\/\/www.notibras.com\/site\/natureza-irriga-politica-economica-desastrosa-e-faz-brotar-inflacao-maior-este-ano\/"]}]},{"@type":"ImageObject","inLanguage":"pt-BR","@id":"https:\/\/www.notibras.com\/site\/natureza-irriga-politica-economica-desastrosa-e-faz-brotar-inflacao-maior-este-ano\/#primaryimage","url":"https:\/\/www.notibras.com\/site\/wp-content\/uploads\/2016\/01\/cebola-975344.jpg","contentUrl":"https:\/\/www.notibras.com\/site\/wp-content\/uploads\/2016\/01\/cebola-975344.jpg","width":1920,"height":1082},{"@type":"BreadcrumbList","@id":"https:\/\/www.notibras.com\/site\/natureza-irriga-politica-economica-desastrosa-e-faz-brotar-inflacao-maior-este-ano\/#breadcrumb","itemListElement":[{"@type":"ListItem","position":1,"name":"In\u00edcio","item":"https:\/\/www.notibras.com\/site\/"},{"@type":"ListItem","position":2,"name":"Natureza irriga pol\u00edtica econ\u00f4mica desastrosa e faz brotar infla\u00e7\u00e3o maior este ano"}]},{"@type":"WebSite","@id":"https:\/\/www.notibras.com\/site\/#website","url":"https:\/\/www.notibras.com\/site\/","name":"Notibras","description":"Not\u00edcias de Bras\u00edlia, do Brasil e do Mundo","publisher":{"@id":"https:\/\/www.notibras.com\/site\/#organization"},"potentialAction":[{"@type":"SearchAction","target":{"@type":"EntryPoint","urlTemplate":"https:\/\/www.notibras.com\/site\/?s={search_term_string}"},"query-input":{"@type":"PropertyValueSpecification","valueRequired":true,"valueName":"search_term_string"}}],"inLanguage":"pt-BR"},{"@type":"Organization","@id":"https:\/\/www.notibras.com\/site\/#organization","name":"Grupo Notibras de Comunica\u00e7\u00e3o","url":"https:\/\/www.notibras.com\/site\/","logo":{"@type":"ImageObject","inLanguage":"pt-BR","@id":"https:\/\/www.notibras.com\/site\/#\/schema\/logo\/image\/","url":"https:\/\/www.notibras.com\/site\/wp-content\/uploads\/2023\/01\/notibras23.png","contentUrl":"https:\/\/www.notibras.com\/site\/wp-content\/uploads\/2023\/01\/notibras23.png","width":350,"height":87,"caption":"Grupo Notibras de Comunica\u00e7\u00e3o"},"image":{"@id":"https:\/\/www.notibras.com\/site\/#\/schema\/logo\/image\/"},"sameAs":["https:\/\/www.facebook.com\/notibras\/","https:\/\/x.com\/Notibras","https:\/\/www.instagram.com\/notibras\/"]},{"@type":"Person","@id":"https:\/\/www.notibras.com\/site\/#\/schema\/person\/36ab0979449956132d3e5b517ea76ac8","name":"Reda\u00e7\u00e3o","image":{"@type":"ImageObject","inLanguage":"pt-BR","@id":"https:\/\/secure.gravatar.com\/avatar\/e0a867bdedb85fd243eadf09663511f96fc81e0720a4a42581f334ad4303aa6b?s=96&d=mm&r=g","url":"https:\/\/secure.gravatar.com\/avatar\/e0a867bdedb85fd243eadf09663511f96fc81e0720a4a42581f334ad4303aa6b?s=96&d=mm&r=g","contentUrl":"https:\/\/secure.gravatar.com\/avatar\/e0a867bdedb85fd243eadf09663511f96fc81e0720a4a42581f334ad4303aa6b?s=96&d=mm&r=g","caption":"Reda\u00e7\u00e3o"}}]}},"amp_enabled":true,"_links":{"self":[{"href":"https:\/\/www.notibras.com\/site\/wp-json\/wp\/v2\/posts\/86056","targetHints":{"allow":["GET"]}}],"collection":[{"href":"https:\/\/www.notibras.com\/site\/wp-json\/wp\/v2\/posts"}],"about":[{"href":"https:\/\/www.notibras.com\/site\/wp-json\/wp\/v2\/types\/post"}],"author":[{"embeddable":true,"href":"https:\/\/www.notibras.com\/site\/wp-json\/wp\/v2\/users\/2"}],"replies":[{"embeddable":true,"href":"https:\/\/www.notibras.com\/site\/wp-json\/wp\/v2\/comments?post=86056"}],"version-history":[{"count":1,"href":"https:\/\/www.notibras.com\/site\/wp-json\/wp\/v2\/posts\/86056\/revisions"}],"predecessor-version":[{"id":86058,"href":"https:\/\/www.notibras.com\/site\/wp-json\/wp\/v2\/posts\/86056\/revisions\/86058"}],"wp:featuredmedia":[{"embeddable":true,"href":"https:\/\/www.notibras.com\/site\/wp-json\/wp\/v2\/media\/86057"}],"wp:attachment":[{"href":"https:\/\/www.notibras.com\/site\/wp-json\/wp\/v2\/media?parent=86056"}],"wp:term":[{"taxonomy":"category","embeddable":true,"href":"https:\/\/www.notibras.com\/site\/wp-json\/wp\/v2\/categories?post=86056"},{"taxonomy":"post_tag","embeddable":true,"href":"https:\/\/www.notibras.com\/site\/wp-json\/wp\/v2\/tags?post=86056"}],"curies":[{"name":"wp","href":"https:\/\/api.w.org\/{rel}","templated":true}]}}