{"id":8626,"date":"2014-05-07T23:07:34","date_gmt":"2014-05-08T02:07:34","guid":{"rendered":"http:\/\/www.notibras.com\/site\/?p=8626"},"modified":"2014-05-08T00:09:14","modified_gmt":"2014-05-08T03:09:14","slug":"vasco-joga-mal-empata-com-treze-mas-avanca-na-copa-do-brasil","status":"publish","type":"post","link":"https:\/\/www.notibras.com\/site\/vasco-joga-mal-empata-com-treze-mas-avanca-na-copa-do-brasil\/","title":{"rendered":"Vasco joga mal, empata com Treze mas avan\u00e7a na Copa do Brasil"},"content":{"rendered":"<p>Dpois de dois jogos com port\u00f5es fechados, o Vasco empatou por 1 a 1 no reencontro com sua torcida, em S\u00e3o Janu\u00e1rio. O placar fez o clube carioca avan\u00e7ar \u00e0 terceira fase da Copa do Brasil, j\u00e1 que a equipe carioca havia ganho a primeira partida por 2 a 1. Agora, o pr\u00f3ximo advers\u00e1rio \u00e9 a Ponte-Preta, que eliminou o Paran\u00e1 nesta quarta-feira.<\/p>\n<p>Esse foi o \u00faltimo jogo com a presen\u00e7a de torcedores vasca\u00ednos antes da Copa do Mundo. Ainda em fun\u00e7\u00e3o da briga com torcedores do Atl\u00e9tico-PR na \u00faltima rodada do Campeonato Brasileiro do ano passado, o time ter\u00e1 que fazer mais uma partida com port\u00f5es fechados em casa e outras tr\u00eas a 100 km do Rio de Janeiro.<\/p>\n<p>Com muitos desfalques, e os novos refor\u00e7os sem condi\u00e7\u00e3o de jogo, o t\u00e9cnico Adilson Batista resolveu apostar nos garotos Marquinhos, Yago e Thalles. E deu certo. A equipe ganhou mais f\u00f4lego, o que causou problemas para a zaga do Treze no primeiro tempo.<\/p>\n<p>Apesar de alguns sustos, o Vasco foi superior na maior parte da etapa inicial, tendo 12 finaliza\u00e7\u00f5es, contra 5. Ap\u00f3s assustar algumas vezes, foi de bola parada que os cariocas conseguiram balan\u00e7ar as redes. Aos 19min, Douglas cobrou a falta na cabe\u00e7a de seu xar\u00e1 Douglas Silva, que subiu sozinho e abriu o placar. Aos 24min, o Vasco quase ampliou. Marlon pegou o rebote do chute de Yago e, sem goleiro, conseguiu acertar a trave.<\/p>\n<p>Como diz o ditado, quem n\u00e3o faz, toma. Aos 24min, o zagueiro Luan recuou fraco para o goleiro, Jailson chegou primeiro e tocou por cima de Mart\u00edn Silva. J\u00e1 no final do primeiro tempo, o Vasco teve um gol mal anulado pela arbitragem. Em posi\u00e7\u00e3o legal, Marquinhos concluiu ap\u00f3s outro rebote, mas o bandeirinha errou e invalidou o lance.<\/p>\n<p>O Vasco manteve a superioridade no segundo tempo. Entre as chances de gol, a mais perigosa foi com Fabr\u00edcio, rec\u00e9m-contratado junto ao S\u00e3o Paulo. Aos 20min, Thalles deixou Fabr\u00edcio na cara do gol, mas, em velocidade, o volante chutou torto e desperdi\u00e7ou a oportunidade.<\/p>\n<p>Ainda aos 21min, o lateral esquerdo Fernandes foi expulso por um toque de m\u00e3o, o que facilitou as coisas para o Vasco, que s\u00f3 precisou controlar o empate para ficar com a vaga.<\/p>\n<p>O Vasco volta a campo no pr\u00f3ximo s\u00e1bado, contra o Oeste, pela 4\u00aa rodada da S\u00e9rie B do Campeonato Brasileiro. J\u00e1 o Treze joga no domingo, contra o Cuiab\u00e1, pela terceira divis\u00e3o do torneio nacional.<\/p>\n","protected":false},"excerpt":{"rendered":"<p>Dpois de dois jogos com port\u00f5es fechados, o Vasco empatou por 1 a 1 no reencontro com sua torcida, em S\u00e3o Janu\u00e1rio. O placar fez o clube carioca avan\u00e7ar \u00e0 terceira fase da Copa do Brasil, j\u00e1 que a equipe carioca havia ganho a primeira partida por 2 a 1. Agora, o pr\u00f3ximo advers\u00e1rio \u00e9 [&hellip;]<\/p>\n","protected":false},"author":2,"featured_media":8627,"comment_status":"open","ping_status":"closed","sticky":false,"template":"","format":"standard","meta":{"_acf_changed":false,"footnotes":""},"categories":[19,29],"tags":[],"class_list":["post-8626","post","type-post","status-publish","format-standard","has-post-thumbnail","hentry","category-esportes","category-futebol"],"acf":[],"yoast_head":"<!-- This site is optimized with the Yoast SEO plugin v27.2 - https:\/\/yoast.com\/product\/yoast-seo-wordpress\/ -->\n<title>Vasco joga mal, empata com Treze mas avan\u00e7a na Copa do Brasil - Notibras<\/title>\n<meta name=\"robots\" content=\"index, follow, max-snippet:-1, max-image-preview:large, max-video-preview:-1\" \/>\n<link rel=\"canonical\" href=\"https:\/\/www.notibras.com\/site\/vasco-joga-mal-empata-com-treze-mas-avanca-na-copa-do-brasil\/\" \/>\n<meta property=\"og:locale\" content=\"pt_BR\" \/>\n<meta property=\"og:type\" content=\"article\" \/>\n<meta property=\"og:title\" content=\"Vasco joga mal, empata com Treze mas avan\u00e7a na Copa do Brasil - Notibras\" \/>\n<meta property=\"og:description\" content=\"Dpois de dois jogos com port\u00f5es fechados, o Vasco empatou por 1 a 1 no reencontro com sua torcida, em S\u00e3o Janu\u00e1rio. O placar fez o clube carioca avan\u00e7ar \u00e0 terceira fase da Copa do Brasil, j\u00e1 que a equipe carioca havia ganho a primeira partida por 2 a 1. Agora, o pr\u00f3ximo advers\u00e1rio \u00e9 [&hellip;]\" \/>\n<meta property=\"og:url\" content=\"https:\/\/www.notibras.com\/site\/vasco-joga-mal-empata-com-treze-mas-avanca-na-copa-do-brasil\/\" \/>\n<meta property=\"og:site_name\" content=\"Notibras\" \/>\n<meta property=\"article:publisher\" content=\"https:\/\/www.facebook.com\/notibras\/\" \/>\n<meta property=\"article:published_time\" content=\"2014-05-08T02:07:34+00:00\" \/>\n<meta property=\"article:modified_time\" content=\"2014-05-08T03:09:14+00:00\" \/>\n<meta property=\"og:image\" content=\"https:\/\/www.notibras.com\/site\/wp-content\/uploads\/2014\/05\/vascocomemorapaulosergioal.jpg\" \/>\n\t<meta property=\"og:image:width\" content=\"460\" \/>\n\t<meta property=\"og:image:height\" content=\"340\" \/>\n\t<meta property=\"og:image:type\" content=\"image\/jpeg\" \/>\n<meta name=\"author\" content=\"Reda\u00e7\u00e3o\" \/>\n<meta name=\"twitter:card\" content=\"summary_large_image\" \/>\n<meta name=\"twitter:creator\" content=\"@Notibras\" \/>\n<meta name=\"twitter:site\" content=\"@Notibras\" \/>\n<meta name=\"twitter:label1\" content=\"Escrito por\" \/>\n\t<meta name=\"twitter:data1\" content=\"Reda\u00e7\u00e3o\" \/>\n\t<meta name=\"twitter:label2\" content=\"Est. tempo de leitura\" \/>\n\t<meta name=\"twitter:data2\" content=\"2 minutos\" \/>\n<script type=\"application\/ld+json\" class=\"yoast-schema-graph\">{\"@context\":\"https:\/\/schema.org\",\"@graph\":[{\"@type\":\"Article\",\"@id\":\"https:\/\/www.notibras.com\/site\/vasco-joga-mal-empata-com-treze-mas-avanca-na-copa-do-brasil\/#article\",\"isPartOf\":{\"@id\":\"https:\/\/www.notibras.com\/site\/vasco-joga-mal-empata-com-treze-mas-avanca-na-copa-do-brasil\/\"},\"author\":{\"name\":\"Reda\u00e7\u00e3o\",\"@id\":\"https:\/\/www.notibras.com\/site\/#\/schema\/person\/36ab0979449956132d3e5b517ea76ac8\"},\"headline\":\"Vasco joga mal, empata com Treze mas avan\u00e7a na Copa do Brasil\",\"datePublished\":\"2014-05-08T02:07:34+00:00\",\"dateModified\":\"2014-05-08T03:09:14+00:00\",\"mainEntityOfPage\":{\"@id\":\"https:\/\/www.notibras.com\/site\/vasco-joga-mal-empata-com-treze-mas-avanca-na-copa-do-brasil\/\"},\"wordCount\":446,\"commentCount\":0,\"publisher\":{\"@id\":\"https:\/\/www.notibras.com\/site\/#organization\"},\"image\":{\"@id\":\"https:\/\/www.notibras.com\/site\/vasco-joga-mal-empata-com-treze-mas-avanca-na-copa-do-brasil\/#primaryimage\"},\"thumbnailUrl\":\"https:\/\/www.notibras.com\/site\/wp-content\/uploads\/2014\/05\/vascocomemorapaulosergioal.jpg\",\"articleSection\":[\"Esportes\",\"Futebol\"],\"inLanguage\":\"pt-BR\",\"potentialAction\":[{\"@type\":\"CommentAction\",\"name\":\"Comment\",\"target\":[\"https:\/\/www.notibras.com\/site\/vasco-joga-mal-empata-com-treze-mas-avanca-na-copa-do-brasil\/#respond\"]}]},{\"@type\":\"WebPage\",\"@id\":\"https:\/\/www.notibras.com\/site\/vasco-joga-mal-empata-com-treze-mas-avanca-na-copa-do-brasil\/\",\"url\":\"https:\/\/www.notibras.com\/site\/vasco-joga-mal-empata-com-treze-mas-avanca-na-copa-do-brasil\/\",\"name\":\"Vasco joga mal, empata com Treze mas avan\u00e7a na Copa do Brasil - Notibras\",\"isPartOf\":{\"@id\":\"https:\/\/www.notibras.com\/site\/#website\"},\"primaryImageOfPage\":{\"@id\":\"https:\/\/www.notibras.com\/site\/vasco-joga-mal-empata-com-treze-mas-avanca-na-copa-do-brasil\/#primaryimage\"},\"image\":{\"@id\":\"https:\/\/www.notibras.com\/site\/vasco-joga-mal-empata-com-treze-mas-avanca-na-copa-do-brasil\/#primaryimage\"},\"thumbnailUrl\":\"https:\/\/www.notibras.com\/site\/wp-content\/uploads\/2014\/05\/vascocomemorapaulosergioal.jpg\",\"datePublished\":\"2014-05-08T02:07:34+00:00\",\"dateModified\":\"2014-05-08T03:09:14+00:00\",\"breadcrumb\":{\"@id\":\"https:\/\/www.notibras.com\/site\/vasco-joga-mal-empata-com-treze-mas-avanca-na-copa-do-brasil\/#breadcrumb\"},\"inLanguage\":\"pt-BR\",\"potentialAction\":[{\"@type\":\"ReadAction\",\"target\":[\"https:\/\/www.notibras.com\/site\/vasco-joga-mal-empata-com-treze-mas-avanca-na-copa-do-brasil\/\"]}]},{\"@type\":\"ImageObject\",\"inLanguage\":\"pt-BR\",\"@id\":\"https:\/\/www.notibras.com\/site\/vasco-joga-mal-empata-com-treze-mas-avanca-na-copa-do-brasil\/#primaryimage\",\"url\":\"https:\/\/www.notibras.com\/site\/wp-content\/uploads\/2014\/05\/vascocomemorapaulosergioal.jpg\",\"contentUrl\":\"https:\/\/www.notibras.com\/site\/wp-content\/uploads\/2014\/05\/vascocomemorapaulosergioal.jpg\",\"width\":460,\"height\":340},{\"@type\":\"BreadcrumbList\",\"@id\":\"https:\/\/www.notibras.com\/site\/vasco-joga-mal-empata-com-treze-mas-avanca-na-copa-do-brasil\/#breadcrumb\",\"itemListElement\":[{\"@type\":\"ListItem\",\"position\":1,\"name\":\"In\u00edcio\",\"item\":\"https:\/\/www.notibras.com\/site\/\"},{\"@type\":\"ListItem\",\"position\":2,\"name\":\"Vasco joga mal, empata com Treze mas avan\u00e7a na Copa do Brasil\"}]},{\"@type\":\"WebSite\",\"@id\":\"https:\/\/www.notibras.com\/site\/#website\",\"url\":\"https:\/\/www.notibras.com\/site\/\",\"name\":\"Notibras\",\"description\":\"Not\u00edcias de Bras\u00edlia, do Brasil e do Mundo\",\"publisher\":{\"@id\":\"https:\/\/www.notibras.com\/site\/#organization\"},\"potentialAction\":[{\"@type\":\"SearchAction\",\"target\":{\"@type\":\"EntryPoint\",\"urlTemplate\":\"https:\/\/www.notibras.com\/site\/?s={search_term_string}\"},\"query-input\":{\"@type\":\"PropertyValueSpecification\",\"valueRequired\":true,\"valueName\":\"search_term_string\"}}],\"inLanguage\":\"pt-BR\"},{\"@type\":\"Organization\",\"@id\":\"https:\/\/www.notibras.com\/site\/#organization\",\"name\":\"Grupo Notibras de Comunica\u00e7\u00e3o\",\"url\":\"https:\/\/www.notibras.com\/site\/\",\"logo\":{\"@type\":\"ImageObject\",\"inLanguage\":\"pt-BR\",\"@id\":\"https:\/\/www.notibras.com\/site\/#\/schema\/logo\/image\/\",\"url\":\"https:\/\/www.notibras.com\/site\/wp-content\/uploads\/2023\/01\/notibras23.png\",\"contentUrl\":\"https:\/\/www.notibras.com\/site\/wp-content\/uploads\/2023\/01\/notibras23.png\",\"width\":350,\"height\":87,\"caption\":\"Grupo Notibras de Comunica\u00e7\u00e3o\"},\"image\":{\"@id\":\"https:\/\/www.notibras.com\/site\/#\/schema\/logo\/image\/\"},\"sameAs\":[\"https:\/\/www.facebook.com\/notibras\/\",\"https:\/\/x.com\/Notibras\",\"https:\/\/www.instagram.com\/notibras\/\"]},{\"@type\":\"Person\",\"@id\":\"https:\/\/www.notibras.com\/site\/#\/schema\/person\/36ab0979449956132d3e5b517ea76ac8\",\"name\":\"Reda\u00e7\u00e3o\",\"image\":{\"@type\":\"ImageObject\",\"inLanguage\":\"pt-BR\",\"@id\":\"https:\/\/secure.gravatar.com\/avatar\/e0a867bdedb85fd243eadf09663511f96fc81e0720a4a42581f334ad4303aa6b?s=96&d=mm&r=g\",\"url\":\"https:\/\/secure.gravatar.com\/avatar\/e0a867bdedb85fd243eadf09663511f96fc81e0720a4a42581f334ad4303aa6b?s=96&d=mm&r=g\",\"contentUrl\":\"https:\/\/secure.gravatar.com\/avatar\/e0a867bdedb85fd243eadf09663511f96fc81e0720a4a42581f334ad4303aa6b?s=96&d=mm&r=g\",\"caption\":\"Reda\u00e7\u00e3o\"}}]}<\/script>\n<!-- \/ Yoast SEO plugin. -->","yoast_head_json":{"title":"Vasco joga mal, empata com Treze mas avan\u00e7a na Copa do Brasil - Notibras","robots":{"index":"index","follow":"follow","max-snippet":"max-snippet:-1","max-image-preview":"max-image-preview:large","max-video-preview":"max-video-preview:-1"},"canonical":"https:\/\/www.notibras.com\/site\/vasco-joga-mal-empata-com-treze-mas-avanca-na-copa-do-brasil\/","og_locale":"pt_BR","og_type":"article","og_title":"Vasco joga mal, empata com Treze mas avan\u00e7a na Copa do Brasil - Notibras","og_description":"Dpois de dois jogos com port\u00f5es fechados, o Vasco empatou por 1 a 1 no reencontro com sua torcida, em S\u00e3o Janu\u00e1rio. O placar fez o clube carioca avan\u00e7ar \u00e0 terceira fase da Copa do Brasil, j\u00e1 que a equipe carioca havia ganho a primeira partida por 2 a 1. Agora, o pr\u00f3ximo advers\u00e1rio \u00e9 [&hellip;]","og_url":"https:\/\/www.notibras.com\/site\/vasco-joga-mal-empata-com-treze-mas-avanca-na-copa-do-brasil\/","og_site_name":"Notibras","article_publisher":"https:\/\/www.facebook.com\/notibras\/","article_published_time":"2014-05-08T02:07:34+00:00","article_modified_time":"2014-05-08T03:09:14+00:00","og_image":[{"width":460,"height":340,"url":"https:\/\/www.notibras.com\/site\/wp-content\/uploads\/2014\/05\/vascocomemorapaulosergioal.jpg","type":"image\/jpeg"}],"author":"Reda\u00e7\u00e3o","twitter_card":"summary_large_image","twitter_creator":"@Notibras","twitter_site":"@Notibras","twitter_misc":{"Escrito por":"Reda\u00e7\u00e3o","Est. tempo de leitura":"2 minutos"},"schema":{"@context":"https:\/\/schema.org","@graph":[{"@type":"Article","@id":"https:\/\/www.notibras.com\/site\/vasco-joga-mal-empata-com-treze-mas-avanca-na-copa-do-brasil\/#article","isPartOf":{"@id":"https:\/\/www.notibras.com\/site\/vasco-joga-mal-empata-com-treze-mas-avanca-na-copa-do-brasil\/"},"author":{"name":"Reda\u00e7\u00e3o","@id":"https:\/\/www.notibras.com\/site\/#\/schema\/person\/36ab0979449956132d3e5b517ea76ac8"},"headline":"Vasco joga mal, empata com Treze mas avan\u00e7a na Copa do Brasil","datePublished":"2014-05-08T02:07:34+00:00","dateModified":"2014-05-08T03:09:14+00:00","mainEntityOfPage":{"@id":"https:\/\/www.notibras.com\/site\/vasco-joga-mal-empata-com-treze-mas-avanca-na-copa-do-brasil\/"},"wordCount":446,"commentCount":0,"publisher":{"@id":"https:\/\/www.notibras.com\/site\/#organization"},"image":{"@id":"https:\/\/www.notibras.com\/site\/vasco-joga-mal-empata-com-treze-mas-avanca-na-copa-do-brasil\/#primaryimage"},"thumbnailUrl":"https:\/\/www.notibras.com\/site\/wp-content\/uploads\/2014\/05\/vascocomemorapaulosergioal.jpg","articleSection":["Esportes","Futebol"],"inLanguage":"pt-BR","potentialAction":[{"@type":"CommentAction","name":"Comment","target":["https:\/\/www.notibras.com\/site\/vasco-joga-mal-empata-com-treze-mas-avanca-na-copa-do-brasil\/#respond"]}]},{"@type":"WebPage","@id":"https:\/\/www.notibras.com\/site\/vasco-joga-mal-empata-com-treze-mas-avanca-na-copa-do-brasil\/","url":"https:\/\/www.notibras.com\/site\/vasco-joga-mal-empata-com-treze-mas-avanca-na-copa-do-brasil\/","name":"Vasco joga mal, empata com Treze mas avan\u00e7a na Copa do Brasil - Notibras","isPartOf":{"@id":"https:\/\/www.notibras.com\/site\/#website"},"primaryImageOfPage":{"@id":"https:\/\/www.notibras.com\/site\/vasco-joga-mal-empata-com-treze-mas-avanca-na-copa-do-brasil\/#primaryimage"},"image":{"@id":"https:\/\/www.notibras.com\/site\/vasco-joga-mal-empata-com-treze-mas-avanca-na-copa-do-brasil\/#primaryimage"},"thumbnailUrl":"https:\/\/www.notibras.com\/site\/wp-content\/uploads\/2014\/05\/vascocomemorapaulosergioal.jpg","datePublished":"2014-05-08T02:07:34+00:00","dateModified":"2014-05-08T03:09:14+00:00","breadcrumb":{"@id":"https:\/\/www.notibras.com\/site\/vasco-joga-mal-empata-com-treze-mas-avanca-na-copa-do-brasil\/#breadcrumb"},"inLanguage":"pt-BR","potentialAction":[{"@type":"ReadAction","target":["https:\/\/www.notibras.com\/site\/vasco-joga-mal-empata-com-treze-mas-avanca-na-copa-do-brasil\/"]}]},{"@type":"ImageObject","inLanguage":"pt-BR","@id":"https:\/\/www.notibras.com\/site\/vasco-joga-mal-empata-com-treze-mas-avanca-na-copa-do-brasil\/#primaryimage","url":"https:\/\/www.notibras.com\/site\/wp-content\/uploads\/2014\/05\/vascocomemorapaulosergioal.jpg","contentUrl":"https:\/\/www.notibras.com\/site\/wp-content\/uploads\/2014\/05\/vascocomemorapaulosergioal.jpg","width":460,"height":340},{"@type":"BreadcrumbList","@id":"https:\/\/www.notibras.com\/site\/vasco-joga-mal-empata-com-treze-mas-avanca-na-copa-do-brasil\/#breadcrumb","itemListElement":[{"@type":"ListItem","position":1,"name":"In\u00edcio","item":"https:\/\/www.notibras.com\/site\/"},{"@type":"ListItem","position":2,"name":"Vasco joga mal, empata com Treze mas avan\u00e7a na Copa do Brasil"}]},{"@type":"WebSite","@id":"https:\/\/www.notibras.com\/site\/#website","url":"https:\/\/www.notibras.com\/site\/","name":"Notibras","description":"Not\u00edcias de Bras\u00edlia, do Brasil e do Mundo","publisher":{"@id":"https:\/\/www.notibras.com\/site\/#organization"},"potentialAction":[{"@type":"SearchAction","target":{"@type":"EntryPoint","urlTemplate":"https:\/\/www.notibras.com\/site\/?s={search_term_string}"},"query-input":{"@type":"PropertyValueSpecification","valueRequired":true,"valueName":"search_term_string"}}],"inLanguage":"pt-BR"},{"@type":"Organization","@id":"https:\/\/www.notibras.com\/site\/#organization","name":"Grupo Notibras de Comunica\u00e7\u00e3o","url":"https:\/\/www.notibras.com\/site\/","logo":{"@type":"ImageObject","inLanguage":"pt-BR","@id":"https:\/\/www.notibras.com\/site\/#\/schema\/logo\/image\/","url":"https:\/\/www.notibras.com\/site\/wp-content\/uploads\/2023\/01\/notibras23.png","contentUrl":"https:\/\/www.notibras.com\/site\/wp-content\/uploads\/2023\/01\/notibras23.png","width":350,"height":87,"caption":"Grupo Notibras de Comunica\u00e7\u00e3o"},"image":{"@id":"https:\/\/www.notibras.com\/site\/#\/schema\/logo\/image\/"},"sameAs":["https:\/\/www.facebook.com\/notibras\/","https:\/\/x.com\/Notibras","https:\/\/www.instagram.com\/notibras\/"]},{"@type":"Person","@id":"https:\/\/www.notibras.com\/site\/#\/schema\/person\/36ab0979449956132d3e5b517ea76ac8","name":"Reda\u00e7\u00e3o","image":{"@type":"ImageObject","inLanguage":"pt-BR","@id":"https:\/\/secure.gravatar.com\/avatar\/e0a867bdedb85fd243eadf09663511f96fc81e0720a4a42581f334ad4303aa6b?s=96&d=mm&r=g","url":"https:\/\/secure.gravatar.com\/avatar\/e0a867bdedb85fd243eadf09663511f96fc81e0720a4a42581f334ad4303aa6b?s=96&d=mm&r=g","contentUrl":"https:\/\/secure.gravatar.com\/avatar\/e0a867bdedb85fd243eadf09663511f96fc81e0720a4a42581f334ad4303aa6b?s=96&d=mm&r=g","caption":"Reda\u00e7\u00e3o"}}]}},"amp_enabled":true,"_links":{"self":[{"href":"https:\/\/www.notibras.com\/site\/wp-json\/wp\/v2\/posts\/8626","targetHints":{"allow":["GET"]}}],"collection":[{"href":"https:\/\/www.notibras.com\/site\/wp-json\/wp\/v2\/posts"}],"about":[{"href":"https:\/\/www.notibras.com\/site\/wp-json\/wp\/v2\/types\/post"}],"author":[{"embeddable":true,"href":"https:\/\/www.notibras.com\/site\/wp-json\/wp\/v2\/users\/2"}],"replies":[{"embeddable":true,"href":"https:\/\/www.notibras.com\/site\/wp-json\/wp\/v2\/comments?post=8626"}],"version-history":[{"count":0,"href":"https:\/\/www.notibras.com\/site\/wp-json\/wp\/v2\/posts\/8626\/revisions"}],"wp:featuredmedia":[{"embeddable":true,"href":"https:\/\/www.notibras.com\/site\/wp-json\/wp\/v2\/media\/8627"}],"wp:attachment":[{"href":"https:\/\/www.notibras.com\/site\/wp-json\/wp\/v2\/media?parent=8626"}],"wp:term":[{"taxonomy":"category","embeddable":true,"href":"https:\/\/www.notibras.com\/site\/wp-json\/wp\/v2\/categories?post=8626"},{"taxonomy":"post_tag","embeddable":true,"href":"https:\/\/www.notibras.com\/site\/wp-json\/wp\/v2\/tags?post=8626"}],"curies":[{"name":"wp","href":"https:\/\/api.w.org\/{rel}","templated":true}]}}