{"id":8635,"date":"2014-05-07T22:18:11","date_gmt":"2014-05-08T01:18:11","guid":{"rendered":"http:\/\/www.notibras.com\/site\/?p=8635"},"modified":"2014-05-08T00:19:20","modified_gmt":"2014-05-08T03:19:20","slug":"ceni-volta-a-marcar-e-sao-paulo-despacha-crb-na-copa-do-brasil","status":"publish","type":"post","link":"https:\/\/www.notibras.com\/site\/ceni-volta-a-marcar-e-sao-paulo-despacha-crb-na-copa-do-brasil\/","title":{"rendered":"Ceni volta a marcar e S\u00e3o Paulo despacha CRB na Copa do Brasil"},"content":{"rendered":"<p>O S\u00e3o Paulo n\u00e3o foi brilhante. At\u00e9 oscilou durante a partida, mas n\u00e3o precisou se esfor\u00e7ar muito para vencer o CRB, por 3 a 0, nesta quarta-feira \u00e0 noite, no Pacaembu, e avan\u00e7ar \u00e0 terceira fase da Copa do Brasil. A equipe comandada por Muricy Ramalho s\u00f3 saber\u00e1 quem enfrentar\u00e1 na pr\u00f3xima fase no dia 23 de julho, quando Bragantino e Figueirense disputam a segunda partida. A primeira, nesta quarta, em Bragan\u00e7a, terminou 2 a 1 para o time paulista.<\/p>\n<p>Apesar da obriga\u00e7\u00e3o feita, o confronto disputado nesta quarta-feira, no Pacaembu, diante de 20.853 torcedores, mostra que o Tricolor ainda precisa se encontrar.\u00a0 A escala\u00e7\u00e3o e o esquema t\u00e1tico mudaram novamente, mas a entrada de Paulo Henrique Ganso n\u00e3o deu a organiza\u00e7\u00e3o necess\u00e1ria. E o CRB, principalmente com Tozin, teve chances para estragar a festa tricolor, mas falhou em duas finaliza\u00e7\u00f5es. Na terceira, parou na trave.<\/p>\n<p>Os times voltar\u00e3o a campo no final de semana. Pela S\u00e9rie A do Brasileiro, o S\u00e3o Paulo far\u00e1 o cl\u00e1ssico da rodada contra o Corinthians, na Arena Barueri. J\u00e1 os alagoanos, pela S\u00e9rie C, ter\u00e3o o CRAC como advers\u00e1rio.<\/p>\n<p>O primeiro tempo n\u00e3o agradou. Os dois times se movimentaram bastante, mas faltou qualidade t\u00e9cnica. O S\u00e3o Paulo abriu o marcador com Osvaldo, ap\u00f3s cruzamento de Luis Ricardo, mas viu o advers\u00e1rio assustar em tr\u00eas oportunidades. Na melhor delas, Ceni evitou gol de Tozin. Ganso, que ganhou nova chance de Muricy Ramalho, n\u00e3o justificou sua entrada no time. No ataque, Alexandre Pato voltou muito para buscar a bola, enquanto Luis Fabiano passou os primeiros 45 minutos discutindo com a arbitragem.<\/p>\n<p>Na etapa complementar, o CRB voltou com um esquema mais ofensivo (Marcelo Maciel na vaga de Aud\u00e1lio), mas o Tricolor, em seu primeiro ataque, fez o segundo gol, com Lucas Silva. A partir da\u00ed, os alagoanos adiantaram a marca\u00e7\u00e3o em busca do tento que levaria a decis\u00e3o para os p\u00eanaltis, mas deu espa\u00e7os para o S\u00e3o Paulo contra-atacar. Em tr\u00eas ocasi\u00f5es, o gol s\u00f3 n\u00e3o saiu porque Julio Cesar trabalhou muito bem. No fim, Rog\u00e9rio Ceni, em cobran\u00e7a de p\u00eanalti, definiu a partida.<\/p>\n","protected":false},"excerpt":{"rendered":"<p>O S\u00e3o Paulo n\u00e3o foi brilhante. At\u00e9 oscilou durante a partida, mas n\u00e3o precisou se esfor\u00e7ar muito para vencer o CRB, por 3 a 0, nesta quarta-feira \u00e0 noite, no Pacaembu, e avan\u00e7ar \u00e0 terceira fase da Copa do Brasil. A equipe comandada por Muricy Ramalho s\u00f3 saber\u00e1 quem enfrentar\u00e1 na pr\u00f3xima fase no dia [&hellip;]<\/p>\n","protected":false},"author":2,"featured_media":8636,"comment_status":"open","ping_status":"closed","sticky":false,"template":"","format":"standard","meta":{"_acf_changed":false,"footnotes":""},"categories":[29],"tags":[],"class_list":["post-8635","post","type-post","status-publish","format-standard","has-post-thumbnail","hentry","category-futebol"],"acf":[],"yoast_head":"<!-- This site is optimized with the Yoast SEO plugin v27.2 - https:\/\/yoast.com\/product\/yoast-seo-wordpress\/ -->\n<title>Ceni volta a marcar e S\u00e3o Paulo despacha CRB na Copa do Brasil - Notibras<\/title>\n<meta name=\"robots\" content=\"index, follow, max-snippet:-1, max-image-preview:large, max-video-preview:-1\" \/>\n<link rel=\"canonical\" href=\"https:\/\/www.notibras.com\/site\/ceni-volta-a-marcar-e-sao-paulo-despacha-crb-na-copa-do-brasil\/\" \/>\n<meta property=\"og:locale\" content=\"pt_BR\" \/>\n<meta property=\"og:type\" content=\"article\" \/>\n<meta property=\"og:title\" content=\"Ceni volta a marcar e S\u00e3o Paulo despacha CRB na Copa do Brasil - Notibras\" \/>\n<meta property=\"og:description\" content=\"O S\u00e3o Paulo n\u00e3o foi brilhante. At\u00e9 oscilou durante a partida, mas n\u00e3o precisou se esfor\u00e7ar muito para vencer o CRB, por 3 a 0, nesta quarta-feira \u00e0 noite, no Pacaembu, e avan\u00e7ar \u00e0 terceira fase da Copa do Brasil. A equipe comandada por Muricy Ramalho s\u00f3 saber\u00e1 quem enfrentar\u00e1 na pr\u00f3xima fase no dia [&hellip;]\" \/>\n<meta property=\"og:url\" content=\"https:\/\/www.notibras.com\/site\/ceni-volta-a-marcar-e-sao-paulo-despacha-crb-na-copa-do-brasil\/\" \/>\n<meta property=\"og:site_name\" content=\"Notibras\" \/>\n<meta property=\"article:publisher\" content=\"https:\/\/www.facebook.com\/notibras\/\" \/>\n<meta property=\"article:published_time\" content=\"2014-05-08T01:18:11+00:00\" \/>\n<meta property=\"article:modified_time\" content=\"2014-05-08T03:19:20+00:00\" \/>\n<meta property=\"og:image\" content=\"https:\/\/www.notibras.com\/site\/wp-content\/uploads\/2014\/05\/rogerioceni-saopaulo-rib-1.jpg\" \/>\n\t<meta property=\"og:image:width\" content=\"620\" \/>\n\t<meta property=\"og:image:height\" content=\"390\" \/>\n\t<meta property=\"og:image:type\" content=\"image\/jpeg\" \/>\n<meta name=\"author\" content=\"Reda\u00e7\u00e3o\" \/>\n<meta name=\"twitter:card\" content=\"summary_large_image\" \/>\n<meta name=\"twitter:creator\" content=\"@Notibras\" \/>\n<meta name=\"twitter:site\" content=\"@Notibras\" \/>\n<meta name=\"twitter:label1\" content=\"Escrito por\" \/>\n\t<meta name=\"twitter:data1\" content=\"Reda\u00e7\u00e3o\" \/>\n\t<meta name=\"twitter:label2\" content=\"Est. tempo de leitura\" \/>\n\t<meta name=\"twitter:data2\" content=\"2 minutos\" \/>\n<script type=\"application\/ld+json\" class=\"yoast-schema-graph\">{\"@context\":\"https:\/\/schema.org\",\"@graph\":[{\"@type\":\"Article\",\"@id\":\"https:\/\/www.notibras.com\/site\/ceni-volta-a-marcar-e-sao-paulo-despacha-crb-na-copa-do-brasil\/#article\",\"isPartOf\":{\"@id\":\"https:\/\/www.notibras.com\/site\/ceni-volta-a-marcar-e-sao-paulo-despacha-crb-na-copa-do-brasil\/\"},\"author\":{\"name\":\"Reda\u00e7\u00e3o\",\"@id\":\"https:\/\/www.notibras.com\/site\/#\/schema\/person\/36ab0979449956132d3e5b517ea76ac8\"},\"headline\":\"Ceni volta a marcar e S\u00e3o Paulo despacha CRB na Copa do Brasil\",\"datePublished\":\"2014-05-08T01:18:11+00:00\",\"dateModified\":\"2014-05-08T03:19:20+00:00\",\"mainEntityOfPage\":{\"@id\":\"https:\/\/www.notibras.com\/site\/ceni-volta-a-marcar-e-sao-paulo-despacha-crb-na-copa-do-brasil\/\"},\"wordCount\":393,\"commentCount\":0,\"publisher\":{\"@id\":\"https:\/\/www.notibras.com\/site\/#organization\"},\"image\":{\"@id\":\"https:\/\/www.notibras.com\/site\/ceni-volta-a-marcar-e-sao-paulo-despacha-crb-na-copa-do-brasil\/#primaryimage\"},\"thumbnailUrl\":\"https:\/\/www.notibras.com\/site\/wp-content\/uploads\/2014\/05\/rogerioceni-saopaulo-rib-1.jpg\",\"articleSection\":[\"Futebol\"],\"inLanguage\":\"pt-BR\",\"potentialAction\":[{\"@type\":\"CommentAction\",\"name\":\"Comment\",\"target\":[\"https:\/\/www.notibras.com\/site\/ceni-volta-a-marcar-e-sao-paulo-despacha-crb-na-copa-do-brasil\/#respond\"]}]},{\"@type\":\"WebPage\",\"@id\":\"https:\/\/www.notibras.com\/site\/ceni-volta-a-marcar-e-sao-paulo-despacha-crb-na-copa-do-brasil\/\",\"url\":\"https:\/\/www.notibras.com\/site\/ceni-volta-a-marcar-e-sao-paulo-despacha-crb-na-copa-do-brasil\/\",\"name\":\"Ceni volta a marcar e S\u00e3o Paulo despacha CRB na Copa do Brasil - Notibras\",\"isPartOf\":{\"@id\":\"https:\/\/www.notibras.com\/site\/#website\"},\"primaryImageOfPage\":{\"@id\":\"https:\/\/www.notibras.com\/site\/ceni-volta-a-marcar-e-sao-paulo-despacha-crb-na-copa-do-brasil\/#primaryimage\"},\"image\":{\"@id\":\"https:\/\/www.notibras.com\/site\/ceni-volta-a-marcar-e-sao-paulo-despacha-crb-na-copa-do-brasil\/#primaryimage\"},\"thumbnailUrl\":\"https:\/\/www.notibras.com\/site\/wp-content\/uploads\/2014\/05\/rogerioceni-saopaulo-rib-1.jpg\",\"datePublished\":\"2014-05-08T01:18:11+00:00\",\"dateModified\":\"2014-05-08T03:19:20+00:00\",\"breadcrumb\":{\"@id\":\"https:\/\/www.notibras.com\/site\/ceni-volta-a-marcar-e-sao-paulo-despacha-crb-na-copa-do-brasil\/#breadcrumb\"},\"inLanguage\":\"pt-BR\",\"potentialAction\":[{\"@type\":\"ReadAction\",\"target\":[\"https:\/\/www.notibras.com\/site\/ceni-volta-a-marcar-e-sao-paulo-despacha-crb-na-copa-do-brasil\/\"]}]},{\"@type\":\"ImageObject\",\"inLanguage\":\"pt-BR\",\"@id\":\"https:\/\/www.notibras.com\/site\/ceni-volta-a-marcar-e-sao-paulo-despacha-crb-na-copa-do-brasil\/#primaryimage\",\"url\":\"https:\/\/www.notibras.com\/site\/wp-content\/uploads\/2014\/05\/rogerioceni-saopaulo-rib-1.jpg\",\"contentUrl\":\"https:\/\/www.notibras.com\/site\/wp-content\/uploads\/2014\/05\/rogerioceni-saopaulo-rib-1.jpg\",\"width\":620,\"height\":390},{\"@type\":\"BreadcrumbList\",\"@id\":\"https:\/\/www.notibras.com\/site\/ceni-volta-a-marcar-e-sao-paulo-despacha-crb-na-copa-do-brasil\/#breadcrumb\",\"itemListElement\":[{\"@type\":\"ListItem\",\"position\":1,\"name\":\"In\u00edcio\",\"item\":\"https:\/\/www.notibras.com\/site\/\"},{\"@type\":\"ListItem\",\"position\":2,\"name\":\"Ceni volta a marcar e S\u00e3o Paulo despacha CRB na Copa do Brasil\"}]},{\"@type\":\"WebSite\",\"@id\":\"https:\/\/www.notibras.com\/site\/#website\",\"url\":\"https:\/\/www.notibras.com\/site\/\",\"name\":\"Notibras\",\"description\":\"Not\u00edcias de Bras\u00edlia, do Brasil e do Mundo\",\"publisher\":{\"@id\":\"https:\/\/www.notibras.com\/site\/#organization\"},\"potentialAction\":[{\"@type\":\"SearchAction\",\"target\":{\"@type\":\"EntryPoint\",\"urlTemplate\":\"https:\/\/www.notibras.com\/site\/?s={search_term_string}\"},\"query-input\":{\"@type\":\"PropertyValueSpecification\",\"valueRequired\":true,\"valueName\":\"search_term_string\"}}],\"inLanguage\":\"pt-BR\"},{\"@type\":\"Organization\",\"@id\":\"https:\/\/www.notibras.com\/site\/#organization\",\"name\":\"Grupo Notibras de Comunica\u00e7\u00e3o\",\"url\":\"https:\/\/www.notibras.com\/site\/\",\"logo\":{\"@type\":\"ImageObject\",\"inLanguage\":\"pt-BR\",\"@id\":\"https:\/\/www.notibras.com\/site\/#\/schema\/logo\/image\/\",\"url\":\"https:\/\/www.notibras.com\/site\/wp-content\/uploads\/2023\/01\/notibras23.png\",\"contentUrl\":\"https:\/\/www.notibras.com\/site\/wp-content\/uploads\/2023\/01\/notibras23.png\",\"width\":350,\"height\":87,\"caption\":\"Grupo Notibras de Comunica\u00e7\u00e3o\"},\"image\":{\"@id\":\"https:\/\/www.notibras.com\/site\/#\/schema\/logo\/image\/\"},\"sameAs\":[\"https:\/\/www.facebook.com\/notibras\/\",\"https:\/\/x.com\/Notibras\",\"https:\/\/www.instagram.com\/notibras\/\"]},{\"@type\":\"Person\",\"@id\":\"https:\/\/www.notibras.com\/site\/#\/schema\/person\/36ab0979449956132d3e5b517ea76ac8\",\"name\":\"Reda\u00e7\u00e3o\",\"image\":{\"@type\":\"ImageObject\",\"inLanguage\":\"pt-BR\",\"@id\":\"https:\/\/secure.gravatar.com\/avatar\/e0a867bdedb85fd243eadf09663511f96fc81e0720a4a42581f334ad4303aa6b?s=96&d=mm&r=g\",\"url\":\"https:\/\/secure.gravatar.com\/avatar\/e0a867bdedb85fd243eadf09663511f96fc81e0720a4a42581f334ad4303aa6b?s=96&d=mm&r=g\",\"contentUrl\":\"https:\/\/secure.gravatar.com\/avatar\/e0a867bdedb85fd243eadf09663511f96fc81e0720a4a42581f334ad4303aa6b?s=96&d=mm&r=g\",\"caption\":\"Reda\u00e7\u00e3o\"}}]}<\/script>\n<!-- \/ Yoast SEO plugin. -->","yoast_head_json":{"title":"Ceni volta a marcar e S\u00e3o Paulo despacha CRB na Copa do Brasil - Notibras","robots":{"index":"index","follow":"follow","max-snippet":"max-snippet:-1","max-image-preview":"max-image-preview:large","max-video-preview":"max-video-preview:-1"},"canonical":"https:\/\/www.notibras.com\/site\/ceni-volta-a-marcar-e-sao-paulo-despacha-crb-na-copa-do-brasil\/","og_locale":"pt_BR","og_type":"article","og_title":"Ceni volta a marcar e S\u00e3o Paulo despacha CRB na Copa do Brasil - Notibras","og_description":"O S\u00e3o Paulo n\u00e3o foi brilhante. At\u00e9 oscilou durante a partida, mas n\u00e3o precisou se esfor\u00e7ar muito para vencer o CRB, por 3 a 0, nesta quarta-feira \u00e0 noite, no Pacaembu, e avan\u00e7ar \u00e0 terceira fase da Copa do Brasil. A equipe comandada por Muricy Ramalho s\u00f3 saber\u00e1 quem enfrentar\u00e1 na pr\u00f3xima fase no dia [&hellip;]","og_url":"https:\/\/www.notibras.com\/site\/ceni-volta-a-marcar-e-sao-paulo-despacha-crb-na-copa-do-brasil\/","og_site_name":"Notibras","article_publisher":"https:\/\/www.facebook.com\/notibras\/","article_published_time":"2014-05-08T01:18:11+00:00","article_modified_time":"2014-05-08T03:19:20+00:00","og_image":[{"width":620,"height":390,"url":"https:\/\/www.notibras.com\/site\/wp-content\/uploads\/2014\/05\/rogerioceni-saopaulo-rib-1.jpg","type":"image\/jpeg"}],"author":"Reda\u00e7\u00e3o","twitter_card":"summary_large_image","twitter_creator":"@Notibras","twitter_site":"@Notibras","twitter_misc":{"Escrito por":"Reda\u00e7\u00e3o","Est. tempo de leitura":"2 minutos"},"schema":{"@context":"https:\/\/schema.org","@graph":[{"@type":"Article","@id":"https:\/\/www.notibras.com\/site\/ceni-volta-a-marcar-e-sao-paulo-despacha-crb-na-copa-do-brasil\/#article","isPartOf":{"@id":"https:\/\/www.notibras.com\/site\/ceni-volta-a-marcar-e-sao-paulo-despacha-crb-na-copa-do-brasil\/"},"author":{"name":"Reda\u00e7\u00e3o","@id":"https:\/\/www.notibras.com\/site\/#\/schema\/person\/36ab0979449956132d3e5b517ea76ac8"},"headline":"Ceni volta a marcar e S\u00e3o Paulo despacha CRB na Copa do Brasil","datePublished":"2014-05-08T01:18:11+00:00","dateModified":"2014-05-08T03:19:20+00:00","mainEntityOfPage":{"@id":"https:\/\/www.notibras.com\/site\/ceni-volta-a-marcar-e-sao-paulo-despacha-crb-na-copa-do-brasil\/"},"wordCount":393,"commentCount":0,"publisher":{"@id":"https:\/\/www.notibras.com\/site\/#organization"},"image":{"@id":"https:\/\/www.notibras.com\/site\/ceni-volta-a-marcar-e-sao-paulo-despacha-crb-na-copa-do-brasil\/#primaryimage"},"thumbnailUrl":"https:\/\/www.notibras.com\/site\/wp-content\/uploads\/2014\/05\/rogerioceni-saopaulo-rib-1.jpg","articleSection":["Futebol"],"inLanguage":"pt-BR","potentialAction":[{"@type":"CommentAction","name":"Comment","target":["https:\/\/www.notibras.com\/site\/ceni-volta-a-marcar-e-sao-paulo-despacha-crb-na-copa-do-brasil\/#respond"]}]},{"@type":"WebPage","@id":"https:\/\/www.notibras.com\/site\/ceni-volta-a-marcar-e-sao-paulo-despacha-crb-na-copa-do-brasil\/","url":"https:\/\/www.notibras.com\/site\/ceni-volta-a-marcar-e-sao-paulo-despacha-crb-na-copa-do-brasil\/","name":"Ceni volta a marcar e S\u00e3o Paulo despacha CRB na Copa do Brasil - Notibras","isPartOf":{"@id":"https:\/\/www.notibras.com\/site\/#website"},"primaryImageOfPage":{"@id":"https:\/\/www.notibras.com\/site\/ceni-volta-a-marcar-e-sao-paulo-despacha-crb-na-copa-do-brasil\/#primaryimage"},"image":{"@id":"https:\/\/www.notibras.com\/site\/ceni-volta-a-marcar-e-sao-paulo-despacha-crb-na-copa-do-brasil\/#primaryimage"},"thumbnailUrl":"https:\/\/www.notibras.com\/site\/wp-content\/uploads\/2014\/05\/rogerioceni-saopaulo-rib-1.jpg","datePublished":"2014-05-08T01:18:11+00:00","dateModified":"2014-05-08T03:19:20+00:00","breadcrumb":{"@id":"https:\/\/www.notibras.com\/site\/ceni-volta-a-marcar-e-sao-paulo-despacha-crb-na-copa-do-brasil\/#breadcrumb"},"inLanguage":"pt-BR","potentialAction":[{"@type":"ReadAction","target":["https:\/\/www.notibras.com\/site\/ceni-volta-a-marcar-e-sao-paulo-despacha-crb-na-copa-do-brasil\/"]}]},{"@type":"ImageObject","inLanguage":"pt-BR","@id":"https:\/\/www.notibras.com\/site\/ceni-volta-a-marcar-e-sao-paulo-despacha-crb-na-copa-do-brasil\/#primaryimage","url":"https:\/\/www.notibras.com\/site\/wp-content\/uploads\/2014\/05\/rogerioceni-saopaulo-rib-1.jpg","contentUrl":"https:\/\/www.notibras.com\/site\/wp-content\/uploads\/2014\/05\/rogerioceni-saopaulo-rib-1.jpg","width":620,"height":390},{"@type":"BreadcrumbList","@id":"https:\/\/www.notibras.com\/site\/ceni-volta-a-marcar-e-sao-paulo-despacha-crb-na-copa-do-brasil\/#breadcrumb","itemListElement":[{"@type":"ListItem","position":1,"name":"In\u00edcio","item":"https:\/\/www.notibras.com\/site\/"},{"@type":"ListItem","position":2,"name":"Ceni volta a marcar e S\u00e3o Paulo despacha CRB na Copa do Brasil"}]},{"@type":"WebSite","@id":"https:\/\/www.notibras.com\/site\/#website","url":"https:\/\/www.notibras.com\/site\/","name":"Notibras","description":"Not\u00edcias de Bras\u00edlia, do Brasil e do Mundo","publisher":{"@id":"https:\/\/www.notibras.com\/site\/#organization"},"potentialAction":[{"@type":"SearchAction","target":{"@type":"EntryPoint","urlTemplate":"https:\/\/www.notibras.com\/site\/?s={search_term_string}"},"query-input":{"@type":"PropertyValueSpecification","valueRequired":true,"valueName":"search_term_string"}}],"inLanguage":"pt-BR"},{"@type":"Organization","@id":"https:\/\/www.notibras.com\/site\/#organization","name":"Grupo Notibras de Comunica\u00e7\u00e3o","url":"https:\/\/www.notibras.com\/site\/","logo":{"@type":"ImageObject","inLanguage":"pt-BR","@id":"https:\/\/www.notibras.com\/site\/#\/schema\/logo\/image\/","url":"https:\/\/www.notibras.com\/site\/wp-content\/uploads\/2023\/01\/notibras23.png","contentUrl":"https:\/\/www.notibras.com\/site\/wp-content\/uploads\/2023\/01\/notibras23.png","width":350,"height":87,"caption":"Grupo Notibras de Comunica\u00e7\u00e3o"},"image":{"@id":"https:\/\/www.notibras.com\/site\/#\/schema\/logo\/image\/"},"sameAs":["https:\/\/www.facebook.com\/notibras\/","https:\/\/x.com\/Notibras","https:\/\/www.instagram.com\/notibras\/"]},{"@type":"Person","@id":"https:\/\/www.notibras.com\/site\/#\/schema\/person\/36ab0979449956132d3e5b517ea76ac8","name":"Reda\u00e7\u00e3o","image":{"@type":"ImageObject","inLanguage":"pt-BR","@id":"https:\/\/secure.gravatar.com\/avatar\/e0a867bdedb85fd243eadf09663511f96fc81e0720a4a42581f334ad4303aa6b?s=96&d=mm&r=g","url":"https:\/\/secure.gravatar.com\/avatar\/e0a867bdedb85fd243eadf09663511f96fc81e0720a4a42581f334ad4303aa6b?s=96&d=mm&r=g","contentUrl":"https:\/\/secure.gravatar.com\/avatar\/e0a867bdedb85fd243eadf09663511f96fc81e0720a4a42581f334ad4303aa6b?s=96&d=mm&r=g","caption":"Reda\u00e7\u00e3o"}}]}},"amp_enabled":true,"_links":{"self":[{"href":"https:\/\/www.notibras.com\/site\/wp-json\/wp\/v2\/posts\/8635","targetHints":{"allow":["GET"]}}],"collection":[{"href":"https:\/\/www.notibras.com\/site\/wp-json\/wp\/v2\/posts"}],"about":[{"href":"https:\/\/www.notibras.com\/site\/wp-json\/wp\/v2\/types\/post"}],"author":[{"embeddable":true,"href":"https:\/\/www.notibras.com\/site\/wp-json\/wp\/v2\/users\/2"}],"replies":[{"embeddable":true,"href":"https:\/\/www.notibras.com\/site\/wp-json\/wp\/v2\/comments?post=8635"}],"version-history":[{"count":0,"href":"https:\/\/www.notibras.com\/site\/wp-json\/wp\/v2\/posts\/8635\/revisions"}],"wp:featuredmedia":[{"embeddable":true,"href":"https:\/\/www.notibras.com\/site\/wp-json\/wp\/v2\/media\/8636"}],"wp:attachment":[{"href":"https:\/\/www.notibras.com\/site\/wp-json\/wp\/v2\/media?parent=8635"}],"wp:term":[{"taxonomy":"category","embeddable":true,"href":"https:\/\/www.notibras.com\/site\/wp-json\/wp\/v2\/categories?post=8635"},{"taxonomy":"post_tag","embeddable":true,"href":"https:\/\/www.notibras.com\/site\/wp-json\/wp\/v2\/tags?post=8635"}],"curies":[{"name":"wp","href":"https:\/\/api.w.org\/{rel}","templated":true}]}}